{"id":27833,"date":"2009-12-04T20:50:54","date_gmt":"2009-12-04T18:50:54","guid":{"rendered":"http:\/\/www.visit-ulcinj.com\/blog\/?p=27833"},"modified":"2009-12-04T20:50:54","modified_gmt":"2009-12-04T18:50:54","slug":"orinda-huta-kam-gjetur-dashurine-e-vertete-jam-e-lumtur","status":"publish","type":"post","link":"https:\/\/www.visit-ulcinj.com\/blog\/2009\/12\/04\/orinda-huta-kam-gjetur-dashurine-e-vertete-jam-e-lumtur\/","title":{"rendered":"Orinda Huta: Kam gjetur dashurine e vertete, jam e lumtur"},"content":{"rendered":"<p><a href=\"http:\/\/www.visit-ulcinj.com\/blog\/wp-content\/uploads\/2009\/12\/Orinda-Huta_-Kam-gjetur-dashurine-e-vertete.jpg\"><img loading=\"lazy\" class=\"alignleft size-full wp-image-27834\" title=\"Orinda Huta_ Kam gjetur dashurine e vertete\" src=\"http:\/\/www.visit-ulcinj.com\/blog\/wp-content\/uploads\/2009\/12\/Orinda-Huta_-Kam-gjetur-dashurine-e-vertete.jpg\" alt=\"Orinda Huta_ Kam gjetur dashurine e vertete\" width=\"380\" height=\"526\" \/><\/a>Nj\u00eb kontrast bardh e blu, q\u00eb e fut n\u00eb brend\u00ebs in\u00eb e nj\u00eb pafund\u00ebsie q\u00eb n\u00eb t\u00ebr\u00ebsi p\u00ebrmban nj\u00eb oqean ndjenje. Jo m\u00eb larg se dje kemi ndjekur t\u00eb gjith\u00eb performanc\u00ebn e Orinda Hut\u00ebs n\u00eb Pallatin e Kongreseve, e veshur e gjitha n\u00eb t\u00eb bardha. K\u00ebng\u00ebtarja simpatike, ve\u00e7 rr\u00ebfimit n\u00eb k\u00ebt\u00eb intervist\u00eb p\u00ebr \u2018Bluetooth\u2019 p\u00ebr k\u00ebng\u00ebn e saj m\u00eb t\u00eb fundit konkurruese n\u00eb \u2018K\u00ebnga Magjike\u2019, na tregon dhe se \u00ebsht\u00eb shum\u00eb e dashuruar. Nj\u00eb dashuri q\u00eb d\u00ebshiron ta mbaj\u00eb vet\u00ebm t\u00eb saj\u00ebn, duke mos dashur t\u00eb tregoj\u00eb as emrin e personit me t\u00eb cilin ka nj\u00eb marr\u00ebdh\u00ebnie tashm\u00eb serioze. Pa\u00e7ka thashethemeve q\u00eb kan\u00eb qarkulluar p\u00ebr t\u00eb, se \u00ebsht\u00eb n\u00eb lidhje me nj\u00eb tjet\u00ebr k\u00ebng\u00ebtar, Orinda nuk konfirmon asgj\u00eb, thjesht nuk do q\u00eb emrin e tij ta b\u00ebj\u00eb publik.<br \/>\nK\u00ebt\u00eb her\u00eb, nj\u00eb k\u00ebng\u00eb q\u00eb t\u00eb jep iden\u00eb e pafund\u00ebsis\u00eb. Si ndihet Orinda n\u00eb \u2018Oqeanin\u2019 e saj?<br \/>\nMmm, \u00ebsht\u00eb nj\u00eb k\u00ebng\u00eb shum\u00eb e bukur, q\u00eb un\u00eb e dua shum\u00eb. \u00cbsht\u00eb realizuar nga Alban Kondi, teksti i p\u00ebrket Dr. Florit dhe orkestrimi \u00ebsht\u00eb i Shp\u00ebtim Sara\u00e7it. \u2018Nj\u00eb oqean q\u00eb zemrat na ndan\u2019, thuhet mes vargjeve, ku fabula flet p\u00ebr dy t\u00eb dashuruar q\u00eb jan\u00eb ndar\u00eb nga nj\u00ebri-tjetri dhe n\u00eb mes kan\u00eb nj\u00eb oqean. Duhen, por e kan\u00eb n\u00eb pamund\u00ebsi lidhjen e tyre, nd\u00ebrkoh\u00eb q\u00eb jetojn\u00eb me shpres\u00ebn se bashk\u00eb do t\u00eb rikthehen.<br \/>\nCila ishte ideja e performanc\u00ebs s\u00eb djeshme? Nj\u00eb gjetje e jotja?<br \/>\nPerformanca ishte e shk\u00eblqyer. \u00cbsht\u00eb realizuar nga mikesha ime shum\u00eb e mir\u00eb, Olta. Nj\u00eb oqean i v\u00ebrtet\u00eb n\u00eb sken\u00eb. Un\u00eb jam sip\u00ebr atij oqeani. Do e prek, sikur t\u00eb dua ta marr me vete. \u00cbsht\u00eb thjesht oqeani im.<br \/>\nE ndjen konkurrenc\u00ebn?<br \/>\nE ndjej shum\u00eb. Ka k\u00ebng\u00eb shum\u00eb t\u00eb bukura. Ka shum\u00eb balada, por gjithsesi, un\u00eb jam e sigurt n\u00eb at\u00eb q\u00eb b\u00ebj. K\u00ebndoj n\u00eb sken\u00eb e sigurt me k\u00ebng\u00ebn time dhe e kam shijuar at\u00eb n\u00eb maksimum.<br \/>\nCila mendon se \u00ebsht\u00eb k\u00ebnga m\u00eb e mir\u00eb?<br \/>\nP\u00ebr mua, k\u00ebng\u00eb t\u00eb mir\u00eb kan\u00eb \u2018Product 28\u2019. Mira Kon\u00e7i ka nj\u00eb k\u00ebng\u00eb shum\u00eb t\u00eb mir\u00eb. Realisht ka materiale shum\u00eb t\u00eb mira muzikore. I kam d\u00ebgjuar me shum\u00eb qejf. Edhe Kastro ka k\u00ebng\u00eb shum\u00eb t\u00eb bukur. Ka disa k\u00ebng\u00eb q\u00eb m\u00eb p\u00eblqejn\u00eb v\u00ebrtet.<br \/>\nP\u00ebr ty, kush duhet t\u00eb fitoj\u00eb?<br \/>\nSinqerisht nuk e di kush do fitoj\u00eb. Nuk e di fare. \u00cbsht\u00eb i vetmi festival q\u00eb nuk di t\u00eb mendoj apo t\u00eb parandiej fituesin, pasi gjithmon\u00eb i kam r\u00ebn\u00eb n\u00eb kok\u00eb se kush do e merrte \u00e7mimin e par\u00eb. T\u00eb gjitha k\u00ebng\u00ebt jan\u00eb shum\u00eb t\u00eb bukura. Madje edhe kur t\u00eb votoj, se di se k\u00eb do votoj. Ka aq shum\u00eb k\u00ebng\u00eb t\u00eb mira dhe nuk e di si do e b\u00ebj dallimin mes tyre. Votimi \u00ebsht\u00eb i fsheht\u00eb dhe un\u00eb n\u00eb fakt mendoj q\u00eb m\u00eb mir\u00eb q\u00eb \u00ebsht\u00eb k\u00ebshtu dhe jo i hapur. Nuk m\u00eb intereson fare se si m\u00eb ka votuar x k\u00ebng\u00ebtar, as q\u00eb m\u00eb hyn n\u00eb pun\u00eb. P\u00ebr mua \u00ebsht\u00eb e r\u00ebnd\u00ebsishme k\u00ebnga.<br \/>\nAktualisht je n\u00eb vit t\u00eb fundit. E ndjek rregullisht shkoll\u00ebn?<br \/>\nPatjet\u00ebr q\u00eb po. Jam n\u00eb vit t\u00eb fundit dhe p\u00ebr pak p\u00ebrfundoj. Jam marr\u00eb me muzik\u00eb goxha, por edhe shkoll\u00ebn nuk e l\u00eb pas dore.<br \/>\n\u00c7\u2019po b\u00ebhet me albumin?<br \/>\nBashk\u00eb me Albanin kemi nd\u00ebrmend ta mbyllim tani albumin. Vitin q\u00eb vjen, patjet\u00ebr q\u00eb do t\u00eb jet\u00eb n\u00eb treg, pasi t\u00eb gjitha k\u00ebng\u00ebt kan\u00eb p\u00ebrfunduar. Po punojm\u00eb p\u00ebr t\u00eb \u00e7uar pun\u00ebn ton\u00eb deri n\u00eb fund bashk\u00eb me Dr. Florin dhe Shp\u00ebtim Sara\u00e7in. Do t\u00eb ket\u00eb disa kompozitor\u00eb t\u00eb mir\u00eb brenda albumit tim. K\u00ebng\u00ebt do t\u00eb jen\u00eb t\u00eb gjitha t\u00eb reja. I kam k\u00ebnduar aq shum\u00eb t\u00eb rejat, sa nuk ia vlen q\u00eb t\u2019i p\u00ebrmbledh n\u00eb album. Do jet\u00eb nj\u00eb album t\u00ebr\u00ebsisht i ri.<br \/>\nDuke prekur paksa jet\u00ebn t\u00ebnde private, si po shkon dashuria?<br \/>\nHahaha, shuuuuum\u00eb mir\u00eb!<br \/>\nPra je e dashuruar\u2026<br \/>\nJam shum\u00eb e dashuruar. Ndihem shum\u00eb mir\u00eb. Jam shum\u00eb e lumtur.<br \/>\nMund t\u00eb na flas\u00ebsh pak p\u00ebr t\u00eb dashurin t\u00ebnd?<br \/>\nJo, absolutisht. Nuk dua t\u00eb them se kush \u00ebsht\u00eb, edhe pse nj\u00eb pjes\u00eb e njer\u00ebzve mund ta din\u00eb. As foto nuk b\u00ebjm\u00eb bashk\u00eb. Kjo \u00ebsht\u00eb jeta jon\u00eb private dhe nuk duam ta prek\u00eb askush e p\u00ebr m\u00eb tep\u00ebr ta cenoj\u00eb dikush. K\u00ebshtu e kemi l\u00ebn\u00eb t\u00eb dy, sepse k\u00ebshtu duam. \u00cbsht\u00eb mendimi yn\u00eb, jeta jon\u00eb\u2026<br \/>\nI kushton shum\u00eb koh\u00eb atij?<br \/>\nShum\u00eb. Mundohem sa m\u00eb shum\u00eb t\u00eb mundem.<br \/>\nMendon se \u00ebsht\u00eb dashuria e v\u00ebrtet\u00eb?<br \/>\nThem dhe ndjej q\u00eb po!<br \/>\nJe xheloze?<br \/>\nS\u2019e di\u2026n\u00eb fakt nuk m\u00eb ka dh\u00ebn\u00eb asnj\u00ebher\u00eb arsye p\u00ebr t\u00eb qen\u00eb xheloze. Nuk di t\u00eb them p\u00ebr k\u00ebt\u00eb pjes\u00eb.<br \/>\n\u00c7far\u00eb b\u00ebn p\u00ebr t\u00eb? B\u00ebn shum\u00eb surpriza?<br \/>\nShum\u00eb dhe kam shum\u00eb qejf kur i realizoj. Her\u00ebn e fundit mbaj mend q\u00eb kam b\u00ebr\u00eb di\u00e7ka shum\u00eb t\u00eb bukur dhe q\u00eb ndihem mir\u00eb p\u00ebr k\u00ebt\u00eb.<br \/>\nPo ai ty?<br \/>\nEdhe ai mua, sigurisht.<br \/>\n\u00c7far\u00eb \u00ebsht\u00eb ajo q\u00eb po mendon n\u00eb k\u00ebto momente, teksa flet p\u00ebr dashurin\u00eb?<br \/>\nMmm, s\u2019e di. Di t\u00eb them q\u00eb jam shum\u00eb e lumtur dhe ndihem shum\u00eb mir\u00eb, por momentalisht jam shum\u00eb e hallakatur n\u00eb mendime sepse kam nj\u00eb s\u00ebr\u00eb gj\u00ebrash p\u00ebr t\u00eb realizuar dhe ju po m\u00eb intervistoni teksa pres t\u00eb debutoj n\u00eb \u2019K\u00ebnga Magjike\u2019. Jam shum\u00eb e emocionuar.<br \/>\n<strong><br \/>\nBluetooth<\/strong><\/p>\n<!--YouTube Error: bad URL entered-->\n","protected":false},"excerpt":{"rendered":"<p>Nj\u00eb kontrast bardh e blu, q\u00eb e fut n\u00eb brend\u00ebs in\u00eb e nj\u00eb pafund\u00ebsie q\u00eb n\u00eb t\u00ebr\u00ebsi p\u00ebrmban nj\u00eb oqean ndjenje. Jo m\u00eb larg se dje kemi ndjekur t\u00eb gjith\u00eb performanc\u00ebn e Orinda Hut\u00ebs n\u00eb Pallatin e Kongreseve, e veshur e gjitha n\u00eb t\u00eb bardha. K\u00ebng\u00ebtarja simpatike, ve\u00e7 rr\u00ebfimit n\u00eb k\u00ebt\u00eb intervist\u00eb p\u00ebr \u2018Bluetooth\u2019 p\u00ebr [&hellip;]<\/p>\n","protected":false},"author":1,"featured_media":0,"comment_status":"open","ping_status":"closed","sticky":false,"template":"","format":"standard","meta":{"spay_email":"","jetpack_publicize_message":"","jetpack_is_tweetstorm":false,"jetpack_publicize_feature_enabled":true},"categories":[1],"tags":[5133],"jetpack_publicize_connections":[],"yoast_head":"<!-- This site is optimized with the Yoast SEO plugin v19.1 - https:\/\/yoast.com\/wordpress\/plugins\/seo\/ -->\n<title>Orinda Huta: Kam gjetur dashurine e vertete, jam e lumtur - Lajme nga Ulqini<\/title>\n<meta name=\"description\" content=\"Nj\u00eb kontrast bardh e blu, q\u00eb e fut n\u00eb brend\u00ebs in\u00eb e nj\u00eb pafund\u00ebsie q\u00eb n\u00eb t\u00ebr\u00ebsi p\u00ebrmban nj\u00eb oqean ndjenje. Jo m\u00eb larg se dje kemi ndjekur t\u00eb gjith\u00eb\" \/>\n<meta name=\"robots\" content=\"index, follow, max-snippet:-1, max-image-preview:large, max-video-preview:-1\" \/>\n<link rel=\"canonical\" href=\"https:\/\/www.visit-ulcinj.com\/blog\/2009\/12\/04\/orinda-huta-kam-gjetur-dashurine-e-vertete-jam-e-lumtur\/\" \/>\n<meta property=\"og:locale\" content=\"en_US\" \/>\n<meta property=\"og:type\" content=\"article\" \/>\n<meta property=\"og:title\" content=\"Orinda Huta: Kam gjetur dashurine e vertete, jam e lumtur - Lajme nga Ulqini\" \/>\n<meta property=\"og:description\" content=\"Nj\u00eb kontrast bardh e blu, q\u00eb e fut n\u00eb brend\u00ebs in\u00eb e nj\u00eb pafund\u00ebsie q\u00eb n\u00eb t\u00ebr\u00ebsi p\u00ebrmban nj\u00eb oqean ndjenje. Jo m\u00eb larg se dje kemi ndjekur t\u00eb gjith\u00eb\" \/>\n<meta property=\"og:url\" content=\"https:\/\/www.visit-ulcinj.com\/blog\/2009\/12\/04\/orinda-huta-kam-gjetur-dashurine-e-vertete-jam-e-lumtur\/\" \/>\n<meta property=\"og:site_name\" content=\"Lajme nga Ulqini\" \/>\n<meta property=\"article:published_time\" content=\"2009-12-04T18:50:54+00:00\" \/>\n<meta property=\"og:image\" content=\"http:\/\/www.visit-ulcinj.com\/blog\/wp-content\/uploads\/2009\/12\/Orinda-Huta_-Kam-gjetur-dashurine-e-vertete.jpg\" \/>\n<meta name=\"twitter:label1\" content=\"Written by\" \/>\n\t<meta name=\"twitter:data1\" content=\"ulqini\" \/>\n\t<meta name=\"twitter:label2\" content=\"Est. reading time\" \/>\n\t<meta name=\"twitter:data2\" content=\"5 minutes\" \/>\n<script type=\"application\/ld+json\" class=\"yoast-schema-graph\">{\"@context\":\"https:\/\/schema.org\",\"@graph\":[{\"@type\":\"WebSite\",\"@id\":\"https:\/\/www.visit-ulcinj.com\/blog\/#website\",\"url\":\"https:\/\/www.visit-ulcinj.com\/blog\/\",\"name\":\"Lajme nga Ulqini\",\"description\":\"Lajme,Vijesti,Ulqini,Ulqin,Crna Gora,Mali i Zi\",\"potentialAction\":[{\"@type\":\"SearchAction\",\"target\":{\"@type\":\"EntryPoint\",\"urlTemplate\":\"https:\/\/www.visit-ulcinj.com\/blog\/?s={search_term_string}\"},\"query-input\":\"required name=search_term_string\"}],\"inLanguage\":\"en-US\"},{\"@type\":\"ImageObject\",\"inLanguage\":\"en-US\",\"@id\":\"https:\/\/www.visit-ulcinj.com\/blog\/2009\/12\/04\/orinda-huta-kam-gjetur-dashurine-e-vertete-jam-e-lumtur\/#primaryimage\",\"url\":\"http:\/\/www.visit-ulcinj.com\/blog\/wp-content\/uploads\/2009\/12\/Orinda-Huta_-Kam-gjetur-dashurine-e-vertete.jpg\",\"contentUrl\":\"http:\/\/www.visit-ulcinj.com\/blog\/wp-content\/uploads\/2009\/12\/Orinda-Huta_-Kam-gjetur-dashurine-e-vertete.jpg\"},{\"@type\":\"WebPage\",\"@id\":\"https:\/\/www.visit-ulcinj.com\/blog\/2009\/12\/04\/orinda-huta-kam-gjetur-dashurine-e-vertete-jam-e-lumtur\/#webpage\",\"url\":\"https:\/\/www.visit-ulcinj.com\/blog\/2009\/12\/04\/orinda-huta-kam-gjetur-dashurine-e-vertete-jam-e-lumtur\/\",\"name\":\"Orinda Huta: Kam gjetur dashurine e vertete, jam e lumtur - Lajme nga Ulqini\",\"isPartOf\":{\"@id\":\"https:\/\/www.visit-ulcinj.com\/blog\/#website\"},\"primaryImageOfPage\":{\"@id\":\"https:\/\/www.visit-ulcinj.com\/blog\/2009\/12\/04\/orinda-huta-kam-gjetur-dashurine-e-vertete-jam-e-lumtur\/#primaryimage\"},\"datePublished\":\"2009-12-04T18:50:54+00:00\",\"dateModified\":\"2009-12-04T18:50:54+00:00\",\"author\":{\"@id\":\"https:\/\/www.visit-ulcinj.com\/blog\/#\/schema\/person\/dcab619c614d3038751c63bc2aadc06d\"},\"description\":\"Nj\u00eb kontrast bardh e blu, q\u00eb e fut n\u00eb brend\u00ebs in\u00eb e nj\u00eb pafund\u00ebsie q\u00eb n\u00eb t\u00ebr\u00ebsi p\u00ebrmban nj\u00eb oqean ndjenje. Jo m\u00eb larg se dje kemi ndjekur t\u00eb gjith\u00eb\",\"breadcrumb\":{\"@id\":\"https:\/\/www.visit-ulcinj.com\/blog\/2009\/12\/04\/orinda-huta-kam-gjetur-dashurine-e-vertete-jam-e-lumtur\/#breadcrumb\"},\"inLanguage\":\"en-US\",\"potentialAction\":[{\"@type\":\"ReadAction\",\"target\":[\"https:\/\/www.visit-ulcinj.com\/blog\/2009\/12\/04\/orinda-huta-kam-gjetur-dashurine-e-vertete-jam-e-lumtur\/\"]}]},{\"@type\":\"BreadcrumbList\",\"@id\":\"https:\/\/www.visit-ulcinj.com\/blog\/2009\/12\/04\/orinda-huta-kam-gjetur-dashurine-e-vertete-jam-e-lumtur\/#breadcrumb\",\"itemListElement\":[{\"@type\":\"ListItem\",\"position\":1,\"name\":\"Orinda Huta: Kam gjetur dashurine e vertete, jam e lumtur\"}]},{\"@type\":\"Person\",\"@id\":\"https:\/\/www.visit-ulcinj.com\/blog\/#\/schema\/person\/dcab619c614d3038751c63bc2aadc06d\",\"name\":\"ulqini\",\"sameAs\":[\"http:\/\/www.visit-ulcinj.com\"],\"url\":\"https:\/\/www.visit-ulcinj.com\/blog\/author\/admin\/\"}]}<\/script>\n<!-- \/ Yoast SEO plugin. -->","yoast_head_json":{"title":"Orinda Huta: Kam gjetur dashurine e vertete, jam e lumtur - Lajme nga Ulqini","description":"Nj\u00eb kontrast bardh e blu, q\u00eb e fut n\u00eb brend\u00ebs in\u00eb e nj\u00eb pafund\u00ebsie q\u00eb n\u00eb t\u00ebr\u00ebsi p\u00ebrmban nj\u00eb oqean ndjenje. Jo m\u00eb larg se dje kemi ndjekur t\u00eb gjith\u00eb","robots":{"index":"index","follow":"follow","max-snippet":"max-snippet:-1","max-image-preview":"max-image-preview:large","max-video-preview":"max-video-preview:-1"},"canonical":"https:\/\/www.visit-ulcinj.com\/blog\/2009\/12\/04\/orinda-huta-kam-gjetur-dashurine-e-vertete-jam-e-lumtur\/","og_locale":"en_US","og_type":"article","og_title":"Orinda Huta: Kam gjetur dashurine e vertete, jam e lumtur - Lajme nga Ulqini","og_description":"Nj\u00eb kontrast bardh e blu, q\u00eb e fut n\u00eb brend\u00ebs in\u00eb e nj\u00eb pafund\u00ebsie q\u00eb n\u00eb t\u00ebr\u00ebsi p\u00ebrmban nj\u00eb oqean ndjenje. Jo m\u00eb larg se dje kemi ndjekur t\u00eb gjith\u00eb","og_url":"https:\/\/www.visit-ulcinj.com\/blog\/2009\/12\/04\/orinda-huta-kam-gjetur-dashurine-e-vertete-jam-e-lumtur\/","og_site_name":"Lajme nga Ulqini","article_published_time":"2009-12-04T18:50:54+00:00","og_image":[{"url":"http:\/\/www.visit-ulcinj.com\/blog\/wp-content\/uploads\/2009\/12\/Orinda-Huta_-Kam-gjetur-dashurine-e-vertete.jpg"}],"twitter_misc":{"Written by":"ulqini","Est. reading time":"5 minutes"},"schema":{"@context":"https:\/\/schema.org","@graph":[{"@type":"WebSite","@id":"https:\/\/www.visit-ulcinj.com\/blog\/#website","url":"https:\/\/www.visit-ulcinj.com\/blog\/","name":"Lajme nga Ulqini","description":"Lajme,Vijesti,Ulqini,Ulqin,Crna Gora,Mali i Zi","potentialAction":[{"@type":"SearchAction","target":{"@type":"EntryPoint","urlTemplate":"https:\/\/www.visit-ulcinj.com\/blog\/?s={search_term_string}"},"query-input":"required name=search_term_string"}],"inLanguage":"en-US"},{"@type":"ImageObject","inLanguage":"en-US","@id":"https:\/\/www.visit-ulcinj.com\/blog\/2009\/12\/04\/orinda-huta-kam-gjetur-dashurine-e-vertete-jam-e-lumtur\/#primaryimage","url":"http:\/\/www.visit-ulcinj.com\/blog\/wp-content\/uploads\/2009\/12\/Orinda-Huta_-Kam-gjetur-dashurine-e-vertete.jpg","contentUrl":"http:\/\/www.visit-ulcinj.com\/blog\/wp-content\/uploads\/2009\/12\/Orinda-Huta_-Kam-gjetur-dashurine-e-vertete.jpg"},{"@type":"WebPage","@id":"https:\/\/www.visit-ulcinj.com\/blog\/2009\/12\/04\/orinda-huta-kam-gjetur-dashurine-e-vertete-jam-e-lumtur\/#webpage","url":"https:\/\/www.visit-ulcinj.com\/blog\/2009\/12\/04\/orinda-huta-kam-gjetur-dashurine-e-vertete-jam-e-lumtur\/","name":"Orinda Huta: Kam gjetur dashurine e vertete, jam e lumtur - Lajme nga Ulqini","isPartOf":{"@id":"https:\/\/www.visit-ulcinj.com\/blog\/#website"},"primaryImageOfPage":{"@id":"https:\/\/www.visit-ulcinj.com\/blog\/2009\/12\/04\/orinda-huta-kam-gjetur-dashurine-e-vertete-jam-e-lumtur\/#primaryimage"},"datePublished":"2009-12-04T18:50:54+00:00","dateModified":"2009-12-04T18:50:54+00:00","author":{"@id":"https:\/\/www.visit-ulcinj.com\/blog\/#\/schema\/person\/dcab619c614d3038751c63bc2aadc06d"},"description":"Nj\u00eb kontrast bardh e blu, q\u00eb e fut n\u00eb brend\u00ebs in\u00eb e nj\u00eb pafund\u00ebsie q\u00eb n\u00eb t\u00ebr\u00ebsi p\u00ebrmban nj\u00eb oqean ndjenje. Jo m\u00eb larg se dje kemi ndjekur t\u00eb gjith\u00eb","breadcrumb":{"@id":"https:\/\/www.visit-ulcinj.com\/blog\/2009\/12\/04\/orinda-huta-kam-gjetur-dashurine-e-vertete-jam-e-lumtur\/#breadcrumb"},"inLanguage":"en-US","potentialAction":[{"@type":"ReadAction","target":["https:\/\/www.visit-ulcinj.com\/blog\/2009\/12\/04\/orinda-huta-kam-gjetur-dashurine-e-vertete-jam-e-lumtur\/"]}]},{"@type":"BreadcrumbList","@id":"https:\/\/www.visit-ulcinj.com\/blog\/2009\/12\/04\/orinda-huta-kam-gjetur-dashurine-e-vertete-jam-e-lumtur\/#breadcrumb","itemListElement":[{"@type":"ListItem","position":1,"name":"Orinda Huta: Kam gjetur dashurine e vertete, jam e lumtur"}]},{"@type":"Person","@id":"https:\/\/www.visit-ulcinj.com\/blog\/#\/schema\/person\/dcab619c614d3038751c63bc2aadc06d","name":"ulqini","sameAs":["http:\/\/www.visit-ulcinj.com"],"url":"https:\/\/www.visit-ulcinj.com\/blog\/author\/admin\/"}]}},"jetpack_featured_media_url":"","jetpack_sharing_enabled":true,"jetpack_shortlink":"https:\/\/wp.me\/pe6lTn-7eV","_links":{"self":[{"href":"https:\/\/www.visit-ulcinj.com\/blog\/wp-json\/wp\/v2\/posts\/27833"}],"collection":[{"href":"https:\/\/www.visit-ulcinj.com\/blog\/wp-json\/wp\/v2\/posts"}],"about":[{"href":"https:\/\/www.visit-ulcinj.com\/blog\/wp-json\/wp\/v2\/types\/post"}],"author":[{"embeddable":true,"href":"https:\/\/www.visit-ulcinj.com\/blog\/wp-json\/wp\/v2\/users\/1"}],"replies":[{"embeddable":true,"href":"https:\/\/www.visit-ulcinj.com\/blog\/wp-json\/wp\/v2\/comments?post=27833"}],"version-history":[{"count":0,"href":"https:\/\/www.visit-ulcinj.com\/blog\/wp-json\/wp\/v2\/posts\/27833\/revisions"}],"wp:attachment":[{"href":"https:\/\/www.visit-ulcinj.com\/blog\/wp-json\/wp\/v2\/media?parent=27833"}],"wp:term":[{"taxonomy":"category","embeddable":true,"href":"https:\/\/www.visit-ulcinj.com\/blog\/wp-json\/wp\/v2\/categories?post=27833"},{"taxonomy":"post_tag","embeddable":true,"href":"https:\/\/www.visit-ulcinj.com\/blog\/wp-json\/wp\/v2\/tags?post=27833"}],"curies":[{"name":"wp","href":"https:\/\/api.w.org\/{rel}","templated":true}]}}