{"id":27862,"date":"2009-12-05T23:06:49","date_gmt":"2009-12-05T21:06:49","guid":{"rendered":"http:\/\/www.visit-ulcinj.com\/blog\/?p=27862"},"modified":"2009-12-05T23:13:20","modified_gmt":"2009-12-05T21:13:20","slug":"gjendja-e-infrastruktures-shkollore-ne-ane-te-malit","status":"publish","type":"post","link":"https:\/\/www.visit-ulcinj.com\/blog\/2009\/12\/05\/gjendja-e-infrastruktures-shkollore-ne-ane-te-malit\/","title":{"rendered":"Gjendja e infrastruktur\u00ebs shkollore n\u00eb an\u00eb t\u00eb malit"},"content":{"rendered":"<p><strong><a href=\"http:\/\/www.visit-ulcinj.com\/blog\/wp-content\/uploads\/2009\/12\/Shkolla-Bedri-Elezaga.jpg\"><img loading=\"lazy\" class=\"alignleft size-full wp-image-27863\" title=\"Shkolla Bedri Elezaga\" src=\"http:\/\/www.visit-ulcinj.com\/blog\/wp-content\/uploads\/2009\/12\/Shkolla-Bedri-Elezaga.jpg\" alt=\"Shkolla Bedri Elezaga\" width=\"580\" height=\"400\" \/><\/a>Cenim i s\u00eb drejt\u00ebs elementare<\/strong><br \/>\nK\u00ebto inspektime lidhen pak a shum\u00eb me realizimin e orarit t\u00eb pun\u00ebs s\u00eb inspektor\u00ebve t\u00eb pun\u00ebsuar sipas linj\u00ebs partiake. N\u00eb an\u00ebn tjet\u00ebr, n\u00ebse flasim p\u00ebr arsim at\u00ebher\u00eb kemi nj\u00eb \u00e7udi e cila do t\u00eb thoshte: \u201dnuk ka r\u00ebnd\u00ebsi se n\u00eb \u00e7far\u00eb kushtesh kemi p\u00ebr t\u00eb zhvilluar nj\u00eb proces m\u00ebsimor, por me r\u00ebnd\u00ebsi \u00ebsht\u00eb q\u00eb m\u00ebsimi t\u00eb realizohet ,qofshin ato kushte makabre\u201d. Themi k\u00ebshtu sepse p\u00ebr nj\u00eb konkluz\u00eb t\u00eb till\u00eb kemi edhe fakte si, gjendja e oborrit t\u00eb shkoll\u00ebs, gjendja e kabineteve,n\u00eb t\u00eb cilat duhet realizuar m\u00ebsimi e shum\u00eb argumente t\u00eb tjera. Kur jemi tek oborri i shkoll\u00ebs do t\u00eb nisim me ilustrimin i cili fatkeqsisht \u00ebsht\u00eb imazhi n\u00eb hyrje t\u00eb shkoll\u00ebs.<br \/>\nN\u00eb shikim t\u00eb par\u00eb titull i r\u00ebnd\u00eb, por pasqyron realisht gjendjen faktike n\u00eb t\u00eb cil\u00ebn gjendet infrastruktura shkollore e Shkoll\u00ebs Fillore \u201cBedri Elezaga\u201d n\u00eb Kat\u00ebrkoll\u00eb.<br \/>\nNdoshta nuk do t\u00eb ishte mir\u00eb q\u00eb t\u00eb jemi skeptik\u00eb ndaj \u00e7\u00ebshtjes s\u00eb arsimimit t\u00eb nx\u00ebn\u00ebsve apo f\u00ebmijve tan\u00eb, por kushtet aktuale t\u00eb cilat i kemi n\u00eb objektet shkollore objektivisht nuk plot\u00ebsojn\u00eb as p\u00ebr s\u00eb af\u00ebrmi nevojat e nj\u00eb shoq\u00ebrie n\u00eb p\u00ebrgjith\u00ebsi dhe t\u00eb arsimit dhe edukimit n\u00eb ve\u00e7anti. Kur jemi te komentimi i titullit mund t\u00eb themi se e drejt\u00eb elementare e \u00e7do njeriu \u00ebsht\u00eb q\u00eb atij t\u2019i ofrohen kushtet objektive optimale p\u00ebr zhvillimin e aft\u00ebsive psiko-fizike,e q\u00eb kjo realizohet n\u00eb mas\u00eb d\u00ebrmuese n\u00eb objektet shkollore ,t\u00eb cilat n\u00eb mas\u00eb t\u00eb madhe jan\u00eb l\u00ebn\u00eb pas dore. Madje e drejta e shkollimit p\u00ebr njeriun \u00ebsht\u00eb n\u00eb m\u00ebnyr\u00eb decide e parapar\u00eb me Konvent\u00ebn e OKB-s\u00eb p\u00ebr lirit\u00eb dhe t\u00eb drejtat e njeriut (neni 26). Vlen t\u00eb theksohet se ky artikull korespondon me kremtimin e dit\u00ebs s\u00eb f\u00ebmij\u00ebs n\u00eb t\u00eb gjith\u00eb bot\u00ebn dhe se dikush n\u00eb shekullin XXI duhet t\u00eb p\u00ebrballet me k\u00ebso realiteti.<br \/>\nKur flasim p\u00ebr arsimim t\u00eb mir\u00ebfillt\u00eb duhet q\u00eb cekur q\u00eb kushtet duhen ofruar nx\u00ebn\u00ebsve ,para se t\u00eb fillohet t\u00eb k\u00ebrkohet nga t\u00eb nj\u00ebjtit p\u00ebrmbushja e standardeve t\u00eb parapara me plan-programin m\u00ebsimor. N\u00eb k\u00ebto suaza ne si komunitet pothuaj nuk jemi n\u00eb t\u00eb nj\u00ebjtat val\u00eb me standardet e kushteve brenda objekteve shkollore. P\u00ebr ta qart\u00ebsuar \u00e7\u00ebshtjen duhet b\u00ebr\u00eb nj\u00eb digresion dhe ta krahasojm\u00eb at\u00eb me gjendjen e infrastruktur\u00ebs shkollore dhe objektin shkollor me gjendjen e tij. P\u00ebr shembull, po qe se n\u00eb Komun\u00ebn e Ulqinit d\u00ebshironi t\u00eb merreni me nj\u00eb veprimtari afariste , duhet medoemos t\u00eb filtroheni n\u00ebp\u00ebr shum\u00eb zyra t\u00eb Komun\u00ebs p\u00ebr t\u00eb siguruar dokumentacionin gjegj\u00ebs. Pasi q\u00eb ta b\u00ebni nj\u00eb gj\u00eb t\u00eb till\u00eb ju pret nj\u00eb vizit\u00eb mjaft e dendur e inspeksioneve nga niveli komunal shkaku i \u201dkualitetit t\u00eb sh\u00ebrbimeve q\u00eb u b\u00ebhen qytetar\u00ebve\u201d. K\u00ebto inspektime lidhen pak a shum\u00eb me realizimin e orarit t\u00eb pun\u00ebs s\u00eb inspektor\u00ebve t\u00eb pun\u00ebsuar sipas linj\u00ebs partiake. N\u00eb an\u00ebn tjet\u00ebr, n\u00ebse flasim p\u00ebr arsim at\u00ebher\u00eb kemi nj\u00eb \u00e7udi e cila do t\u00eb thoshte: \u201dnuk ka r\u00ebnd\u00ebsi se n\u00eb \u00e7far\u00eb kushtesh kemi p\u00ebr t\u00eb zhvilluar nj\u00eb proces m\u00ebsimor, por me r\u00ebnd\u00ebsi \u00ebsht\u00eb q\u00eb m\u00ebsimi t\u00eb realizohet ,qofshin ato kushte makabre\u201d. Themi k\u00ebshtu sepse p\u00ebr nj\u00eb konkluz\u00eb t\u00eb till\u00eb kemi edhe fakte si, gjendja e oborrit t\u00eb shkoll\u00ebs, gjendja e kabineteve,n\u00eb t\u00eb cilat duhet realizuar m\u00ebsimi e shum\u00eb argumente tjera. Kur jemi tek oborri i shkoll\u00ebs do t\u00eb nisim me ilustrimin i cili fatkeqsisht \u00ebsht\u00eb imazhi n\u00eb hyrje t\u00eb shkoll\u00ebs.<br \/>\nN\u00ebse jemi pun\u00ebtor\u00eb t\u00eb arsimit dhe merremi me edukimin dhe arsimimin e brezave t\u00eb rinj,duhet t\u00eb mos rrim\u00eb duarkryq rreth k\u00ebsaj gjendjeje. N\u00ebse d\u00ebshiron dikush t\u00eb reagoj\u00eb n\u00eb k\u00ebt\u00eb drejtim at\u00ebher\u00eb duhet shtruar pyetja : a duhet kaluar n\u00ebp\u00ebr balt\u00eb , p\u00ebr t\u00eb hyr\u00eb n\u00eb ambientin shkollor? Kur nx\u00ebn\u00ebsi ta kaloj\u00eb nj\u00eb balt\u00eb t\u00eb till\u00eb , ai nuk \u00ebsht\u00eb n\u00eb gjendje q\u00eb plot\u00ebsisht t\u00eb ky\u00e7et n\u00eb procesin e m\u00ebsimit dhe aq m\u00eb shum\u00eb n\u00eb arritjen e sukseseve dhe rezultateve t\u00eb lakmueshme si trev\u00eb,komunitet apo komb. Andaj pas k\u00ebso imazhesh shtrohen nj\u00eb s\u00ebri pyetjesh si: a i duhemi ne dikujt pa rezultate dhe t\u00eb arritura dhe \u00e7ka duhet b\u00ebr\u00eb q\u00eb ekzekutivi si republikan ashtu edhe lokal t\u00eb vijn\u00eb dhe t\u00eb v\u00ebrejn\u00eb k\u00ebt\u00eb gjendje t\u00eb objekteve shkollore m\u00eb p\u00ebr s\u00eb af\u00ebrmi? Pyesim k\u00ebshtu sepse, n\u00ebse k\u00ebso temash hapim n\u00eb rrjedh\u00ebn e fushatave parazgjedhore do t\u00eb akuzohemi p\u00ebr lokaliz\u00ebm si\u00e7 ka ndodhur n\u00eb t\u00eb kaluar\u00ebn jo t\u00eb larg\u00ebt. N\u00ebse disa pushtetar\u00eb e kan\u00eb si parull\u00eb \u201cmos prit \u00e7ka do t\u2019b\u00ebj\u00eb shteti p\u00ebr Ty , por \u00e7ka ke b\u00ebr\u00eb Ti p\u00ebr shtetin\u201d sipas analogjis\u00eb mund t\u2019i pyesim ata se \u00e7far\u00eb duhet b\u00ebr\u00eb q\u00eb t\u00eb na ofrohen kushtet elementare q\u00eb t\u00eb arsimohemi n\u00eb gjuh\u00ebn amtare. S\u00eb fundi \u00ebsht\u00eb premtuar se do t\u00eb b\u00ebhet asfaltimi i oborrit t\u00eb shkoll\u00ebs sot e k\u00ebsaj dite njer\u00ebzit kompetent\u00eb ia kan\u00eb l\u00ebn\u00eb harres\u00ebs premtimin e dh\u00ebn\u00eb , duke mos pasur ndonj\u00eb arsyetim sepse k\u00ebtu kemi t\u00eb b\u00ebjm\u00eb me nx\u00ebn\u00ebsit e trev\u00ebs s\u00eb An\u00ebs s\u00eb Malit si pjes\u00eb e komun\u00ebs s\u00eb \u201cUlqinit Evropian\u201d.<br \/>\nP\u00ebr t\u00eb realizuar nj\u00eb proces edukativo-arsimor duhet t\u00eb keni nj\u00eb objekt shkollor , i cili duhet t\u2019i plot\u00ebsoj\u00eb disa kritere. Kur them k\u00ebshtu mendoj n\u00eb ambientet e kabineteve n\u00eb t\u00eb cilat synohet t\u00eb realizohen q\u00ebllimet operative t\u00eb plan programit m\u00ebsimor. \u00cbsht\u00eb m\u00eb se e qart\u00eb se revolucioni tekniko-teknologjik dhe shkencor shtron k\u00ebrkesa shtes\u00eb para trupit arsimor dhe shkoll\u00ebs, duke filluar nga p\u00ebrdorimi i teknologjis\u00eb bashk\u00ebkohore didaktike duke n\u00ebnkuptuar gjendjen fizike t\u00eb objekteve ku realizohet m\u00ebsimi. P\u00ebr t\u00eb p\u00ebrdorur teknologji bashk\u00ebkohore m\u00ebsimore duhet t\u00eb keni ambient t\u00eb rregulluar m\u00ebsimor p\u00ebr t\u00eb pritur rezultate n\u00eb m\u00ebsim.<br \/>\nDuke folur p\u00ebr m\u00ebsimdh\u00ebnie bashkohore do t\u00eb japim nj\u00eb ilustrim p\u00ebr gjendjen e disa kabineteve t\u00eb m\u00ebsimit n\u00eb shkoll\u00ebn am\u00eb duke mos folur p\u00ebr shumic\u00ebn e shkollave t\u00eb terenit , gjendja e t\u00eb cilave \u00ebsht\u00eb m\u00eb e r\u00ebnd\u00eb se pamjet n\u00eb vijim.<br \/>\nPra nuk ka shum\u00eb p\u00ebr tu th\u00ebn\u00eb dhe komentuar p\u00ebr fotografit\u00eb e dh\u00ebna , vet\u00ebm t\u00eb mbesim n\u00eb shpres\u00eb q\u00eb shtypi , fjala e shkruar n\u00eb gjuh\u00ebn shqipe t\u00eb lexohet nga pushtetar\u00ebt tan\u00eb, t\u00eb cil\u00ebt jan\u00eb pjes\u00eb e k\u00ebtij realiteti.<br \/>\nS\u00eb fundi mendoj se njer\u00ebzit q\u00eb flasin dhe e duan arsimin shqip e meritojn\u00eb t\u00eb dijn\u00eb realitetin ton\u00eb si shkoll\u00eb dhe trev\u00eb a komunitet.<br \/>\nM\u00eb mbetet t\u00eb shpresoj se me titullin e shkrimit pajtohen shumica e lexuesve t\u00eb cil\u00ebt d\u00ebshirojn\u00eb t\u00eb lexojn\u00eb n\u00eb gjuh\u00ebn shqipe .<\/p>\n<p><strong>Flamur Anamali<br \/>\nKoha Javore<\/strong><\/p>\n","protected":false},"excerpt":{"rendered":"<p>Cenim i s\u00eb drejt\u00ebs elementare K\u00ebto inspektime lidhen pak a shum\u00eb me realizimin e orarit t\u00eb pun\u00ebs s\u00eb inspektor\u00ebve t\u00eb pun\u00ebsuar sipas linj\u00ebs partiake. N\u00eb an\u00ebn tjet\u00ebr, n\u00ebse flasim p\u00ebr arsim at\u00ebher\u00eb kemi nj\u00eb \u00e7udi e cila do t\u00eb thoshte: \u201dnuk ka r\u00ebnd\u00ebsi se n\u00eb \u00e7far\u00eb kushtesh kemi p\u00ebr t\u00eb zhvilluar nj\u00eb proces m\u00ebsimor, por [&hellip;]<\/p>\n","protected":false},"author":1,"featured_media":0,"comment_status":"open","ping_status":"closed","sticky":false,"template":"","format":"standard","meta":{"spay_email":"","jetpack_publicize_message":"","jetpack_is_tweetstorm":false,"jetpack_publicize_feature_enabled":true},"categories":[11],"tags":[214,213,200,12956],"jetpack_publicize_connections":[],"yoast_head":"<!-- This site is optimized with the Yoast SEO plugin v19.1 - https:\/\/yoast.com\/wordpress\/plugins\/seo\/ -->\n<title>Gjendja e infrastruktur\u00ebs shkollore n\u00eb an\u00eb t\u00eb malit - Lajme nga Ulqini<\/title>\n<meta name=\"description\" content=\"Cenim i s\u00eb drejt\u00ebs elementare K\u00ebto inspektime lidhen pak a shum\u00eb me realizimin e orarit t\u00eb pun\u00ebs s\u00eb inspektor\u00ebve t\u00eb pun\u00ebsuar sipas linj\u00ebs partiake. N\u00eb\" \/>\n<meta name=\"robots\" content=\"index, follow, max-snippet:-1, max-image-preview:large, max-video-preview:-1\" \/>\n<link rel=\"canonical\" href=\"https:\/\/www.visit-ulcinj.com\/blog\/2009\/12\/05\/gjendja-e-infrastruktures-shkollore-ne-ane-te-malit\/\" \/>\n<meta property=\"og:locale\" content=\"en_US\" \/>\n<meta property=\"og:type\" content=\"article\" \/>\n<meta property=\"og:title\" content=\"Gjendja e infrastruktur\u00ebs shkollore n\u00eb an\u00eb t\u00eb malit - Lajme nga Ulqini\" \/>\n<meta property=\"og:description\" content=\"Cenim i s\u00eb drejt\u00ebs elementare K\u00ebto inspektime lidhen pak a shum\u00eb me realizimin e orarit t\u00eb pun\u00ebs s\u00eb inspektor\u00ebve t\u00eb pun\u00ebsuar sipas linj\u00ebs partiake. N\u00eb\" \/>\n<meta property=\"og:url\" content=\"https:\/\/www.visit-ulcinj.com\/blog\/2009\/12\/05\/gjendja-e-infrastruktures-shkollore-ne-ane-te-malit\/\" \/>\n<meta property=\"og:site_name\" content=\"Lajme nga Ulqini\" \/>\n<meta property=\"article:published_time\" content=\"2009-12-05T21:06:49+00:00\" \/>\n<meta property=\"article:modified_time\" content=\"2009-12-05T21:13:20+00:00\" \/>\n<meta property=\"og:image\" content=\"http:\/\/www.visit-ulcinj.com\/blog\/wp-content\/uploads\/2009\/12\/Shkolla-Bedri-Elezaga.jpg\" \/>\n<meta name=\"twitter:label1\" content=\"Written by\" \/>\n\t<meta name=\"twitter:data1\" content=\"ulqini\" \/>\n\t<meta name=\"twitter:label2\" content=\"Est. reading time\" \/>\n\t<meta name=\"twitter:data2\" content=\"6 minutes\" \/>\n<script type=\"application\/ld+json\" class=\"yoast-schema-graph\">{\"@context\":\"https:\/\/schema.org\",\"@graph\":[{\"@type\":\"WebSite\",\"@id\":\"https:\/\/www.visit-ulcinj.com\/blog\/#website\",\"url\":\"https:\/\/www.visit-ulcinj.com\/blog\/\",\"name\":\"Lajme nga Ulqini\",\"description\":\"Lajme,Vijesti,Ulqini,Ulqin,Crna Gora,Mali i Zi\",\"potentialAction\":[{\"@type\":\"SearchAction\",\"target\":{\"@type\":\"EntryPoint\",\"urlTemplate\":\"https:\/\/www.visit-ulcinj.com\/blog\/?s={search_term_string}\"},\"query-input\":\"required name=search_term_string\"}],\"inLanguage\":\"en-US\"},{\"@type\":\"ImageObject\",\"inLanguage\":\"en-US\",\"@id\":\"https:\/\/www.visit-ulcinj.com\/blog\/2009\/12\/05\/gjendja-e-infrastruktures-shkollore-ne-ane-te-malit\/#primaryimage\",\"url\":\"https:\/\/www.visit-ulcinj.com\/blog\/wp-content\/uploads\/2009\/12\/Shkolla-Bedri-Elezaga.jpg\",\"contentUrl\":\"https:\/\/www.visit-ulcinj.com\/blog\/wp-content\/uploads\/2009\/12\/Shkolla-Bedri-Elezaga.jpg\",\"width\":\"604\",\"height\":\"453\"},{\"@type\":\"WebPage\",\"@id\":\"https:\/\/www.visit-ulcinj.com\/blog\/2009\/12\/05\/gjendja-e-infrastruktures-shkollore-ne-ane-te-malit\/#webpage\",\"url\":\"https:\/\/www.visit-ulcinj.com\/blog\/2009\/12\/05\/gjendja-e-infrastruktures-shkollore-ne-ane-te-malit\/\",\"name\":\"Gjendja e infrastruktur\u00ebs shkollore n\u00eb an\u00eb t\u00eb malit - Lajme nga Ulqini\",\"isPartOf\":{\"@id\":\"https:\/\/www.visit-ulcinj.com\/blog\/#website\"},\"primaryImageOfPage\":{\"@id\":\"https:\/\/www.visit-ulcinj.com\/blog\/2009\/12\/05\/gjendja-e-infrastruktures-shkollore-ne-ane-te-malit\/#primaryimage\"},\"datePublished\":\"2009-12-05T21:06:49+00:00\",\"dateModified\":\"2009-12-05T21:13:20+00:00\",\"author\":{\"@id\":\"https:\/\/www.visit-ulcinj.com\/blog\/#\/schema\/person\/dcab619c614d3038751c63bc2aadc06d\"},\"description\":\"Cenim i s\u00eb drejt\u00ebs elementare K\u00ebto inspektime lidhen pak a shum\u00eb me realizimin e orarit t\u00eb pun\u00ebs s\u00eb inspektor\u00ebve t\u00eb pun\u00ebsuar sipas linj\u00ebs partiake. N\u00eb\",\"breadcrumb\":{\"@id\":\"https:\/\/www.visit-ulcinj.com\/blog\/2009\/12\/05\/gjendja-e-infrastruktures-shkollore-ne-ane-te-malit\/#breadcrumb\"},\"inLanguage\":\"en-US\",\"potentialAction\":[{\"@type\":\"ReadAction\",\"target\":[\"https:\/\/www.visit-ulcinj.com\/blog\/2009\/12\/05\/gjendja-e-infrastruktures-shkollore-ne-ane-te-malit\/\"]}]},{\"@type\":\"BreadcrumbList\",\"@id\":\"https:\/\/www.visit-ulcinj.com\/blog\/2009\/12\/05\/gjendja-e-infrastruktures-shkollore-ne-ane-te-malit\/#breadcrumb\",\"itemListElement\":[{\"@type\":\"ListItem\",\"position\":1,\"name\":\"Gjendja e infrastruktur\u00ebs shkollore n\u00eb an\u00eb t\u00eb malit\"}]},{\"@type\":\"Person\",\"@id\":\"https:\/\/www.visit-ulcinj.com\/blog\/#\/schema\/person\/dcab619c614d3038751c63bc2aadc06d\",\"name\":\"ulqini\",\"sameAs\":[\"http:\/\/www.visit-ulcinj.com\"],\"url\":\"https:\/\/www.visit-ulcinj.com\/blog\/author\/admin\/\"}]}<\/script>\n<!-- \/ Yoast SEO plugin. -->","yoast_head_json":{"title":"Gjendja e infrastruktur\u00ebs shkollore n\u00eb an\u00eb t\u00eb malit - Lajme nga Ulqini","description":"Cenim i s\u00eb drejt\u00ebs elementare K\u00ebto inspektime lidhen pak a shum\u00eb me realizimin e orarit t\u00eb pun\u00ebs s\u00eb inspektor\u00ebve t\u00eb pun\u00ebsuar sipas linj\u00ebs partiake. N\u00eb","robots":{"index":"index","follow":"follow","max-snippet":"max-snippet:-1","max-image-preview":"max-image-preview:large","max-video-preview":"max-video-preview:-1"},"canonical":"https:\/\/www.visit-ulcinj.com\/blog\/2009\/12\/05\/gjendja-e-infrastruktures-shkollore-ne-ane-te-malit\/","og_locale":"en_US","og_type":"article","og_title":"Gjendja e infrastruktur\u00ebs shkollore n\u00eb an\u00eb t\u00eb malit - Lajme nga Ulqini","og_description":"Cenim i s\u00eb drejt\u00ebs elementare K\u00ebto inspektime lidhen pak a shum\u00eb me realizimin e orarit t\u00eb pun\u00ebs s\u00eb inspektor\u00ebve t\u00eb pun\u00ebsuar sipas linj\u00ebs partiake. N\u00eb","og_url":"https:\/\/www.visit-ulcinj.com\/blog\/2009\/12\/05\/gjendja-e-infrastruktures-shkollore-ne-ane-te-malit\/","og_site_name":"Lajme nga Ulqini","article_published_time":"2009-12-05T21:06:49+00:00","article_modified_time":"2009-12-05T21:13:20+00:00","og_image":[{"url":"http:\/\/www.visit-ulcinj.com\/blog\/wp-content\/uploads\/2009\/12\/Shkolla-Bedri-Elezaga.jpg"}],"twitter_misc":{"Written by":"ulqini","Est. reading time":"6 minutes"},"schema":{"@context":"https:\/\/schema.org","@graph":[{"@type":"WebSite","@id":"https:\/\/www.visit-ulcinj.com\/blog\/#website","url":"https:\/\/www.visit-ulcinj.com\/blog\/","name":"Lajme nga Ulqini","description":"Lajme,Vijesti,Ulqini,Ulqin,Crna Gora,Mali i Zi","potentialAction":[{"@type":"SearchAction","target":{"@type":"EntryPoint","urlTemplate":"https:\/\/www.visit-ulcinj.com\/blog\/?s={search_term_string}"},"query-input":"required name=search_term_string"}],"inLanguage":"en-US"},{"@type":"ImageObject","inLanguage":"en-US","@id":"https:\/\/www.visit-ulcinj.com\/blog\/2009\/12\/05\/gjendja-e-infrastruktures-shkollore-ne-ane-te-malit\/#primaryimage","url":"https:\/\/www.visit-ulcinj.com\/blog\/wp-content\/uploads\/2009\/12\/Shkolla-Bedri-Elezaga.jpg","contentUrl":"https:\/\/www.visit-ulcinj.com\/blog\/wp-content\/uploads\/2009\/12\/Shkolla-Bedri-Elezaga.jpg","width":"604","height":"453"},{"@type":"WebPage","@id":"https:\/\/www.visit-ulcinj.com\/blog\/2009\/12\/05\/gjendja-e-infrastruktures-shkollore-ne-ane-te-malit\/#webpage","url":"https:\/\/www.visit-ulcinj.com\/blog\/2009\/12\/05\/gjendja-e-infrastruktures-shkollore-ne-ane-te-malit\/","name":"Gjendja e infrastruktur\u00ebs shkollore n\u00eb an\u00eb t\u00eb malit - Lajme nga Ulqini","isPartOf":{"@id":"https:\/\/www.visit-ulcinj.com\/blog\/#website"},"primaryImageOfPage":{"@id":"https:\/\/www.visit-ulcinj.com\/blog\/2009\/12\/05\/gjendja-e-infrastruktures-shkollore-ne-ane-te-malit\/#primaryimage"},"datePublished":"2009-12-05T21:06:49+00:00","dateModified":"2009-12-05T21:13:20+00:00","author":{"@id":"https:\/\/www.visit-ulcinj.com\/blog\/#\/schema\/person\/dcab619c614d3038751c63bc2aadc06d"},"description":"Cenim i s\u00eb drejt\u00ebs elementare K\u00ebto inspektime lidhen pak a shum\u00eb me realizimin e orarit t\u00eb pun\u00ebs s\u00eb inspektor\u00ebve t\u00eb pun\u00ebsuar sipas linj\u00ebs partiake. N\u00eb","breadcrumb":{"@id":"https:\/\/www.visit-ulcinj.com\/blog\/2009\/12\/05\/gjendja-e-infrastruktures-shkollore-ne-ane-te-malit\/#breadcrumb"},"inLanguage":"en-US","potentialAction":[{"@type":"ReadAction","target":["https:\/\/www.visit-ulcinj.com\/blog\/2009\/12\/05\/gjendja-e-infrastruktures-shkollore-ne-ane-te-malit\/"]}]},{"@type":"BreadcrumbList","@id":"https:\/\/www.visit-ulcinj.com\/blog\/2009\/12\/05\/gjendja-e-infrastruktures-shkollore-ne-ane-te-malit\/#breadcrumb","itemListElement":[{"@type":"ListItem","position":1,"name":"Gjendja e infrastruktur\u00ebs shkollore n\u00eb an\u00eb t\u00eb malit"}]},{"@type":"Person","@id":"https:\/\/www.visit-ulcinj.com\/blog\/#\/schema\/person\/dcab619c614d3038751c63bc2aadc06d","name":"ulqini","sameAs":["http:\/\/www.visit-ulcinj.com"],"url":"https:\/\/www.visit-ulcinj.com\/blog\/author\/admin\/"}]}},"jetpack_featured_media_url":"","jetpack_sharing_enabled":true,"jetpack_shortlink":"https:\/\/wp.me\/pe6lTn-7fo","_links":{"self":[{"href":"https:\/\/www.visit-ulcinj.com\/blog\/wp-json\/wp\/v2\/posts\/27862"}],"collection":[{"href":"https:\/\/www.visit-ulcinj.com\/blog\/wp-json\/wp\/v2\/posts"}],"about":[{"href":"https:\/\/www.visit-ulcinj.com\/blog\/wp-json\/wp\/v2\/types\/post"}],"author":[{"embeddable":true,"href":"https:\/\/www.visit-ulcinj.com\/blog\/wp-json\/wp\/v2\/users\/1"}],"replies":[{"embeddable":true,"href":"https:\/\/www.visit-ulcinj.com\/blog\/wp-json\/wp\/v2\/comments?post=27862"}],"version-history":[{"count":0,"href":"https:\/\/www.visit-ulcinj.com\/blog\/wp-json\/wp\/v2\/posts\/27862\/revisions"}],"wp:attachment":[{"href":"https:\/\/www.visit-ulcinj.com\/blog\/wp-json\/wp\/v2\/media?parent=27862"}],"wp:term":[{"taxonomy":"category","embeddable":true,"href":"https:\/\/www.visit-ulcinj.com\/blog\/wp-json\/wp\/v2\/categories?post=27862"},{"taxonomy":"post_tag","embeddable":true,"href":"https:\/\/www.visit-ulcinj.com\/blog\/wp-json\/wp\/v2\/tags?post=27862"}],"curies":[{"name":"wp","href":"https:\/\/api.w.org\/{rel}","templated":true}]}}