{"id":27874,"date":"2009-12-06T11:36:14","date_gmt":"2009-12-06T09:36:14","guid":{"rendered":"http:\/\/www.visit-ulcinj.com\/blog\/?p=27874"},"modified":"2009-12-06T11:36:14","modified_gmt":"2009-12-06T09:36:14","slug":"genci-nimanbegu-iz-force-odgovorio-fatmiru-deki","status":"publish","type":"post","link":"https:\/\/www.visit-ulcinj.com\/blog\/2009\/12\/06\/genci-nimanbegu-iz-force-odgovorio-fatmiru-deki\/","title":{"rendered":"Genci Nimanbegu iz Force odgovorio Fatmiru ?eki"},"content":{"rendered":"<p><strong><a href=\"http:\/\/www.visit-ulcinj.com\/blog\/wp-content\/uploads\/2009\/12\/Genci-Nimanbegu-_Predsjednik-kluba-odbornika-Force.jpg\"><img loading=\"lazy\" class=\"alignleft size-full wp-image-27875\" title=\"Genci Nimanbegu _Predsjednik kluba odbornika Force\" src=\"http:\/\/www.visit-ulcinj.com\/blog\/wp-content\/uploads\/2009\/12\/Genci-Nimanbegu-_Predsjednik-kluba-odbornika-Force.jpg\" alt=\"Genci Nimanbegu _Predsjednik kluba odbornika Force\" width=\"580\" height=\"400\" \/><\/a>Sve ste upropastili<\/strong><br \/>\nUlcinj &#8211; Predsjednik kluba odbornika Force Genci Nimanbegu optu\u017eio je op\u0161tinskog sekretara za finansije i bud\u017eet Fatmira ?eku da \u201cprikriva svoje i malverzacije svojih nalogodavaca\u201d i ocijenio \u201eda je izvr\u0161na vlast u Ulcinju za tri godine nerada upropastila privredu i sva javna preduze?a\u201d.<br \/>\n\u201cNakon dva mjeseca uspjeli smo da dobijemo izvje\u0161taj o realizaciji bud\u017eeta za prvih devet mjeseci ove godine. Zapanjeni smo da je za sve to vrijeme ostvareno svega 3.300.000 eura, ili 20 odsto od planiranih 16 miliona. Sekretar za finansije tra\u017ei pohvale za to\u201d, navodi se u reagovanju Nimanbegua na tekst \u201eFotelju mo\u017eete samo da sanjate\u201d, objavljenom u ju?era\u0161njim \u201eVijestima\u201d.<br \/>\nPotpredsjednik Force je upozorio da su \u201cprivreda Ulcinja i gra?ani na koljenima\u201d.<br \/>\n\u201cOva vlast vi\u0161e ne spominje izgradnju marine u Limanu, mosta preko Port Milene i ure?enje tog kanala, izgradnju sportskog centra, pro\u0161irenje i rekonstrukciju puta Ulcinj &#8211; Sukobin, sanitarnu deponiju i kompletan kanalizacioni sistem i sve ono ?ime su prevarili narod. Njihovo obe?anje ?e sigurno ponovo dobiti zamah, ali misle da ?e napadima na Forcu skrenuti pa\u017enju na druge teme, pa su isturili ?eku da potpi\u0161e saop\u0161tenje\u201d, isti?e se u reagovanju.<br \/>\n\u201cPoru\u0161ili su hotel \u2018Galeb\u2018, onemogu?ili renoviranje \u2018Mediterana\u2018 i svjesno kasne sa dono\u0161enjem urbanisti?kim planova. U Ulcinju nije nezakonito napla?ena samo boravi\u0161na, ve? i druge takse. Jedina tema o kojoj se u Ulcinju jo\u0161 javno ne govori je korupcija, ali to ?e najbolje re?i onaj ko bude preuzeo ?ekinu fotelju\u201d, istakao je Nimanbegu.<\/p>\n<p><strong>S.A.<br \/>\n<a href=\"http:\/\/www.vijesti.me\/index.php?id_pre=324074&amp;godina=2009\" target=\"_blank\">Vijesti<\/a><\/strong><\/p>\n<p><strong><!--YouTube Error: bad URL entered--><br \/>\n<\/strong><\/p>\n","protected":false},"excerpt":{"rendered":"<p>Sve ste upropastili Ulcinj &#8211; Predsjednik kluba odbornika Force Genci Nimanbegu optu\u017eio je op\u0161tinskog sekretara za finansije i bud\u017eet Fatmira ?eku da \u201cprikriva svoje i malverzacije svojih nalogodavaca\u201d i ocijenio \u201eda je izvr\u0161na vlast u Ulcinju za tri godine nerada upropastila privredu i sva javna preduze?a\u201d. \u201cNakon dva mjeseca uspjeli smo da dobijemo izvje\u0161taj o [&hellip;]<\/p>\n","protected":false},"author":1,"featured_media":0,"comment_status":"open","ping_status":"closed","sticky":false,"template":"","format":"standard","meta":{"spay_email":"","jetpack_publicize_message":"","jetpack_is_tweetstorm":false,"jetpack_publicize_feature_enabled":true},"categories":[8337],"tags":[4608,1073,12961],"jetpack_publicize_connections":[],"yoast_head":"<!-- This site is optimized with the Yoast SEO plugin v19.1 - https:\/\/yoast.com\/wordpress\/plugins\/seo\/ -->\n<title>Genci Nimanbegu iz Force odgovorio Fatmiru ?eki - Lajme nga Ulqini<\/title>\n<meta name=\"description\" content=\"Sve ste upropastili Ulcinj - Predsjednik kluba odbornika Force Genci Nimanbegu optu\u017eio je op\u0161tinskog sekretara za finansije i bud\u017eet Fatmira ?eku da\" \/>\n<meta name=\"robots\" content=\"index, follow, max-snippet:-1, max-image-preview:large, max-video-preview:-1\" \/>\n<link rel=\"canonical\" href=\"https:\/\/www.visit-ulcinj.com\/blog\/2009\/12\/06\/genci-nimanbegu-iz-force-odgovorio-fatmiru-deki\/\" \/>\n<meta property=\"og:locale\" content=\"en_US\" \/>\n<meta property=\"og:type\" content=\"article\" \/>\n<meta property=\"og:title\" content=\"Genci Nimanbegu iz Force odgovorio Fatmiru ?eki - Lajme nga Ulqini\" \/>\n<meta property=\"og:description\" content=\"Sve ste upropastili Ulcinj - Predsjednik kluba odbornika Force Genci Nimanbegu optu\u017eio je op\u0161tinskog sekretara za finansije i bud\u017eet Fatmira ?eku da\" \/>\n<meta property=\"og:url\" content=\"https:\/\/www.visit-ulcinj.com\/blog\/2009\/12\/06\/genci-nimanbegu-iz-force-odgovorio-fatmiru-deki\/\" \/>\n<meta property=\"og:site_name\" content=\"Lajme nga Ulqini\" \/>\n<meta property=\"article:published_time\" content=\"2009-12-06T09:36:14+00:00\" \/>\n<meta property=\"og:image\" content=\"http:\/\/www.visit-ulcinj.com\/blog\/wp-content\/uploads\/2009\/12\/Genci-Nimanbegu-_Predsjednik-kluba-odbornika-Force.jpg\" \/>\n<meta name=\"twitter:label1\" content=\"Written by\" \/>\n\t<meta name=\"twitter:data1\" content=\"ulqini\" \/>\n\t<meta name=\"twitter:label2\" content=\"Est. reading time\" \/>\n\t<meta name=\"twitter:data2\" content=\"1 minute\" \/>\n<script type=\"application\/ld+json\" class=\"yoast-schema-graph\">{\"@context\":\"https:\/\/schema.org\",\"@graph\":[{\"@type\":\"WebSite\",\"@id\":\"https:\/\/www.visit-ulcinj.com\/blog\/#website\",\"url\":\"https:\/\/www.visit-ulcinj.com\/blog\/\",\"name\":\"Lajme nga Ulqini\",\"description\":\"Lajme,Vijesti,Ulqini,Ulqin,Crna Gora,Mali i Zi\",\"potentialAction\":[{\"@type\":\"SearchAction\",\"target\":{\"@type\":\"EntryPoint\",\"urlTemplate\":\"https:\/\/www.visit-ulcinj.com\/blog\/?s={search_term_string}\"},\"query-input\":\"required name=search_term_string\"}],\"inLanguage\":\"en-US\"},{\"@type\":\"ImageObject\",\"inLanguage\":\"en-US\",\"@id\":\"https:\/\/www.visit-ulcinj.com\/blog\/2009\/12\/06\/genci-nimanbegu-iz-force-odgovorio-fatmiru-deki\/#primaryimage\",\"url\":\"https:\/\/www.visit-ulcinj.com\/blog\/wp-content\/uploads\/2009\/12\/Genci-Nimanbegu-_Predsjednik-kluba-odbornika-Force.jpg\",\"contentUrl\":\"https:\/\/www.visit-ulcinj.com\/blog\/wp-content\/uploads\/2009\/12\/Genci-Nimanbegu-_Predsjednik-kluba-odbornika-Force.jpg\",\"width\":\"573\",\"height\":\"461\"},{\"@type\":\"WebPage\",\"@id\":\"https:\/\/www.visit-ulcinj.com\/blog\/2009\/12\/06\/genci-nimanbegu-iz-force-odgovorio-fatmiru-deki\/#webpage\",\"url\":\"https:\/\/www.visit-ulcinj.com\/blog\/2009\/12\/06\/genci-nimanbegu-iz-force-odgovorio-fatmiru-deki\/\",\"name\":\"Genci Nimanbegu iz Force odgovorio Fatmiru ?eki - Lajme nga Ulqini\",\"isPartOf\":{\"@id\":\"https:\/\/www.visit-ulcinj.com\/blog\/#website\"},\"primaryImageOfPage\":{\"@id\":\"https:\/\/www.visit-ulcinj.com\/blog\/2009\/12\/06\/genci-nimanbegu-iz-force-odgovorio-fatmiru-deki\/#primaryimage\"},\"datePublished\":\"2009-12-06T09:36:14+00:00\",\"dateModified\":\"2009-12-06T09:36:14+00:00\",\"author\":{\"@id\":\"https:\/\/www.visit-ulcinj.com\/blog\/#\/schema\/person\/dcab619c614d3038751c63bc2aadc06d\"},\"description\":\"Sve ste upropastili Ulcinj - Predsjednik kluba odbornika Force Genci Nimanbegu optu\u017eio je op\u0161tinskog sekretara za finansije i bud\u017eet Fatmira ?eku da\",\"breadcrumb\":{\"@id\":\"https:\/\/www.visit-ulcinj.com\/blog\/2009\/12\/06\/genci-nimanbegu-iz-force-odgovorio-fatmiru-deki\/#breadcrumb\"},\"inLanguage\":\"en-US\",\"potentialAction\":[{\"@type\":\"ReadAction\",\"target\":[\"https:\/\/www.visit-ulcinj.com\/blog\/2009\/12\/06\/genci-nimanbegu-iz-force-odgovorio-fatmiru-deki\/\"]}]},{\"@type\":\"BreadcrumbList\",\"@id\":\"https:\/\/www.visit-ulcinj.com\/blog\/2009\/12\/06\/genci-nimanbegu-iz-force-odgovorio-fatmiru-deki\/#breadcrumb\",\"itemListElement\":[{\"@type\":\"ListItem\",\"position\":1,\"name\":\"Genci Nimanbegu iz Force odgovorio Fatmiru ?eki\"}]},{\"@type\":\"Person\",\"@id\":\"https:\/\/www.visit-ulcinj.com\/blog\/#\/schema\/person\/dcab619c614d3038751c63bc2aadc06d\",\"name\":\"ulqini\",\"sameAs\":[\"http:\/\/www.visit-ulcinj.com\"],\"url\":\"https:\/\/www.visit-ulcinj.com\/blog\/author\/admin\/\"}]}<\/script>\n<!-- \/ Yoast SEO plugin. -->","yoast_head_json":{"title":"Genci Nimanbegu iz Force odgovorio Fatmiru ?eki - Lajme nga Ulqini","description":"Sve ste upropastili Ulcinj - Predsjednik kluba odbornika Force Genci Nimanbegu optu\u017eio je op\u0161tinskog sekretara za finansije i bud\u017eet Fatmira ?eku da","robots":{"index":"index","follow":"follow","max-snippet":"max-snippet:-1","max-image-preview":"max-image-preview:large","max-video-preview":"max-video-preview:-1"},"canonical":"https:\/\/www.visit-ulcinj.com\/blog\/2009\/12\/06\/genci-nimanbegu-iz-force-odgovorio-fatmiru-deki\/","og_locale":"en_US","og_type":"article","og_title":"Genci Nimanbegu iz Force odgovorio Fatmiru ?eki - Lajme nga Ulqini","og_description":"Sve ste upropastili Ulcinj - Predsjednik kluba odbornika Force Genci Nimanbegu optu\u017eio je op\u0161tinskog sekretara za finansije i bud\u017eet Fatmira ?eku da","og_url":"https:\/\/www.visit-ulcinj.com\/blog\/2009\/12\/06\/genci-nimanbegu-iz-force-odgovorio-fatmiru-deki\/","og_site_name":"Lajme nga Ulqini","article_published_time":"2009-12-06T09:36:14+00:00","og_image":[{"url":"http:\/\/www.visit-ulcinj.com\/blog\/wp-content\/uploads\/2009\/12\/Genci-Nimanbegu-_Predsjednik-kluba-odbornika-Force.jpg"}],"twitter_misc":{"Written by":"ulqini","Est. reading time":"1 minute"},"schema":{"@context":"https:\/\/schema.org","@graph":[{"@type":"WebSite","@id":"https:\/\/www.visit-ulcinj.com\/blog\/#website","url":"https:\/\/www.visit-ulcinj.com\/blog\/","name":"Lajme nga Ulqini","description":"Lajme,Vijesti,Ulqini,Ulqin,Crna Gora,Mali i Zi","potentialAction":[{"@type":"SearchAction","target":{"@type":"EntryPoint","urlTemplate":"https:\/\/www.visit-ulcinj.com\/blog\/?s={search_term_string}"},"query-input":"required name=search_term_string"}],"inLanguage":"en-US"},{"@type":"ImageObject","inLanguage":"en-US","@id":"https:\/\/www.visit-ulcinj.com\/blog\/2009\/12\/06\/genci-nimanbegu-iz-force-odgovorio-fatmiru-deki\/#primaryimage","url":"https:\/\/www.visit-ulcinj.com\/blog\/wp-content\/uploads\/2009\/12\/Genci-Nimanbegu-_Predsjednik-kluba-odbornika-Force.jpg","contentUrl":"https:\/\/www.visit-ulcinj.com\/blog\/wp-content\/uploads\/2009\/12\/Genci-Nimanbegu-_Predsjednik-kluba-odbornika-Force.jpg","width":"573","height":"461"},{"@type":"WebPage","@id":"https:\/\/www.visit-ulcinj.com\/blog\/2009\/12\/06\/genci-nimanbegu-iz-force-odgovorio-fatmiru-deki\/#webpage","url":"https:\/\/www.visit-ulcinj.com\/blog\/2009\/12\/06\/genci-nimanbegu-iz-force-odgovorio-fatmiru-deki\/","name":"Genci Nimanbegu iz Force odgovorio Fatmiru ?eki - Lajme nga Ulqini","isPartOf":{"@id":"https:\/\/www.visit-ulcinj.com\/blog\/#website"},"primaryImageOfPage":{"@id":"https:\/\/www.visit-ulcinj.com\/blog\/2009\/12\/06\/genci-nimanbegu-iz-force-odgovorio-fatmiru-deki\/#primaryimage"},"datePublished":"2009-12-06T09:36:14+00:00","dateModified":"2009-12-06T09:36:14+00:00","author":{"@id":"https:\/\/www.visit-ulcinj.com\/blog\/#\/schema\/person\/dcab619c614d3038751c63bc2aadc06d"},"description":"Sve ste upropastili Ulcinj - Predsjednik kluba odbornika Force Genci Nimanbegu optu\u017eio je op\u0161tinskog sekretara za finansije i bud\u017eet Fatmira ?eku da","breadcrumb":{"@id":"https:\/\/www.visit-ulcinj.com\/blog\/2009\/12\/06\/genci-nimanbegu-iz-force-odgovorio-fatmiru-deki\/#breadcrumb"},"inLanguage":"en-US","potentialAction":[{"@type":"ReadAction","target":["https:\/\/www.visit-ulcinj.com\/blog\/2009\/12\/06\/genci-nimanbegu-iz-force-odgovorio-fatmiru-deki\/"]}]},{"@type":"BreadcrumbList","@id":"https:\/\/www.visit-ulcinj.com\/blog\/2009\/12\/06\/genci-nimanbegu-iz-force-odgovorio-fatmiru-deki\/#breadcrumb","itemListElement":[{"@type":"ListItem","position":1,"name":"Genci Nimanbegu iz Force odgovorio Fatmiru ?eki"}]},{"@type":"Person","@id":"https:\/\/www.visit-ulcinj.com\/blog\/#\/schema\/person\/dcab619c614d3038751c63bc2aadc06d","name":"ulqini","sameAs":["http:\/\/www.visit-ulcinj.com"],"url":"https:\/\/www.visit-ulcinj.com\/blog\/author\/admin\/"}]}},"jetpack_featured_media_url":"","jetpack_sharing_enabled":true,"jetpack_shortlink":"https:\/\/wp.me\/pe6lTn-7fA","_links":{"self":[{"href":"https:\/\/www.visit-ulcinj.com\/blog\/wp-json\/wp\/v2\/posts\/27874"}],"collection":[{"href":"https:\/\/www.visit-ulcinj.com\/blog\/wp-json\/wp\/v2\/posts"}],"about":[{"href":"https:\/\/www.visit-ulcinj.com\/blog\/wp-json\/wp\/v2\/types\/post"}],"author":[{"embeddable":true,"href":"https:\/\/www.visit-ulcinj.com\/blog\/wp-json\/wp\/v2\/users\/1"}],"replies":[{"embeddable":true,"href":"https:\/\/www.visit-ulcinj.com\/blog\/wp-json\/wp\/v2\/comments?post=27874"}],"version-history":[{"count":0,"href":"https:\/\/www.visit-ulcinj.com\/blog\/wp-json\/wp\/v2\/posts\/27874\/revisions"}],"wp:attachment":[{"href":"https:\/\/www.visit-ulcinj.com\/blog\/wp-json\/wp\/v2\/media?parent=27874"}],"wp:term":[{"taxonomy":"category","embeddable":true,"href":"https:\/\/www.visit-ulcinj.com\/blog\/wp-json\/wp\/v2\/categories?post=27874"},{"taxonomy":"post_tag","embeddable":true,"href":"https:\/\/www.visit-ulcinj.com\/blog\/wp-json\/wp\/v2\/tags?post=27874"}],"curies":[{"name":"wp","href":"https:\/\/api.w.org\/{rel}","templated":true}]}}