{"id":27885,"date":"2009-12-06T15:05:39","date_gmt":"2009-12-06T13:05:39","guid":{"rendered":"http:\/\/www.visit-ulcinj.com\/blog\/?p=27885"},"modified":"2009-12-06T15:05:39","modified_gmt":"2009-12-06T13:05:39","slug":"tuna-perseri-singel-ndahet-nga-rilindi","status":"publish","type":"post","link":"https:\/\/www.visit-ulcinj.com\/blog\/2009\/12\/06\/tuna-perseri-singel-ndahet-nga-rilindi\/","title":{"rendered":"Tuna p\u00ebrs\u00ebri sing\u00ebl, ndahet nga Rilindi"},"content":{"rendered":"<p><a href=\"http:\/\/www.visit-ulcinj.com\/blog\/wp-content\/uploads\/2009\/12\/ALtuna-Sejdiu-TUNA.1.jpg\"><img loading=\"lazy\" class=\"alignleft size-full wp-image-27886\" title=\"ALtuna Sejdiu-TUNA.1\" src=\"http:\/\/www.visit-ulcinj.com\/blog\/wp-content\/uploads\/2009\/12\/ALtuna-Sejdiu-TUNA.1.jpg\" alt=\"ALtuna Sejdiu-TUNA.1\" width=\"350\" height=\"604\" \/><\/a>Gjat\u00eb uikend-it vizitoi Brukselin p\u00ebr koncerte, pastaj niset n\u00eb USA kurse Vitin e Ri e pret n\u00eb Zvic\u00ebr. K\u00ebng\u00ebtarja Tuna Sejdiu po vazhdon me suksese t\u00eb reja. Muaj m\u00eb her\u00ebt ajo publikoi k\u00ebng\u00ebn \u201cE boj nxeht\u00eb\u201d, duet n\u00eb bashk\u00ebpunim me Viganin, k\u00ebng\u00eb t\u00eb cil\u00ebn e vizualizuan edhe me video. Ky bashk\u00ebpunim kishte shum\u00eb sukses sa q\u00eb k\u00ebnga akoma mbetet nj\u00eb hit i madh. Pas k\u00ebsaj k\u00ebnge ajo n\u00eb bashk\u00ebpunim me Getoarin dhe Med\u00ebn, realizuan nj\u00eb k\u00ebng\u00eb e cila pati nj\u00eb sukses t\u00eb jasht\u00ebzakonsh\u00ebm gjat\u00eb ver\u00ebs, pasi \u00ebsht\u00eb nj\u00eb k\u00ebng\u00eb v\u00ebrtet\u00eb e nxeht\u00eb. Edhe pse k\u00ebng\u00ebs nuk iu realizua klipi, videoja e animuar me foto n\u00eb youtube po klikohet shum\u00eb. U p\u00ebrfol me t\u00eb madhe se k\u00ebng\u00ebs do i realizohet edhe klipi, por p\u00ebr shkak t\u00eb obligimeve t\u00eb m\u00ebdha q\u00eb kishin dhe koncerteve t\u00eb aranzhuara m\u00eb her\u00ebt, q\u00eb t\u00eb tre nuk kishin mund\u00ebsi fizike t\u00eb bashkohen dhe t\u00eb realizojn\u00eb at\u00eb.<\/p>\n<p>N\u00eb shtator, k\u00ebng\u00ebtarja s\u00eb bashku me t\u00eb dashurin e saj vizituan Kub\u00ebn dhe pas disa jav\u00ebsh u kthyen nga aventura e \u00ebndrrave t\u00eb tyre. Para se t\u00eb nisej p\u00ebr n\u00eb Kuba, Tuna kishte planifikuar q\u00eb atje t\u00eb realizoj\u00eb nj\u00eb videoklip t\u00eb ri. Duke pasur parasysh koston e shpenzimeve p\u00ebr nj\u00eb klip dhe shpenzimet e bartjes t\u00eb t\u00eb gjith\u00eb ekipit atje, sigurisht k\u00ebng\u00ebtarja \u00ebsht\u00eb larguar nga kjo ide. Por, e gjitha nuk mbaron me kaq. Tuna ka realizuar edhe disa k\u00ebng\u00eb t\u00eb reja, t\u00eb cilat pritet t\u2019i publikoj\u00eb n\u00ebp\u00ebr xhirimet televizive me rastin e festave t\u00eb fundvitit. Nd\u00ebrkoh\u00eb, gjat\u00eb fundjav\u00ebs q\u00eb e lam\u00eb pas, k\u00ebng\u00ebtarja ka q\u00ebndruar n\u00eb Bruksel ku \u00ebsht\u00eb paraqitur n\u00eb disa koncerte atje. Flitet se k\u00ebng\u00ebtarja \u00ebsht\u00eb ndar\u00eb nga Rilindi ( statusi i saj n\u00eb Facebook \u00ebsht\u00eb SINGEL ) dhe tash vazhdon suksesin e p\u00ebrkushtuar n\u00eb karrier\u00ebn e saj. Aranzhimi i koncerteve t\u00eb saja nuk mbaron me kaq. S\u00eb bashku me Bleron dhe Greta Ko\u00e7in, Tuna do t\u00eb performoj\u00eb n\u00eb Shtetet e Bashkuara m\u00eb 24 dhjetor p\u00ebr festat e fundvitit, kurse n\u00eb nd\u00ebrrimin e motmoteve ajo do t\u00eb jet\u00eb e pranishme n\u00eb nj\u00eb nga diskotekat shqiptare n\u00eb Zvic\u00ebr.<\/p>\n<p><strong>Panorama<br \/>\n<\/p>\n<p><\/strong><\/p>\n<!--YouTube Error: bad URL entered-->\n<p><strong><br \/>\n<\/strong><\/p>\n","protected":false},"excerpt":{"rendered":"<p>Gjat\u00eb uikend-it vizitoi Brukselin p\u00ebr koncerte, pastaj niset n\u00eb USA kurse Vitin e Ri e pret n\u00eb Zvic\u00ebr. K\u00ebng\u00ebtarja Tuna Sejdiu po vazhdon me suksese t\u00eb reja. Muaj m\u00eb her\u00ebt ajo publikoi k\u00ebng\u00ebn \u201cE boj nxeht\u00eb\u201d, duet n\u00eb bashk\u00ebpunim me Viganin, k\u00ebng\u00eb t\u00eb cil\u00ebn e vizualizuan edhe me video. Ky bashk\u00ebpunim kishte shum\u00eb sukses sa [&hellip;]<\/p>\n","protected":false},"author":1,"featured_media":0,"comment_status":"open","ping_status":"closed","sticky":false,"template":"","format":"standard","meta":{"spay_email":"","jetpack_publicize_message":"","jetpack_is_tweetstorm":false,"jetpack_publicize_feature_enabled":true},"categories":[1],"tags":[12963],"jetpack_publicize_connections":[],"yoast_head":"<!-- This site is optimized with the Yoast SEO plugin v19.1 - https:\/\/yoast.com\/wordpress\/plugins\/seo\/ -->\n<title>Tuna p\u00ebrs\u00ebri sing\u00ebl, ndahet nga Rilindi - Lajme nga Ulqini<\/title>\n<meta name=\"description\" content=\"Gjat\u00eb uikend-it vizitoi Brukselin p\u00ebr koncerte, pastaj niset n\u00eb USA kurse Vitin e Ri e pret n\u00eb Zvic\u00ebr. K\u00ebng\u00ebtarja Tuna Sejdiu po vazhdon me suksese t\u00eb\" \/>\n<meta name=\"robots\" content=\"index, follow, max-snippet:-1, max-image-preview:large, max-video-preview:-1\" \/>\n<link rel=\"canonical\" href=\"https:\/\/www.visit-ulcinj.com\/blog\/2009\/12\/06\/tuna-perseri-singel-ndahet-nga-rilindi\/\" \/>\n<meta property=\"og:locale\" content=\"en_US\" \/>\n<meta property=\"og:type\" content=\"article\" \/>\n<meta property=\"og:title\" content=\"Tuna p\u00ebrs\u00ebri sing\u00ebl, ndahet nga Rilindi - Lajme nga Ulqini\" \/>\n<meta property=\"og:description\" content=\"Gjat\u00eb uikend-it vizitoi Brukselin p\u00ebr koncerte, pastaj niset n\u00eb USA kurse Vitin e Ri e pret n\u00eb Zvic\u00ebr. K\u00ebng\u00ebtarja Tuna Sejdiu po vazhdon me suksese t\u00eb\" \/>\n<meta property=\"og:url\" content=\"https:\/\/www.visit-ulcinj.com\/blog\/2009\/12\/06\/tuna-perseri-singel-ndahet-nga-rilindi\/\" \/>\n<meta property=\"og:site_name\" content=\"Lajme nga Ulqini\" \/>\n<meta property=\"article:published_time\" content=\"2009-12-06T13:05:39+00:00\" \/>\n<meta property=\"og:image\" content=\"https:\/\/www.visit-ulcinj.com\/blog\/wp-content\/uploads\/2009\/12\/ALtuna-Sejdiu-TUNA.1-150x150.jpg\" \/>\n<meta name=\"twitter:label1\" content=\"Written by\" \/>\n\t<meta name=\"twitter:data1\" content=\"ulqini\" \/>\n\t<meta name=\"twitter:label2\" content=\"Est. reading time\" \/>\n\t<meta name=\"twitter:data2\" content=\"2 minutes\" \/>\n<script type=\"application\/ld+json\" class=\"yoast-schema-graph\">{\"@context\":\"https:\/\/schema.org\",\"@graph\":[{\"@type\":\"WebSite\",\"@id\":\"https:\/\/www.visit-ulcinj.com\/blog\/#website\",\"url\":\"https:\/\/www.visit-ulcinj.com\/blog\/\",\"name\":\"Lajme nga Ulqini\",\"description\":\"Lajme,Vijesti,Ulqini,Ulqin,Crna Gora,Mali i Zi\",\"potentialAction\":[{\"@type\":\"SearchAction\",\"target\":{\"@type\":\"EntryPoint\",\"urlTemplate\":\"https:\/\/www.visit-ulcinj.com\/blog\/?s={search_term_string}\"},\"query-input\":\"required name=search_term_string\"}],\"inLanguage\":\"en-US\"},{\"@type\":\"ImageObject\",\"inLanguage\":\"en-US\",\"@id\":\"https:\/\/www.visit-ulcinj.com\/blog\/2009\/12\/06\/tuna-perseri-singel-ndahet-nga-rilindi\/#primaryimage\",\"url\":\"http:\/\/www.visit-ulcinj.com\/blog\/wp-content\/uploads\/2009\/12\/ALtuna-Sejdiu-TUNA.1.jpg\",\"contentUrl\":\"http:\/\/www.visit-ulcinj.com\/blog\/wp-content\/uploads\/2009\/12\/ALtuna-Sejdiu-TUNA.1.jpg\"},{\"@type\":\"WebPage\",\"@id\":\"https:\/\/www.visit-ulcinj.com\/blog\/2009\/12\/06\/tuna-perseri-singel-ndahet-nga-rilindi\/#webpage\",\"url\":\"https:\/\/www.visit-ulcinj.com\/blog\/2009\/12\/06\/tuna-perseri-singel-ndahet-nga-rilindi\/\",\"name\":\"Tuna p\u00ebrs\u00ebri sing\u00ebl, ndahet nga Rilindi - Lajme nga Ulqini\",\"isPartOf\":{\"@id\":\"https:\/\/www.visit-ulcinj.com\/blog\/#website\"},\"primaryImageOfPage\":{\"@id\":\"https:\/\/www.visit-ulcinj.com\/blog\/2009\/12\/06\/tuna-perseri-singel-ndahet-nga-rilindi\/#primaryimage\"},\"datePublished\":\"2009-12-06T13:05:39+00:00\",\"dateModified\":\"2009-12-06T13:05:39+00:00\",\"author\":{\"@id\":\"https:\/\/www.visit-ulcinj.com\/blog\/#\/schema\/person\/dcab619c614d3038751c63bc2aadc06d\"},\"description\":\"Gjat\u00eb uikend-it vizitoi Brukselin p\u00ebr koncerte, pastaj niset n\u00eb USA kurse Vitin e Ri e pret n\u00eb Zvic\u00ebr. K\u00ebng\u00ebtarja Tuna Sejdiu po vazhdon me suksese t\u00eb\",\"breadcrumb\":{\"@id\":\"https:\/\/www.visit-ulcinj.com\/blog\/2009\/12\/06\/tuna-perseri-singel-ndahet-nga-rilindi\/#breadcrumb\"},\"inLanguage\":\"en-US\",\"potentialAction\":[{\"@type\":\"ReadAction\",\"target\":[\"https:\/\/www.visit-ulcinj.com\/blog\/2009\/12\/06\/tuna-perseri-singel-ndahet-nga-rilindi\/\"]}]},{\"@type\":\"BreadcrumbList\",\"@id\":\"https:\/\/www.visit-ulcinj.com\/blog\/2009\/12\/06\/tuna-perseri-singel-ndahet-nga-rilindi\/#breadcrumb\",\"itemListElement\":[{\"@type\":\"ListItem\",\"position\":1,\"name\":\"Tuna p\u00ebrs\u00ebri sing\u00ebl, ndahet nga Rilindi\"}]},{\"@type\":\"Person\",\"@id\":\"https:\/\/www.visit-ulcinj.com\/blog\/#\/schema\/person\/dcab619c614d3038751c63bc2aadc06d\",\"name\":\"ulqini\",\"sameAs\":[\"http:\/\/www.visit-ulcinj.com\"],\"url\":\"https:\/\/www.visit-ulcinj.com\/blog\/author\/admin\/\"}]}<\/script>\n<!-- \/ Yoast SEO plugin. -->","yoast_head_json":{"title":"Tuna p\u00ebrs\u00ebri sing\u00ebl, ndahet nga Rilindi - Lajme nga Ulqini","description":"Gjat\u00eb uikend-it vizitoi Brukselin p\u00ebr koncerte, pastaj niset n\u00eb USA kurse Vitin e Ri e pret n\u00eb Zvic\u00ebr. K\u00ebng\u00ebtarja Tuna Sejdiu po vazhdon me suksese t\u00eb","robots":{"index":"index","follow":"follow","max-snippet":"max-snippet:-1","max-image-preview":"max-image-preview:large","max-video-preview":"max-video-preview:-1"},"canonical":"https:\/\/www.visit-ulcinj.com\/blog\/2009\/12\/06\/tuna-perseri-singel-ndahet-nga-rilindi\/","og_locale":"en_US","og_type":"article","og_title":"Tuna p\u00ebrs\u00ebri sing\u00ebl, ndahet nga Rilindi - Lajme nga Ulqini","og_description":"Gjat\u00eb uikend-it vizitoi Brukselin p\u00ebr koncerte, pastaj niset n\u00eb USA kurse Vitin e Ri e pret n\u00eb Zvic\u00ebr. K\u00ebng\u00ebtarja Tuna Sejdiu po vazhdon me suksese t\u00eb","og_url":"https:\/\/www.visit-ulcinj.com\/blog\/2009\/12\/06\/tuna-perseri-singel-ndahet-nga-rilindi\/","og_site_name":"Lajme nga Ulqini","article_published_time":"2009-12-06T13:05:39+00:00","og_image":[{"url":"https:\/\/www.visit-ulcinj.com\/blog\/wp-content\/uploads\/2009\/12\/ALtuna-Sejdiu-TUNA.1-150x150.jpg"}],"twitter_misc":{"Written by":"ulqini","Est. reading time":"2 minutes"},"schema":{"@context":"https:\/\/schema.org","@graph":[{"@type":"WebSite","@id":"https:\/\/www.visit-ulcinj.com\/blog\/#website","url":"https:\/\/www.visit-ulcinj.com\/blog\/","name":"Lajme nga Ulqini","description":"Lajme,Vijesti,Ulqini,Ulqin,Crna Gora,Mali i Zi","potentialAction":[{"@type":"SearchAction","target":{"@type":"EntryPoint","urlTemplate":"https:\/\/www.visit-ulcinj.com\/blog\/?s={search_term_string}"},"query-input":"required name=search_term_string"}],"inLanguage":"en-US"},{"@type":"ImageObject","inLanguage":"en-US","@id":"https:\/\/www.visit-ulcinj.com\/blog\/2009\/12\/06\/tuna-perseri-singel-ndahet-nga-rilindi\/#primaryimage","url":"http:\/\/www.visit-ulcinj.com\/blog\/wp-content\/uploads\/2009\/12\/ALtuna-Sejdiu-TUNA.1.jpg","contentUrl":"http:\/\/www.visit-ulcinj.com\/blog\/wp-content\/uploads\/2009\/12\/ALtuna-Sejdiu-TUNA.1.jpg"},{"@type":"WebPage","@id":"https:\/\/www.visit-ulcinj.com\/blog\/2009\/12\/06\/tuna-perseri-singel-ndahet-nga-rilindi\/#webpage","url":"https:\/\/www.visit-ulcinj.com\/blog\/2009\/12\/06\/tuna-perseri-singel-ndahet-nga-rilindi\/","name":"Tuna p\u00ebrs\u00ebri sing\u00ebl, ndahet nga Rilindi - Lajme nga Ulqini","isPartOf":{"@id":"https:\/\/www.visit-ulcinj.com\/blog\/#website"},"primaryImageOfPage":{"@id":"https:\/\/www.visit-ulcinj.com\/blog\/2009\/12\/06\/tuna-perseri-singel-ndahet-nga-rilindi\/#primaryimage"},"datePublished":"2009-12-06T13:05:39+00:00","dateModified":"2009-12-06T13:05:39+00:00","author":{"@id":"https:\/\/www.visit-ulcinj.com\/blog\/#\/schema\/person\/dcab619c614d3038751c63bc2aadc06d"},"description":"Gjat\u00eb uikend-it vizitoi Brukselin p\u00ebr koncerte, pastaj niset n\u00eb USA kurse Vitin e Ri e pret n\u00eb Zvic\u00ebr. K\u00ebng\u00ebtarja Tuna Sejdiu po vazhdon me suksese t\u00eb","breadcrumb":{"@id":"https:\/\/www.visit-ulcinj.com\/blog\/2009\/12\/06\/tuna-perseri-singel-ndahet-nga-rilindi\/#breadcrumb"},"inLanguage":"en-US","potentialAction":[{"@type":"ReadAction","target":["https:\/\/www.visit-ulcinj.com\/blog\/2009\/12\/06\/tuna-perseri-singel-ndahet-nga-rilindi\/"]}]},{"@type":"BreadcrumbList","@id":"https:\/\/www.visit-ulcinj.com\/blog\/2009\/12\/06\/tuna-perseri-singel-ndahet-nga-rilindi\/#breadcrumb","itemListElement":[{"@type":"ListItem","position":1,"name":"Tuna p\u00ebrs\u00ebri sing\u00ebl, ndahet nga Rilindi"}]},{"@type":"Person","@id":"https:\/\/www.visit-ulcinj.com\/blog\/#\/schema\/person\/dcab619c614d3038751c63bc2aadc06d","name":"ulqini","sameAs":["http:\/\/www.visit-ulcinj.com"],"url":"https:\/\/www.visit-ulcinj.com\/blog\/author\/admin\/"}]}},"jetpack_featured_media_url":"","jetpack_sharing_enabled":true,"jetpack_shortlink":"https:\/\/wp.me\/pe6lTn-7fL","_links":{"self":[{"href":"https:\/\/www.visit-ulcinj.com\/blog\/wp-json\/wp\/v2\/posts\/27885"}],"collection":[{"href":"https:\/\/www.visit-ulcinj.com\/blog\/wp-json\/wp\/v2\/posts"}],"about":[{"href":"https:\/\/www.visit-ulcinj.com\/blog\/wp-json\/wp\/v2\/types\/post"}],"author":[{"embeddable":true,"href":"https:\/\/www.visit-ulcinj.com\/blog\/wp-json\/wp\/v2\/users\/1"}],"replies":[{"embeddable":true,"href":"https:\/\/www.visit-ulcinj.com\/blog\/wp-json\/wp\/v2\/comments?post=27885"}],"version-history":[{"count":0,"href":"https:\/\/www.visit-ulcinj.com\/blog\/wp-json\/wp\/v2\/posts\/27885\/revisions"}],"wp:attachment":[{"href":"https:\/\/www.visit-ulcinj.com\/blog\/wp-json\/wp\/v2\/media?parent=27885"}],"wp:term":[{"taxonomy":"category","embeddable":true,"href":"https:\/\/www.visit-ulcinj.com\/blog\/wp-json\/wp\/v2\/categories?post=27885"},{"taxonomy":"post_tag","embeddable":true,"href":"https:\/\/www.visit-ulcinj.com\/blog\/wp-json\/wp\/v2\/tags?post=27885"}],"curies":[{"name":"wp","href":"https:\/\/api.w.org\/{rel}","templated":true}]}}