{"id":27944,"date":"2009-12-06T23:26:28","date_gmt":"2009-12-06T21:26:28","guid":{"rendered":"http:\/\/www.visit-ulcinj.com\/blog\/?p=27944"},"modified":"2009-12-06T23:26:28","modified_gmt":"2009-12-06T21:26:28","slug":"veprimtari-perkujtimore-10-vjetori-i-vdekjes-se-dom-simon-filipajt","status":"publish","type":"post","link":"https:\/\/www.visit-ulcinj.com\/blog\/2009\/12\/06\/veprimtari-perkujtimore-10-vjetori-i-vdekjes-se-dom-simon-filipajt\/","title":{"rendered":"Veprimtari p\u00ebrkujtimore, 10 &#8211; vjetori i vdekjes s\u00eb dom Simon Filipajt"},"content":{"rendered":"<p><strong><a href=\"http:\/\/www.visit-ulcinj.com\/blog\/wp-content\/uploads\/2009\/12\/Dom-Simon-Filipajt_Bibla.jpg\"><img loading=\"lazy\" class=\"alignleft size-full wp-image-27945\" title=\"Dom Simon Filipajt_Bibla\" src=\"http:\/\/www.visit-ulcinj.com\/blog\/wp-content\/uploads\/2009\/12\/Dom-Simon-Filipajt_Bibla.jpg\" alt=\"Dom Simon Filipajt_Bibla\" width=\"580\" height=\"284\" \/><\/a>Dekada e d\u00ebshmis\u00eb s\u00eb Filipajt<\/strong><br \/>\nViti i tanish\u00ebm n\u00eb t\u00eb cilin po zhvillohet kjo veprimtari p\u00ebrkujtimore, 10 &#8211; vjetori i vdekjes s\u00eb dom Simon Filipajt, ka nj\u00eb koincidenc\u00eb t\u00eb rastit, sepse p\u00ebrkon me 15 &#8211; vjetorin e botimit t\u00eb Bibl\u00ebs n\u00eb shqip, vep\u00ebr kjo e cila na b\u00ebri ta p\u00ebrkujtojm\u00eb dekad\u00ebn e vdekjes s\u00eb p\u00ebrkthyesit dhe vepr\u00ebn e tij jet\u00ebsore Bibl\u00ebn.<br \/>\nNj\u00eb dekad\u00eb pa Filipajn, sikur \u00ebsht\u00eb tep\u00ebr pak p\u00ebr t\u00eb njohur vlerat e rralla si p\u00ebrkthyes dhe vepr\u00ebn e tij madhore Bibl\u00ebn. Por, n\u00eb an\u00ebn tjet\u00ebr, k\u00ebto pak vite jan\u00eb t\u00eb mjaftueshme p\u00ebr t\u00eb kuptuar dobin\u00eb e madhe dhe pesh\u00ebn e ve\u00e7ant\u00eb t\u00eb k\u00ebsaj vepre p\u00ebr t\u00eb cil\u00ebn iluministi francez i shek. XVIII, Zhan Zhak Ruso (Jean-Jacques Rousseau, 1712-1778) thoshte se \u00ebsht\u00eb \u201clib\u00ebr i t\u00eb gjitha koh\u00ebrave\u201d.<\/p>\n<p><strong>Kush ishte Filipaj dhe vepra e tij Bibla<\/strong><\/p>\n<p>Meqen\u00ebse rreth personalitetit t\u00eb Filipajt dhe vepr\u00ebs s\u00eb tij, \u00ebsht\u00eb sqaruar mjaft hap\u00ebt e qart\u00eb nga shkrimet e botuar n\u00eb librin \u201cBibla shqip dhe tradita\u201d, Instituti i Gjuh\u00ebsis\u00eb dhe i Let\u00ebrsis\u00eb, Tiran\u00eb, 2004, me k\u00ebt\u00eb rast do t\u00eb doja, me pak fjal\u00eb ta rikujtoja jet\u00ebn dhe ta rivler\u00ebsoja vepr\u00ebn e tij, duke u mb\u00ebshtetur n\u00eb th\u00ebnien latine: Repetitio est mater studiorum (p\u00ebrs\u00ebritja \u00ebsht\u00eb n\u00ebna e dijes).<br \/>\nSimon Filipaj u lind m\u00eb 1 maj t\u00eb vitit 1925, n\u00eb fshatin Kllez\u00ebn e Ul\u00ebt ( e Poshtme) af\u00ebr Shasit t\u00eb lasht\u00eb t\u00eb komun\u00ebs s\u00eb Ulqinit, n\u00eb Malin e Zi. N\u00eb vitin 1932, filloi shkoll\u00ebn fillore dyvje\u00e7are, n\u00eb Selit\u00eb, kurse dy t\u00eb tjerat i p\u00ebrfundoi n\u00eb Kat\u00ebrkoll\u00eb af\u00ebr Ulqinit. T\u00eb gjitha vitet shkollore i kreu n\u00eb gjuh\u00ebn sllave n\u00eb munges\u00eb t\u00eb shkoll\u00ebs n\u00eb gjuh\u00ebn amtare. Seminarin e Ul\u00ebt p\u00ebr n\u00eb rrug\u00ebn e meshtaris\u00eb e nisi n\u00eb Tivar, 1939-41 p\u00ebr t\u2019i vazhduar m\u00eb pas m\u00ebsimet n\u00eb seminarin e Jezuit\u00ebve n\u00eb Shkod\u00ebr 1941-45. Gjat\u00eb harkut kohor 1946-1950 i kreu studimet, filozofike dhe teologjike, me sukses t\u00eb shk\u00eblqyer n\u00eb Fakultetin Teologjik t\u00eb Zagrebit. Po n\u00eb k\u00ebt\u00eb vend u shugurua meshtar m\u00eb 29 qershor t\u00eb vitit 1950 si an\u00ebtar i Kryedioqez\u00ebs se Tivarit.<br \/>\nFilipaj, fillimet e jet\u00ebs klerikale i kishte kaluar n\u00eb Triepsh e Koj\u00eb t\u00eb Ku\u00e7it n\u00eb vitet 1950 \u2013 1960 dhe m\u00eb pas gjat\u00eb viteve 1960 \u2013 1966, n\u00eb Grud\u00eb t\u00eb Mal\u00ebsis\u00eb se Madhe. Nga t\u00eb dh\u00ebnat biografike del se pjes\u00ebn m\u00eb t\u00eb madhe t\u00eb sh\u00ebrbimit ai e ka kryer n\u00eb Sh\u00ebn Gjegj dhe Kllezne, buz\u00eb lumit Buna, nga 20. XI 1966 deri 02. IX 1999, pra plot 33 vjet, gjersa nd\u00ebrroi jet\u00eb. M\u00eb dt. 3. IX qe varrosur n\u00eb m\u00ebnyr\u00eb tejet modeste n\u00eb vendlindjen e tij, Kllezna e Ul\u00ebt,<br \/>\nN\u00eb shenj\u00eb mir\u00ebnjohjeje p\u00ebr pun\u00ebn e b\u00ebr\u00eb, m\u00eb 3 n\u00ebntor t\u00eb vitit 1988 Selia e Shenjt\u00eb i dha titullin e lart\u00eb \u201cImzot\u201d (monsinjor), nd\u00ebrsa m\u00eb 6. VII 1992 ishte shpallur \u201cPrelat Nderi\u201d i Pap\u00ebs Gjon Pali II.<\/p>\n<p><strong>Bibla vep\u00ebr universale<\/strong><\/p>\n<p>Kultura e t\u00eb gjith\u00eb njer\u00ebzimit e ka zanafill\u00ebn e vet n\u00eb besimet, qoft\u00eb p\u00ebr pjes\u00ebn politeiste t\u00eb historis\u00eb (besimi n\u00eb shum\u00eb zota) qoft\u00eb p\u00ebr at\u00eb monoteiste (besimi n\u00eb nj\u00eb Zot). Prandaj, nuk \u00ebsht\u00eb di\u00e7ka e rastit q\u00eb fillimet e shkrimit t\u00eb shum\u00eb gjuh\u00ebve, sidomos t\u00eb popujve t\u00eb Evrop\u00ebs si: gjuh\u00ebt gjermanike, frankofone, sllave etj. e kan\u00eb zanafill\u00ebn e tyre n\u00eb p\u00ebrkthimet biblike.<br \/>\nBibla, Shkrim i shenjt\u00eb, nga greqishtja \u201eHe biblos\u201c q\u00eb do t\u00eb thot\u00eb \u201eLibri\u201c ta biblia \u201elib\u00ebrthat\u201c, e p\u00ebrb\u00ebr\u00eb nga Bes\u00eblidhja e vjet\u00ebr, ku jan\u00eb shkrime t\u00eb nj\u00eb tradite gojore disa mij\u00ebra vje\u00e7are, t\u00eb shkruara n\u00eb koh\u00ebn nga 1300 vjet para Krishtit dhe Bes\u00eblidhja e Re, shkrime t\u00eb koh\u00ebs s\u00eb apostujve t\u00eb shkruara deri vitin 100 pas Krishtit; p\u00ebrshkon t\u00eb gjitha epokat historike duke b\u00ebr\u00eb me to nj\u00eb dialog t\u00eb p\u00ebrjetsh\u00ebm. Ajo, ka brenda t\u00eb gjitha gjinit\u00eb, q\u00eb nga poema, orakulli, rr\u00ebfimi historik, lutja, dialogu dhe ka me tep\u00ebr s\u00eb nj\u00ebmij\u00eb personazhe.<br \/>\nP\u00ebr shum\u00eb shkrimtar\u00eb dhe filizof\u00eb t\u00eb cil\u00ebt i kthehen autoritetit biblik, q\u00eb nga Marcel Proust-i (1871-1922) \u201cN\u00eb k\u00ebrkim t\u00eb koh\u00ebs s\u00eb humbur\u201d e deri tek Thomas Mann-i, ( 1875- 1955) \u201cJozefi dhe v\u00ebllez\u00ebrit e tij\u201d, si dhe filozof\u00ebt: Baruch Spinoza ( 1632-1677), Emmanuel Kant (1724-1804), Georg Friedrich Hegel (1770-1831), etj., Bibla \u00ebsht\u00eb nj\u00eb burim i pashtersh\u00ebm imazhesh, simbolesh, arketipash, formash rr\u00ebfyese ose poetike dhe e pandashme nga kultura n\u00eb t\u00eb cil\u00ebn \u00ebsht\u00eb form\u00ebsuar. Edhe pse Friedrich Nietzsche (1844-1900), ka shkruar se zotat kan\u00eb vdekur, bibliofil\u00ebt thon\u00eb se edhe i vdekur nj\u00eb zot mbret\u00ebron p\u00ebrjet\u00ebsisht.<br \/>\nBibla edhe n\u00eb shek. XX, ka nj\u00eb pamje tjet\u00ebr: Francis Scot Fitzgerald-i (1896-1940) nd\u00ebrton \u00ebndrr\u00ebn e Tok\u00ebs s\u00eb Premtuar te \u201cGetsby i madh\u201d kurse Ernest Hemingway (1899-1961) merr nga imazhet biblike titullin e romanit t\u00eb tij \u201c Dhe dielli ngrihet p\u00ebrs\u00ebri\u201d etj..<br \/>\nEdhe p\u00ebr rus\u00ebt e shek XIX, Bibla ka qen\u00eb nj\u00eb lib\u00ebr i paz\u00ebvend\u00ebsuesh\u00ebm. \u201cV\u00ebllez\u00ebrit Karamazov\u201d, i Fjodor Dostojevskit,(1821-1881, \u00ebsht\u00eb frym\u00ebzuar nga pyetja e famshme e Jezusit drejtuar konsullit romak. Po ashtu veprat e Nikolaj Vasileviq Gogolit (1809-.1852), Aleksand\u00ebr Blokut ( 1880-1921), Boris Lenonidovi\u00e7 Pasternakut 1890-1960, Anton Pavlovi\u00e7 \u00c7ehovit (1860-1904) e tj..<br \/>\n<strong><br \/>\nFilipaj dhe Bibla shqip<\/strong><br \/>\nHistoria e kontakteve t\u00eb paraardh\u00ebsve t\u00eb shqiptar\u00ebve me Bibl\u00ebn n\u00eb nj\u00eb far\u00eb m\u00ebnyre nis me Sh\u00ebn Jeronimin nga Stridoni i Iliris\u00eb, shekulli i V m\u00eb p\u00ebrkthimin e tij t\u00eb plot\u00eb t\u00eb Bibl\u00ebs n\u00eb gjuh\u00ebn latine, ose si\u00e7 quhet ndryshe Vulgata. N\u00eb shekujt e m\u00eb pastajm\u00eb, n\u00eb vitin 1468, kemi formul\u00ebn e pag\u00ebzimit, si fragmentin e par\u00eb biblik shkruar n\u00eb gjuh\u00ebn shqipe, kurse m\u00eb 1555-\u00ebn, Gjon Buzuku botoi librin e par\u00eb shqip, nj\u00eb p\u00ebrkthim i teksteve biblike, duke b\u00ebr\u00eb p\u00ebr ne shqiptar\u00ebt at\u00eb \u00e7far\u00eb kishte b\u00ebr\u00eb Martin Luther (1483-1546) shek. XV-XVI, p\u00ebr gjerman\u00ebt. Nisma e Buzukut u pasua n\u00eb shekujt e m\u00eb pastajm\u00eb nga p\u00ebrkthime t\u00eb tjera t\u00eb shkrimeve t\u00eb shenjta shqip si L. Matrenga, P. Budi, F. Bardhi, P. Bogdani, Jul Valiboba, Teodor Haxhi Filipi, Vangjel Meksi, Kostandin Kristoforidhi, Fan Noli, Ndre Mjeda etj.. K\u00ebshtu p\u00ebrpjekjet e para p\u00ebr t\u00eb p\u00ebrkthyer k\u00ebt\u00eb lib\u00ebr t\u00eb shenjt\u00eb n\u00eb gjuh\u00ebn e ndaluar shqipe sh\u00ebnojn\u00eb edhe fillesat e shkrimit t\u00eb gjuh\u00ebs shqipe, zanafill\u00ebn e kultur\u00ebs son\u00eb t\u00eb shkruar e fillimet e let\u00ebrsis\u00eb shqiptare, me an\u00ebn t\u00eb s\u00eb cil\u00ebs lexuesi shqiptar afrohej m\u00eb rrjedhat e kultur\u00ebs evropiane e bot\u00ebrore.<br \/>\nPas nism\u00ebtar\u00ebve t\u00eb shquar t\u00eb shkrimeve biblike shqipe dhe p\u00ebrpjekjeve t\u00eb tyre n\u00eb p\u00ebrkthimin e Bibl\u00ebs shqip, q\u00eb nuk kishin dh\u00ebn\u00eb rezultatin e duhur, u desh\u00ebn t\u00eb kalojn\u00eb kat\u00ebr shekuj e gjysm\u00eb p\u00ebr tzu b\u00ebr\u00eb i mundur p\u00ebrkthimi i plot\u00eb i k\u00ebsaj vepre n\u00eb gjuh\u00ebn standarde, botuar nga sht\u00ebpia botuese \u201cDrita\u201d, Ferizaj, n\u00eb vitin 1994, fal\u00eb pasionit dhe vullnetit t\u00eb \u00e7elikt\u00eb p\u00ebr 40 vite m\u00eb radh\u00eb, t\u00eb mjeshtrit t\u00eb fjal\u00ebs shqipe, klerikut t\u00eb shquar t\u00eb kish\u00ebs katolike, dom Simon Filipajt i cili vepronte sipas motos s\u00eb mbrojt\u00ebsit t\u00eb Evrop\u00ebs, Sh\u00ebn Benediktit, \u201c Ora et labora\u201d (Lutu dhe puno).<br \/>\nJet\u00ebshkrimi i tij na d\u00ebfton, se libri ishte punuar gjat\u00eb rritjes dhe forcimit t\u00eb sistemit komunist dhe ateist i cili p\u00ebr 45 vite me radh\u00eb si nj\u00eb morde e zez\u00eb, dominonte mbi trevat shqiptare dhe m\u00eb gjer\u00eb. I ndikuar nga kjo diktatur\u00eb, ai kishte kaluar nj\u00eb jet\u00eb plot p\u00ebrjetime jo t\u00eb mira e p\u00ebsime t\u00eb pamerituara, saq\u00eb vet\u00ebm nj\u00eb shpirt fisnik e njeri i pajisur me durim, forc\u00eb q\u00ebndres\u00eb mbinjer\u00ebzore mund tzia dilte mban\u00eb q\u00eb t\u00eb mos dor\u00ebzohej, e t\u00eb mos lig\u00ebshtohej, por t\u00eb kryente me k\u00ebmb\u00ebngulje nj\u00eb pun\u00eb madh\u00ebshtore si\u00e7 \u00ebsht\u00eb Bibla.<br \/>\nT\u00eb p\u00ebrkthesh Bibl\u00ebn, do t\u00eb thot\u00eb rrokesh me kompetenc\u00eb m\u00eb nj\u00eb varg \u00e7\u00ebshtjesh si: njohja m\u00eb tradit\u00ebn e p\u00ebrkthimeve biblike dhe gjuh\u00ebt e saj t\u00eb koh\u00ebs, t\u00eb jesh teolog i spikatur, t\u00eb kesh njohuri n\u00eb filozofi, histori, let\u00ebrsi dhe poezi si dhe t\u00eb jesh mjesht\u00ebr i madh i fjal\u00ebs s\u00eb letrave shqipe. Studiuesit e ndrysh\u00ebm me shkrimet e tyre kan\u00eb treguar hap\u00ebsirat e dijes dhe t\u00eb zot\u00ebsis\u00eb e t\u00eb aft\u00ebsive shpreh\u00ebse q\u00eb i kishte Filipaj.<br \/>\nR\u00ebnd\u00ebsia e vepr\u00ebs p\u00ebrcaktohet edhe nga koha kur u realizua ky botim. Bibla shqip edhe pse p\u00ebrkthimi i saj kishte p\u00ebrfunduar n\u00eb vitin 1986, u botua n\u00eb koh\u00ebn kur shqiptar\u00ebt, pas ndryshimeve politike t\u00eb viteve 1991, t\u00eb etur p\u00ebr Fjal\u00ebn e Zotit po p\u00ebrjetonin nj\u00eb ringjallje t\u00eb besimit dhe shpres\u00ebs p\u00ebr nj\u00eb jet\u00eb tjet\u00ebr m\u00eb t\u00eb qytet\u00ebruar.<br \/>\nNga d\u00ebshira e madhe p\u00ebr tzu njohur me k\u00ebt\u00eb mrekulli kulturore t\u00eb shekullit u organizuan n\u00eb objekte fetare (p\u00ebr shkak t\u00eb ekspansionizmit serb) promovimet e para t\u00eb Bibl\u00ebs, n\u00eb Prishtin\u00eb me 26 n\u00ebntor 1994, dhe Prizren 25 mars 1995 m\u00eb pjes\u00ebmarrjen e shum\u00eb studiuesve si Prof. Anton \u00c7eta, prof. Indriz Ajeti, Prof. Gani Luboteni, prof. Mirije Rushani, dom Lush Gjergji, prof. Engj\u00ebll Sedaj etj. si dhe vete p\u00ebrkthyesi.<br \/>\nBibla shqip, kulmin e promovimit t\u00eb saj e kishte arritur, kur m\u00eb 24 tetor 1994, me iniciativ\u00ebn e dom David Xhuxh\u00ebs, drejtuesi i programit t\u00eb Radio Vatikanit n\u00eb gjuh\u00ebn shqipe, Ati i Shenjt\u00eb, Gjon Pali II, priti n\u00eb audienc\u00eb Imzot Filipajn s\u00eb bashku me Imzot Rrok Mirdit\u00ebn , kryeipeshkvin e Durr\u00ebs-Tiran\u00ebs. Me k\u00ebt\u00eb rast atij iu dhurua Bibla n\u00eb gjuh\u00ebn shqipe nga vet\u00eb p\u00ebrthyesi.<br \/>\n<strong><br \/>\nDekada e Filipajt<\/strong><\/p>\n<p>N\u00eb kombin ton\u00eb, ka pasur figura q\u00eb luanin nj\u00eb rol t\u00eb posa\u00e7\u00ebm n\u00eb kultur\u00ebn shqiptare, por p\u00ebr arsye t\u00eb pa shpjegueshme, mbetnin n\u00ebn heshtjen e pamerituar t\u00eb intelektual\u00ebve t\u00eb ndrysh\u00ebm, shtypit t\u00eb shkruar dhe t\u00eb v\u00ebmendjes s\u00eb mjeteve pamore apo elektronike. K\u00ebt\u00eb e dinte edhe autori i Bibl\u00ebs s\u00eb dhjet\u00ebra librave liturgjik\u00eb dhe mbledh\u00ebsi i palodhur i folklorit shqiptar. Por nuk e dinte q\u00eb kjo dukuri shqiptare do t\u00eb gjente zbatim edhe tek ai. Por ndodhi edhe k\u00ebshtu.<br \/>\nFilipaj, gjith\u00eb jet\u00ebn zhvilloi veprimtari baritore dhe intelektuale, duke ushtruar detyr\u00ebn p\u00ebr 49 vite me radh\u00eb, pati p\u00ebrcjelljen e tij n\u00eb amshim m\u00eb 3. shtator 1999, n\u00eb m\u00ebnyre modeste t\u00eb heshtur nga mjetet informative t\u00eb koh\u00ebs. Ai, gjith\u00eb jet\u00ebn ia kushtoi fjal\u00ebs s\u00eb shkruar duke treguar nj\u00eb p\u00ebrkushtim t\u00eb ve\u00e7ant\u00eb p\u00ebr njeriun, p\u00ebr kish\u00ebn si bashk\u00ebsi shpirt\u00ebrore, p\u00ebr kultur\u00ebn dhe kombin t\u00eb cilit i takonte. Studiuesi Moikom Zeqo, n\u00eb t\u00eb p\u00ebrditshmen &#8220;Shekulli&#8221; duke vler\u00ebsuar me dashamir\u00ebsi kontributin e madh t\u00eb p\u00ebrkthyesit, nd\u00ebr t\u00eb tjera shkruan&#8221;: U trondita dhe u trishtova nj\u00ebkoh\u00ebsisht. Si \u00ebsht\u00eb e mundur vall\u00eb q\u00eb vdekja e njeriut t\u00eb mrekulluesh\u00ebm dhe pun\u00ebtorit t\u00eb paepur t\u00eb p\u00ebrkthimit n\u00eb shqip, &#8230; njeriut dhe fetarit t\u00eb urt\u00eb Simon Filipajt, t\u00eb kalonte gati n\u00eb heshtje t\u00eb plot\u00eb n\u00eb mediat, kur kjo vdekje duhet t\u00eb ishte n\u00eb qend\u00ebr t\u00eb v\u00ebmendjes, si nj\u00eb humbje e paz\u00ebvend\u00ebsueshme jo vet\u00ebm njer\u00ebzore, por edhe sidomos kulturore&#8221;.<br \/>\nP\u00ebr sa koh\u00eb kundrojm\u00eb jet\u00ebn dhe vepr\u00ebn e Filipajt, fillojm\u00eb t\u00eb kuptojm\u00eb mir\u00eb proverbin e njohur latin: \u201cVita brevis, ars longa\u201d (Jeta \u00ebsht\u00eb e shkurt\u00ebr, vepra \u00ebsht\u00eb jet\u00ebgjat\u00eb). Pas vdekjes s\u00eb Filipajt kjo urti latine na l\u00eb t\u00eb kuptojm\u00eb se vepra si element i pavdeksh\u00ebm \u00ebsht\u00eb ajo e cila do t\u00eb nd\u00ebrgjegj\u00ebsoj\u00eb, shtres\u00ebn e ngritur t\u00eb bot\u00ebs shqiptare q\u00eb tzi kthehet rivler\u00ebsimit t\u00eb jet\u00ebs dhe vepr\u00ebs s\u00eb tij, duke i dh\u00ebn\u00eb vlerat e merituara qe i takojn\u00eb.<br \/>\nP\u00ebr t\u00eb kujtuar figur\u00ebn e tij dhe p\u00ebr t\u00eb mbajtur gjall\u00eb e n\u00eb drit\u00eb vepr\u00ebn e tij madhore, me dat\u00ebn 1 maj t\u00eb vitit jubilar 2000, n\u00eb Ulqin, dy shoqata q\u00eb mbledhin intelektual\u00ebt shqiptar\u00eb t\u00eb shquar p\u00ebr atdhedashuri, ruajt\u00ebs e kultivues t\u00eb kultur\u00ebs komb\u00ebtare, &#8220;Art Club&#8221; dhe &#8220;Dom Gjon Buzuku&#8221;, organizuan nj\u00eb mbr\u00ebmje p\u00ebrkujtimore n\u00eb 75-vjetorin e lindjes s\u00eb imzot Simon Filipajt. N\u00eb k\u00ebt\u00eb takim p\u00ebrkujtimor vler\u00ebsimet e veta i shpalos\u00ebn intelektual\u00ebt : Riza Rexha, Ismail Doda, Nail Draga, Ibrahim Berjashi, Haxhi Shabani etj. I gjith\u00eb ky aktivitet qe pasqyruar gjer\u00ebsisht n\u00eb revist\u00ebn, \u201cLemba\u201d, Ulqin, nr. 3-4, viti 2000.<\/p>\n<p><strong>Dr. dom Nik\u00eb Ukgjini<br \/>\nKoha Javore<br \/>\n<!--YouTube Error: bad URL entered--><\/strong><\/p>\n","protected":false},"excerpt":{"rendered":"<p>Dekada e d\u00ebshmis\u00eb s\u00eb Filipajt Viti i tanish\u00ebm n\u00eb t\u00eb cilin po zhvillohet kjo veprimtari p\u00ebrkujtimore, 10 &#8211; vjetori i vdekjes s\u00eb dom Simon Filipajt, ka nj\u00eb koincidenc\u00eb t\u00eb rastit, sepse p\u00ebrkon me 15 &#8211; vjetorin e botimit t\u00eb Bibl\u00ebs n\u00eb shqip, vep\u00ebr kjo e cila na b\u00ebri ta p\u00ebrkujtojm\u00eb dekad\u00ebn e vdekjes s\u00eb p\u00ebrkthyesit [&hellip;]<\/p>\n","protected":false},"author":1,"featured_media":0,"comment_status":"open","ping_status":"closed","sticky":false,"template":"","format":"standard","meta":{"spay_email":"","jetpack_publicize_message":"","jetpack_is_tweetstorm":false,"jetpack_publicize_feature_enabled":true},"categories":[11],"tags":[12970,12969,12971,211,3721,2815,95,318,5804,200],"jetpack_publicize_connections":[],"yoast_head":"<!-- This site is optimized with the Yoast SEO plugin v19.1 - https:\/\/yoast.com\/wordpress\/plugins\/seo\/ -->\n<title>Veprimtari p\u00ebrkujtimore, 10 - vjetori i vdekjes s\u00eb dom Simon Filipajt - Lajme nga Ulqini<\/title>\n<meta name=\"description\" content=\"Dekada e d\u00ebshmis\u00eb s\u00eb Filipajt Viti i tanish\u00ebm n\u00eb t\u00eb cilin po zhvillohet kjo veprimtari p\u00ebrkujtimore, 10 - vjetori i vdekjes s\u00eb dom Simon Filipajt, ka nj\u00eb\" \/>\n<meta name=\"robots\" content=\"index, follow, max-snippet:-1, max-image-preview:large, max-video-preview:-1\" \/>\n<link rel=\"canonical\" href=\"https:\/\/www.visit-ulcinj.com\/blog\/2009\/12\/06\/veprimtari-perkujtimore-10-vjetori-i-vdekjes-se-dom-simon-filipajt\/\" \/>\n<meta property=\"og:locale\" content=\"en_US\" \/>\n<meta property=\"og:type\" content=\"article\" \/>\n<meta property=\"og:title\" content=\"Veprimtari p\u00ebrkujtimore, 10 - vjetori i vdekjes s\u00eb dom Simon Filipajt - Lajme nga Ulqini\" \/>\n<meta property=\"og:description\" content=\"Dekada e d\u00ebshmis\u00eb s\u00eb Filipajt Viti i tanish\u00ebm n\u00eb t\u00eb cilin po zhvillohet kjo veprimtari p\u00ebrkujtimore, 10 - vjetori i vdekjes s\u00eb dom Simon Filipajt, ka nj\u00eb\" \/>\n<meta property=\"og:url\" content=\"https:\/\/www.visit-ulcinj.com\/blog\/2009\/12\/06\/veprimtari-perkujtimore-10-vjetori-i-vdekjes-se-dom-simon-filipajt\/\" \/>\n<meta property=\"og:site_name\" content=\"Lajme nga Ulqini\" \/>\n<meta property=\"article:published_time\" content=\"2009-12-06T21:26:28+00:00\" \/>\n<meta property=\"og:image\" content=\"http:\/\/www.visit-ulcinj.com\/blog\/wp-content\/uploads\/2009\/12\/Dom-Simon-Filipajt_Bibla.jpg\" \/>\n<meta name=\"twitter:label1\" content=\"Written by\" \/>\n\t<meta name=\"twitter:data1\" content=\"ulqini\" \/>\n\t<meta name=\"twitter:label2\" content=\"Est. reading time\" \/>\n\t<meta name=\"twitter:data2\" content=\"11 minutes\" \/>\n<script type=\"application\/ld+json\" class=\"yoast-schema-graph\">{\"@context\":\"https:\/\/schema.org\",\"@graph\":[{\"@type\":\"WebSite\",\"@id\":\"https:\/\/www.visit-ulcinj.com\/blog\/#website\",\"url\":\"https:\/\/www.visit-ulcinj.com\/blog\/\",\"name\":\"Lajme nga Ulqini\",\"description\":\"Lajme,Vijesti,Ulqini,Ulqin,Crna Gora,Mali i Zi\",\"potentialAction\":[{\"@type\":\"SearchAction\",\"target\":{\"@type\":\"EntryPoint\",\"urlTemplate\":\"https:\/\/www.visit-ulcinj.com\/blog\/?s={search_term_string}\"},\"query-input\":\"required name=search_term_string\"}],\"inLanguage\":\"en-US\"},{\"@type\":\"ImageObject\",\"inLanguage\":\"en-US\",\"@id\":\"https:\/\/www.visit-ulcinj.com\/blog\/2009\/12\/06\/veprimtari-perkujtimore-10-vjetori-i-vdekjes-se-dom-simon-filipajt\/#primaryimage\",\"url\":\"https:\/\/www.visit-ulcinj.com\/blog\/wp-content\/uploads\/2009\/12\/Dom-Simon-Filipajt_Bibla.jpg\",\"contentUrl\":\"https:\/\/www.visit-ulcinj.com\/blog\/wp-content\/uploads\/2009\/12\/Dom-Simon-Filipajt_Bibla.jpg\",\"width\":\"600\",\"height\":\"284\"},{\"@type\":\"WebPage\",\"@id\":\"https:\/\/www.visit-ulcinj.com\/blog\/2009\/12\/06\/veprimtari-perkujtimore-10-vjetori-i-vdekjes-se-dom-simon-filipajt\/#webpage\",\"url\":\"https:\/\/www.visit-ulcinj.com\/blog\/2009\/12\/06\/veprimtari-perkujtimore-10-vjetori-i-vdekjes-se-dom-simon-filipajt\/\",\"name\":\"Veprimtari p\u00ebrkujtimore, 10 - vjetori i vdekjes s\u00eb dom Simon Filipajt - Lajme nga Ulqini\",\"isPartOf\":{\"@id\":\"https:\/\/www.visit-ulcinj.com\/blog\/#website\"},\"primaryImageOfPage\":{\"@id\":\"https:\/\/www.visit-ulcinj.com\/blog\/2009\/12\/06\/veprimtari-perkujtimore-10-vjetori-i-vdekjes-se-dom-simon-filipajt\/#primaryimage\"},\"datePublished\":\"2009-12-06T21:26:28+00:00\",\"dateModified\":\"2009-12-06T21:26:28+00:00\",\"author\":{\"@id\":\"https:\/\/www.visit-ulcinj.com\/blog\/#\/schema\/person\/dcab619c614d3038751c63bc2aadc06d\"},\"description\":\"Dekada e d\u00ebshmis\u00eb s\u00eb Filipajt Viti i tanish\u00ebm n\u00eb t\u00eb cilin po zhvillohet kjo veprimtari p\u00ebrkujtimore, 10 - vjetori i vdekjes s\u00eb dom Simon Filipajt, ka nj\u00eb\",\"breadcrumb\":{\"@id\":\"https:\/\/www.visit-ulcinj.com\/blog\/2009\/12\/06\/veprimtari-perkujtimore-10-vjetori-i-vdekjes-se-dom-simon-filipajt\/#breadcrumb\"},\"inLanguage\":\"en-US\",\"potentialAction\":[{\"@type\":\"ReadAction\",\"target\":[\"https:\/\/www.visit-ulcinj.com\/blog\/2009\/12\/06\/veprimtari-perkujtimore-10-vjetori-i-vdekjes-se-dom-simon-filipajt\/\"]}]},{\"@type\":\"BreadcrumbList\",\"@id\":\"https:\/\/www.visit-ulcinj.com\/blog\/2009\/12\/06\/veprimtari-perkujtimore-10-vjetori-i-vdekjes-se-dom-simon-filipajt\/#breadcrumb\",\"itemListElement\":[{\"@type\":\"ListItem\",\"position\":1,\"name\":\"Veprimtari p\u00ebrkujtimore, 10 &#8211; vjetori i vdekjes s\u00eb dom Simon Filipajt\"}]},{\"@type\":\"Person\",\"@id\":\"https:\/\/www.visit-ulcinj.com\/blog\/#\/schema\/person\/dcab619c614d3038751c63bc2aadc06d\",\"name\":\"ulqini\",\"sameAs\":[\"http:\/\/www.visit-ulcinj.com\"],\"url\":\"https:\/\/www.visit-ulcinj.com\/blog\/author\/admin\/\"}]}<\/script>\n<!-- \/ Yoast SEO plugin. -->","yoast_head_json":{"title":"Veprimtari p\u00ebrkujtimore, 10 - vjetori i vdekjes s\u00eb dom Simon Filipajt - Lajme nga Ulqini","description":"Dekada e d\u00ebshmis\u00eb s\u00eb Filipajt Viti i tanish\u00ebm n\u00eb t\u00eb cilin po zhvillohet kjo veprimtari p\u00ebrkujtimore, 10 - vjetori i vdekjes s\u00eb dom Simon Filipajt, ka nj\u00eb","robots":{"index":"index","follow":"follow","max-snippet":"max-snippet:-1","max-image-preview":"max-image-preview:large","max-video-preview":"max-video-preview:-1"},"canonical":"https:\/\/www.visit-ulcinj.com\/blog\/2009\/12\/06\/veprimtari-perkujtimore-10-vjetori-i-vdekjes-se-dom-simon-filipajt\/","og_locale":"en_US","og_type":"article","og_title":"Veprimtari p\u00ebrkujtimore, 10 - vjetori i vdekjes s\u00eb dom Simon Filipajt - Lajme nga Ulqini","og_description":"Dekada e d\u00ebshmis\u00eb s\u00eb Filipajt Viti i tanish\u00ebm n\u00eb t\u00eb cilin po zhvillohet kjo veprimtari p\u00ebrkujtimore, 10 - vjetori i vdekjes s\u00eb dom Simon Filipajt, ka nj\u00eb","og_url":"https:\/\/www.visit-ulcinj.com\/blog\/2009\/12\/06\/veprimtari-perkujtimore-10-vjetori-i-vdekjes-se-dom-simon-filipajt\/","og_site_name":"Lajme nga Ulqini","article_published_time":"2009-12-06T21:26:28+00:00","og_image":[{"url":"http:\/\/www.visit-ulcinj.com\/blog\/wp-content\/uploads\/2009\/12\/Dom-Simon-Filipajt_Bibla.jpg"}],"twitter_misc":{"Written by":"ulqini","Est. reading time":"11 minutes"},"schema":{"@context":"https:\/\/schema.org","@graph":[{"@type":"WebSite","@id":"https:\/\/www.visit-ulcinj.com\/blog\/#website","url":"https:\/\/www.visit-ulcinj.com\/blog\/","name":"Lajme nga Ulqini","description":"Lajme,Vijesti,Ulqini,Ulqin,Crna Gora,Mali i Zi","potentialAction":[{"@type":"SearchAction","target":{"@type":"EntryPoint","urlTemplate":"https:\/\/www.visit-ulcinj.com\/blog\/?s={search_term_string}"},"query-input":"required name=search_term_string"}],"inLanguage":"en-US"},{"@type":"ImageObject","inLanguage":"en-US","@id":"https:\/\/www.visit-ulcinj.com\/blog\/2009\/12\/06\/veprimtari-perkujtimore-10-vjetori-i-vdekjes-se-dom-simon-filipajt\/#primaryimage","url":"https:\/\/www.visit-ulcinj.com\/blog\/wp-content\/uploads\/2009\/12\/Dom-Simon-Filipajt_Bibla.jpg","contentUrl":"https:\/\/www.visit-ulcinj.com\/blog\/wp-content\/uploads\/2009\/12\/Dom-Simon-Filipajt_Bibla.jpg","width":"600","height":"284"},{"@type":"WebPage","@id":"https:\/\/www.visit-ulcinj.com\/blog\/2009\/12\/06\/veprimtari-perkujtimore-10-vjetori-i-vdekjes-se-dom-simon-filipajt\/#webpage","url":"https:\/\/www.visit-ulcinj.com\/blog\/2009\/12\/06\/veprimtari-perkujtimore-10-vjetori-i-vdekjes-se-dom-simon-filipajt\/","name":"Veprimtari p\u00ebrkujtimore, 10 - vjetori i vdekjes s\u00eb dom Simon Filipajt - Lajme nga Ulqini","isPartOf":{"@id":"https:\/\/www.visit-ulcinj.com\/blog\/#website"},"primaryImageOfPage":{"@id":"https:\/\/www.visit-ulcinj.com\/blog\/2009\/12\/06\/veprimtari-perkujtimore-10-vjetori-i-vdekjes-se-dom-simon-filipajt\/#primaryimage"},"datePublished":"2009-12-06T21:26:28+00:00","dateModified":"2009-12-06T21:26:28+00:00","author":{"@id":"https:\/\/www.visit-ulcinj.com\/blog\/#\/schema\/person\/dcab619c614d3038751c63bc2aadc06d"},"description":"Dekada e d\u00ebshmis\u00eb s\u00eb Filipajt Viti i tanish\u00ebm n\u00eb t\u00eb cilin po zhvillohet kjo veprimtari p\u00ebrkujtimore, 10 - vjetori i vdekjes s\u00eb dom Simon Filipajt, ka nj\u00eb","breadcrumb":{"@id":"https:\/\/www.visit-ulcinj.com\/blog\/2009\/12\/06\/veprimtari-perkujtimore-10-vjetori-i-vdekjes-se-dom-simon-filipajt\/#breadcrumb"},"inLanguage":"en-US","potentialAction":[{"@type":"ReadAction","target":["https:\/\/www.visit-ulcinj.com\/blog\/2009\/12\/06\/veprimtari-perkujtimore-10-vjetori-i-vdekjes-se-dom-simon-filipajt\/"]}]},{"@type":"BreadcrumbList","@id":"https:\/\/www.visit-ulcinj.com\/blog\/2009\/12\/06\/veprimtari-perkujtimore-10-vjetori-i-vdekjes-se-dom-simon-filipajt\/#breadcrumb","itemListElement":[{"@type":"ListItem","position":1,"name":"Veprimtari p\u00ebrkujtimore, 10 &#8211; vjetori i vdekjes s\u00eb dom Simon Filipajt"}]},{"@type":"Person","@id":"https:\/\/www.visit-ulcinj.com\/blog\/#\/schema\/person\/dcab619c614d3038751c63bc2aadc06d","name":"ulqini","sameAs":["http:\/\/www.visit-ulcinj.com"],"url":"https:\/\/www.visit-ulcinj.com\/blog\/author\/admin\/"}]}},"jetpack_featured_media_url":"","jetpack_sharing_enabled":true,"jetpack_shortlink":"https:\/\/wp.me\/pe6lTn-7gI","_links":{"self":[{"href":"https:\/\/www.visit-ulcinj.com\/blog\/wp-json\/wp\/v2\/posts\/27944"}],"collection":[{"href":"https:\/\/www.visit-ulcinj.com\/blog\/wp-json\/wp\/v2\/posts"}],"about":[{"href":"https:\/\/www.visit-ulcinj.com\/blog\/wp-json\/wp\/v2\/types\/post"}],"author":[{"embeddable":true,"href":"https:\/\/www.visit-ulcinj.com\/blog\/wp-json\/wp\/v2\/users\/1"}],"replies":[{"embeddable":true,"href":"https:\/\/www.visit-ulcinj.com\/blog\/wp-json\/wp\/v2\/comments?post=27944"}],"version-history":[{"count":0,"href":"https:\/\/www.visit-ulcinj.com\/blog\/wp-json\/wp\/v2\/posts\/27944\/revisions"}],"wp:attachment":[{"href":"https:\/\/www.visit-ulcinj.com\/blog\/wp-json\/wp\/v2\/media?parent=27944"}],"wp:term":[{"taxonomy":"category","embeddable":true,"href":"https:\/\/www.visit-ulcinj.com\/blog\/wp-json\/wp\/v2\/categories?post=27944"},{"taxonomy":"post_tag","embeddable":true,"href":"https:\/\/www.visit-ulcinj.com\/blog\/wp-json\/wp\/v2\/tags?post=27944"}],"curies":[{"name":"wp","href":"https:\/\/api.w.org\/{rel}","templated":true}]}}