{"id":27950,"date":"2009-12-07T15:32:10","date_gmt":"2009-12-07T13:32:10","guid":{"rendered":"http:\/\/www.visit-ulcinj.com\/blog\/?p=27950"},"modified":"2009-12-07T15:32:10","modified_gmt":"2009-12-07T13:32:10","slug":"rihanna-dhe-kanye-west-ne-kosove","status":"publish","type":"post","link":"https:\/\/www.visit-ulcinj.com\/blog\/2009\/12\/07\/rihanna-dhe-kanye-west-ne-kosove\/","title":{"rendered":"Rihanna dhe Kanye West n\u00eb Kosov\u00eb?"},"content":{"rendered":"<p><a href=\"http:\/\/www.visit-ulcinj.com\/blog\/wp-content\/uploads\/2009\/12\/rihanna-kanye-west.jpg\"><img loading=\"lazy\" class=\"alignleft size-full wp-image-27951\" title=\"rihanna-kanye-west\" src=\"http:\/\/www.visit-ulcinj.com\/blog\/wp-content\/uploads\/2009\/12\/rihanna-kanye-west.jpg\" alt=\"rihanna-kanye-west\" width=\"348\" height=\"475\" \/><\/a>N\u00ebse \u00ebsht\u00eb p\u00ebr tu besuar spekulimeve t\u00eb Prishtin\u00ebs tash e disa dit\u00eb \u00ebsht\u00eb duke u p\u00ebrfolur me t\u00eb madhe se befasia e paralajm\u00ebruar nga kompania IPKO p\u00ebr 10 vjetorin do t\u00eb jet\u00eb nj\u00eb koncert madh\u00ebshtor\u00eb n\u00eb Prishtin\u00eb diku kah mesi i dhjetorit ku protagonist\u00eb kryesor\u00eb do t\u00eb jen\u00eb mega yjet bot\u00ebrore Rihanna dhe Kanye West.<br \/>\nSe sa \u00ebsht\u00eb i v\u00ebrtete ky lajm do t\u00eb m\u00ebsojm\u00eb s\u00eb shpejti p\u00ebrmes kompanis\u00eb IPKO e cila edhe m\u00eb her\u00ebt diti t\u00eb shp\u00ebrbleje qytetar\u00ebt e Kosov\u00ebs me befasi t\u00eb k\u00ebtij lloji kur vite m\u00eb par\u00eb n\u00eb Kosov\u00eb solli mega yllin e Hip-Hopit\u00a0 &#8220;50 Cent&#8220; p\u00ebr prezenc\u00ebn e t\u00eb cilit edhe shum\u00eb metropole bot\u00ebrore e \u00ebnd\u00ebrrojn\u00eb. T\u00eb rinjt\u00eb e Kosov\u00ebs i kan\u00eb t\u00eb fresk\u00ebta memoriet e koncertit t\u00eb k\u00ebng\u00ebtarit &#8220;50 cent&#8220; ku as edhe acari i madh q\u00eb zot\u00ebronte asokohe nuk i ndaloj q\u00eb me dhjet\u00ebra mij\u00ebra t\u00eb jen\u00eb prezent\u00eb n\u00eb stadiumin e qytetit , shpresojm\u00eb se k\u00ebsaj radhe n\u00ebse ve\u00e7 do t\u00eb ndodh\u00eb superbefasia e quajtur Rihanna- Kanye West s\u00eb paku koha t\u00eb jet\u00eb m\u00eb e mir\u00eb dhe temperaturat t\u00eb jen\u00eb m\u00eb t\u00eb buta n\u00eb m\u00ebnyr\u00eb q\u00eb pjes\u00ebmarr\u00ebsit ti ken\u00eb kushtet sa m\u00eb ideale p\u00ebr k\u00ebt\u00eb super koncert.<br \/>\nN\u00ebse ve\u00e7 ndodhe kjo super surprize e 10 vjetorit t\u00eb IPKO-s n\u00eb Kosov\u00eb do t\u00eb jet\u00eb nj\u00eb mund\u00ebsi e madhe p\u00ebr rinin\u00eb e Kosov\u00ebs q\u00eb s\u00eb paku p\u00ebr nj\u00eb dit\u00eb p\u00ebr disa or\u00eb t\u00eb vetme t\u00eb jet\u00eb sikurse rinia e bot\u00ebs dhe se p\u00ebr disa or\u00eb t\u00eb arg\u00ebtohet\u00a0 dhe tu ik\u00eb spektakleve dhe tragjikomedive q\u00eb atyre vazhdimisht jan\u00eb duke ju servuar qytetar\u00ebve t\u00eb Kosov\u00ebs e n\u00eb ve\u00e7anti rinis\u00eb Kosovare<\/p>\n<p><strong>Info-Kosova<\/strong><\/p>\n<div><object classid=\"clsid:d27cdb6e-ae6d-11cf-96b8-444553540000\" width=\"580\" height=\"400\" codebase=\"http:\/\/download.macromedia.com\/pub\/shockwave\/cabs\/flash\/swflash.cab#version=6,0,40,0\"><param name=\"allowFullScreen\" value=\"true\" \/><param name=\"allowScriptAccess\" value=\"always\" \/><param name=\"src\" value=\"http:\/\/www.dailymotion.com\/swf\/xa7vp3&amp;autoPlay=1\" \/><param name=\"allowfullscreen\" value=\"true\" \/><\/object><\/div>\n","protected":false},"excerpt":{"rendered":"<p>N\u00ebse \u00ebsht\u00eb p\u00ebr tu besuar spekulimeve t\u00eb Prishtin\u00ebs tash e disa dit\u00eb \u00ebsht\u00eb duke u p\u00ebrfolur me t\u00eb madhe se befasia e paralajm\u00ebruar nga kompania IPKO p\u00ebr 10 vjetorin do t\u00eb jet\u00eb nj\u00eb koncert madh\u00ebshtor\u00eb n\u00eb Prishtin\u00eb diku kah mesi i dhjetorit ku protagonist\u00eb kryesor\u00eb do t\u00eb jen\u00eb mega yjet bot\u00ebrore Rihanna dhe Kanye West. [&hellip;]<\/p>\n","protected":false},"author":1,"featured_media":0,"comment_status":"open","ping_status":"closed","sticky":false,"template":"","format":"standard","meta":{"spay_email":"","jetpack_publicize_message":"","jetpack_is_tweetstorm":false,"jetpack_publicize_feature_enabled":true},"categories":[1],"tags":[325,12972],"jetpack_publicize_connections":[],"yoast_head":"<!-- This site is optimized with the Yoast SEO plugin v19.1 - https:\/\/yoast.com\/wordpress\/plugins\/seo\/ -->\n<title>Rihanna dhe Kanye West n\u00eb Kosov\u00eb? - Lajme nga Ulqini<\/title>\n<meta name=\"description\" content=\"N\u00ebse \u00ebsht\u00eb p\u00ebr tu besuar spekulimeve t\u00eb Prishtin\u00ebs tash e disa dit\u00eb \u00ebsht\u00eb duke u p\u00ebrfolur me t\u00eb madhe se befasia e paralajm\u00ebruar nga kompania IPKO p\u00ebr 10\" \/>\n<meta name=\"robots\" content=\"index, follow, max-snippet:-1, max-image-preview:large, max-video-preview:-1\" \/>\n<link rel=\"canonical\" href=\"https:\/\/www.visit-ulcinj.com\/blog\/2009\/12\/07\/rihanna-dhe-kanye-west-ne-kosove\/\" \/>\n<meta property=\"og:locale\" content=\"en_US\" \/>\n<meta property=\"og:type\" content=\"article\" \/>\n<meta property=\"og:title\" content=\"Rihanna dhe Kanye West n\u00eb Kosov\u00eb? - Lajme nga Ulqini\" \/>\n<meta property=\"og:description\" content=\"N\u00ebse \u00ebsht\u00eb p\u00ebr tu besuar spekulimeve t\u00eb Prishtin\u00ebs tash e disa dit\u00eb \u00ebsht\u00eb duke u p\u00ebrfolur me t\u00eb madhe se befasia e paralajm\u00ebruar nga kompania IPKO p\u00ebr 10\" \/>\n<meta property=\"og:url\" content=\"https:\/\/www.visit-ulcinj.com\/blog\/2009\/12\/07\/rihanna-dhe-kanye-west-ne-kosove\/\" \/>\n<meta property=\"og:site_name\" content=\"Lajme nga Ulqini\" \/>\n<meta property=\"article:published_time\" content=\"2009-12-07T13:32:10+00:00\" \/>\n<meta property=\"og:image\" content=\"http:\/\/www.visit-ulcinj.com\/blog\/wp-content\/uploads\/2009\/12\/rihanna-kanye-west.jpg\" \/>\n<meta name=\"twitter:label1\" content=\"Written by\" \/>\n\t<meta name=\"twitter:data1\" content=\"ulqini\" \/>\n\t<meta name=\"twitter:label2\" content=\"Est. reading time\" \/>\n\t<meta name=\"twitter:data2\" content=\"2 minutes\" \/>\n<script type=\"application\/ld+json\" class=\"yoast-schema-graph\">{\"@context\":\"https:\/\/schema.org\",\"@graph\":[{\"@type\":\"WebSite\",\"@id\":\"https:\/\/www.visit-ulcinj.com\/blog\/#website\",\"url\":\"https:\/\/www.visit-ulcinj.com\/blog\/\",\"name\":\"Lajme nga Ulqini\",\"description\":\"Lajme,Vijesti,Ulqini,Ulqin,Crna Gora,Mali i Zi\",\"potentialAction\":[{\"@type\":\"SearchAction\",\"target\":{\"@type\":\"EntryPoint\",\"urlTemplate\":\"https:\/\/www.visit-ulcinj.com\/blog\/?s={search_term_string}\"},\"query-input\":\"required name=search_term_string\"}],\"inLanguage\":\"en-US\"},{\"@type\":\"ImageObject\",\"inLanguage\":\"en-US\",\"@id\":\"https:\/\/www.visit-ulcinj.com\/blog\/2009\/12\/07\/rihanna-dhe-kanye-west-ne-kosove\/#primaryimage\",\"url\":\"http:\/\/www.visit-ulcinj.com\/blog\/wp-content\/uploads\/2009\/12\/rihanna-kanye-west.jpg\",\"contentUrl\":\"http:\/\/www.visit-ulcinj.com\/blog\/wp-content\/uploads\/2009\/12\/rihanna-kanye-west.jpg\"},{\"@type\":\"WebPage\",\"@id\":\"https:\/\/www.visit-ulcinj.com\/blog\/2009\/12\/07\/rihanna-dhe-kanye-west-ne-kosove\/#webpage\",\"url\":\"https:\/\/www.visit-ulcinj.com\/blog\/2009\/12\/07\/rihanna-dhe-kanye-west-ne-kosove\/\",\"name\":\"Rihanna dhe Kanye West n\u00eb Kosov\u00eb? - Lajme nga Ulqini\",\"isPartOf\":{\"@id\":\"https:\/\/www.visit-ulcinj.com\/blog\/#website\"},\"primaryImageOfPage\":{\"@id\":\"https:\/\/www.visit-ulcinj.com\/blog\/2009\/12\/07\/rihanna-dhe-kanye-west-ne-kosove\/#primaryimage\"},\"datePublished\":\"2009-12-07T13:32:10+00:00\",\"dateModified\":\"2009-12-07T13:32:10+00:00\",\"author\":{\"@id\":\"https:\/\/www.visit-ulcinj.com\/blog\/#\/schema\/person\/dcab619c614d3038751c63bc2aadc06d\"},\"description\":\"N\u00ebse \u00ebsht\u00eb p\u00ebr tu besuar spekulimeve t\u00eb Prishtin\u00ebs tash e disa dit\u00eb \u00ebsht\u00eb duke u p\u00ebrfolur me t\u00eb madhe se befasia e paralajm\u00ebruar nga kompania IPKO p\u00ebr 10\",\"breadcrumb\":{\"@id\":\"https:\/\/www.visit-ulcinj.com\/blog\/2009\/12\/07\/rihanna-dhe-kanye-west-ne-kosove\/#breadcrumb\"},\"inLanguage\":\"en-US\",\"potentialAction\":[{\"@type\":\"ReadAction\",\"target\":[\"https:\/\/www.visit-ulcinj.com\/blog\/2009\/12\/07\/rihanna-dhe-kanye-west-ne-kosove\/\"]}]},{\"@type\":\"BreadcrumbList\",\"@id\":\"https:\/\/www.visit-ulcinj.com\/blog\/2009\/12\/07\/rihanna-dhe-kanye-west-ne-kosove\/#breadcrumb\",\"itemListElement\":[{\"@type\":\"ListItem\",\"position\":1,\"name\":\"Rihanna dhe Kanye West n\u00eb Kosov\u00eb?\"}]},{\"@type\":\"Person\",\"@id\":\"https:\/\/www.visit-ulcinj.com\/blog\/#\/schema\/person\/dcab619c614d3038751c63bc2aadc06d\",\"name\":\"ulqini\",\"sameAs\":[\"http:\/\/www.visit-ulcinj.com\"],\"url\":\"https:\/\/www.visit-ulcinj.com\/blog\/author\/admin\/\"}]}<\/script>\n<!-- \/ Yoast SEO plugin. -->","yoast_head_json":{"title":"Rihanna dhe Kanye West n\u00eb Kosov\u00eb? - Lajme nga Ulqini","description":"N\u00ebse \u00ebsht\u00eb p\u00ebr tu besuar spekulimeve t\u00eb Prishtin\u00ebs tash e disa dit\u00eb \u00ebsht\u00eb duke u p\u00ebrfolur me t\u00eb madhe se befasia e paralajm\u00ebruar nga kompania IPKO p\u00ebr 10","robots":{"index":"index","follow":"follow","max-snippet":"max-snippet:-1","max-image-preview":"max-image-preview:large","max-video-preview":"max-video-preview:-1"},"canonical":"https:\/\/www.visit-ulcinj.com\/blog\/2009\/12\/07\/rihanna-dhe-kanye-west-ne-kosove\/","og_locale":"en_US","og_type":"article","og_title":"Rihanna dhe Kanye West n\u00eb Kosov\u00eb? - Lajme nga Ulqini","og_description":"N\u00ebse \u00ebsht\u00eb p\u00ebr tu besuar spekulimeve t\u00eb Prishtin\u00ebs tash e disa dit\u00eb \u00ebsht\u00eb duke u p\u00ebrfolur me t\u00eb madhe se befasia e paralajm\u00ebruar nga kompania IPKO p\u00ebr 10","og_url":"https:\/\/www.visit-ulcinj.com\/blog\/2009\/12\/07\/rihanna-dhe-kanye-west-ne-kosove\/","og_site_name":"Lajme nga Ulqini","article_published_time":"2009-12-07T13:32:10+00:00","og_image":[{"url":"http:\/\/www.visit-ulcinj.com\/blog\/wp-content\/uploads\/2009\/12\/rihanna-kanye-west.jpg"}],"twitter_misc":{"Written by":"ulqini","Est. reading time":"2 minutes"},"schema":{"@context":"https:\/\/schema.org","@graph":[{"@type":"WebSite","@id":"https:\/\/www.visit-ulcinj.com\/blog\/#website","url":"https:\/\/www.visit-ulcinj.com\/blog\/","name":"Lajme nga Ulqini","description":"Lajme,Vijesti,Ulqini,Ulqin,Crna Gora,Mali i Zi","potentialAction":[{"@type":"SearchAction","target":{"@type":"EntryPoint","urlTemplate":"https:\/\/www.visit-ulcinj.com\/blog\/?s={search_term_string}"},"query-input":"required name=search_term_string"}],"inLanguage":"en-US"},{"@type":"ImageObject","inLanguage":"en-US","@id":"https:\/\/www.visit-ulcinj.com\/blog\/2009\/12\/07\/rihanna-dhe-kanye-west-ne-kosove\/#primaryimage","url":"http:\/\/www.visit-ulcinj.com\/blog\/wp-content\/uploads\/2009\/12\/rihanna-kanye-west.jpg","contentUrl":"http:\/\/www.visit-ulcinj.com\/blog\/wp-content\/uploads\/2009\/12\/rihanna-kanye-west.jpg"},{"@type":"WebPage","@id":"https:\/\/www.visit-ulcinj.com\/blog\/2009\/12\/07\/rihanna-dhe-kanye-west-ne-kosove\/#webpage","url":"https:\/\/www.visit-ulcinj.com\/blog\/2009\/12\/07\/rihanna-dhe-kanye-west-ne-kosove\/","name":"Rihanna dhe Kanye West n\u00eb Kosov\u00eb? - Lajme nga Ulqini","isPartOf":{"@id":"https:\/\/www.visit-ulcinj.com\/blog\/#website"},"primaryImageOfPage":{"@id":"https:\/\/www.visit-ulcinj.com\/blog\/2009\/12\/07\/rihanna-dhe-kanye-west-ne-kosove\/#primaryimage"},"datePublished":"2009-12-07T13:32:10+00:00","dateModified":"2009-12-07T13:32:10+00:00","author":{"@id":"https:\/\/www.visit-ulcinj.com\/blog\/#\/schema\/person\/dcab619c614d3038751c63bc2aadc06d"},"description":"N\u00ebse \u00ebsht\u00eb p\u00ebr tu besuar spekulimeve t\u00eb Prishtin\u00ebs tash e disa dit\u00eb \u00ebsht\u00eb duke u p\u00ebrfolur me t\u00eb madhe se befasia e paralajm\u00ebruar nga kompania IPKO p\u00ebr 10","breadcrumb":{"@id":"https:\/\/www.visit-ulcinj.com\/blog\/2009\/12\/07\/rihanna-dhe-kanye-west-ne-kosove\/#breadcrumb"},"inLanguage":"en-US","potentialAction":[{"@type":"ReadAction","target":["https:\/\/www.visit-ulcinj.com\/blog\/2009\/12\/07\/rihanna-dhe-kanye-west-ne-kosove\/"]}]},{"@type":"BreadcrumbList","@id":"https:\/\/www.visit-ulcinj.com\/blog\/2009\/12\/07\/rihanna-dhe-kanye-west-ne-kosove\/#breadcrumb","itemListElement":[{"@type":"ListItem","position":1,"name":"Rihanna dhe Kanye West n\u00eb Kosov\u00eb?"}]},{"@type":"Person","@id":"https:\/\/www.visit-ulcinj.com\/blog\/#\/schema\/person\/dcab619c614d3038751c63bc2aadc06d","name":"ulqini","sameAs":["http:\/\/www.visit-ulcinj.com"],"url":"https:\/\/www.visit-ulcinj.com\/blog\/author\/admin\/"}]}},"jetpack_featured_media_url":"","jetpack_sharing_enabled":true,"jetpack_shortlink":"https:\/\/wp.me\/pe6lTn-7gO","_links":{"self":[{"href":"https:\/\/www.visit-ulcinj.com\/blog\/wp-json\/wp\/v2\/posts\/27950"}],"collection":[{"href":"https:\/\/www.visit-ulcinj.com\/blog\/wp-json\/wp\/v2\/posts"}],"about":[{"href":"https:\/\/www.visit-ulcinj.com\/blog\/wp-json\/wp\/v2\/types\/post"}],"author":[{"embeddable":true,"href":"https:\/\/www.visit-ulcinj.com\/blog\/wp-json\/wp\/v2\/users\/1"}],"replies":[{"embeddable":true,"href":"https:\/\/www.visit-ulcinj.com\/blog\/wp-json\/wp\/v2\/comments?post=27950"}],"version-history":[{"count":0,"href":"https:\/\/www.visit-ulcinj.com\/blog\/wp-json\/wp\/v2\/posts\/27950\/revisions"}],"wp:attachment":[{"href":"https:\/\/www.visit-ulcinj.com\/blog\/wp-json\/wp\/v2\/media?parent=27950"}],"wp:term":[{"taxonomy":"category","embeddable":true,"href":"https:\/\/www.visit-ulcinj.com\/blog\/wp-json\/wp\/v2\/categories?post=27950"},{"taxonomy":"post_tag","embeddable":true,"href":"https:\/\/www.visit-ulcinj.com\/blog\/wp-json\/wp\/v2\/tags?post=27950"}],"curies":[{"name":"wp","href":"https:\/\/api.w.org\/{rel}","templated":true}]}}