{"id":27954,"date":"2009-12-07T15:48:40","date_gmt":"2009-12-07T13:48:40","guid":{"rendered":"http:\/\/www.visit-ulcinj.com\/blog\/?p=27954"},"modified":"2009-12-07T15:54:55","modified_gmt":"2009-12-07T13:54:55","slug":"serbia-e-frikesuar","status":"publish","type":"post","link":"https:\/\/www.visit-ulcinj.com\/blog\/2009\/12\/07\/serbia-e-frikesuar\/","title":{"rendered":"Serbia e frik\u00ebsuar"},"content":{"rendered":"<p><a href=\"http:\/\/www.visit-ulcinj.com\/blog\/wp-content\/uploads\/2009\/12\/boris-tadic-stipe-mesic-.jpg\"><img loading=\"lazy\" class=\"alignleft size-full wp-image-27955\" title=\"boris-tadic-stipe-mesic-\" src=\"http:\/\/www.visit-ulcinj.com\/blog\/wp-content\/uploads\/2009\/12\/boris-tadic-stipe-mesic-.jpg\" alt=\"boris-tadic-stipe-mesic-\" width=\"580\" height=\"297\" \/><\/a>Beogradi kritikon Podgoric\u00ebn dhe Zagrebin p\u00ebr raportet me Prishtin\u00ebn, k\u00ebrc\u00ebnon s\u00ebrish me prishjen e raporteve fqinj\u00ebsore.Serbia i ka k\u00ebrkuar Malit t\u00eb Zi q\u00eb t\u00eb pres\u00eb vendimin e Gjykat\u00ebs Nd\u00ebrkomb\u00ebtare t\u00eb Drejt\u00ebsis\u00eb, p\u00ebrpara se t\u00eb vendos\u00eb marr\u00ebdh\u00ebniet diplomatike me Kosov\u00ebn.<br \/>\nNd\u00ebrkoh\u00eb paraqitja e sotme e Kroacis\u00eb n\u00eb favor t\u00eb Kosov\u00ebs n\u00eb Gjykat\u00ebn Nd\u00ebrkomb\u00ebtare t\u00eb Drejt\u00ebsis\u00eb, sipas zyrtar\u00ebve serb\u00eb, pritet t\u2019i ftoh\u00eb raportet edhe mes Beogradit dhe Zagrebit. Sipas analist\u00ebve, edhe kjo gjendje do t\u00eb jet\u00eb e p\u00ebrkohshme.<br \/>\nE ndodhur n\u00eb disavantazh, Serbia s\u00ebrish ka filluar t\u00eb ushtroj\u00eb presion ndaj vendeve fqinje me q\u00ebllim pengimin e bashk\u00ebpunimit dhe shtyrjen e vendosjes s\u00eb raporteve diplomatike me Republik\u00ebn e Kosov\u00ebs.<br \/>\nAmbasadori i Serbis\u00eb n\u00eb Podgoric\u00eb, Zoran Llutanovac, u ka k\u00ebrkuar autoriteteve malazeze q\u00eb t\u00eb presin mendimin k\u00ebshill\u00ebdh\u00ebn\u00ebs t\u00eb Gjykat\u00ebs Nd\u00ebrkomb\u00ebtare t\u00eb Drejt\u00ebsis\u00eb, para se t\u2019i vendosin marr\u00ebdh\u00ebniet diplomatike me Prishtin\u00ebn.<br \/>\nLlutanovac, si\u00e7 raportojn\u00eb mediat serbe, ka pasur nj\u00eb takim n\u00eb Ministrin\u00eb e Pun\u00ebve t\u00eb Jashtme t\u00eb Malit t\u00eb Zi, ku ka k\u00ebrkuar q\u00eb ky shtet t\u00eb pres\u00eb mendimin k\u00ebshill\u00ebdh\u00ebn\u00ebs t\u00eb Gjykat\u00ebs Nd\u00ebrkomb\u00ebtare t\u00eb Drejt\u00ebsis\u00eb (GJND) rreth legjitimitetit t\u00eb pavar\u00ebsis\u00eb s\u00eb Kosov\u00ebs, para se t\u00eb nd\u00ebrmarr\u00eb hapin e paralajm\u00ebruar p\u00ebr vendosjen e marr\u00ebdh\u00ebnieve diplomatike me Prishtin\u00ebn.<br \/>\nMinistria e Pun\u00ebve t\u00eb Jashtme t\u00eb Malit t\u00eb Zi, dit\u00eb m\u00eb par\u00eb ka njoftuar se vendosja e marr\u00ebdh\u00ebnieve diplomatike me Prishtin\u00ebn nuk \u00ebsht\u00eb b\u00ebr\u00eb deri m\u00eb tash p\u00ebr arsye teknike, nd\u00ebrsa nj\u00eb veprim i till\u00eb pritet t\u00eb ndodh\u00eb s\u00eb shpejti.<br \/>\nNd\u00ebrkoh\u00eb paraqitja e Kroacis\u00eb n\u00eb favor t\u00eb Kosov\u00ebs n\u00eb Gjykat\u00ebn Nd\u00ebrkomb\u00ebtare t\u00eb Drejt\u00ebsis\u00eb, pritet t\u2019i ftoh\u00eb raportet edhe mes Beogradit dhe Zagrebit, vler\u00ebsojn\u00eb zyrtar\u00ebt serb\u00eb. Nd\u00ebrsa zyrtar\u00ebt kroat\u00eb kan\u00eb p\u00ebrs\u00ebritur se nuk kan\u00eb asnj\u00eb arsye t\u00eb hezitojn\u00eb p\u00ebr t\u00eb mbrojtur pavar\u00ebsin\u00eb e Kosov\u00ebs.<br \/>\nBeogradi zyrtar frik\u00ebsohet se argumentimi i Kroacis\u00eb do t\u00eb mund t\u00eb jet\u00eb shum\u00eb dometh\u00ebn\u00ebs, pasi Kroacia ishte pjes\u00eb e Federat\u00ebs Jugosllave, respektivisht pjes\u00eb e shp\u00ebrb\u00ebrjes s\u00eb saj, kur Beogradi kishte synuar t\u2019i sundonte vendet tjera t\u00eb ish-RFJ-s\u00eb.<br \/>\nN\u00eb nj\u00eb intervist\u00eb p\u00ebr mediat serbe, dit\u00eb m\u00eb par\u00eb, kryetari i kroat, Stipe Mesiq, ka deklaruar se Kroacia nuk ka kurrfar\u00eb arsye q\u00eb t\u00eb hezitoj\u00eb edhe para Gjykat\u00ebs Nd\u00ebrkomb\u00ebtare t\u00eb Drejt\u00ebsis\u00eb t\u00eb paraqes\u00eb arsyet se pse ka marr\u00eb vendim p\u00ebr njohjen e Kosov\u00ebs. \u201cMendoj se do t\u00eb ishte hipokrite q\u00eb paraprakisht ta njoh\u00ebsh e pastaj t\u00eb hezitosh t\u00eb flas\u00ebsh p\u00ebr k\u00ebt\u00eb&#8221;, ka th\u00ebn\u00eb Mesiq, duke shtuar se kjo paraqitje e Kroacis\u00eb n\u00eb favor t\u00eb pavar\u00ebsis\u00eb s\u00eb Kosov\u00ebs, nuk \u00ebsht\u00eb drejtuar kund\u00ebr popullit serb.<br \/>\nN\u00eb shtypin serb, zyrtar\u00ebt e Beogradit kan\u00eb vler\u00ebsuar se paraqitja e Kroacis\u00eb n\u00eb GJND, q\u00eb do t\u00eb ndodh\u00eb t\u00eb h\u00ebn\u00ebn, do t\u00eb jet\u00eb \u201cedhe nj\u00eb thik\u00eb n\u00eb shpin\u00ebn e Serbis\u00eb, mu sikur q\u00eb ngjau me paraqitjen e Bullgaris\u00eb, e cila \u2013 t\u00eb premten \u2013 mbrojti fuqish\u00ebm shpalljen e pavar\u00ebsis\u00eb s\u00eb Kosov\u00ebs\u201d.<br \/>\nShefi i delegacionit serb, Dushan Batakoviq, ka deklaruar p\u00ebr mediat serbe n\u00eb Hag\u00eb se Bullgaria, si shum\u00eb her\u00eb gjat\u00eb historis\u00eb, \u201cna e nguli thik\u00ebn n\u00eb shpin\u00eb\u201d, duke mbrojtur shk\u00ebputjen e Kosov\u00ebs n\u00eb Gjykat\u00ebn Nd\u00ebrkomb\u00ebtare t\u00eb Drejt\u00ebsis\u00eb.<br \/>\nSonja Liht, kryetare e K\u00ebshillit p\u00ebr politik\u00eb t\u00eb jashtme n\u00eb Ministrin\u00eb e Pun\u00ebve t\u00eb Jashtme t\u00eb Serbis\u00eb, ka deklaruar p\u00ebr gazet\u00ebn \u201cBlic\u201d se m\u00eb mir\u00eb do t\u00eb kishte qen\u00eb sikur Kroacia t\u00eb mos ishte paraqitur fare me d\u00ebshmin\u00eb e saj n\u00eb procesin p\u00ebr ligjshm\u00ebrin\u00eb e pavar\u00ebsis\u00eb s\u00eb Kosov\u00ebs n\u00eb Gjykat\u00ebn Nd\u00ebrkomb\u00ebtare. Nd\u00ebrkaq, Ivan Vejvoda, drejtor i Fondit Ballkanik p\u00ebr Demokraci, shpreson se paraqitja e Kroacis\u00eb n\u00eb GJND nuk do t\u2019i prish\u00eb s\u00ebrish marr\u00ebdh\u00ebniet mes Zagrebit e Beogradit, pasi sipas tij, ato jan\u00eb parakusht p\u00ebr integrime evropiane. Sidoqoft\u00eb, ai mendon se pas nj\u00eb periudhe t\u00eb shkurt\u00ebr kohore, marr\u00ebdh\u00ebniet s\u00ebrish do t\u00eb kthehen n\u00eb suazat e normales.<\/p>\n<p><strong>Gazeta Lajm<\/strong><\/p>\n<!--YouTube Error: bad URL entered-->\n","protected":false},"excerpt":{"rendered":"<p>Beogradi kritikon Podgoric\u00ebn dhe Zagrebin p\u00ebr raportet me Prishtin\u00ebn, k\u00ebrc\u00ebnon s\u00ebrish me prishjen e raporteve fqinj\u00ebsore.Serbia i ka k\u00ebrkuar Malit t\u00eb Zi q\u00eb t\u00eb pres\u00eb vendimin e Gjykat\u00ebs Nd\u00ebrkomb\u00ebtare t\u00eb Drejt\u00ebsis\u00eb, p\u00ebrpara se t\u00eb vendos\u00eb marr\u00ebdh\u00ebniet diplomatike me Kosov\u00ebn. Nd\u00ebrkoh\u00eb paraqitja e sotme e Kroacis\u00eb n\u00eb favor t\u00eb Kosov\u00ebs n\u00eb Gjykat\u00ebn Nd\u00ebrkomb\u00ebtare t\u00eb Drejt\u00ebsis\u00eb, sipas [&hellip;]<\/p>\n","protected":false},"author":1,"featured_media":0,"comment_status":"open","ping_status":"closed","sticky":false,"template":"","format":"standard","meta":{"spay_email":"","jetpack_publicize_message":"","jetpack_is_tweetstorm":false,"jetpack_publicize_feature_enabled":true},"categories":[14],"tags":[12973,12974,95,242],"jetpack_publicize_connections":[],"yoast_head":"<!-- This site is optimized with the Yoast SEO plugin v19.1 - https:\/\/yoast.com\/wordpress\/plugins\/seo\/ -->\n<title>Serbia e frik\u00ebsuar - Lajme nga Ulqini<\/title>\n<meta name=\"description\" content=\"Beogradi kritikon Podgoric\u00ebn dhe Zagrebin p\u00ebr raportet me Prishtin\u00ebn, k\u00ebrc\u00ebnon s\u00ebrish me prishjen e raporteve fqinj\u00ebsore.Serbia i ka k\u00ebrkuar Malit t\u00eb Zi\" \/>\n<meta name=\"robots\" content=\"index, follow, max-snippet:-1, max-image-preview:large, max-video-preview:-1\" \/>\n<link rel=\"canonical\" href=\"https:\/\/www.visit-ulcinj.com\/blog\/2009\/12\/07\/serbia-e-frikesuar\/\" \/>\n<meta property=\"og:locale\" content=\"en_US\" \/>\n<meta property=\"og:type\" content=\"article\" \/>\n<meta property=\"og:title\" content=\"Serbia e frik\u00ebsuar - Lajme nga Ulqini\" \/>\n<meta property=\"og:description\" content=\"Beogradi kritikon Podgoric\u00ebn dhe Zagrebin p\u00ebr raportet me Prishtin\u00ebn, k\u00ebrc\u00ebnon s\u00ebrish me prishjen e raporteve fqinj\u00ebsore.Serbia i ka k\u00ebrkuar Malit t\u00eb Zi\" \/>\n<meta property=\"og:url\" content=\"https:\/\/www.visit-ulcinj.com\/blog\/2009\/12\/07\/serbia-e-frikesuar\/\" \/>\n<meta property=\"og:site_name\" content=\"Lajme nga Ulqini\" \/>\n<meta property=\"article:published_time\" content=\"2009-12-07T13:48:40+00:00\" \/>\n<meta property=\"article:modified_time\" content=\"2009-12-07T13:54:55+00:00\" \/>\n<meta property=\"og:image\" content=\"http:\/\/www.visit-ulcinj.com\/blog\/wp-content\/uploads\/2009\/12\/boris-tadic-stipe-mesic-.jpg\" \/>\n<meta name=\"twitter:label1\" content=\"Written by\" \/>\n\t<meta name=\"twitter:data1\" content=\"ulqini\" \/>\n\t<meta name=\"twitter:label2\" content=\"Est. reading time\" \/>\n\t<meta name=\"twitter:data2\" content=\"4 minutes\" \/>\n<script type=\"application\/ld+json\" class=\"yoast-schema-graph\">{\"@context\":\"https:\/\/schema.org\",\"@graph\":[{\"@type\":\"WebSite\",\"@id\":\"https:\/\/www.visit-ulcinj.com\/blog\/#website\",\"url\":\"https:\/\/www.visit-ulcinj.com\/blog\/\",\"name\":\"Lajme nga Ulqini\",\"description\":\"Lajme,Vijesti,Ulqini,Ulqin,Crna Gora,Mali i Zi\",\"potentialAction\":[{\"@type\":\"SearchAction\",\"target\":{\"@type\":\"EntryPoint\",\"urlTemplate\":\"https:\/\/www.visit-ulcinj.com\/blog\/?s={search_term_string}\"},\"query-input\":\"required name=search_term_string\"}],\"inLanguage\":\"en-US\"},{\"@type\":\"ImageObject\",\"inLanguage\":\"en-US\",\"@id\":\"https:\/\/www.visit-ulcinj.com\/blog\/2009\/12\/07\/serbia-e-frikesuar\/#primaryimage\",\"url\":\"https:\/\/www.visit-ulcinj.com\/blog\/wp-content\/uploads\/2009\/12\/boris-tadic-stipe-mesic-.jpg\",\"contentUrl\":\"https:\/\/www.visit-ulcinj.com\/blog\/wp-content\/uploads\/2009\/12\/boris-tadic-stipe-mesic-.jpg\",\"width\":\"498\",\"height\":\"297\"},{\"@type\":\"WebPage\",\"@id\":\"https:\/\/www.visit-ulcinj.com\/blog\/2009\/12\/07\/serbia-e-frikesuar\/#webpage\",\"url\":\"https:\/\/www.visit-ulcinj.com\/blog\/2009\/12\/07\/serbia-e-frikesuar\/\",\"name\":\"Serbia e frik\u00ebsuar - Lajme nga Ulqini\",\"isPartOf\":{\"@id\":\"https:\/\/www.visit-ulcinj.com\/blog\/#website\"},\"primaryImageOfPage\":{\"@id\":\"https:\/\/www.visit-ulcinj.com\/blog\/2009\/12\/07\/serbia-e-frikesuar\/#primaryimage\"},\"datePublished\":\"2009-12-07T13:48:40+00:00\",\"dateModified\":\"2009-12-07T13:54:55+00:00\",\"author\":{\"@id\":\"https:\/\/www.visit-ulcinj.com\/blog\/#\/schema\/person\/dcab619c614d3038751c63bc2aadc06d\"},\"description\":\"Beogradi kritikon Podgoric\u00ebn dhe Zagrebin p\u00ebr raportet me Prishtin\u00ebn, k\u00ebrc\u00ebnon s\u00ebrish me prishjen e raporteve fqinj\u00ebsore.Serbia i ka k\u00ebrkuar Malit t\u00eb Zi\",\"breadcrumb\":{\"@id\":\"https:\/\/www.visit-ulcinj.com\/blog\/2009\/12\/07\/serbia-e-frikesuar\/#breadcrumb\"},\"inLanguage\":\"en-US\",\"potentialAction\":[{\"@type\":\"ReadAction\",\"target\":[\"https:\/\/www.visit-ulcinj.com\/blog\/2009\/12\/07\/serbia-e-frikesuar\/\"]}]},{\"@type\":\"BreadcrumbList\",\"@id\":\"https:\/\/www.visit-ulcinj.com\/blog\/2009\/12\/07\/serbia-e-frikesuar\/#breadcrumb\",\"itemListElement\":[{\"@type\":\"ListItem\",\"position\":1,\"name\":\"Serbia e frik\u00ebsuar\"}]},{\"@type\":\"Person\",\"@id\":\"https:\/\/www.visit-ulcinj.com\/blog\/#\/schema\/person\/dcab619c614d3038751c63bc2aadc06d\",\"name\":\"ulqini\",\"sameAs\":[\"http:\/\/www.visit-ulcinj.com\"],\"url\":\"https:\/\/www.visit-ulcinj.com\/blog\/author\/admin\/\"}]}<\/script>\n<!-- \/ Yoast SEO plugin. -->","yoast_head_json":{"title":"Serbia e frik\u00ebsuar - Lajme nga Ulqini","description":"Beogradi kritikon Podgoric\u00ebn dhe Zagrebin p\u00ebr raportet me Prishtin\u00ebn, k\u00ebrc\u00ebnon s\u00ebrish me prishjen e raporteve fqinj\u00ebsore.Serbia i ka k\u00ebrkuar Malit t\u00eb Zi","robots":{"index":"index","follow":"follow","max-snippet":"max-snippet:-1","max-image-preview":"max-image-preview:large","max-video-preview":"max-video-preview:-1"},"canonical":"https:\/\/www.visit-ulcinj.com\/blog\/2009\/12\/07\/serbia-e-frikesuar\/","og_locale":"en_US","og_type":"article","og_title":"Serbia e frik\u00ebsuar - Lajme nga Ulqini","og_description":"Beogradi kritikon Podgoric\u00ebn dhe Zagrebin p\u00ebr raportet me Prishtin\u00ebn, k\u00ebrc\u00ebnon s\u00ebrish me prishjen e raporteve fqinj\u00ebsore.Serbia i ka k\u00ebrkuar Malit t\u00eb Zi","og_url":"https:\/\/www.visit-ulcinj.com\/blog\/2009\/12\/07\/serbia-e-frikesuar\/","og_site_name":"Lajme nga Ulqini","article_published_time":"2009-12-07T13:48:40+00:00","article_modified_time":"2009-12-07T13:54:55+00:00","og_image":[{"url":"http:\/\/www.visit-ulcinj.com\/blog\/wp-content\/uploads\/2009\/12\/boris-tadic-stipe-mesic-.jpg"}],"twitter_misc":{"Written by":"ulqini","Est. reading time":"4 minutes"},"schema":{"@context":"https:\/\/schema.org","@graph":[{"@type":"WebSite","@id":"https:\/\/www.visit-ulcinj.com\/blog\/#website","url":"https:\/\/www.visit-ulcinj.com\/blog\/","name":"Lajme nga Ulqini","description":"Lajme,Vijesti,Ulqini,Ulqin,Crna Gora,Mali i Zi","potentialAction":[{"@type":"SearchAction","target":{"@type":"EntryPoint","urlTemplate":"https:\/\/www.visit-ulcinj.com\/blog\/?s={search_term_string}"},"query-input":"required name=search_term_string"}],"inLanguage":"en-US"},{"@type":"ImageObject","inLanguage":"en-US","@id":"https:\/\/www.visit-ulcinj.com\/blog\/2009\/12\/07\/serbia-e-frikesuar\/#primaryimage","url":"https:\/\/www.visit-ulcinj.com\/blog\/wp-content\/uploads\/2009\/12\/boris-tadic-stipe-mesic-.jpg","contentUrl":"https:\/\/www.visit-ulcinj.com\/blog\/wp-content\/uploads\/2009\/12\/boris-tadic-stipe-mesic-.jpg","width":"498","height":"297"},{"@type":"WebPage","@id":"https:\/\/www.visit-ulcinj.com\/blog\/2009\/12\/07\/serbia-e-frikesuar\/#webpage","url":"https:\/\/www.visit-ulcinj.com\/blog\/2009\/12\/07\/serbia-e-frikesuar\/","name":"Serbia e frik\u00ebsuar - Lajme nga Ulqini","isPartOf":{"@id":"https:\/\/www.visit-ulcinj.com\/blog\/#website"},"primaryImageOfPage":{"@id":"https:\/\/www.visit-ulcinj.com\/blog\/2009\/12\/07\/serbia-e-frikesuar\/#primaryimage"},"datePublished":"2009-12-07T13:48:40+00:00","dateModified":"2009-12-07T13:54:55+00:00","author":{"@id":"https:\/\/www.visit-ulcinj.com\/blog\/#\/schema\/person\/dcab619c614d3038751c63bc2aadc06d"},"description":"Beogradi kritikon Podgoric\u00ebn dhe Zagrebin p\u00ebr raportet me Prishtin\u00ebn, k\u00ebrc\u00ebnon s\u00ebrish me prishjen e raporteve fqinj\u00ebsore.Serbia i ka k\u00ebrkuar Malit t\u00eb Zi","breadcrumb":{"@id":"https:\/\/www.visit-ulcinj.com\/blog\/2009\/12\/07\/serbia-e-frikesuar\/#breadcrumb"},"inLanguage":"en-US","potentialAction":[{"@type":"ReadAction","target":["https:\/\/www.visit-ulcinj.com\/blog\/2009\/12\/07\/serbia-e-frikesuar\/"]}]},{"@type":"BreadcrumbList","@id":"https:\/\/www.visit-ulcinj.com\/blog\/2009\/12\/07\/serbia-e-frikesuar\/#breadcrumb","itemListElement":[{"@type":"ListItem","position":1,"name":"Serbia e frik\u00ebsuar"}]},{"@type":"Person","@id":"https:\/\/www.visit-ulcinj.com\/blog\/#\/schema\/person\/dcab619c614d3038751c63bc2aadc06d","name":"ulqini","sameAs":["http:\/\/www.visit-ulcinj.com"],"url":"https:\/\/www.visit-ulcinj.com\/blog\/author\/admin\/"}]}},"jetpack_featured_media_url":"","jetpack_sharing_enabled":true,"jetpack_shortlink":"https:\/\/wp.me\/pe6lTn-7gS","_links":{"self":[{"href":"https:\/\/www.visit-ulcinj.com\/blog\/wp-json\/wp\/v2\/posts\/27954"}],"collection":[{"href":"https:\/\/www.visit-ulcinj.com\/blog\/wp-json\/wp\/v2\/posts"}],"about":[{"href":"https:\/\/www.visit-ulcinj.com\/blog\/wp-json\/wp\/v2\/types\/post"}],"author":[{"embeddable":true,"href":"https:\/\/www.visit-ulcinj.com\/blog\/wp-json\/wp\/v2\/users\/1"}],"replies":[{"embeddable":true,"href":"https:\/\/www.visit-ulcinj.com\/blog\/wp-json\/wp\/v2\/comments?post=27954"}],"version-history":[{"count":0,"href":"https:\/\/www.visit-ulcinj.com\/blog\/wp-json\/wp\/v2\/posts\/27954\/revisions"}],"wp:attachment":[{"href":"https:\/\/www.visit-ulcinj.com\/blog\/wp-json\/wp\/v2\/media?parent=27954"}],"wp:term":[{"taxonomy":"category","embeddable":true,"href":"https:\/\/www.visit-ulcinj.com\/blog\/wp-json\/wp\/v2\/categories?post=27954"},{"taxonomy":"post_tag","embeddable":true,"href":"https:\/\/www.visit-ulcinj.com\/blog\/wp-json\/wp\/v2\/tags?post=27954"}],"curies":[{"name":"wp","href":"https:\/\/api.w.org\/{rel}","templated":true}]}}