{"id":27959,"date":"2009-12-07T16:19:55","date_gmt":"2009-12-07T14:19:55","guid":{"rendered":"http:\/\/www.visit-ulcinj.com\/blog\/?p=27959"},"modified":"2009-12-07T16:21:42","modified_gmt":"2009-12-07T14:21:42","slug":"bashkepunim-mes-zonave-kufitare-te-shqiperise-dhe-malit-te-zi","status":"publish","type":"post","link":"https:\/\/www.visit-ulcinj.com\/blog\/2009\/12\/07\/bashkepunim-mes-zonave-kufitare-te-shqiperise-dhe-malit-te-zi\/","title":{"rendered":"Bashk\u00ebpunim mes zonave kufitare t\u00eb Shqip\u00ebris\u00eb dhe Malit t\u00eb Zi"},"content":{"rendered":"<p><span><a href=\"http:\/\/www.visit-ulcinj.com\/blog\/wp-content\/uploads\/2009\/12\/Bashk\u00ebpunim-mes-zonave-kufitare-t\u00eb-Shqip\u00ebris\u00eb-dhe-Malit-t\u00eb-Zi.jpg\"><img loading=\"lazy\" class=\"alignleft size-full wp-image-27960\" title=\"Bashk\u00ebpunim mes zonave kufitare t\u00eb Shqip\u00ebris\u00eb dhe Malit t\u00eb Zi\" src=\"http:\/\/www.visit-ulcinj.com\/blog\/wp-content\/uploads\/2009\/12\/Bashk\u00ebpunim-mes-zonave-kufitare-t\u00eb-Shqip\u00ebris\u00eb-dhe-Malit-t\u00eb-Zi.jpg\" alt=\"Bashk\u00ebpunim mes zonave kufitare t\u00eb Shqip\u00ebris\u00eb dhe Malit t\u00eb Zi\" width=\"580\" height=\"400\" \/><\/a>Disa prej bashkive dhe komunave nd\u00ebrkufitare t\u00eb Shqip\u00ebris\u00eb dhe Malit t\u00eb Zi jan\u00eb p\u00ebrfshir\u00eb me projekte t\u00eb p\u00ebrbashk\u00ebta n\u00eb programin IPA t\u00eb Komisionit Europian. Drejtuesit vendor\u00eb t\u00eb t\u00eb dy vendeve pohojn\u00eb se, p\u00ebr her\u00eb t\u00eb par\u00eb, po hartojn\u00eb bashk\u00ebrisht projekte q\u00eb nxisin zhvillimin e q\u00ebndruesh\u00ebm n\u00eb zonat e tyre nd\u00ebrkufitare si dhe mbrojtjen e mjedisit dhe trashigimis\u00eb kulturore.<br \/>\n<\/span><\/p>\n<h3>VOA<\/h3>\n<p><span><!--YouTube Error: bad URL entered--><br \/>\n<\/span><\/p>\n","protected":false},"excerpt":{"rendered":"<p>Disa prej bashkive dhe komunave nd\u00ebrkufitare t\u00eb Shqip\u00ebris\u00eb dhe Malit t\u00eb Zi jan\u00eb p\u00ebrfshir\u00eb me projekte t\u00eb p\u00ebrbashk\u00ebta n\u00eb programin IPA t\u00eb Komisionit Europian. Drejtuesit vendor\u00eb t\u00eb t\u00eb dy vendeve pohojn\u00eb se, p\u00ebr her\u00eb t\u00eb par\u00eb, po hartojn\u00eb bashk\u00ebrisht projekte q\u00eb nxisin zhvillimin e q\u00ebndruesh\u00ebm n\u00eb zonat e tyre nd\u00ebrkufitare si dhe mbrojtjen e mjedisit [&hellip;]<\/p>\n","protected":false},"author":1,"featured_media":0,"comment_status":"open","ping_status":"closed","sticky":false,"template":"","format":"standard","meta":{"spay_email":"","jetpack_publicize_message":"","jetpack_is_tweetstorm":false,"jetpack_publicize_feature_enabled":true},"categories":[14],"tags":[12976,12975],"jetpack_publicize_connections":[],"yoast_head":"<!-- This site is optimized with the Yoast SEO plugin v19.1 - https:\/\/yoast.com\/wordpress\/plugins\/seo\/ -->\n<title>Bashk\u00ebpunim mes zonave kufitare t\u00eb Shqip\u00ebris\u00eb dhe Malit t\u00eb Zi - Lajme nga Ulqini<\/title>\n<meta name=\"description\" content=\"Disa prej bashkive dhe komunave nd\u00ebrkufitare t\u00eb Shqip\u00ebris\u00eb dhe Malit t\u00eb Zi jan\u00eb p\u00ebrfshir\u00eb me projekte t\u00eb p\u00ebrbashk\u00ebta n\u00eb programin IPA t\u00eb Komisionit\" \/>\n<meta name=\"robots\" content=\"index, follow, max-snippet:-1, max-image-preview:large, max-video-preview:-1\" \/>\n<link rel=\"canonical\" href=\"https:\/\/www.visit-ulcinj.com\/blog\/2009\/12\/07\/bashkepunim-mes-zonave-kufitare-te-shqiperise-dhe-malit-te-zi\/\" \/>\n<meta property=\"og:locale\" content=\"en_US\" \/>\n<meta property=\"og:type\" content=\"article\" \/>\n<meta property=\"og:title\" content=\"Bashk\u00ebpunim mes zonave kufitare t\u00eb Shqip\u00ebris\u00eb dhe Malit t\u00eb Zi - Lajme nga Ulqini\" \/>\n<meta property=\"og:description\" content=\"Disa prej bashkive dhe komunave nd\u00ebrkufitare t\u00eb Shqip\u00ebris\u00eb dhe Malit t\u00eb Zi jan\u00eb p\u00ebrfshir\u00eb me projekte t\u00eb p\u00ebrbashk\u00ebta n\u00eb programin IPA t\u00eb Komisionit\" \/>\n<meta property=\"og:url\" content=\"https:\/\/www.visit-ulcinj.com\/blog\/2009\/12\/07\/bashkepunim-mes-zonave-kufitare-te-shqiperise-dhe-malit-te-zi\/\" \/>\n<meta property=\"og:site_name\" content=\"Lajme nga Ulqini\" \/>\n<meta property=\"article:published_time\" content=\"2009-12-07T14:19:55+00:00\" \/>\n<meta property=\"article:modified_time\" content=\"2009-12-07T14:21:42+00:00\" \/>\n<meta name=\"twitter:label1\" content=\"Written by\" \/>\n\t<meta name=\"twitter:data1\" content=\"ulqini\" \/>\n<script type=\"application\/ld+json\" class=\"yoast-schema-graph\">{\"@context\":\"https:\/\/schema.org\",\"@graph\":[{\"@type\":\"WebSite\",\"@id\":\"https:\/\/www.visit-ulcinj.com\/blog\/#website\",\"url\":\"https:\/\/www.visit-ulcinj.com\/blog\/\",\"name\":\"Lajme nga Ulqini\",\"description\":\"Lajme,Vijesti,Ulqini,Ulqin,Crna Gora,Mali i Zi\",\"potentialAction\":[{\"@type\":\"SearchAction\",\"target\":{\"@type\":\"EntryPoint\",\"urlTemplate\":\"https:\/\/www.visit-ulcinj.com\/blog\/?s={search_term_string}\"},\"query-input\":\"required name=search_term_string\"}],\"inLanguage\":\"en-US\"},{\"@type\":\"WebPage\",\"@id\":\"https:\/\/www.visit-ulcinj.com\/blog\/2009\/12\/07\/bashkepunim-mes-zonave-kufitare-te-shqiperise-dhe-malit-te-zi\/#webpage\",\"url\":\"https:\/\/www.visit-ulcinj.com\/blog\/2009\/12\/07\/bashkepunim-mes-zonave-kufitare-te-shqiperise-dhe-malit-te-zi\/\",\"name\":\"Bashk\u00ebpunim mes zonave kufitare t\u00eb Shqip\u00ebris\u00eb dhe Malit t\u00eb Zi - Lajme nga Ulqini\",\"isPartOf\":{\"@id\":\"https:\/\/www.visit-ulcinj.com\/blog\/#website\"},\"datePublished\":\"2009-12-07T14:19:55+00:00\",\"dateModified\":\"2009-12-07T14:21:42+00:00\",\"author\":{\"@id\":\"https:\/\/www.visit-ulcinj.com\/blog\/#\/schema\/person\/dcab619c614d3038751c63bc2aadc06d\"},\"description\":\"Disa prej bashkive dhe komunave nd\u00ebrkufitare t\u00eb Shqip\u00ebris\u00eb dhe Malit t\u00eb Zi jan\u00eb p\u00ebrfshir\u00eb me projekte t\u00eb p\u00ebrbashk\u00ebta n\u00eb programin IPA t\u00eb Komisionit\",\"breadcrumb\":{\"@id\":\"https:\/\/www.visit-ulcinj.com\/blog\/2009\/12\/07\/bashkepunim-mes-zonave-kufitare-te-shqiperise-dhe-malit-te-zi\/#breadcrumb\"},\"inLanguage\":\"en-US\",\"potentialAction\":[{\"@type\":\"ReadAction\",\"target\":[\"https:\/\/www.visit-ulcinj.com\/blog\/2009\/12\/07\/bashkepunim-mes-zonave-kufitare-te-shqiperise-dhe-malit-te-zi\/\"]}]},{\"@type\":\"BreadcrumbList\",\"@id\":\"https:\/\/www.visit-ulcinj.com\/blog\/2009\/12\/07\/bashkepunim-mes-zonave-kufitare-te-shqiperise-dhe-malit-te-zi\/#breadcrumb\",\"itemListElement\":[{\"@type\":\"ListItem\",\"position\":1,\"name\":\"Bashk\u00ebpunim mes zonave kufitare t\u00eb Shqip\u00ebris\u00eb dhe Malit t\u00eb Zi\"}]},{\"@type\":\"Person\",\"@id\":\"https:\/\/www.visit-ulcinj.com\/blog\/#\/schema\/person\/dcab619c614d3038751c63bc2aadc06d\",\"name\":\"ulqini\",\"sameAs\":[\"http:\/\/www.visit-ulcinj.com\"],\"url\":\"https:\/\/www.visit-ulcinj.com\/blog\/author\/admin\/\"}]}<\/script>\n<!-- \/ Yoast SEO plugin. -->","yoast_head_json":{"title":"Bashk\u00ebpunim mes zonave kufitare t\u00eb Shqip\u00ebris\u00eb dhe Malit t\u00eb Zi - Lajme nga Ulqini","description":"Disa prej bashkive dhe komunave nd\u00ebrkufitare t\u00eb Shqip\u00ebris\u00eb dhe Malit t\u00eb Zi jan\u00eb p\u00ebrfshir\u00eb me projekte t\u00eb p\u00ebrbashk\u00ebta n\u00eb programin IPA t\u00eb Komisionit","robots":{"index":"index","follow":"follow","max-snippet":"max-snippet:-1","max-image-preview":"max-image-preview:large","max-video-preview":"max-video-preview:-1"},"canonical":"https:\/\/www.visit-ulcinj.com\/blog\/2009\/12\/07\/bashkepunim-mes-zonave-kufitare-te-shqiperise-dhe-malit-te-zi\/","og_locale":"en_US","og_type":"article","og_title":"Bashk\u00ebpunim mes zonave kufitare t\u00eb Shqip\u00ebris\u00eb dhe Malit t\u00eb Zi - Lajme nga Ulqini","og_description":"Disa prej bashkive dhe komunave nd\u00ebrkufitare t\u00eb Shqip\u00ebris\u00eb dhe Malit t\u00eb Zi jan\u00eb p\u00ebrfshir\u00eb me projekte t\u00eb p\u00ebrbashk\u00ebta n\u00eb programin IPA t\u00eb Komisionit","og_url":"https:\/\/www.visit-ulcinj.com\/blog\/2009\/12\/07\/bashkepunim-mes-zonave-kufitare-te-shqiperise-dhe-malit-te-zi\/","og_site_name":"Lajme nga Ulqini","article_published_time":"2009-12-07T14:19:55+00:00","article_modified_time":"2009-12-07T14:21:42+00:00","twitter_misc":{"Written by":"ulqini"},"schema":{"@context":"https:\/\/schema.org","@graph":[{"@type":"WebSite","@id":"https:\/\/www.visit-ulcinj.com\/blog\/#website","url":"https:\/\/www.visit-ulcinj.com\/blog\/","name":"Lajme nga Ulqini","description":"Lajme,Vijesti,Ulqini,Ulqin,Crna Gora,Mali i Zi","potentialAction":[{"@type":"SearchAction","target":{"@type":"EntryPoint","urlTemplate":"https:\/\/www.visit-ulcinj.com\/blog\/?s={search_term_string}"},"query-input":"required name=search_term_string"}],"inLanguage":"en-US"},{"@type":"WebPage","@id":"https:\/\/www.visit-ulcinj.com\/blog\/2009\/12\/07\/bashkepunim-mes-zonave-kufitare-te-shqiperise-dhe-malit-te-zi\/#webpage","url":"https:\/\/www.visit-ulcinj.com\/blog\/2009\/12\/07\/bashkepunim-mes-zonave-kufitare-te-shqiperise-dhe-malit-te-zi\/","name":"Bashk\u00ebpunim mes zonave kufitare t\u00eb Shqip\u00ebris\u00eb dhe Malit t\u00eb Zi - Lajme nga Ulqini","isPartOf":{"@id":"https:\/\/www.visit-ulcinj.com\/blog\/#website"},"datePublished":"2009-12-07T14:19:55+00:00","dateModified":"2009-12-07T14:21:42+00:00","author":{"@id":"https:\/\/www.visit-ulcinj.com\/blog\/#\/schema\/person\/dcab619c614d3038751c63bc2aadc06d"},"description":"Disa prej bashkive dhe komunave nd\u00ebrkufitare t\u00eb Shqip\u00ebris\u00eb dhe Malit t\u00eb Zi jan\u00eb p\u00ebrfshir\u00eb me projekte t\u00eb p\u00ebrbashk\u00ebta n\u00eb programin IPA t\u00eb Komisionit","breadcrumb":{"@id":"https:\/\/www.visit-ulcinj.com\/blog\/2009\/12\/07\/bashkepunim-mes-zonave-kufitare-te-shqiperise-dhe-malit-te-zi\/#breadcrumb"},"inLanguage":"en-US","potentialAction":[{"@type":"ReadAction","target":["https:\/\/www.visit-ulcinj.com\/blog\/2009\/12\/07\/bashkepunim-mes-zonave-kufitare-te-shqiperise-dhe-malit-te-zi\/"]}]},{"@type":"BreadcrumbList","@id":"https:\/\/www.visit-ulcinj.com\/blog\/2009\/12\/07\/bashkepunim-mes-zonave-kufitare-te-shqiperise-dhe-malit-te-zi\/#breadcrumb","itemListElement":[{"@type":"ListItem","position":1,"name":"Bashk\u00ebpunim mes zonave kufitare t\u00eb Shqip\u00ebris\u00eb dhe Malit t\u00eb Zi"}]},{"@type":"Person","@id":"https:\/\/www.visit-ulcinj.com\/blog\/#\/schema\/person\/dcab619c614d3038751c63bc2aadc06d","name":"ulqini","sameAs":["http:\/\/www.visit-ulcinj.com"],"url":"https:\/\/www.visit-ulcinj.com\/blog\/author\/admin\/"}]}},"jetpack_featured_media_url":"","jetpack_sharing_enabled":true,"jetpack_shortlink":"https:\/\/wp.me\/pe6lTn-7gX","_links":{"self":[{"href":"https:\/\/www.visit-ulcinj.com\/blog\/wp-json\/wp\/v2\/posts\/27959"}],"collection":[{"href":"https:\/\/www.visit-ulcinj.com\/blog\/wp-json\/wp\/v2\/posts"}],"about":[{"href":"https:\/\/www.visit-ulcinj.com\/blog\/wp-json\/wp\/v2\/types\/post"}],"author":[{"embeddable":true,"href":"https:\/\/www.visit-ulcinj.com\/blog\/wp-json\/wp\/v2\/users\/1"}],"replies":[{"embeddable":true,"href":"https:\/\/www.visit-ulcinj.com\/blog\/wp-json\/wp\/v2\/comments?post=27959"}],"version-history":[{"count":0,"href":"https:\/\/www.visit-ulcinj.com\/blog\/wp-json\/wp\/v2\/posts\/27959\/revisions"}],"wp:attachment":[{"href":"https:\/\/www.visit-ulcinj.com\/blog\/wp-json\/wp\/v2\/media?parent=27959"}],"wp:term":[{"taxonomy":"category","embeddable":true,"href":"https:\/\/www.visit-ulcinj.com\/blog\/wp-json\/wp\/v2\/categories?post=27959"},{"taxonomy":"post_tag","embeddable":true,"href":"https:\/\/www.visit-ulcinj.com\/blog\/wp-json\/wp\/v2\/tags?post=27959"}],"curies":[{"name":"wp","href":"https:\/\/api.w.org\/{rel}","templated":true}]}}