{"id":27973,"date":"2009-12-07T20:10:15","date_gmt":"2009-12-07T18:10:15","guid":{"rendered":"http:\/\/www.visit-ulcinj.com\/blog\/?p=27973"},"modified":"2010-12-15T19:46:34","modified_gmt":"2010-12-15T18:46:34","slug":"kasa-ulcinja-%e2%80%9etanja%e2%80%9d-za-11-miliona","status":"publish","type":"post","link":"https:\/\/www.visit-ulcinj.com\/blog\/2009\/12\/07\/kasa-ulcinja-%e2%80%9etanja%e2%80%9d-za-11-miliona\/","title":{"rendered":"Kasa Ulcinja \u201etanja\u201d za 11 miliona"},"content":{"rendered":"<p><a href=\"http:\/\/www.visit-ulcinj.com\/blog\/wp-content\/uploads\/2009\/12\/bud\u017eet-ulcinja-2010_1.jpg\"><a href=\"http:\/\/www.visit-ulcinj.com\/blog\/wp-content\/uploads\/2009\/12\/bud\u00c5\u00beet-ulcinja-2010_1.jpg\"><img loading=\"lazy\" class=\"alignleft size-full wp-image-27975\" title=\"bud\u017eet ulcinja 2010_1\" src=\"http:\/\/www.visit-ulcinj.com\/blog\/wp-content\/uploads\/2009\/12\/bud\u00c5\u00beet-ulcinja-2010_1.jpg\" alt=\"\" width=\"480\" height=\"424\" \/><\/a><img loading=\"lazy\" class=\"alignleft size-full wp-image-27975\" title=\"bud\u017eet ulcinja 2010_1\" src=\"http:\/\/www.visit-ulcinj.com\/blog\/wp-content\/uploads\/2009\/12\/bud\u017eet-ulcinja-2010_1.jpg\" alt=\"bud\u017eet ulcinja 2010_1\" width=\"369\" height=\"325\" \/><\/a><\/p>\n<p>Ulcinj &#8211; Odbornici u ulcinjskom parlamentu na sjednici krajem mjeseca raspravlja?e o rebalansu bud\u017eeta za ovu godinu, koji je umanjen za oko 11 miliona eura i bud\u017eetu za 2010, planiranom u iznosu od 12.806.000 eura.<br \/>\nOd ambicioznog bud\u017eeta za ovu godinu, planiranog u iznosu od 16.220.000 eura, realizovano je svega 5,5 miliona.<br \/>\nZa katastrofalnu realizaciju bud\u017eeta, kako ka\u017ee op\u0161tinski sekretar za bud\u017eet i finansije Fatmir ?eka, kriva je kriza \u201czbog koje nijesu ostvareni prihodi od prodaje zemlji\u0161ta planirani u iznosu od 8,2 miliona eura\u201d.<br \/>\n\u201cKada se makne ta stavka, zbog koje niko ne trpi jer je imovina ostala tu gdje je i bila, dolazimo do podatka da je plan prihoda i rashoda realizovan skoro 70 odsto. Zbog nedostatka detaljnih planova ?ija je izrada u toku, u kasu se nije slilo ni 2,7 miliona eura planiranih po osnovu naknade za ure?ivanje i izgradnju gradskog gra?evinskog zemlji\u0161ta\u201d, kazao je za \u201cVijesti\u201d ?eka koga, sude?i po reakcijama opozicije, ?eka te\u0161ko \u201cgostovanje\u201d u lokalnom parlamentu.<br \/>\nOd Egalizacionog fonda, Op\u0161tina je ove godine inkasirala planiranih 700 hiljada eura, a istu sumu o?ekuje i naredne.<br \/>\nU bud\u017eetu za 2010. godinu na\u0161li su se i prihodi od prodaje nepokretnosti, ali ovog puta u iznosu od 5,6 miliona eura.<br \/>\nOd bud\u017eeta \u201cte\u0161kog\u201d 12.806.000 eura, 6,7 miliona planirano je za kapitalne investicije, dok 46 procenata predstavlja operativni bud\u017eet.<br \/>\nZa izgradnju lokalnih puteva, op\u0161tinska vlast planira 2,65 miliona eura, dok ?e bulevar od zgrade Po\u0161te do bulevara \u201cTeute\u201d ko\u0161tati 1,9 miliona.<br \/>\nKaldrmisanje Starog grada i ?ar\u0161ije, kako je saop\u0161teno, vrijedi 550 hiljada eura, izgradnja javne rasvjete od biv\u0161eg Ferijalnog do centra \u0160toja 200.000, a sanitarne deponije pola miliona eura.<br \/>\nZa ure?enje centra Vladmira, vlast planira da izdvoji 300 hiljada eura, a za poplo?avanje trotoara sa obje strane Bulevara Skenderbeg 250 hiljada.<br \/>\nPred odbornicima na usvajanje na?i ?e se i zavr\u0161ni ra?un za pro\u0161lu godinu.<br \/>\nOd 7.350.000 eura, koliko je bilo planirano rebalansom bud\u017eeta, ostvareno je oko sedam miliona.<\/p>\n<p><strong>S.A<br \/>\n<a href=\"http:\/\/www.vijesti.me\/index.php?id_pre=324242&amp;godina=2009\" target=\"_blank\">Vijesti<\/a><\/strong><\/p>\n<p><strong><\/strong><!--YouTube Error: bad URL entered--><\/p>\n","protected":false},"excerpt":{"rendered":"<p>Ulcinj &#8211; Odbornici u ulcinjskom parlamentu na sjednici krajem mjeseca raspravlja?e o rebalansu bud\u017eeta za ovu godinu, koji je umanjen za oko 11 miliona eura i bud\u017eetu za 2010, planiranom u iznosu od 12.806.000 eura. Od ambicioznog bud\u017eeta za ovu godinu, planiranog u iznosu od 16.220.000 eura, realizovano je svega 5,5 miliona. Za katastrofalnu realizaciju [&hellip;]<\/p>\n","protected":false},"author":1,"featured_media":0,"comment_status":"open","ping_status":"closed","sticky":false,"template":"","format":"standard","meta":{"spay_email":"","jetpack_publicize_message":"","jetpack_is_tweetstorm":false,"jetpack_publicize_feature_enabled":true},"categories":[8337],"tags":[12979,12980],"jetpack_publicize_connections":[],"yoast_head":"<!-- This site is optimized with the Yoast SEO plugin v19.1 - https:\/\/yoast.com\/wordpress\/plugins\/seo\/ -->\n<title>Kasa Ulcinja \u201etanja\u201d za 11 miliona - Lajme nga Ulqini<\/title>\n<meta name=\"description\" content=\"Ulcinj - Odbornici u ulcinjskom parlamentu na sjednici krajem mjeseca raspravlja?e o rebalansu bud\u017eeta za ovu godinu, koji je umanjen za oko 11 miliona\" \/>\n<meta name=\"robots\" content=\"index, follow, max-snippet:-1, max-image-preview:large, max-video-preview:-1\" \/>\n<link rel=\"canonical\" href=\"https:\/\/www.visit-ulcinj.com\/blog\/2009\/12\/07\/kasa-ulcinja-\u201etanja\u201d-za-11-miliona\/\" \/>\n<meta property=\"og:locale\" content=\"en_US\" \/>\n<meta property=\"og:type\" content=\"article\" \/>\n<meta property=\"og:title\" content=\"Kasa Ulcinja \u201etanja\u201d za 11 miliona - Lajme nga Ulqini\" \/>\n<meta property=\"og:description\" content=\"Ulcinj - Odbornici u ulcinjskom parlamentu na sjednici krajem mjeseca raspravlja?e o rebalansu bud\u017eeta za ovu godinu, koji je umanjen za oko 11 miliona\" \/>\n<meta property=\"og:url\" content=\"https:\/\/www.visit-ulcinj.com\/blog\/2009\/12\/07\/kasa-ulcinja-\u201etanja\u201d-za-11-miliona\/\" \/>\n<meta property=\"og:site_name\" content=\"Lajme nga Ulqini\" \/>\n<meta property=\"article:published_time\" content=\"2009-12-07T18:10:15+00:00\" \/>\n<meta property=\"article:modified_time\" content=\"2010-12-15T18:46:34+00:00\" \/>\n<meta name=\"twitter:label1\" content=\"Written by\" \/>\n\t<meta name=\"twitter:data1\" content=\"ulqini\" \/>\n\t<meta name=\"twitter:label2\" content=\"Est. reading time\" \/>\n\t<meta name=\"twitter:data2\" content=\"2 minutes\" \/>\n<script type=\"application\/ld+json\" class=\"yoast-schema-graph\">{\"@context\":\"https:\/\/schema.org\",\"@graph\":[{\"@type\":\"WebSite\",\"@id\":\"https:\/\/www.visit-ulcinj.com\/blog\/#website\",\"url\":\"https:\/\/www.visit-ulcinj.com\/blog\/\",\"name\":\"Lajme nga Ulqini\",\"description\":\"Lajme,Vijesti,Ulqini,Ulqin,Crna Gora,Mali i Zi\",\"potentialAction\":[{\"@type\":\"SearchAction\",\"target\":{\"@type\":\"EntryPoint\",\"urlTemplate\":\"https:\/\/www.visit-ulcinj.com\/blog\/?s={search_term_string}\"},\"query-input\":\"required name=search_term_string\"}],\"inLanguage\":\"en-US\"},{\"@type\":\"WebPage\",\"@id\":\"https:\/\/www.visit-ulcinj.com\/blog\/2009\/12\/07\/kasa-ulcinja-%e2%80%9etanja%e2%80%9d-za-11-miliona\/#webpage\",\"url\":\"https:\/\/www.visit-ulcinj.com\/blog\/2009\/12\/07\/kasa-ulcinja-%e2%80%9etanja%e2%80%9d-za-11-miliona\/\",\"name\":\"Kasa Ulcinja \u201etanja\u201d za 11 miliona - Lajme nga Ulqini\",\"isPartOf\":{\"@id\":\"https:\/\/www.visit-ulcinj.com\/blog\/#website\"},\"datePublished\":\"2009-12-07T18:10:15+00:00\",\"dateModified\":\"2010-12-15T18:46:34+00:00\",\"author\":{\"@id\":\"https:\/\/www.visit-ulcinj.com\/blog\/#\/schema\/person\/dcab619c614d3038751c63bc2aadc06d\"},\"description\":\"Ulcinj - Odbornici u ulcinjskom parlamentu na sjednici krajem mjeseca raspravlja?e o rebalansu bud\u017eeta za ovu godinu, koji je umanjen za oko 11 miliona\",\"breadcrumb\":{\"@id\":\"https:\/\/www.visit-ulcinj.com\/blog\/2009\/12\/07\/kasa-ulcinja-%e2%80%9etanja%e2%80%9d-za-11-miliona\/#breadcrumb\"},\"inLanguage\":\"en-US\",\"potentialAction\":[{\"@type\":\"ReadAction\",\"target\":[\"https:\/\/www.visit-ulcinj.com\/blog\/2009\/12\/07\/kasa-ulcinja-%e2%80%9etanja%e2%80%9d-za-11-miliona\/\"]}]},{\"@type\":\"BreadcrumbList\",\"@id\":\"https:\/\/www.visit-ulcinj.com\/blog\/2009\/12\/07\/kasa-ulcinja-%e2%80%9etanja%e2%80%9d-za-11-miliona\/#breadcrumb\",\"itemListElement\":[{\"@type\":\"ListItem\",\"position\":1,\"name\":\"Kasa Ulcinja \u201etanja\u201d za 11 miliona\"}]},{\"@type\":\"Person\",\"@id\":\"https:\/\/www.visit-ulcinj.com\/blog\/#\/schema\/person\/dcab619c614d3038751c63bc2aadc06d\",\"name\":\"ulqini\",\"sameAs\":[\"http:\/\/www.visit-ulcinj.com\"],\"url\":\"https:\/\/www.visit-ulcinj.com\/blog\/author\/admin\/\"}]}<\/script>\n<!-- \/ Yoast SEO plugin. -->","yoast_head_json":{"title":"Kasa Ulcinja \u201etanja\u201d za 11 miliona - Lajme nga Ulqini","description":"Ulcinj - Odbornici u ulcinjskom parlamentu na sjednici krajem mjeseca raspravlja?e o rebalansu bud\u017eeta za ovu godinu, koji je umanjen za oko 11 miliona","robots":{"index":"index","follow":"follow","max-snippet":"max-snippet:-1","max-image-preview":"max-image-preview:large","max-video-preview":"max-video-preview:-1"},"canonical":"https:\/\/www.visit-ulcinj.com\/blog\/2009\/12\/07\/kasa-ulcinja-\u201etanja\u201d-za-11-miliona\/","og_locale":"en_US","og_type":"article","og_title":"Kasa Ulcinja \u201etanja\u201d za 11 miliona - Lajme nga Ulqini","og_description":"Ulcinj - Odbornici u ulcinjskom parlamentu na sjednici krajem mjeseca raspravlja?e o rebalansu bud\u017eeta za ovu godinu, koji je umanjen za oko 11 miliona","og_url":"https:\/\/www.visit-ulcinj.com\/blog\/2009\/12\/07\/kasa-ulcinja-\u201etanja\u201d-za-11-miliona\/","og_site_name":"Lajme nga Ulqini","article_published_time":"2009-12-07T18:10:15+00:00","article_modified_time":"2010-12-15T18:46:34+00:00","twitter_misc":{"Written by":"ulqini","Est. reading time":"2 minutes"},"schema":{"@context":"https:\/\/schema.org","@graph":[{"@type":"WebSite","@id":"https:\/\/www.visit-ulcinj.com\/blog\/#website","url":"https:\/\/www.visit-ulcinj.com\/blog\/","name":"Lajme nga Ulqini","description":"Lajme,Vijesti,Ulqini,Ulqin,Crna Gora,Mali i Zi","potentialAction":[{"@type":"SearchAction","target":{"@type":"EntryPoint","urlTemplate":"https:\/\/www.visit-ulcinj.com\/blog\/?s={search_term_string}"},"query-input":"required name=search_term_string"}],"inLanguage":"en-US"},{"@type":"WebPage","@id":"https:\/\/www.visit-ulcinj.com\/blog\/2009\/12\/07\/kasa-ulcinja-%e2%80%9etanja%e2%80%9d-za-11-miliona\/#webpage","url":"https:\/\/www.visit-ulcinj.com\/blog\/2009\/12\/07\/kasa-ulcinja-%e2%80%9etanja%e2%80%9d-za-11-miliona\/","name":"Kasa Ulcinja \u201etanja\u201d za 11 miliona - Lajme nga Ulqini","isPartOf":{"@id":"https:\/\/www.visit-ulcinj.com\/blog\/#website"},"datePublished":"2009-12-07T18:10:15+00:00","dateModified":"2010-12-15T18:46:34+00:00","author":{"@id":"https:\/\/www.visit-ulcinj.com\/blog\/#\/schema\/person\/dcab619c614d3038751c63bc2aadc06d"},"description":"Ulcinj - Odbornici u ulcinjskom parlamentu na sjednici krajem mjeseca raspravlja?e o rebalansu bud\u017eeta za ovu godinu, koji je umanjen za oko 11 miliona","breadcrumb":{"@id":"https:\/\/www.visit-ulcinj.com\/blog\/2009\/12\/07\/kasa-ulcinja-%e2%80%9etanja%e2%80%9d-za-11-miliona\/#breadcrumb"},"inLanguage":"en-US","potentialAction":[{"@type":"ReadAction","target":["https:\/\/www.visit-ulcinj.com\/blog\/2009\/12\/07\/kasa-ulcinja-%e2%80%9etanja%e2%80%9d-za-11-miliona\/"]}]},{"@type":"BreadcrumbList","@id":"https:\/\/www.visit-ulcinj.com\/blog\/2009\/12\/07\/kasa-ulcinja-%e2%80%9etanja%e2%80%9d-za-11-miliona\/#breadcrumb","itemListElement":[{"@type":"ListItem","position":1,"name":"Kasa Ulcinja \u201etanja\u201d za 11 miliona"}]},{"@type":"Person","@id":"https:\/\/www.visit-ulcinj.com\/blog\/#\/schema\/person\/dcab619c614d3038751c63bc2aadc06d","name":"ulqini","sameAs":["http:\/\/www.visit-ulcinj.com"],"url":"https:\/\/www.visit-ulcinj.com\/blog\/author\/admin\/"}]}},"jetpack_featured_media_url":"","jetpack_sharing_enabled":true,"jetpack_shortlink":"https:\/\/wp.me\/pe6lTn-7hb","_links":{"self":[{"href":"https:\/\/www.visit-ulcinj.com\/blog\/wp-json\/wp\/v2\/posts\/27973"}],"collection":[{"href":"https:\/\/www.visit-ulcinj.com\/blog\/wp-json\/wp\/v2\/posts"}],"about":[{"href":"https:\/\/www.visit-ulcinj.com\/blog\/wp-json\/wp\/v2\/types\/post"}],"author":[{"embeddable":true,"href":"https:\/\/www.visit-ulcinj.com\/blog\/wp-json\/wp\/v2\/users\/1"}],"replies":[{"embeddable":true,"href":"https:\/\/www.visit-ulcinj.com\/blog\/wp-json\/wp\/v2\/comments?post=27973"}],"version-history":[{"count":0,"href":"https:\/\/www.visit-ulcinj.com\/blog\/wp-json\/wp\/v2\/posts\/27973\/revisions"}],"wp:attachment":[{"href":"https:\/\/www.visit-ulcinj.com\/blog\/wp-json\/wp\/v2\/media?parent=27973"}],"wp:term":[{"taxonomy":"category","embeddable":true,"href":"https:\/\/www.visit-ulcinj.com\/blog\/wp-json\/wp\/v2\/categories?post=27973"},{"taxonomy":"post_tag","embeddable":true,"href":"https:\/\/www.visit-ulcinj.com\/blog\/wp-json\/wp\/v2\/tags?post=27973"}],"curies":[{"name":"wp","href":"https:\/\/api.w.org\/{rel}","templated":true}]}}