{"id":27990,"date":"2009-12-08T20:23:36","date_gmt":"2009-12-08T18:23:36","guid":{"rendered":"http:\/\/www.visit-ulcinj.com\/blog\/?p=27990"},"modified":"2009-12-08T20:27:44","modified_gmt":"2009-12-08T18:27:44","slug":"gradonacelnici-bara-i-ulcinja-zarko-pavicevic-i-gzim-hajdinagau-akciji-protiv-divljih-graditelja-bara-i-ulcinja","status":"publish","type":"post","link":"https:\/\/www.visit-ulcinj.com\/blog\/2009\/12\/08\/gradonacelnici-bara-i-ulcinja-zarko-pavicevic-i-gzim-hajdinagau-akciji-protiv-divljih-graditelja-bara-i-ulcinja\/","title":{"rendered":"Gradona?elnici Bara i Ulcinja \u017darko Pavi?evi? i Gzim Hajdinaga,u akciji protiv divljih graditelja Bara i Ulcinja"},"content":{"rendered":"<p><strong><a href=\"http:\/\/www.visit-ulcinj.com\/blog\/wp-content\/uploads\/2009\/12\/Gradona?elnik-Bara-i-Ulcinja-\u017darkom-Pavi?evi?em-_-Gzim-Hajdinaga.jpg\"><img loading=\"lazy\" class=\"alignleft size-full wp-image-27991\" title=\"Gradona?elnik Bara i Ulcinja \u017darkom Pavi?evi?em _ Gzim Hajdinaga\" src=\"http:\/\/www.visit-ulcinj.com\/blog\/wp-content\/uploads\/2009\/12\/Gradona?elnik-Bara-i-Ulcinja-\u017darkom-Pavi?evi?em-_-Gzim-Hajdinaga.jpg\" alt=\"Gradona?elnik Bara i Ulcinja \u017darkom Pavi?evi?em _ Gzim Hajdinaga\" width=\"580\" height=\"400\" \/><\/a>Po?injemo odmah<\/strong><br \/>\nPodgorica &#8211; Sastankom zajedni?kog tima sa gradona?elnicima Bara i Ulcinja \u017darkom Pavi?evi?em i Gzimom Hajdinagom ju?e su zapo?ele aktivnosti na realizaciji Memoranduma o saradnji u spre?avanju, otkrivanju i gonjenju po?inilaca krivi?nih djela protiv \u017eivotne sredine.<br \/>\nMinistarstvo ure?enja prostora objavilo je da je u cilju za\u0161tite prostora i \u017eivotne sredine od gra?enja bez dozvole i protivpravnog priklju?enja na tehni?ku strukturu, ono u saradnji sa Ministarstvom pravde, vrhovnim dr\u017eavnim tu\u017eila\u0161tvom i Upravom policije, potpisalo Memorandum o saradnji u spre?avanju, otkrivanju i gonjenju izvr\u0161ilaca krivi?nih djela protiv \u017eivotne sredine.<br \/>\n\u201cDogovoreno je da ?e se ubudu?e saradnja odvijati kroz rad zajedni?kih-lokalnih timova u ?ijem sastavu su predstavnik policije i inspektor Ministarstva ure?enja prostora i za\u0161tite \u017eivotne sredine, a kojima koordinira nadle\u017eni osnovni tu\u017eilac, uz u?e\u0161?e drugih inspekcija i slu\u017ebi lokalne samouprave\u201d, navodi se u obavje\u0161tenju Ministarstva.<br \/>\nAkcija po?inje danas poja?anim intenzitetom, po?ev\u0161i od zajedni?kih-lokalnih timova u op\u0161tinama Bar i Ulcinj.<\/p>\n<p><strong>R.G.<br \/>\n<a href=\"http:\/\/www.vijesti.me\/index.php?id_pre=324338&amp;godina=2009\" target=\"_blank\">Vijesti<\/a><\/strong><\/p>\n<p><strong><!--YouTube Error: bad URL entered--><br \/>\n<\/strong><\/p>\n","protected":false},"excerpt":{"rendered":"<p>Po?injemo odmah Podgorica &#8211; Sastankom zajedni?kog tima sa gradona?elnicima Bara i Ulcinja \u017darkom Pavi?evi?em i Gzimom Hajdinagom ju?e su zapo?ele aktivnosti na realizaciji Memoranduma o saradnji u spre?avanju, otkrivanju i gonjenju po?inilaca krivi?nih djela protiv \u017eivotne sredine. Ministarstvo ure?enja prostora objavilo je da je u cilju za\u0161tite prostora i \u017eivotne sredine od gra?enja bez dozvole [&hellip;]<\/p>\n","protected":false},"author":1,"featured_media":0,"comment_status":"open","ping_status":"closed","sticky":false,"template":"","format":"standard","meta":{"spay_email":"","jetpack_publicize_message":"","jetpack_is_tweetstorm":false,"jetpack_publicize_feature_enabled":true},"categories":[8337],"tags":[12988],"jetpack_publicize_connections":[],"yoast_head":"<!-- This site is optimized with the Yoast SEO plugin v19.1 - https:\/\/yoast.com\/wordpress\/plugins\/seo\/ -->\n<title>Gradona?elnici Bara i Ulcinja \u017darko Pavi?evi? i Gzim Hajdinaga,u akciji protiv divljih graditelja Bara i Ulcinja - Lajme nga Ulqini<\/title>\n<meta name=\"description\" content=\"Po?injemo odmah Podgorica - Sastankom zajedni?kog tima sa gradona?elnicima Bara i Ulcinja \u017darkom Pavi?evi?em i Gzimom Hajdinagom ju?e su zapo?ele\" \/>\n<meta name=\"robots\" content=\"index, follow, max-snippet:-1, max-image-preview:large, max-video-preview:-1\" \/>\n<link rel=\"canonical\" href=\"https:\/\/www.visit-ulcinj.com\/blog\/2009\/12\/08\/gradonacelnici-bara-i-ulcinja-zarko-pavicevic-i-gzim-hajdinagau-akciji-protiv-divljih-graditelja-bara-i-ulcinja\/\" \/>\n<meta property=\"og:locale\" content=\"en_US\" \/>\n<meta property=\"og:type\" content=\"article\" \/>\n<meta property=\"og:title\" content=\"Gradona?elnici Bara i Ulcinja \u017darko Pavi?evi? i Gzim Hajdinaga,u akciji protiv divljih graditelja Bara i Ulcinja - Lajme nga Ulqini\" \/>\n<meta property=\"og:description\" content=\"Po?injemo odmah Podgorica - Sastankom zajedni?kog tima sa gradona?elnicima Bara i Ulcinja \u017darkom Pavi?evi?em i Gzimom Hajdinagom ju?e su zapo?ele\" \/>\n<meta property=\"og:url\" content=\"https:\/\/www.visit-ulcinj.com\/blog\/2009\/12\/08\/gradonacelnici-bara-i-ulcinja-zarko-pavicevic-i-gzim-hajdinagau-akciji-protiv-divljih-graditelja-bara-i-ulcinja\/\" \/>\n<meta property=\"og:site_name\" content=\"Lajme nga Ulqini\" \/>\n<meta property=\"article:published_time\" content=\"2009-12-08T18:23:36+00:00\" \/>\n<meta property=\"article:modified_time\" content=\"2009-12-08T18:27:44+00:00\" \/>\n<meta name=\"twitter:label1\" content=\"Written by\" \/>\n\t<meta name=\"twitter:data1\" content=\"ulqini\" \/>\n\t<meta name=\"twitter:label2\" content=\"Est. reading time\" \/>\n\t<meta name=\"twitter:data2\" content=\"1 minute\" \/>\n<script type=\"application\/ld+json\" class=\"yoast-schema-graph\">{\"@context\":\"https:\/\/schema.org\",\"@graph\":[{\"@type\":\"WebSite\",\"@id\":\"https:\/\/www.visit-ulcinj.com\/blog\/#website\",\"url\":\"https:\/\/www.visit-ulcinj.com\/blog\/\",\"name\":\"Lajme nga Ulqini\",\"description\":\"Lajme,Vijesti,Ulqini,Ulqin,Crna Gora,Mali i Zi\",\"potentialAction\":[{\"@type\":\"SearchAction\",\"target\":{\"@type\":\"EntryPoint\",\"urlTemplate\":\"https:\/\/www.visit-ulcinj.com\/blog\/?s={search_term_string}\"},\"query-input\":\"required name=search_term_string\"}],\"inLanguage\":\"en-US\"},{\"@type\":\"WebPage\",\"@id\":\"https:\/\/www.visit-ulcinj.com\/blog\/2009\/12\/08\/gradonacelnici-bara-i-ulcinja-zarko-pavicevic-i-gzim-hajdinagau-akciji-protiv-divljih-graditelja-bara-i-ulcinja\/#webpage\",\"url\":\"https:\/\/www.visit-ulcinj.com\/blog\/2009\/12\/08\/gradonacelnici-bara-i-ulcinja-zarko-pavicevic-i-gzim-hajdinagau-akciji-protiv-divljih-graditelja-bara-i-ulcinja\/\",\"name\":\"Gradona?elnici Bara i Ulcinja \u017darko Pavi?evi? i Gzim Hajdinaga,u akciji protiv divljih graditelja Bara i Ulcinja - Lajme nga Ulqini\",\"isPartOf\":{\"@id\":\"https:\/\/www.visit-ulcinj.com\/blog\/#website\"},\"datePublished\":\"2009-12-08T18:23:36+00:00\",\"dateModified\":\"2009-12-08T18:27:44+00:00\",\"author\":{\"@id\":\"https:\/\/www.visit-ulcinj.com\/blog\/#\/schema\/person\/dcab619c614d3038751c63bc2aadc06d\"},\"description\":\"Po?injemo odmah Podgorica - Sastankom zajedni?kog tima sa gradona?elnicima Bara i Ulcinja \u017darkom Pavi?evi?em i Gzimom Hajdinagom ju?e su zapo?ele\",\"breadcrumb\":{\"@id\":\"https:\/\/www.visit-ulcinj.com\/blog\/2009\/12\/08\/gradonacelnici-bara-i-ulcinja-zarko-pavicevic-i-gzim-hajdinagau-akciji-protiv-divljih-graditelja-bara-i-ulcinja\/#breadcrumb\"},\"inLanguage\":\"en-US\",\"potentialAction\":[{\"@type\":\"ReadAction\",\"target\":[\"https:\/\/www.visit-ulcinj.com\/blog\/2009\/12\/08\/gradonacelnici-bara-i-ulcinja-zarko-pavicevic-i-gzim-hajdinagau-akciji-protiv-divljih-graditelja-bara-i-ulcinja\/\"]}]},{\"@type\":\"BreadcrumbList\",\"@id\":\"https:\/\/www.visit-ulcinj.com\/blog\/2009\/12\/08\/gradonacelnici-bara-i-ulcinja-zarko-pavicevic-i-gzim-hajdinagau-akciji-protiv-divljih-graditelja-bara-i-ulcinja\/#breadcrumb\",\"itemListElement\":[{\"@type\":\"ListItem\",\"position\":1,\"name\":\"Gradona?elnici Bara i Ulcinja \u017darko Pavi?evi? i Gzim Hajdinaga,u akciji protiv divljih graditelja Bara i Ulcinja\"}]},{\"@type\":\"Person\",\"@id\":\"https:\/\/www.visit-ulcinj.com\/blog\/#\/schema\/person\/dcab619c614d3038751c63bc2aadc06d\",\"name\":\"ulqini\",\"sameAs\":[\"http:\/\/www.visit-ulcinj.com\"],\"url\":\"https:\/\/www.visit-ulcinj.com\/blog\/author\/admin\/\"}]}<\/script>\n<!-- \/ Yoast SEO plugin. -->","yoast_head_json":{"title":"Gradona?elnici Bara i Ulcinja \u017darko Pavi?evi? i Gzim Hajdinaga,u akciji protiv divljih graditelja Bara i Ulcinja - Lajme nga Ulqini","description":"Po?injemo odmah Podgorica - Sastankom zajedni?kog tima sa gradona?elnicima Bara i Ulcinja \u017darkom Pavi?evi?em i Gzimom Hajdinagom ju?e su zapo?ele","robots":{"index":"index","follow":"follow","max-snippet":"max-snippet:-1","max-image-preview":"max-image-preview:large","max-video-preview":"max-video-preview:-1"},"canonical":"https:\/\/www.visit-ulcinj.com\/blog\/2009\/12\/08\/gradonacelnici-bara-i-ulcinja-zarko-pavicevic-i-gzim-hajdinagau-akciji-protiv-divljih-graditelja-bara-i-ulcinja\/","og_locale":"en_US","og_type":"article","og_title":"Gradona?elnici Bara i Ulcinja \u017darko Pavi?evi? i Gzim Hajdinaga,u akciji protiv divljih graditelja Bara i Ulcinja - Lajme nga Ulqini","og_description":"Po?injemo odmah Podgorica - Sastankom zajedni?kog tima sa gradona?elnicima Bara i Ulcinja \u017darkom Pavi?evi?em i Gzimom Hajdinagom ju?e su zapo?ele","og_url":"https:\/\/www.visit-ulcinj.com\/blog\/2009\/12\/08\/gradonacelnici-bara-i-ulcinja-zarko-pavicevic-i-gzim-hajdinagau-akciji-protiv-divljih-graditelja-bara-i-ulcinja\/","og_site_name":"Lajme nga Ulqini","article_published_time":"2009-12-08T18:23:36+00:00","article_modified_time":"2009-12-08T18:27:44+00:00","twitter_misc":{"Written by":"ulqini","Est. reading time":"1 minute"},"schema":{"@context":"https:\/\/schema.org","@graph":[{"@type":"WebSite","@id":"https:\/\/www.visit-ulcinj.com\/blog\/#website","url":"https:\/\/www.visit-ulcinj.com\/blog\/","name":"Lajme nga Ulqini","description":"Lajme,Vijesti,Ulqini,Ulqin,Crna Gora,Mali i Zi","potentialAction":[{"@type":"SearchAction","target":{"@type":"EntryPoint","urlTemplate":"https:\/\/www.visit-ulcinj.com\/blog\/?s={search_term_string}"},"query-input":"required name=search_term_string"}],"inLanguage":"en-US"},{"@type":"WebPage","@id":"https:\/\/www.visit-ulcinj.com\/blog\/2009\/12\/08\/gradonacelnici-bara-i-ulcinja-zarko-pavicevic-i-gzim-hajdinagau-akciji-protiv-divljih-graditelja-bara-i-ulcinja\/#webpage","url":"https:\/\/www.visit-ulcinj.com\/blog\/2009\/12\/08\/gradonacelnici-bara-i-ulcinja-zarko-pavicevic-i-gzim-hajdinagau-akciji-protiv-divljih-graditelja-bara-i-ulcinja\/","name":"Gradona?elnici Bara i Ulcinja \u017darko Pavi?evi? i Gzim Hajdinaga,u akciji protiv divljih graditelja Bara i Ulcinja - Lajme nga Ulqini","isPartOf":{"@id":"https:\/\/www.visit-ulcinj.com\/blog\/#website"},"datePublished":"2009-12-08T18:23:36+00:00","dateModified":"2009-12-08T18:27:44+00:00","author":{"@id":"https:\/\/www.visit-ulcinj.com\/blog\/#\/schema\/person\/dcab619c614d3038751c63bc2aadc06d"},"description":"Po?injemo odmah Podgorica - Sastankom zajedni?kog tima sa gradona?elnicima Bara i Ulcinja \u017darkom Pavi?evi?em i Gzimom Hajdinagom ju?e su zapo?ele","breadcrumb":{"@id":"https:\/\/www.visit-ulcinj.com\/blog\/2009\/12\/08\/gradonacelnici-bara-i-ulcinja-zarko-pavicevic-i-gzim-hajdinagau-akciji-protiv-divljih-graditelja-bara-i-ulcinja\/#breadcrumb"},"inLanguage":"en-US","potentialAction":[{"@type":"ReadAction","target":["https:\/\/www.visit-ulcinj.com\/blog\/2009\/12\/08\/gradonacelnici-bara-i-ulcinja-zarko-pavicevic-i-gzim-hajdinagau-akciji-protiv-divljih-graditelja-bara-i-ulcinja\/"]}]},{"@type":"BreadcrumbList","@id":"https:\/\/www.visit-ulcinj.com\/blog\/2009\/12\/08\/gradonacelnici-bara-i-ulcinja-zarko-pavicevic-i-gzim-hajdinagau-akciji-protiv-divljih-graditelja-bara-i-ulcinja\/#breadcrumb","itemListElement":[{"@type":"ListItem","position":1,"name":"Gradona?elnici Bara i Ulcinja \u017darko Pavi?evi? i Gzim Hajdinaga,u akciji protiv divljih graditelja Bara i Ulcinja"}]},{"@type":"Person","@id":"https:\/\/www.visit-ulcinj.com\/blog\/#\/schema\/person\/dcab619c614d3038751c63bc2aadc06d","name":"ulqini","sameAs":["http:\/\/www.visit-ulcinj.com"],"url":"https:\/\/www.visit-ulcinj.com\/blog\/author\/admin\/"}]}},"jetpack_featured_media_url":"","jetpack_sharing_enabled":true,"jetpack_shortlink":"https:\/\/wp.me\/pe6lTn-7hs","_links":{"self":[{"href":"https:\/\/www.visit-ulcinj.com\/blog\/wp-json\/wp\/v2\/posts\/27990"}],"collection":[{"href":"https:\/\/www.visit-ulcinj.com\/blog\/wp-json\/wp\/v2\/posts"}],"about":[{"href":"https:\/\/www.visit-ulcinj.com\/blog\/wp-json\/wp\/v2\/types\/post"}],"author":[{"embeddable":true,"href":"https:\/\/www.visit-ulcinj.com\/blog\/wp-json\/wp\/v2\/users\/1"}],"replies":[{"embeddable":true,"href":"https:\/\/www.visit-ulcinj.com\/blog\/wp-json\/wp\/v2\/comments?post=27990"}],"version-history":[{"count":0,"href":"https:\/\/www.visit-ulcinj.com\/blog\/wp-json\/wp\/v2\/posts\/27990\/revisions"}],"wp:attachment":[{"href":"https:\/\/www.visit-ulcinj.com\/blog\/wp-json\/wp\/v2\/media?parent=27990"}],"wp:term":[{"taxonomy":"category","embeddable":true,"href":"https:\/\/www.visit-ulcinj.com\/blog\/wp-json\/wp\/v2\/categories?post=27990"},{"taxonomy":"post_tag","embeddable":true,"href":"https:\/\/www.visit-ulcinj.com\/blog\/wp-json\/wp\/v2\/tags?post=27990"}],"curies":[{"name":"wp","href":"https:\/\/api.w.org\/{rel}","templated":true}]}}