{"id":28000,"date":"2009-12-09T19:09:46","date_gmt":"2009-12-09T17:09:46","guid":{"rendered":"http:\/\/www.visit-ulcinj.com\/blog\/?p=28000"},"modified":"2009-12-09T19:13:54","modified_gmt":"2009-12-09T17:13:54","slug":"granit-rexha-kampion-i-malit-te-zi","status":"publish","type":"post","link":"https:\/\/www.visit-ulcinj.com\/blog\/2009\/12\/09\/granit-rexha-kampion-i-malit-te-zi\/","title":{"rendered":"Granit Rexha kampion i Malit t\u00eb Zi"},"content":{"rendered":"<p><strong><a href=\"http:\/\/www.visit-ulcinj.com\/blog\/wp-content\/uploads\/2009\/12\/Granit-Rexha_Klubi-i-karates-Ulqini_Kampion-i-Malit-te-Zi.JPG\"><img loading=\"lazy\" class=\"alignleft size-full wp-image-28001\" title=\"Granit Rexha_Klubi i karates Ulqini_Kampion i Malit te Zi\" src=\"http:\/\/www.visit-ulcinj.com\/blog\/wp-content\/uploads\/2009\/12\/Granit-Rexha_Klubi-i-karates-Ulqini_Kampion-i-Malit-te-Zi.JPG\" alt=\"Granit Rexha_Klubi i karates Ulqini_Kampion i Malit te Zi\" width=\"369\" height=\"492\" srcset=\"https:\/\/www.visit-ulcinj.com\/blog\/wp-content\/uploads\/2009\/12\/Granit-Rexha_Klubi-i-karates-Ulqini_Kampion-i-Malit-te-Zi.JPG 819w, https:\/\/www.visit-ulcinj.com\/blog\/wp-content\/uploads\/2009\/12\/Granit-Rexha_Klubi-i-karates-Ulqini_Kampion-i-Malit-te-Zi-225x300.jpg 225w, https:\/\/www.visit-ulcinj.com\/blog\/wp-content\/uploads\/2009\/12\/Granit-Rexha_Klubi-i-karates-Ulqini_Kampion-i-Malit-te-Zi-768x1024.jpg 768w\" sizes=\"(max-width: 369px) 100vw, 369px\" \/><\/a>16 kampion\u00eb\u00a0 t\u00eb Malit t\u00eb Zi t\u00eb\u00a0 grupmoshave t\u00eb ndryshme n\u00eb\u00a0 vitin 2009 nga klubi i karates\u00eb \u201cUlqini\u201d <\/strong><br \/>\nT\u00eb diel\u00ebn, m\u00eb 29 n\u00ebntor 2009 n\u00eb Podgoric\u00eb u mbajt Kampionati i karates\u00eb s\u00eb Malit t\u00eb Zi p\u00ebr kadet\u00eb dhe junior\u00eb. Po t\u00eb nj\u00ebjt\u00ebn dit\u00eb n\u00eb Podgoric\u00eb u mbajt edhe Kupa e Malit t\u00eb Zi p\u00ebr fatosa, pionier\u00eb, shpresa dhe senior\u00eb t\u00eb rinj.<\/p>\n<p>Klubi i karates\u00eb \u201dUlqini\u201d u paraqit me 8 garues vet\u00ebm n\u00eb Kampionat.<\/p>\n<p>Nga radh\u00ebt e klubit t\u00eb karates\u00eb\u00a0 \u201dUlqini\u201d kampion i Malit t\u00eb Zi u shpall Granit Rexha n\u00eb luft\u00ebra individuale n\u00eb kategorin\u00eb +70kg p\u00ebr kadet\u00eb, i cili pati nj\u00eb paraqitje t\u00eb shk\u00eblqyeshme, duke qen\u00eb n\u00eb form\u00eb t\u00eb p\u00ebrkryer, nd\u00ebrsa n\u00ebnkampion i Malit t\u00eb Zi u shpall Ramazan Gjeka po n\u00eb luft\u00ebra individuale n\u00eb kategorin\u00eb +63kg p\u00ebr kadet\u00eb t\u00eb rinj. Me medalje t\u00eb bronzta u kuror\u00ebzuan Petar Barlloviq, Radica Dashiq, Lulzim Suma dhe Edmond Aliq, t\u00eb gjith\u00eb n\u00eb luft\u00ebra individuale.<\/p>\n<p>Ky ishte kampionati i fundit p\u00ebr k\u00ebt\u00eb vit dhe nga rradh\u00ebt e Klubit t\u00eb karates\u00eb \u201cUlqini\u201d gjat\u00eb t\u00ebr\u00eb vitit jan\u00eb shpall\u00eb 16 kampion\u00eb t\u00eb Malit t\u00eb Zi t\u00eb gjeneratave t\u00eb ndryshme: 13 kampion\u00eb n\u00eb disiplinat individuale dhe 3 kampion\u00eb n\u00eb disiplin\u00ebn ekipore.<\/p>\n<p>Kampion\u00eb\u00a0 t\u00eb Malit t\u00eb Zi n\u00eb disiplinat individuale u shpall\u00ebn k\u00ebta garues:<\/p>\n<p>Edisa Shaba, Albion Duraku, Gabriell Byty\u00e7i, Rexhep Shaba, Teufik Shurdha, Mark Daboviq, Katarina Marnikoviq, Izabella Ivanoviq, Andrea Llukiq, Edon Ceka, Bledar Kabashi dhe Shp\u00ebtim Gjeka; nd\u00ebrsa kampion\u00eb n\u00eb disiplin\u00ebn ekipore u shpall\u00ebn Nermin Suma, Gentian Kaleziq dhe Dorian Veliq.<\/p>\n<p>Udh\u00ebheq\u00ebsia e klubit t\u00eb karates\u00eb \u201cUlqini\u201d fal\u00ebnderon sponzor\u00ebt t\u00eb cil\u00ebt ndihmuan pjes\u00ebmarrjen n\u00eb k\u00ebt\u00eb Kampionat: nd\u00ebrmarrjet \u201cCungu &amp; Co\u201d dhe \u201cGragja Comerc\u201d.<br \/>\n\n\t\t<style type=\"text\/css\">\n\t\t\t#gallery-1 {\n\t\t\t\tmargin: auto;\n\t\t\t}\n\t\t\t#gallery-1 .gallery-item {\n\t\t\t\tfloat: left;\n\t\t\t\tmargin-top: 10px;\n\t\t\t\ttext-align: center;\n\t\t\t\twidth: 33%;\n\t\t\t}\n\t\t\t#gallery-1 img {\n\t\t\t\tborder: 2px solid #cfcfcf;\n\t\t\t}\n\t\t\t#gallery-1 .gallery-caption {\n\t\t\t\tmargin-left: 0;\n\t\t\t}\n\t\t\t\/* see gallery_shortcode() in wp-includes\/media.php *\/\n\t\t<\/style>\n\t\t<div id='gallery-1' class='gallery galleryid-28000 gallery-columns-3 gallery-size-thumbnail'><dl class='gallery-item'>\n\t\t\t<dt class='gallery-icon portrait'>\n\t\t\t\t<a href='https:\/\/www.visit-ulcinj.com\/blog\/wp-content\/uploads\/2009\/12\/Granit-Rexha_Klubi-i-karates-Ulqini_Kampion-i-Malit-te-Zi.JPG'><img width=\"150\" height=\"150\" src=\"https:\/\/www.visit-ulcinj.com\/blog\/wp-content\/uploads\/2009\/12\/Granit-Rexha_Klubi-i-karates-Ulqini_Kampion-i-Malit-te-Zi-150x150.jpg\" class=\"attachment-thumbnail size-thumbnail\" alt=\"\" loading=\"lazy\" \/><\/a>\n\t\t\t<\/dt><\/dl><dl class='gallery-item'>\n\t\t\t<dt class='gallery-icon landscape'>\n\t\t\t\t<a href='https:\/\/www.visit-ulcinj.com\/blog\/wp-content\/uploads\/2009\/12\/Klubi-i-karates-Ulqini_1.jpg'><img width=\"150\" height=\"150\" src=\"https:\/\/www.visit-ulcinj.com\/blog\/wp-content\/uploads\/2009\/12\/Klubi-i-karates-Ulqini_1-150x150.jpg\" class=\"attachment-thumbnail size-thumbnail\" alt=\"\" loading=\"lazy\" \/><\/a>\n\t\t\t<\/dt><\/dl><dl class='gallery-item'>\n\t\t\t<dt class='gallery-icon '>\n\t\t\t\t<a href='https:\/\/www.visit-ulcinj.com\/blog\/wp-content\/uploads\/2009\/12\/Klubi-i-karates\u00c3\u00ab-Ulqini.JPG'><img width=\"1\" height=\"1\" src=\"https:\/\/www.visit-ulcinj.com\/blog\/wp-content\/uploads\/2009\/12\/Klubi-i-karates\u00c3\u00ab-Ulqini.JPG\" class=\"attachment-thumbnail size-thumbnail\" alt=\"\" loading=\"lazy\" \/><\/a>\n\t\t\t<\/dt><\/dl><br style=\"clear: both\" \/>\n\t\t<\/div>\n<\/p>\n<!--YouTube Error: bad URL entered-->\n","protected":false},"excerpt":{"rendered":"<p>16 kampion\u00eb\u00a0 t\u00eb Malit t\u00eb Zi t\u00eb\u00a0 grupmoshave t\u00eb ndryshme n\u00eb\u00a0 vitin 2009 nga klubi i karates\u00eb \u201cUlqini\u201d T\u00eb diel\u00ebn, m\u00eb 29 n\u00ebntor 2009 n\u00eb Podgoric\u00eb u mbajt Kampionati i karates\u00eb s\u00eb Malit t\u00eb Zi p\u00ebr kadet\u00eb dhe junior\u00eb. Po t\u00eb nj\u00ebjt\u00ebn dit\u00eb n\u00eb Podgoric\u00eb u mbajt edhe Kupa e Malit t\u00eb Zi p\u00ebr fatosa, [&hellip;]<\/p>\n","protected":false},"author":1,"featured_media":0,"comment_status":"open","ping_status":"closed","sticky":false,"template":"","format":"standard","meta":{"spay_email":"","jetpack_publicize_message":"","jetpack_is_tweetstorm":false,"jetpack_publicize_feature_enabled":true},"categories":[3],"tags":[2906,5844,2925,8979,2931,5853,2927,10586,7328,8982,2968,5841,2934,2929,2915,2073,10576,2922,2933,2928,9706,12990,12877],"jetpack_publicize_connections":[],"yoast_head":"<!-- This site is optimized with the Yoast SEO plugin v19.1 - https:\/\/yoast.com\/wordpress\/plugins\/seo\/ -->\n<title>Granit Rexha kampion i Malit t\u00eb Zi - Lajme nga Ulqini<\/title>\n<meta name=\"description\" content=\"16 kampion\u00eb\u00a0 t\u00eb Malit t\u00eb Zi t\u00eb\u00a0 grupmoshave t\u00eb ndryshme n\u00eb\u00a0 vitin 2009 nga klubi i karates\u00eb \u201cUlqini\u201d T\u00eb diel\u00ebn, m\u00eb 29 n\u00ebntor 2009 n\u00eb Podgoric\u00eb u mbajt\" \/>\n<meta name=\"robots\" content=\"index, follow, max-snippet:-1, max-image-preview:large, max-video-preview:-1\" \/>\n<link rel=\"canonical\" href=\"https:\/\/www.visit-ulcinj.com\/blog\/2009\/12\/09\/granit-rexha-kampion-i-malit-te-zi\/\" \/>\n<meta property=\"og:locale\" content=\"en_US\" \/>\n<meta property=\"og:type\" content=\"article\" \/>\n<meta property=\"og:title\" content=\"Granit Rexha kampion i Malit t\u00eb Zi - Lajme nga Ulqini\" \/>\n<meta property=\"og:description\" content=\"16 kampion\u00eb\u00a0 t\u00eb Malit t\u00eb Zi t\u00eb\u00a0 grupmoshave t\u00eb ndryshme n\u00eb\u00a0 vitin 2009 nga klubi i karates\u00eb \u201cUlqini\u201d T\u00eb diel\u00ebn, m\u00eb 29 n\u00ebntor 2009 n\u00eb Podgoric\u00eb u mbajt\" \/>\n<meta property=\"og:url\" content=\"https:\/\/www.visit-ulcinj.com\/blog\/2009\/12\/09\/granit-rexha-kampion-i-malit-te-zi\/\" \/>\n<meta property=\"og:site_name\" content=\"Lajme nga Ulqini\" \/>\n<meta property=\"article:published_time\" content=\"2009-12-09T17:09:46+00:00\" \/>\n<meta property=\"article:modified_time\" content=\"2009-12-09T17:13:54+00:00\" \/>\n<meta property=\"og:image\" content=\"https:\/\/www.visit-ulcinj.com\/blog\/wp-content\/uploads\/2009\/12\/Granit-Rexha_Klubi-i-karates-Ulqini_Kampion-i-Malit-te-Zi-150x150.jpg\" \/>\n<meta name=\"twitter:label1\" content=\"Written by\" \/>\n\t<meta name=\"twitter:data1\" content=\"ulqini\" \/>\n\t<meta name=\"twitter:label2\" content=\"Est. reading time\" \/>\n\t<meta name=\"twitter:data2\" content=\"2 minutes\" \/>\n<script type=\"application\/ld+json\" class=\"yoast-schema-graph\">{\"@context\":\"https:\/\/schema.org\",\"@graph\":[{\"@type\":\"WebSite\",\"@id\":\"https:\/\/www.visit-ulcinj.com\/blog\/#website\",\"url\":\"https:\/\/www.visit-ulcinj.com\/blog\/\",\"name\":\"Lajme nga Ulqini\",\"description\":\"Lajme,Vijesti,Ulqini,Ulqin,Crna Gora,Mali i Zi\",\"potentialAction\":[{\"@type\":\"SearchAction\",\"target\":{\"@type\":\"EntryPoint\",\"urlTemplate\":\"https:\/\/www.visit-ulcinj.com\/blog\/?s={search_term_string}\"},\"query-input\":\"required name=search_term_string\"}],\"inLanguage\":\"en-US\"},{\"@type\":\"ImageObject\",\"inLanguage\":\"en-US\",\"@id\":\"https:\/\/www.visit-ulcinj.com\/blog\/2009\/12\/09\/granit-rexha-kampion-i-malit-te-zi\/#primaryimage\",\"url\":\"https:\/\/www.visit-ulcinj.com\/blog\/wp-content\/uploads\/2009\/12\/Granit-Rexha_Klubi-i-karates-Ulqini_Kampion-i-Malit-te-Zi.JPG\",\"contentUrl\":\"https:\/\/www.visit-ulcinj.com\/blog\/wp-content\/uploads\/2009\/12\/Granit-Rexha_Klubi-i-karates-Ulqini_Kampion-i-Malit-te-Zi.JPG\",\"width\":\"819\",\"height\":\"1092\"},{\"@type\":\"WebPage\",\"@id\":\"https:\/\/www.visit-ulcinj.com\/blog\/2009\/12\/09\/granit-rexha-kampion-i-malit-te-zi\/#webpage\",\"url\":\"https:\/\/www.visit-ulcinj.com\/blog\/2009\/12\/09\/granit-rexha-kampion-i-malit-te-zi\/\",\"name\":\"Granit Rexha kampion i Malit t\u00eb Zi - Lajme nga Ulqini\",\"isPartOf\":{\"@id\":\"https:\/\/www.visit-ulcinj.com\/blog\/#website\"},\"primaryImageOfPage\":{\"@id\":\"https:\/\/www.visit-ulcinj.com\/blog\/2009\/12\/09\/granit-rexha-kampion-i-malit-te-zi\/#primaryimage\"},\"datePublished\":\"2009-12-09T17:09:46+00:00\",\"dateModified\":\"2009-12-09T17:13:54+00:00\",\"author\":{\"@id\":\"https:\/\/www.visit-ulcinj.com\/blog\/#\/schema\/person\/dcab619c614d3038751c63bc2aadc06d\"},\"description\":\"16 kampion\u00eb\u00a0 t\u00eb Malit t\u00eb Zi t\u00eb\u00a0 grupmoshave t\u00eb ndryshme n\u00eb\u00a0 vitin 2009 nga klubi i karates\u00eb \u201cUlqini\u201d T\u00eb diel\u00ebn, m\u00eb 29 n\u00ebntor 2009 n\u00eb Podgoric\u00eb u mbajt\",\"breadcrumb\":{\"@id\":\"https:\/\/www.visit-ulcinj.com\/blog\/2009\/12\/09\/granit-rexha-kampion-i-malit-te-zi\/#breadcrumb\"},\"inLanguage\":\"en-US\",\"potentialAction\":[{\"@type\":\"ReadAction\",\"target\":[\"https:\/\/www.visit-ulcinj.com\/blog\/2009\/12\/09\/granit-rexha-kampion-i-malit-te-zi\/\"]}]},{\"@type\":\"BreadcrumbList\",\"@id\":\"https:\/\/www.visit-ulcinj.com\/blog\/2009\/12\/09\/granit-rexha-kampion-i-malit-te-zi\/#breadcrumb\",\"itemListElement\":[{\"@type\":\"ListItem\",\"position\":1,\"name\":\"Granit Rexha kampion i Malit t\u00eb Zi\"}]},{\"@type\":\"Person\",\"@id\":\"https:\/\/www.visit-ulcinj.com\/blog\/#\/schema\/person\/dcab619c614d3038751c63bc2aadc06d\",\"name\":\"ulqini\",\"sameAs\":[\"http:\/\/www.visit-ulcinj.com\"],\"url\":\"https:\/\/www.visit-ulcinj.com\/blog\/author\/admin\/\"}]}<\/script>\n<!-- \/ Yoast SEO plugin. -->","yoast_head_json":{"title":"Granit Rexha kampion i Malit t\u00eb Zi - Lajme nga Ulqini","description":"16 kampion\u00eb\u00a0 t\u00eb Malit t\u00eb Zi t\u00eb\u00a0 grupmoshave t\u00eb ndryshme n\u00eb\u00a0 vitin 2009 nga klubi i karates\u00eb \u201cUlqini\u201d T\u00eb diel\u00ebn, m\u00eb 29 n\u00ebntor 2009 n\u00eb Podgoric\u00eb u mbajt","robots":{"index":"index","follow":"follow","max-snippet":"max-snippet:-1","max-image-preview":"max-image-preview:large","max-video-preview":"max-video-preview:-1"},"canonical":"https:\/\/www.visit-ulcinj.com\/blog\/2009\/12\/09\/granit-rexha-kampion-i-malit-te-zi\/","og_locale":"en_US","og_type":"article","og_title":"Granit Rexha kampion i Malit t\u00eb Zi - Lajme nga Ulqini","og_description":"16 kampion\u00eb\u00a0 t\u00eb Malit t\u00eb Zi t\u00eb\u00a0 grupmoshave t\u00eb ndryshme n\u00eb\u00a0 vitin 2009 nga klubi i karates\u00eb \u201cUlqini\u201d T\u00eb diel\u00ebn, m\u00eb 29 n\u00ebntor 2009 n\u00eb Podgoric\u00eb u mbajt","og_url":"https:\/\/www.visit-ulcinj.com\/blog\/2009\/12\/09\/granit-rexha-kampion-i-malit-te-zi\/","og_site_name":"Lajme nga Ulqini","article_published_time":"2009-12-09T17:09:46+00:00","article_modified_time":"2009-12-09T17:13:54+00:00","og_image":[{"url":"https:\/\/www.visit-ulcinj.com\/blog\/wp-content\/uploads\/2009\/12\/Granit-Rexha_Klubi-i-karates-Ulqini_Kampion-i-Malit-te-Zi-150x150.jpg"}],"twitter_misc":{"Written by":"ulqini","Est. reading time":"2 minutes"},"schema":{"@context":"https:\/\/schema.org","@graph":[{"@type":"WebSite","@id":"https:\/\/www.visit-ulcinj.com\/blog\/#website","url":"https:\/\/www.visit-ulcinj.com\/blog\/","name":"Lajme nga Ulqini","description":"Lajme,Vijesti,Ulqini,Ulqin,Crna Gora,Mali i Zi","potentialAction":[{"@type":"SearchAction","target":{"@type":"EntryPoint","urlTemplate":"https:\/\/www.visit-ulcinj.com\/blog\/?s={search_term_string}"},"query-input":"required name=search_term_string"}],"inLanguage":"en-US"},{"@type":"ImageObject","inLanguage":"en-US","@id":"https:\/\/www.visit-ulcinj.com\/blog\/2009\/12\/09\/granit-rexha-kampion-i-malit-te-zi\/#primaryimage","url":"https:\/\/www.visit-ulcinj.com\/blog\/wp-content\/uploads\/2009\/12\/Granit-Rexha_Klubi-i-karates-Ulqini_Kampion-i-Malit-te-Zi.JPG","contentUrl":"https:\/\/www.visit-ulcinj.com\/blog\/wp-content\/uploads\/2009\/12\/Granit-Rexha_Klubi-i-karates-Ulqini_Kampion-i-Malit-te-Zi.JPG","width":"819","height":"1092"},{"@type":"WebPage","@id":"https:\/\/www.visit-ulcinj.com\/blog\/2009\/12\/09\/granit-rexha-kampion-i-malit-te-zi\/#webpage","url":"https:\/\/www.visit-ulcinj.com\/blog\/2009\/12\/09\/granit-rexha-kampion-i-malit-te-zi\/","name":"Granit Rexha kampion i Malit t\u00eb Zi - Lajme nga Ulqini","isPartOf":{"@id":"https:\/\/www.visit-ulcinj.com\/blog\/#website"},"primaryImageOfPage":{"@id":"https:\/\/www.visit-ulcinj.com\/blog\/2009\/12\/09\/granit-rexha-kampion-i-malit-te-zi\/#primaryimage"},"datePublished":"2009-12-09T17:09:46+00:00","dateModified":"2009-12-09T17:13:54+00:00","author":{"@id":"https:\/\/www.visit-ulcinj.com\/blog\/#\/schema\/person\/dcab619c614d3038751c63bc2aadc06d"},"description":"16 kampion\u00eb\u00a0 t\u00eb Malit t\u00eb Zi t\u00eb\u00a0 grupmoshave t\u00eb ndryshme n\u00eb\u00a0 vitin 2009 nga klubi i karates\u00eb \u201cUlqini\u201d T\u00eb diel\u00ebn, m\u00eb 29 n\u00ebntor 2009 n\u00eb Podgoric\u00eb u mbajt","breadcrumb":{"@id":"https:\/\/www.visit-ulcinj.com\/blog\/2009\/12\/09\/granit-rexha-kampion-i-malit-te-zi\/#breadcrumb"},"inLanguage":"en-US","potentialAction":[{"@type":"ReadAction","target":["https:\/\/www.visit-ulcinj.com\/blog\/2009\/12\/09\/granit-rexha-kampion-i-malit-te-zi\/"]}]},{"@type":"BreadcrumbList","@id":"https:\/\/www.visit-ulcinj.com\/blog\/2009\/12\/09\/granit-rexha-kampion-i-malit-te-zi\/#breadcrumb","itemListElement":[{"@type":"ListItem","position":1,"name":"Granit Rexha kampion i Malit t\u00eb Zi"}]},{"@type":"Person","@id":"https:\/\/www.visit-ulcinj.com\/blog\/#\/schema\/person\/dcab619c614d3038751c63bc2aadc06d","name":"ulqini","sameAs":["http:\/\/www.visit-ulcinj.com"],"url":"https:\/\/www.visit-ulcinj.com\/blog\/author\/admin\/"}]}},"jetpack_featured_media_url":"","jetpack_sharing_enabled":true,"jetpack_shortlink":"https:\/\/wp.me\/pe6lTn-7hC","_links":{"self":[{"href":"https:\/\/www.visit-ulcinj.com\/blog\/wp-json\/wp\/v2\/posts\/28000"}],"collection":[{"href":"https:\/\/www.visit-ulcinj.com\/blog\/wp-json\/wp\/v2\/posts"}],"about":[{"href":"https:\/\/www.visit-ulcinj.com\/blog\/wp-json\/wp\/v2\/types\/post"}],"author":[{"embeddable":true,"href":"https:\/\/www.visit-ulcinj.com\/blog\/wp-json\/wp\/v2\/users\/1"}],"replies":[{"embeddable":true,"href":"https:\/\/www.visit-ulcinj.com\/blog\/wp-json\/wp\/v2\/comments?post=28000"}],"version-history":[{"count":0,"href":"https:\/\/www.visit-ulcinj.com\/blog\/wp-json\/wp\/v2\/posts\/28000\/revisions"}],"wp:attachment":[{"href":"https:\/\/www.visit-ulcinj.com\/blog\/wp-json\/wp\/v2\/media?parent=28000"}],"wp:term":[{"taxonomy":"category","embeddable":true,"href":"https:\/\/www.visit-ulcinj.com\/blog\/wp-json\/wp\/v2\/categories?post=28000"},{"taxonomy":"post_tag","embeddable":true,"href":"https:\/\/www.visit-ulcinj.com\/blog\/wp-json\/wp\/v2\/tags?post=28000"}],"curies":[{"name":"wp","href":"https:\/\/api.w.org\/{rel}","templated":true}]}}