{"id":28029,"date":"2009-12-09T21:21:33","date_gmt":"2009-12-09T19:21:33","guid":{"rendered":"http:\/\/www.visit-ulcinj.com\/blog\/?p=28029"},"modified":"2009-12-09T21:23:12","modified_gmt":"2009-12-09T19:23:12","slug":"aferdita-shetit-bashke-me-shpatin-ne-tiran","status":"publish","type":"post","link":"https:\/\/www.visit-ulcinj.com\/blog\/2009\/12\/09\/aferdita-shetit-bashke-me-shpatin-ne-tiran\/","title":{"rendered":"Af\u00ebrdita sh\u00ebtit bashk\u00eb me Shpatin n\u00eb Tiran"},"content":{"rendered":"<p><a href=\"http:\/\/www.visit-ulcinj.com\/blog\/wp-content\/uploads\/2009\/12\/Shpat-Kasapi_Aferdita-Dreshaj-2.jpg\"><img loading=\"lazy\" class=\"alignleft size-medium wp-image-28030\" title=\"Shpat Kasapi_Aferdita Dreshaj (2)\" src=\"http:\/\/www.visit-ulcinj.com\/blog\/wp-content\/uploads\/2009\/12\/Shpat-Kasapi_Aferdita-Dreshaj-2-246x300.jpg\" alt=\"Shpat Kasapi_Aferdita Dreshaj (2)\" width=\"246\" height=\"300\" \/><\/a>K\u00ebng\u00ebtarja Af\u00ebrdita Dreshaj pas festivalit \u201cK\u00ebnga Magjike\u201d ka filluar nj\u00eb turne vizitash n\u00ebp\u00ebr trojet shqiptare.<br \/>\nPasi ishte takuar me Shpat Kasapin n\u00eb Tiran\u00eb gjat\u00eb \u201cK\u00ebng\u00ebs Magjike\u201d, k\u00ebng\u00ebtarja dhe modelja ka udh\u00ebtuar n\u00eb Shkup, p\u00ebr t\u00eb vizituar pastaj Prishtin\u00ebn.<br \/>\nSipas nj\u00eb burimi t\u00eb af\u00ebrt me Dreshajn, thuhet se ajo do ta p\u00ebrfundoj\u00eb vizit\u00ebn e saj n\u00eb Malin e Zi dhe pastaj t\u00eb ateroj\u00eb p\u00ebr SHBA.<br \/>\nNdryshe, k\u00ebng\u00ebtarja ka marr\u00eb pjes\u00eb n\u00eb festivalin n\u00eb fjal\u00eb me nj\u00eb k\u00ebng\u00eb t\u00eb re, duke treguar se ajo e ka seriozisht ushtrimin e zejes s\u00eb muzik\u00ebs dhe se nuk e b\u00ebn k\u00ebt\u00eb vet\u00ebm p\u00ebr pasion.<\/p>\n<p><strong>Gazeta Express<\/strong><\/p>\n<p><strong><!--YouTube Error: bad URL entered--><br \/>\n<\/strong><\/p>\n","protected":false},"excerpt":{"rendered":"<p>K\u00ebng\u00ebtarja Af\u00ebrdita Dreshaj pas festivalit \u201cK\u00ebnga Magjike\u201d ka filluar nj\u00eb turne vizitash n\u00ebp\u00ebr trojet shqiptare. Pasi ishte takuar me Shpat Kasapin n\u00eb Tiran\u00eb gjat\u00eb \u201cK\u00ebng\u00ebs Magjike\u201d, k\u00ebng\u00ebtarja dhe modelja ka udh\u00ebtuar n\u00eb Shkup, p\u00ebr t\u00eb vizituar pastaj Prishtin\u00ebn. Sipas nj\u00eb burimi t\u00eb af\u00ebrt me Dreshajn, thuhet se ajo do ta p\u00ebrfundoj\u00eb vizit\u00ebn e saj n\u00eb [&hellip;]<\/p>\n","protected":false},"author":1,"featured_media":0,"comment_status":"open","ping_status":"closed","sticky":false,"template":"","format":"standard","meta":{"spay_email":"","jetpack_publicize_message":"","jetpack_is_tweetstorm":false,"jetpack_publicize_feature_enabled":true},"categories":[1],"tags":[5134,12999,227],"jetpack_publicize_connections":[],"yoast_head":"<!-- This site is optimized with the Yoast SEO plugin v19.1 - https:\/\/yoast.com\/wordpress\/plugins\/seo\/ -->\n<title>Af\u00ebrdita sh\u00ebtit bashk\u00eb me Shpatin n\u00eb Tiran - Lajme nga Ulqini<\/title>\n<meta name=\"description\" content=\"K\u00ebng\u00ebtarja Af\u00ebrdita Dreshaj pas festivalit \u201cK\u00ebnga Magjike\u201d ka filluar nj\u00eb turne vizitash n\u00ebp\u00ebr trojet shqiptare. Pasi ishte takuar me Shpat Kasapin n\u00eb\" \/>\n<meta name=\"robots\" content=\"index, follow, max-snippet:-1, max-image-preview:large, max-video-preview:-1\" \/>\n<link rel=\"canonical\" href=\"https:\/\/www.visit-ulcinj.com\/blog\/2009\/12\/09\/aferdita-shetit-bashke-me-shpatin-ne-tiran\/\" \/>\n<meta property=\"og:locale\" content=\"en_US\" \/>\n<meta property=\"og:type\" content=\"article\" \/>\n<meta property=\"og:title\" content=\"Af\u00ebrdita sh\u00ebtit bashk\u00eb me Shpatin n\u00eb Tiran - Lajme nga Ulqini\" \/>\n<meta property=\"og:description\" content=\"K\u00ebng\u00ebtarja Af\u00ebrdita Dreshaj pas festivalit \u201cK\u00ebnga Magjike\u201d ka filluar nj\u00eb turne vizitash n\u00ebp\u00ebr trojet shqiptare. Pasi ishte takuar me Shpat Kasapin n\u00eb\" \/>\n<meta property=\"og:url\" content=\"https:\/\/www.visit-ulcinj.com\/blog\/2009\/12\/09\/aferdita-shetit-bashke-me-shpatin-ne-tiran\/\" \/>\n<meta property=\"og:site_name\" content=\"Lajme nga Ulqini\" \/>\n<meta property=\"article:published_time\" content=\"2009-12-09T19:21:33+00:00\" \/>\n<meta property=\"article:modified_time\" content=\"2009-12-09T19:23:12+00:00\" \/>\n<meta property=\"og:image\" content=\"http:\/\/www.visit-ulcinj.com\/blog\/wp-content\/uploads\/2009\/12\/Shpat-Kasapi_Aferdita-Dreshaj-2-246x300.jpg\" \/>\n<meta name=\"twitter:label1\" content=\"Written by\" \/>\n\t<meta name=\"twitter:data1\" content=\"ulqini\" \/>\n\t<meta name=\"twitter:label2\" content=\"Est. reading time\" \/>\n\t<meta name=\"twitter:data2\" content=\"1 minute\" \/>\n<script type=\"application\/ld+json\" class=\"yoast-schema-graph\">{\"@context\":\"https:\/\/schema.org\",\"@graph\":[{\"@type\":\"WebSite\",\"@id\":\"https:\/\/www.visit-ulcinj.com\/blog\/#website\",\"url\":\"https:\/\/www.visit-ulcinj.com\/blog\/\",\"name\":\"Lajme nga Ulqini\",\"description\":\"Lajme,Vijesti,Ulqini,Ulqin,Crna Gora,Mali i Zi\",\"potentialAction\":[{\"@type\":\"SearchAction\",\"target\":{\"@type\":\"EntryPoint\",\"urlTemplate\":\"https:\/\/www.visit-ulcinj.com\/blog\/?s={search_term_string}\"},\"query-input\":\"required name=search_term_string\"}],\"inLanguage\":\"en-US\"},{\"@type\":\"ImageObject\",\"inLanguage\":\"en-US\",\"@id\":\"https:\/\/www.visit-ulcinj.com\/blog\/2009\/12\/09\/aferdita-shetit-bashke-me-shpatin-ne-tiran\/#primaryimage\",\"url\":\"http:\/\/www.visit-ulcinj.com\/blog\/wp-content\/uploads\/2009\/12\/Shpat-Kasapi_Aferdita-Dreshaj-2-246x300.jpg\",\"contentUrl\":\"http:\/\/www.visit-ulcinj.com\/blog\/wp-content\/uploads\/2009\/12\/Shpat-Kasapi_Aferdita-Dreshaj-2-246x300.jpg\"},{\"@type\":\"WebPage\",\"@id\":\"https:\/\/www.visit-ulcinj.com\/blog\/2009\/12\/09\/aferdita-shetit-bashke-me-shpatin-ne-tiran\/#webpage\",\"url\":\"https:\/\/www.visit-ulcinj.com\/blog\/2009\/12\/09\/aferdita-shetit-bashke-me-shpatin-ne-tiran\/\",\"name\":\"Af\u00ebrdita sh\u00ebtit bashk\u00eb me Shpatin n\u00eb Tiran - Lajme nga Ulqini\",\"isPartOf\":{\"@id\":\"https:\/\/www.visit-ulcinj.com\/blog\/#website\"},\"primaryImageOfPage\":{\"@id\":\"https:\/\/www.visit-ulcinj.com\/blog\/2009\/12\/09\/aferdita-shetit-bashke-me-shpatin-ne-tiran\/#primaryimage\"},\"datePublished\":\"2009-12-09T19:21:33+00:00\",\"dateModified\":\"2009-12-09T19:23:12+00:00\",\"author\":{\"@id\":\"https:\/\/www.visit-ulcinj.com\/blog\/#\/schema\/person\/dcab619c614d3038751c63bc2aadc06d\"},\"description\":\"K\u00ebng\u00ebtarja Af\u00ebrdita Dreshaj pas festivalit \u201cK\u00ebnga Magjike\u201d ka filluar nj\u00eb turne vizitash n\u00ebp\u00ebr trojet shqiptare. Pasi ishte takuar me Shpat Kasapin n\u00eb\",\"breadcrumb\":{\"@id\":\"https:\/\/www.visit-ulcinj.com\/blog\/2009\/12\/09\/aferdita-shetit-bashke-me-shpatin-ne-tiran\/#breadcrumb\"},\"inLanguage\":\"en-US\",\"potentialAction\":[{\"@type\":\"ReadAction\",\"target\":[\"https:\/\/www.visit-ulcinj.com\/blog\/2009\/12\/09\/aferdita-shetit-bashke-me-shpatin-ne-tiran\/\"]}]},{\"@type\":\"BreadcrumbList\",\"@id\":\"https:\/\/www.visit-ulcinj.com\/blog\/2009\/12\/09\/aferdita-shetit-bashke-me-shpatin-ne-tiran\/#breadcrumb\",\"itemListElement\":[{\"@type\":\"ListItem\",\"position\":1,\"name\":\"Af\u00ebrdita sh\u00ebtit bashk\u00eb me Shpatin n\u00eb Tiran\"}]},{\"@type\":\"Person\",\"@id\":\"https:\/\/www.visit-ulcinj.com\/blog\/#\/schema\/person\/dcab619c614d3038751c63bc2aadc06d\",\"name\":\"ulqini\",\"sameAs\":[\"http:\/\/www.visit-ulcinj.com\"],\"url\":\"https:\/\/www.visit-ulcinj.com\/blog\/author\/admin\/\"}]}<\/script>\n<!-- \/ Yoast SEO plugin. -->","yoast_head_json":{"title":"Af\u00ebrdita sh\u00ebtit bashk\u00eb me Shpatin n\u00eb Tiran - Lajme nga Ulqini","description":"K\u00ebng\u00ebtarja Af\u00ebrdita Dreshaj pas festivalit \u201cK\u00ebnga Magjike\u201d ka filluar nj\u00eb turne vizitash n\u00ebp\u00ebr trojet shqiptare. Pasi ishte takuar me Shpat Kasapin n\u00eb","robots":{"index":"index","follow":"follow","max-snippet":"max-snippet:-1","max-image-preview":"max-image-preview:large","max-video-preview":"max-video-preview:-1"},"canonical":"https:\/\/www.visit-ulcinj.com\/blog\/2009\/12\/09\/aferdita-shetit-bashke-me-shpatin-ne-tiran\/","og_locale":"en_US","og_type":"article","og_title":"Af\u00ebrdita sh\u00ebtit bashk\u00eb me Shpatin n\u00eb Tiran - Lajme nga Ulqini","og_description":"K\u00ebng\u00ebtarja Af\u00ebrdita Dreshaj pas festivalit \u201cK\u00ebnga Magjike\u201d ka filluar nj\u00eb turne vizitash n\u00ebp\u00ebr trojet shqiptare. Pasi ishte takuar me Shpat Kasapin n\u00eb","og_url":"https:\/\/www.visit-ulcinj.com\/blog\/2009\/12\/09\/aferdita-shetit-bashke-me-shpatin-ne-tiran\/","og_site_name":"Lajme nga Ulqini","article_published_time":"2009-12-09T19:21:33+00:00","article_modified_time":"2009-12-09T19:23:12+00:00","og_image":[{"url":"http:\/\/www.visit-ulcinj.com\/blog\/wp-content\/uploads\/2009\/12\/Shpat-Kasapi_Aferdita-Dreshaj-2-246x300.jpg"}],"twitter_misc":{"Written by":"ulqini","Est. reading time":"1 minute"},"schema":{"@context":"https:\/\/schema.org","@graph":[{"@type":"WebSite","@id":"https:\/\/www.visit-ulcinj.com\/blog\/#website","url":"https:\/\/www.visit-ulcinj.com\/blog\/","name":"Lajme nga Ulqini","description":"Lajme,Vijesti,Ulqini,Ulqin,Crna Gora,Mali i Zi","potentialAction":[{"@type":"SearchAction","target":{"@type":"EntryPoint","urlTemplate":"https:\/\/www.visit-ulcinj.com\/blog\/?s={search_term_string}"},"query-input":"required name=search_term_string"}],"inLanguage":"en-US"},{"@type":"ImageObject","inLanguage":"en-US","@id":"https:\/\/www.visit-ulcinj.com\/blog\/2009\/12\/09\/aferdita-shetit-bashke-me-shpatin-ne-tiran\/#primaryimage","url":"http:\/\/www.visit-ulcinj.com\/blog\/wp-content\/uploads\/2009\/12\/Shpat-Kasapi_Aferdita-Dreshaj-2-246x300.jpg","contentUrl":"http:\/\/www.visit-ulcinj.com\/blog\/wp-content\/uploads\/2009\/12\/Shpat-Kasapi_Aferdita-Dreshaj-2-246x300.jpg"},{"@type":"WebPage","@id":"https:\/\/www.visit-ulcinj.com\/blog\/2009\/12\/09\/aferdita-shetit-bashke-me-shpatin-ne-tiran\/#webpage","url":"https:\/\/www.visit-ulcinj.com\/blog\/2009\/12\/09\/aferdita-shetit-bashke-me-shpatin-ne-tiran\/","name":"Af\u00ebrdita sh\u00ebtit bashk\u00eb me Shpatin n\u00eb Tiran - Lajme nga Ulqini","isPartOf":{"@id":"https:\/\/www.visit-ulcinj.com\/blog\/#website"},"primaryImageOfPage":{"@id":"https:\/\/www.visit-ulcinj.com\/blog\/2009\/12\/09\/aferdita-shetit-bashke-me-shpatin-ne-tiran\/#primaryimage"},"datePublished":"2009-12-09T19:21:33+00:00","dateModified":"2009-12-09T19:23:12+00:00","author":{"@id":"https:\/\/www.visit-ulcinj.com\/blog\/#\/schema\/person\/dcab619c614d3038751c63bc2aadc06d"},"description":"K\u00ebng\u00ebtarja Af\u00ebrdita Dreshaj pas festivalit \u201cK\u00ebnga Magjike\u201d ka filluar nj\u00eb turne vizitash n\u00ebp\u00ebr trojet shqiptare. Pasi ishte takuar me Shpat Kasapin n\u00eb","breadcrumb":{"@id":"https:\/\/www.visit-ulcinj.com\/blog\/2009\/12\/09\/aferdita-shetit-bashke-me-shpatin-ne-tiran\/#breadcrumb"},"inLanguage":"en-US","potentialAction":[{"@type":"ReadAction","target":["https:\/\/www.visit-ulcinj.com\/blog\/2009\/12\/09\/aferdita-shetit-bashke-me-shpatin-ne-tiran\/"]}]},{"@type":"BreadcrumbList","@id":"https:\/\/www.visit-ulcinj.com\/blog\/2009\/12\/09\/aferdita-shetit-bashke-me-shpatin-ne-tiran\/#breadcrumb","itemListElement":[{"@type":"ListItem","position":1,"name":"Af\u00ebrdita sh\u00ebtit bashk\u00eb me Shpatin n\u00eb Tiran"}]},{"@type":"Person","@id":"https:\/\/www.visit-ulcinj.com\/blog\/#\/schema\/person\/dcab619c614d3038751c63bc2aadc06d","name":"ulqini","sameAs":["http:\/\/www.visit-ulcinj.com"],"url":"https:\/\/www.visit-ulcinj.com\/blog\/author\/admin\/"}]}},"jetpack_featured_media_url":"","jetpack_sharing_enabled":true,"jetpack_shortlink":"https:\/\/wp.me\/pe6lTn-7i5","_links":{"self":[{"href":"https:\/\/www.visit-ulcinj.com\/blog\/wp-json\/wp\/v2\/posts\/28029"}],"collection":[{"href":"https:\/\/www.visit-ulcinj.com\/blog\/wp-json\/wp\/v2\/posts"}],"about":[{"href":"https:\/\/www.visit-ulcinj.com\/blog\/wp-json\/wp\/v2\/types\/post"}],"author":[{"embeddable":true,"href":"https:\/\/www.visit-ulcinj.com\/blog\/wp-json\/wp\/v2\/users\/1"}],"replies":[{"embeddable":true,"href":"https:\/\/www.visit-ulcinj.com\/blog\/wp-json\/wp\/v2\/comments?post=28029"}],"version-history":[{"count":0,"href":"https:\/\/www.visit-ulcinj.com\/blog\/wp-json\/wp\/v2\/posts\/28029\/revisions"}],"wp:attachment":[{"href":"https:\/\/www.visit-ulcinj.com\/blog\/wp-json\/wp\/v2\/media?parent=28029"}],"wp:term":[{"taxonomy":"category","embeddable":true,"href":"https:\/\/www.visit-ulcinj.com\/blog\/wp-json\/wp\/v2\/categories?post=28029"},{"taxonomy":"post_tag","embeddable":true,"href":"https:\/\/www.visit-ulcinj.com\/blog\/wp-json\/wp\/v2\/tags?post=28029"}],"curies":[{"name":"wp","href":"https:\/\/api.w.org\/{rel}","templated":true}]}}