{"id":28040,"date":"2009-12-10T21:11:59","date_gmt":"2009-12-10T19:11:59","guid":{"rendered":"http:\/\/www.visit-ulcinj.com\/blog\/?p=28040"},"modified":"2009-12-10T21:11:59","modified_gmt":"2009-12-10T19:11:59","slug":"u-saobracajnoj-nesreci-u-krucama-nastradao-ulcinjanin-jasmin-vucic-175-njegov-otac-ljatif-60-tesko-povrijeden","status":"publish","type":"post","link":"https:\/\/www.visit-ulcinj.com\/blog\/2009\/12\/10\/u-saobracajnoj-nesreci-u-krucama-nastradao-ulcinjanin-jasmin-vucic-175-njegov-otac-ljatif-60-tesko-povrijeden\/","title":{"rendered":"U saobra?ajnoj nesre?i u Kru?ama nastradao ulcinjanin Jasmin Vu?i? (17,5), njegov otac Ljatif (60) te\u0161ko povrije?en"},"content":{"rendered":"<p><strong><a href=\"http:\/\/www.visit-ulcinj.com\/blog\/wp-content\/uploads\/2009\/12\/Jasmin-Vu?i?.jpg\"><img loading=\"lazy\" class=\"alignleft size-full wp-image-28041\" title=\"Jasmin Vu?i?\" src=\"http:\/\/www.visit-ulcinj.com\/blog\/wp-content\/uploads\/2009\/12\/Jasmin-Vu?i?.jpg\" alt=\"Jasmin Vu?i?\" width=\"580\" height=\"400\" \/><\/a>Smrt u provaliji<\/strong><br \/>\nUlcinjanin Jasmin Vu?i? (17,5) poginuo je u stravi?nom udesu, koji se ju?e oko 11 ?asova dogodio u mjestu Kru?e, na magistralnom putu Ulcinj &#8211; Bar, dok je njegov otac Ljatif (60), te\u0161ko povrije?en i hospitalizovan je na odjeljenju intenzivne njege bolnice u Baru.<br \/>\nPrema nezvani?nim informacijama, nesre?a se dogodila kada je voza? &#8220;renoa?, registarskih oznaka (UL-AH420), iz za sada nepoznatih razloga izgubio kontrolu nad vozilom i sletio u provaliju duboku sedamdesetak metara. Od siline udara i nakon prevrtanja u provaliju, automobil je potpuno uni\u0161ten, \u0161to je spasiocima ote\u017eavalo akciju. Voza? je, kako saznajemo, prona?en van automobila i nije davao znake \u017eivota. Pripadnici saobra?ajne policije, hitna pomo? i vatrogasci, poslije mnogo napora, uspjeli su da iz provalije izvuku unesre?ene.<br \/>\nDe\u017eurni ljekar Doma zdravlja u Ulcinju Indira ?ivovi? kazala je da je reanimacijom uspjela da povrati sr?anu funkciju mla?em Vu?i?u, ali je on uprkos velikim naporima medicinske ekipe preminuo na putu za Bar.<br \/>\n\u2013 Otac preminulog mladi?a te\u0161ko je povrije?en, ali se za sada nalazi van \u017eivotne opasnosti &#8211; saop\u0161tila je ?ivovi?eva.<br \/>\nUvi?aj na mjestu nesre?e obavio je de\u017eurni istra\u017eni sudija ulcinjskog Osnovnog suda Dragoje Jovi? i slu\u017ebenici policijske Ispostave Ulcinj.<br \/>\nZbog udesa u Kru?ama, saobra?aj prema Baru, odnosno Ulcinju, nekoliko ?asova se ote\u017eano odvijao. Ina?e, ju?era\u0161nja saobra?ajna nesre?a dogodila se na istom mjestu gdje je prije \u0161est mjeseci poginuo ruski dr\u017eavljanin Dimitrij Svir\u0161kov (37). Svir\u0161kov je tada voze?i \u201ehondu&#8221;, ruskih registarskih oznaka, tako?e sletio sa puta, a njegovo tijelo na?eno je u provaliji dubokoj vi\u0161e od 70 metara. U nesre?i je tada te\u0161ko povrije?en Svir\u0161kov suvoza?, ukrajinski dr\u017eavljanin Ivan Boldar (24), kojeg su ljekari ulcinjskog Doma zdravlja, policija i vatrogasci prona\u0161li na nepristupa?noj strmini, ne\u0161to bli\u017ee putu.<br \/>\nSaobra?ajne nesre?e na dionici puta u naselju Kru?e veoma su ?este i posljednjih nekoliko godina, upravo na tom dijelu puta prema Baru, smrtno je stradalo ili te\u0161ko povrije?eno vi\u0161e desetina osoba.<\/p>\n<p><strong>M.K.<br \/>\n<a href=\"http:\/\/www.dan.co.me\/?nivo=3&amp;rubrika=Hronika&amp;clanak=211741&amp;datum=2009-12-10\" target=\"_blank\">DAN<\/a><\/strong><\/p>\n","protected":false},"excerpt":{"rendered":"<p>Smrt u provaliji Ulcinjanin Jasmin Vu?i? (17,5) poginuo je u stravi?nom udesu, koji se ju?e oko 11 ?asova dogodio u mjestu Kru?e, na magistralnom putu Ulcinj &#8211; Bar, dok je njegov otac Ljatif (60), te\u0161ko povrije?en i hospitalizovan je na odjeljenju intenzivne njege bolnice u Baru. Prema nezvani?nim informacijama, nesre?a se dogodila kada je voza? [&hellip;]<\/p>\n","protected":false},"author":1,"featured_media":0,"comment_status":"open","ping_status":"closed","sticky":false,"template":"","format":"standard","meta":{"spay_email":"","jetpack_publicize_message":"","jetpack_is_tweetstorm":false,"jetpack_publicize_feature_enabled":true},"categories":[8337],"tags":[13001],"jetpack_publicize_connections":[],"yoast_head":"<!-- This site is optimized with the Yoast SEO plugin v19.1 - https:\/\/yoast.com\/wordpress\/plugins\/seo\/ -->\n<title>U saobra?ajnoj nesre?i u Kru?ama nastradao ulcinjanin Jasmin Vu?i? (17,5), njegov otac Ljatif (60) te\u0161ko povrije?en - Lajme nga Ulqini<\/title>\n<meta name=\"description\" content=\"Smrt u provaliji Ulcinjanin Jasmin Vu?i? (17,5) poginuo je u stravi?nom udesu, koji se ju?e oko 11 ?asova dogodio u mjestu Kru?e, na magistralnom putu\" \/>\n<meta name=\"robots\" content=\"index, follow, max-snippet:-1, max-image-preview:large, max-video-preview:-1\" \/>\n<link rel=\"canonical\" href=\"https:\/\/www.visit-ulcinj.com\/blog\/2009\/12\/10\/u-saobracajnoj-nesreci-u-krucama-nastradao-ulcinjanin-jasmin-vucic-175-njegov-otac-ljatif-60-tesko-povrijeden\/\" \/>\n<meta property=\"og:locale\" content=\"en_US\" \/>\n<meta property=\"og:type\" content=\"article\" \/>\n<meta property=\"og:title\" content=\"U saobra?ajnoj nesre?i u Kru?ama nastradao ulcinjanin Jasmin Vu?i? (17,5), njegov otac Ljatif (60) te\u0161ko povrije?en - Lajme nga Ulqini\" \/>\n<meta property=\"og:description\" content=\"Smrt u provaliji Ulcinjanin Jasmin Vu?i? (17,5) poginuo je u stravi?nom udesu, koji se ju?e oko 11 ?asova dogodio u mjestu Kru?e, na magistralnom putu\" \/>\n<meta property=\"og:url\" content=\"https:\/\/www.visit-ulcinj.com\/blog\/2009\/12\/10\/u-saobracajnoj-nesreci-u-krucama-nastradao-ulcinjanin-jasmin-vucic-175-njegov-otac-ljatif-60-tesko-povrijeden\/\" \/>\n<meta property=\"og:site_name\" content=\"Lajme nga Ulqini\" \/>\n<meta property=\"article:published_time\" content=\"2009-12-10T19:11:59+00:00\" \/>\n<meta property=\"og:image\" content=\"http:\/\/www.visit-ulcinj.com\/blog\/wp-content\/uploads\/2009\/12\/Jasmin-Vu?i?.jpg\" \/>\n<meta name=\"twitter:label1\" content=\"Written by\" \/>\n\t<meta name=\"twitter:data1\" content=\"ulqini\" \/>\n\t<meta name=\"twitter:label2\" content=\"Est. reading time\" \/>\n\t<meta name=\"twitter:data2\" content=\"2 minutes\" \/>\n<script type=\"application\/ld+json\" class=\"yoast-schema-graph\">{\"@context\":\"https:\/\/schema.org\",\"@graph\":[{\"@type\":\"WebSite\",\"@id\":\"https:\/\/www.visit-ulcinj.com\/blog\/#website\",\"url\":\"https:\/\/www.visit-ulcinj.com\/blog\/\",\"name\":\"Lajme nga Ulqini\",\"description\":\"Lajme,Vijesti,Ulqini,Ulqin,Crna Gora,Mali i Zi\",\"potentialAction\":[{\"@type\":\"SearchAction\",\"target\":{\"@type\":\"EntryPoint\",\"urlTemplate\":\"https:\/\/www.visit-ulcinj.com\/blog\/?s={search_term_string}\"},\"query-input\":\"required name=search_term_string\"}],\"inLanguage\":\"en-US\"},{\"@type\":\"ImageObject\",\"inLanguage\":\"en-US\",\"@id\":\"https:\/\/www.visit-ulcinj.com\/blog\/2009\/12\/10\/u-saobracajnoj-nesreci-u-krucama-nastradao-ulcinjanin-jasmin-vucic-175-njegov-otac-ljatif-60-tesko-povrijeden\/#primaryimage\",\"url\":\"http:\/\/www.visit-ulcinj.com\/blog\/wp-content\/uploads\/2009\/12\/Jasmin-Vu?i?.jpg\",\"contentUrl\":\"http:\/\/www.visit-ulcinj.com\/blog\/wp-content\/uploads\/2009\/12\/Jasmin-Vu?i?.jpg\"},{\"@type\":\"WebPage\",\"@id\":\"https:\/\/www.visit-ulcinj.com\/blog\/2009\/12\/10\/u-saobracajnoj-nesreci-u-krucama-nastradao-ulcinjanin-jasmin-vucic-175-njegov-otac-ljatif-60-tesko-povrijeden\/#webpage\",\"url\":\"https:\/\/www.visit-ulcinj.com\/blog\/2009\/12\/10\/u-saobracajnoj-nesreci-u-krucama-nastradao-ulcinjanin-jasmin-vucic-175-njegov-otac-ljatif-60-tesko-povrijeden\/\",\"name\":\"U saobra?ajnoj nesre?i u Kru?ama nastradao ulcinjanin Jasmin Vu?i? (17,5), njegov otac Ljatif (60) te\u0161ko povrije?en - Lajme nga Ulqini\",\"isPartOf\":{\"@id\":\"https:\/\/www.visit-ulcinj.com\/blog\/#website\"},\"primaryImageOfPage\":{\"@id\":\"https:\/\/www.visit-ulcinj.com\/blog\/2009\/12\/10\/u-saobracajnoj-nesreci-u-krucama-nastradao-ulcinjanin-jasmin-vucic-175-njegov-otac-ljatif-60-tesko-povrijeden\/#primaryimage\"},\"datePublished\":\"2009-12-10T19:11:59+00:00\",\"dateModified\":\"2009-12-10T19:11:59+00:00\",\"author\":{\"@id\":\"https:\/\/www.visit-ulcinj.com\/blog\/#\/schema\/person\/dcab619c614d3038751c63bc2aadc06d\"},\"description\":\"Smrt u provaliji Ulcinjanin Jasmin Vu?i? (17,5) poginuo je u stravi?nom udesu, koji se ju?e oko 11 ?asova dogodio u mjestu Kru?e, na magistralnom putu\",\"breadcrumb\":{\"@id\":\"https:\/\/www.visit-ulcinj.com\/blog\/2009\/12\/10\/u-saobracajnoj-nesreci-u-krucama-nastradao-ulcinjanin-jasmin-vucic-175-njegov-otac-ljatif-60-tesko-povrijeden\/#breadcrumb\"},\"inLanguage\":\"en-US\",\"potentialAction\":[{\"@type\":\"ReadAction\",\"target\":[\"https:\/\/www.visit-ulcinj.com\/blog\/2009\/12\/10\/u-saobracajnoj-nesreci-u-krucama-nastradao-ulcinjanin-jasmin-vucic-175-njegov-otac-ljatif-60-tesko-povrijeden\/\"]}]},{\"@type\":\"BreadcrumbList\",\"@id\":\"https:\/\/www.visit-ulcinj.com\/blog\/2009\/12\/10\/u-saobracajnoj-nesreci-u-krucama-nastradao-ulcinjanin-jasmin-vucic-175-njegov-otac-ljatif-60-tesko-povrijeden\/#breadcrumb\",\"itemListElement\":[{\"@type\":\"ListItem\",\"position\":1,\"name\":\"U saobra?ajnoj nesre?i u Kru?ama nastradao ulcinjanin Jasmin Vu?i? (17,5), njegov otac Ljatif (60) te\u0161ko povrije?en\"}]},{\"@type\":\"Person\",\"@id\":\"https:\/\/www.visit-ulcinj.com\/blog\/#\/schema\/person\/dcab619c614d3038751c63bc2aadc06d\",\"name\":\"ulqini\",\"sameAs\":[\"http:\/\/www.visit-ulcinj.com\"],\"url\":\"https:\/\/www.visit-ulcinj.com\/blog\/author\/admin\/\"}]}<\/script>\n<!-- \/ Yoast SEO plugin. -->","yoast_head_json":{"title":"U saobra?ajnoj nesre?i u Kru?ama nastradao ulcinjanin Jasmin Vu?i? (17,5), njegov otac Ljatif (60) te\u0161ko povrije?en - Lajme nga Ulqini","description":"Smrt u provaliji Ulcinjanin Jasmin Vu?i? (17,5) poginuo je u stravi?nom udesu, koji se ju?e oko 11 ?asova dogodio u mjestu Kru?e, na magistralnom putu","robots":{"index":"index","follow":"follow","max-snippet":"max-snippet:-1","max-image-preview":"max-image-preview:large","max-video-preview":"max-video-preview:-1"},"canonical":"https:\/\/www.visit-ulcinj.com\/blog\/2009\/12\/10\/u-saobracajnoj-nesreci-u-krucama-nastradao-ulcinjanin-jasmin-vucic-175-njegov-otac-ljatif-60-tesko-povrijeden\/","og_locale":"en_US","og_type":"article","og_title":"U saobra?ajnoj nesre?i u Kru?ama nastradao ulcinjanin Jasmin Vu?i? (17,5), njegov otac Ljatif (60) te\u0161ko povrije?en - Lajme nga Ulqini","og_description":"Smrt u provaliji Ulcinjanin Jasmin Vu?i? (17,5) poginuo je u stravi?nom udesu, koji se ju?e oko 11 ?asova dogodio u mjestu Kru?e, na magistralnom putu","og_url":"https:\/\/www.visit-ulcinj.com\/blog\/2009\/12\/10\/u-saobracajnoj-nesreci-u-krucama-nastradao-ulcinjanin-jasmin-vucic-175-njegov-otac-ljatif-60-tesko-povrijeden\/","og_site_name":"Lajme nga Ulqini","article_published_time":"2009-12-10T19:11:59+00:00","og_image":[{"url":"http:\/\/www.visit-ulcinj.com\/blog\/wp-content\/uploads\/2009\/12\/Jasmin-Vu?i?.jpg"}],"twitter_misc":{"Written by":"ulqini","Est. reading time":"2 minutes"},"schema":{"@context":"https:\/\/schema.org","@graph":[{"@type":"WebSite","@id":"https:\/\/www.visit-ulcinj.com\/blog\/#website","url":"https:\/\/www.visit-ulcinj.com\/blog\/","name":"Lajme nga Ulqini","description":"Lajme,Vijesti,Ulqini,Ulqin,Crna Gora,Mali i Zi","potentialAction":[{"@type":"SearchAction","target":{"@type":"EntryPoint","urlTemplate":"https:\/\/www.visit-ulcinj.com\/blog\/?s={search_term_string}"},"query-input":"required name=search_term_string"}],"inLanguage":"en-US"},{"@type":"ImageObject","inLanguage":"en-US","@id":"https:\/\/www.visit-ulcinj.com\/blog\/2009\/12\/10\/u-saobracajnoj-nesreci-u-krucama-nastradao-ulcinjanin-jasmin-vucic-175-njegov-otac-ljatif-60-tesko-povrijeden\/#primaryimage","url":"http:\/\/www.visit-ulcinj.com\/blog\/wp-content\/uploads\/2009\/12\/Jasmin-Vu?i?.jpg","contentUrl":"http:\/\/www.visit-ulcinj.com\/blog\/wp-content\/uploads\/2009\/12\/Jasmin-Vu?i?.jpg"},{"@type":"WebPage","@id":"https:\/\/www.visit-ulcinj.com\/blog\/2009\/12\/10\/u-saobracajnoj-nesreci-u-krucama-nastradao-ulcinjanin-jasmin-vucic-175-njegov-otac-ljatif-60-tesko-povrijeden\/#webpage","url":"https:\/\/www.visit-ulcinj.com\/blog\/2009\/12\/10\/u-saobracajnoj-nesreci-u-krucama-nastradao-ulcinjanin-jasmin-vucic-175-njegov-otac-ljatif-60-tesko-povrijeden\/","name":"U saobra?ajnoj nesre?i u Kru?ama nastradao ulcinjanin Jasmin Vu?i? (17,5), njegov otac Ljatif (60) te\u0161ko povrije?en - Lajme nga Ulqini","isPartOf":{"@id":"https:\/\/www.visit-ulcinj.com\/blog\/#website"},"primaryImageOfPage":{"@id":"https:\/\/www.visit-ulcinj.com\/blog\/2009\/12\/10\/u-saobracajnoj-nesreci-u-krucama-nastradao-ulcinjanin-jasmin-vucic-175-njegov-otac-ljatif-60-tesko-povrijeden\/#primaryimage"},"datePublished":"2009-12-10T19:11:59+00:00","dateModified":"2009-12-10T19:11:59+00:00","author":{"@id":"https:\/\/www.visit-ulcinj.com\/blog\/#\/schema\/person\/dcab619c614d3038751c63bc2aadc06d"},"description":"Smrt u provaliji Ulcinjanin Jasmin Vu?i? (17,5) poginuo je u stravi?nom udesu, koji se ju?e oko 11 ?asova dogodio u mjestu Kru?e, na magistralnom putu","breadcrumb":{"@id":"https:\/\/www.visit-ulcinj.com\/blog\/2009\/12\/10\/u-saobracajnoj-nesreci-u-krucama-nastradao-ulcinjanin-jasmin-vucic-175-njegov-otac-ljatif-60-tesko-povrijeden\/#breadcrumb"},"inLanguage":"en-US","potentialAction":[{"@type":"ReadAction","target":["https:\/\/www.visit-ulcinj.com\/blog\/2009\/12\/10\/u-saobracajnoj-nesreci-u-krucama-nastradao-ulcinjanin-jasmin-vucic-175-njegov-otac-ljatif-60-tesko-povrijeden\/"]}]},{"@type":"BreadcrumbList","@id":"https:\/\/www.visit-ulcinj.com\/blog\/2009\/12\/10\/u-saobracajnoj-nesreci-u-krucama-nastradao-ulcinjanin-jasmin-vucic-175-njegov-otac-ljatif-60-tesko-povrijeden\/#breadcrumb","itemListElement":[{"@type":"ListItem","position":1,"name":"U saobra?ajnoj nesre?i u Kru?ama nastradao ulcinjanin Jasmin Vu?i? (17,5), njegov otac Ljatif (60) te\u0161ko povrije?en"}]},{"@type":"Person","@id":"https:\/\/www.visit-ulcinj.com\/blog\/#\/schema\/person\/dcab619c614d3038751c63bc2aadc06d","name":"ulqini","sameAs":["http:\/\/www.visit-ulcinj.com"],"url":"https:\/\/www.visit-ulcinj.com\/blog\/author\/admin\/"}]}},"jetpack_featured_media_url":"","jetpack_sharing_enabled":true,"jetpack_shortlink":"https:\/\/wp.me\/pe6lTn-7ig","_links":{"self":[{"href":"https:\/\/www.visit-ulcinj.com\/blog\/wp-json\/wp\/v2\/posts\/28040"}],"collection":[{"href":"https:\/\/www.visit-ulcinj.com\/blog\/wp-json\/wp\/v2\/posts"}],"about":[{"href":"https:\/\/www.visit-ulcinj.com\/blog\/wp-json\/wp\/v2\/types\/post"}],"author":[{"embeddable":true,"href":"https:\/\/www.visit-ulcinj.com\/blog\/wp-json\/wp\/v2\/users\/1"}],"replies":[{"embeddable":true,"href":"https:\/\/www.visit-ulcinj.com\/blog\/wp-json\/wp\/v2\/comments?post=28040"}],"version-history":[{"count":0,"href":"https:\/\/www.visit-ulcinj.com\/blog\/wp-json\/wp\/v2\/posts\/28040\/revisions"}],"wp:attachment":[{"href":"https:\/\/www.visit-ulcinj.com\/blog\/wp-json\/wp\/v2\/media?parent=28040"}],"wp:term":[{"taxonomy":"category","embeddable":true,"href":"https:\/\/www.visit-ulcinj.com\/blog\/wp-json\/wp\/v2\/categories?post=28040"},{"taxonomy":"post_tag","embeddable":true,"href":"https:\/\/www.visit-ulcinj.com\/blog\/wp-json\/wp\/v2\/tags?post=28040"}],"curies":[{"name":"wp","href":"https:\/\/api.w.org\/{rel}","templated":true}]}}