{"id":28066,"date":"2009-12-11T22:52:42","date_gmt":"2009-12-11T20:52:42","guid":{"rendered":"http:\/\/www.visit-ulcinj.com\/blog\/?p=28066"},"modified":"2009-12-11T22:53:30","modified_gmt":"2009-12-11T20:53:30","slug":"comback-i-suad-mehmetit-me-video-klip-te-ri","status":"publish","type":"post","link":"https:\/\/www.visit-ulcinj.com\/blog\/2009\/12\/11\/comback-i-suad-mehmetit-me-video-klip-te-ri\/","title":{"rendered":"Comback i Suad Mehmetit me video klip t\u00eb ri"},"content":{"rendered":"<p><a href=\"http:\/\/www.visit-ulcinj.com\/blog\/wp-content\/uploads\/2009\/12\/Suad-Mehmeti.jpg\"><img loading=\"lazy\" class=\"alignleft size-full wp-image-28067\" title=\"Suad Mehmeti\" src=\"http:\/\/www.visit-ulcinj.com\/blog\/wp-content\/uploads\/2009\/12\/Suad-Mehmeti.jpg\" alt=\"Suad Mehmeti\" width=\"580\" height=\"400\" \/><\/a>K\u00ebng\u00ebtari Ulqinak Suad Mehmeti me q\u00ebndrim n\u00eb Gjermani\u00a0 pritet s\u00eb shpejti t\u00eb hedh\u00eb k\u00ebng\u00ebt me video klip t\u00eb ri n\u00eb treg , i cili \u00ebsht\u00eb n\u00eb bashk\u00ebpunim\u00a0 t\u00eb siperm me shtepin e diskut n\u00eb prishtin.. Deri m\u00eb tani kjo k\u00ebng\u00eb \u00ebsht\u00eb p\u00ebrfolur si k\u00ebnga m\u00eb e mir\u00eb e Suad Mehmetit, edhe pse ajo ende nuk \u00ebsht\u00eb d\u00ebgjuar nga askush. Ky do t\u00eb jet\u00eb nj\u00ebri prej hiteve t\u00eb reja t\u00eb shtepis s\u00eb hiteve kosovare kenduar nga ulqinaku\u00a0 Suad Mehmeti dhe i cili po perfolet n\u00eb prishtin si k\u00ebng\u00ebtar i estrad\u00ebs kosovare.<br \/>\n\n\t\t<style type=\"text\/css\">\n\t\t\t#gallery-1 {\n\t\t\t\tmargin: auto;\n\t\t\t}\n\t\t\t#gallery-1 .gallery-item {\n\t\t\t\tfloat: left;\n\t\t\t\tmargin-top: 10px;\n\t\t\t\ttext-align: center;\n\t\t\t\twidth: 33%;\n\t\t\t}\n\t\t\t#gallery-1 img {\n\t\t\t\tborder: 2px solid #cfcfcf;\n\t\t\t}\n\t\t\t#gallery-1 .gallery-caption {\n\t\t\t\tmargin-left: 0;\n\t\t\t}\n\t\t\t\/* see gallery_shortcode() in wp-includes\/media.php *\/\n\t\t<\/style>\n\t\t<div id='gallery-1' class='gallery galleryid-28066 gallery-columns-3 gallery-size-thumbnail'><dl class='gallery-item'>\n\t\t\t<dt class='gallery-icon landscape'>\n\t\t\t\t<a href='https:\/\/www.visit-ulcinj.com\/blog\/wp-content\/uploads\/2009\/12\/Suad-Mehmeti.jpg'><img width=\"150\" height=\"150\" src=\"https:\/\/www.visit-ulcinj.com\/blog\/wp-content\/uploads\/2009\/12\/Suad-Mehmeti-150x150.jpg\" class=\"attachment-thumbnail size-thumbnail\" alt=\"\" loading=\"lazy\" \/><\/a>\n\t\t\t<\/dt><\/dl><dl class='gallery-item'>\n\t\t\t<dt class='gallery-icon portrait'>\n\t\t\t\t<a href='https:\/\/www.visit-ulcinj.com\/blog\/wp-content\/uploads\/2009\/12\/Suad-Mehmeti.1.jpg'><img width=\"150\" height=\"150\" src=\"https:\/\/www.visit-ulcinj.com\/blog\/wp-content\/uploads\/2009\/12\/Suad-Mehmeti.1-150x150.jpg\" class=\"attachment-thumbnail size-thumbnail\" alt=\"\" loading=\"lazy\" \/><\/a>\n\t\t\t<\/dt><\/dl><dl class='gallery-item'>\n\t\t\t<dt class='gallery-icon landscape'>\n\t\t\t\t<a href='https:\/\/www.visit-ulcinj.com\/blog\/wp-content\/uploads\/2009\/12\/Suad-Mehmeti.3.jpg'><img width=\"150\" height=\"150\" src=\"https:\/\/www.visit-ulcinj.com\/blog\/wp-content\/uploads\/2009\/12\/Suad-Mehmeti.3-150x150.jpg\" class=\"attachment-thumbnail size-thumbnail\" alt=\"\" loading=\"lazy\" \/><\/a>\n\t\t\t<\/dt><\/dl><br style=\"clear: both\" \/>\n\t\t<\/div>\n<\/p>\n<!--YouTube Error: bad URL entered-->\n","protected":false},"excerpt":{"rendered":"<p>K\u00ebng\u00ebtari Ulqinak Suad Mehmeti me q\u00ebndrim n\u00eb Gjermani\u00a0 pritet s\u00eb shpejti t\u00eb hedh\u00eb k\u00ebng\u00ebt me video klip t\u00eb ri n\u00eb treg , i cili \u00ebsht\u00eb n\u00eb bashk\u00ebpunim\u00a0 t\u00eb siperm me shtepin e diskut n\u00eb prishtin.. Deri m\u00eb tani kjo k\u00ebng\u00eb \u00ebsht\u00eb p\u00ebrfolur si k\u00ebnga m\u00eb e mir\u00eb e Suad Mehmetit, edhe pse ajo ende nuk [&hellip;]<\/p>\n","protected":false},"author":1,"featured_media":0,"comment_status":"open","ping_status":"closed","sticky":false,"template":"","format":"standard","meta":{"spay_email":"","jetpack_publicize_message":"","jetpack_is_tweetstorm":false,"jetpack_publicize_feature_enabled":true},"categories":[1],"tags":[13006,13005],"jetpack_publicize_connections":[],"yoast_head":"<!-- This site is optimized with the Yoast SEO plugin v19.1 - https:\/\/yoast.com\/wordpress\/plugins\/seo\/ -->\n<title>Comback i Suad Mehmetit me video klip t\u00eb ri - Lajme nga Ulqini<\/title>\n<meta name=\"description\" content=\"K\u00ebng\u00ebtari Ulqinak Suad Mehmeti me q\u00ebndrim n\u00eb Gjermani\u00a0 pritet s\u00eb shpejti t\u00eb hedh\u00eb k\u00ebng\u00ebt me video klip t\u00eb ri n\u00eb treg , i cili \u00ebsht\u00eb n\u00eb bashk\u00ebpunim\u00a0 t\u00eb\" \/>\n<meta name=\"robots\" content=\"index, follow, max-snippet:-1, max-image-preview:large, max-video-preview:-1\" \/>\n<link rel=\"canonical\" href=\"https:\/\/www.visit-ulcinj.com\/blog\/2009\/12\/11\/comback-i-suad-mehmetit-me-video-klip-te-ri\/\" \/>\n<meta property=\"og:locale\" content=\"en_US\" \/>\n<meta property=\"og:type\" content=\"article\" \/>\n<meta property=\"og:title\" content=\"Comback i Suad Mehmetit me video klip t\u00eb ri - Lajme nga Ulqini\" \/>\n<meta property=\"og:description\" content=\"K\u00ebng\u00ebtari Ulqinak Suad Mehmeti me q\u00ebndrim n\u00eb Gjermani\u00a0 pritet s\u00eb shpejti t\u00eb hedh\u00eb k\u00ebng\u00ebt me video klip t\u00eb ri n\u00eb treg , i cili \u00ebsht\u00eb n\u00eb bashk\u00ebpunim\u00a0 t\u00eb\" \/>\n<meta property=\"og:url\" content=\"https:\/\/www.visit-ulcinj.com\/blog\/2009\/12\/11\/comback-i-suad-mehmetit-me-video-klip-te-ri\/\" \/>\n<meta property=\"og:site_name\" content=\"Lajme nga Ulqini\" \/>\n<meta property=\"article:published_time\" content=\"2009-12-11T20:52:42+00:00\" \/>\n<meta property=\"article:modified_time\" content=\"2009-12-11T20:53:30+00:00\" \/>\n<meta property=\"og:image\" content=\"https:\/\/www.visit-ulcinj.com\/blog\/wp-content\/uploads\/2009\/12\/Suad-Mehmeti-150x150.jpg\" \/>\n<meta name=\"twitter:label1\" content=\"Written by\" \/>\n\t<meta name=\"twitter:data1\" content=\"ulqini\" \/>\n\t<meta name=\"twitter:label2\" content=\"Est. reading time\" \/>\n\t<meta name=\"twitter:data2\" content=\"1 minute\" \/>\n<script type=\"application\/ld+json\" class=\"yoast-schema-graph\">{\"@context\":\"https:\/\/schema.org\",\"@graph\":[{\"@type\":\"WebSite\",\"@id\":\"https:\/\/www.visit-ulcinj.com\/blog\/#website\",\"url\":\"https:\/\/www.visit-ulcinj.com\/blog\/\",\"name\":\"Lajme nga Ulqini\",\"description\":\"Lajme,Vijesti,Ulqini,Ulqin,Crna Gora,Mali i Zi\",\"potentialAction\":[{\"@type\":\"SearchAction\",\"target\":{\"@type\":\"EntryPoint\",\"urlTemplate\":\"https:\/\/www.visit-ulcinj.com\/blog\/?s={search_term_string}\"},\"query-input\":\"required name=search_term_string\"}],\"inLanguage\":\"en-US\"},{\"@type\":\"ImageObject\",\"inLanguage\":\"en-US\",\"@id\":\"https:\/\/www.visit-ulcinj.com\/blog\/2009\/12\/11\/comback-i-suad-mehmetit-me-video-klip-te-ri\/#primaryimage\",\"url\":\"https:\/\/www.visit-ulcinj.com\/blog\/wp-content\/uploads\/2009\/12\/Suad-Mehmeti.jpg\",\"contentUrl\":\"https:\/\/www.visit-ulcinj.com\/blog\/wp-content\/uploads\/2009\/12\/Suad-Mehmeti.jpg\",\"width\":\"604\",\"height\":\"453\"},{\"@type\":\"WebPage\",\"@id\":\"https:\/\/www.visit-ulcinj.com\/blog\/2009\/12\/11\/comback-i-suad-mehmetit-me-video-klip-te-ri\/#webpage\",\"url\":\"https:\/\/www.visit-ulcinj.com\/blog\/2009\/12\/11\/comback-i-suad-mehmetit-me-video-klip-te-ri\/\",\"name\":\"Comback i Suad Mehmetit me video klip t\u00eb ri - Lajme nga Ulqini\",\"isPartOf\":{\"@id\":\"https:\/\/www.visit-ulcinj.com\/blog\/#website\"},\"primaryImageOfPage\":{\"@id\":\"https:\/\/www.visit-ulcinj.com\/blog\/2009\/12\/11\/comback-i-suad-mehmetit-me-video-klip-te-ri\/#primaryimage\"},\"datePublished\":\"2009-12-11T20:52:42+00:00\",\"dateModified\":\"2009-12-11T20:53:30+00:00\",\"author\":{\"@id\":\"https:\/\/www.visit-ulcinj.com\/blog\/#\/schema\/person\/dcab619c614d3038751c63bc2aadc06d\"},\"description\":\"K\u00ebng\u00ebtari Ulqinak Suad Mehmeti me q\u00ebndrim n\u00eb Gjermani\u00a0 pritet s\u00eb shpejti t\u00eb hedh\u00eb k\u00ebng\u00ebt me video klip t\u00eb ri n\u00eb treg , i cili \u00ebsht\u00eb n\u00eb bashk\u00ebpunim\u00a0 t\u00eb\",\"breadcrumb\":{\"@id\":\"https:\/\/www.visit-ulcinj.com\/blog\/2009\/12\/11\/comback-i-suad-mehmetit-me-video-klip-te-ri\/#breadcrumb\"},\"inLanguage\":\"en-US\",\"potentialAction\":[{\"@type\":\"ReadAction\",\"target\":[\"https:\/\/www.visit-ulcinj.com\/blog\/2009\/12\/11\/comback-i-suad-mehmetit-me-video-klip-te-ri\/\"]}]},{\"@type\":\"BreadcrumbList\",\"@id\":\"https:\/\/www.visit-ulcinj.com\/blog\/2009\/12\/11\/comback-i-suad-mehmetit-me-video-klip-te-ri\/#breadcrumb\",\"itemListElement\":[{\"@type\":\"ListItem\",\"position\":1,\"name\":\"Comback i Suad Mehmetit me video klip t\u00eb ri\"}]},{\"@type\":\"Person\",\"@id\":\"https:\/\/www.visit-ulcinj.com\/blog\/#\/schema\/person\/dcab619c614d3038751c63bc2aadc06d\",\"name\":\"ulqini\",\"sameAs\":[\"http:\/\/www.visit-ulcinj.com\"],\"url\":\"https:\/\/www.visit-ulcinj.com\/blog\/author\/admin\/\"}]}<\/script>\n<!-- \/ Yoast SEO plugin. -->","yoast_head_json":{"title":"Comback i Suad Mehmetit me video klip t\u00eb ri - Lajme nga Ulqini","description":"K\u00ebng\u00ebtari Ulqinak Suad Mehmeti me q\u00ebndrim n\u00eb Gjermani\u00a0 pritet s\u00eb shpejti t\u00eb hedh\u00eb k\u00ebng\u00ebt me video klip t\u00eb ri n\u00eb treg , i cili \u00ebsht\u00eb n\u00eb bashk\u00ebpunim\u00a0 t\u00eb","robots":{"index":"index","follow":"follow","max-snippet":"max-snippet:-1","max-image-preview":"max-image-preview:large","max-video-preview":"max-video-preview:-1"},"canonical":"https:\/\/www.visit-ulcinj.com\/blog\/2009\/12\/11\/comback-i-suad-mehmetit-me-video-klip-te-ri\/","og_locale":"en_US","og_type":"article","og_title":"Comback i Suad Mehmetit me video klip t\u00eb ri - Lajme nga Ulqini","og_description":"K\u00ebng\u00ebtari Ulqinak Suad Mehmeti me q\u00ebndrim n\u00eb Gjermani\u00a0 pritet s\u00eb shpejti t\u00eb hedh\u00eb k\u00ebng\u00ebt me video klip t\u00eb ri n\u00eb treg , i cili \u00ebsht\u00eb n\u00eb bashk\u00ebpunim\u00a0 t\u00eb","og_url":"https:\/\/www.visit-ulcinj.com\/blog\/2009\/12\/11\/comback-i-suad-mehmetit-me-video-klip-te-ri\/","og_site_name":"Lajme nga Ulqini","article_published_time":"2009-12-11T20:52:42+00:00","article_modified_time":"2009-12-11T20:53:30+00:00","og_image":[{"url":"https:\/\/www.visit-ulcinj.com\/blog\/wp-content\/uploads\/2009\/12\/Suad-Mehmeti-150x150.jpg"}],"twitter_misc":{"Written by":"ulqini","Est. reading time":"1 minute"},"schema":{"@context":"https:\/\/schema.org","@graph":[{"@type":"WebSite","@id":"https:\/\/www.visit-ulcinj.com\/blog\/#website","url":"https:\/\/www.visit-ulcinj.com\/blog\/","name":"Lajme nga Ulqini","description":"Lajme,Vijesti,Ulqini,Ulqin,Crna Gora,Mali i Zi","potentialAction":[{"@type":"SearchAction","target":{"@type":"EntryPoint","urlTemplate":"https:\/\/www.visit-ulcinj.com\/blog\/?s={search_term_string}"},"query-input":"required name=search_term_string"}],"inLanguage":"en-US"},{"@type":"ImageObject","inLanguage":"en-US","@id":"https:\/\/www.visit-ulcinj.com\/blog\/2009\/12\/11\/comback-i-suad-mehmetit-me-video-klip-te-ri\/#primaryimage","url":"https:\/\/www.visit-ulcinj.com\/blog\/wp-content\/uploads\/2009\/12\/Suad-Mehmeti.jpg","contentUrl":"https:\/\/www.visit-ulcinj.com\/blog\/wp-content\/uploads\/2009\/12\/Suad-Mehmeti.jpg","width":"604","height":"453"},{"@type":"WebPage","@id":"https:\/\/www.visit-ulcinj.com\/blog\/2009\/12\/11\/comback-i-suad-mehmetit-me-video-klip-te-ri\/#webpage","url":"https:\/\/www.visit-ulcinj.com\/blog\/2009\/12\/11\/comback-i-suad-mehmetit-me-video-klip-te-ri\/","name":"Comback i Suad Mehmetit me video klip t\u00eb ri - Lajme nga Ulqini","isPartOf":{"@id":"https:\/\/www.visit-ulcinj.com\/blog\/#website"},"primaryImageOfPage":{"@id":"https:\/\/www.visit-ulcinj.com\/blog\/2009\/12\/11\/comback-i-suad-mehmetit-me-video-klip-te-ri\/#primaryimage"},"datePublished":"2009-12-11T20:52:42+00:00","dateModified":"2009-12-11T20:53:30+00:00","author":{"@id":"https:\/\/www.visit-ulcinj.com\/blog\/#\/schema\/person\/dcab619c614d3038751c63bc2aadc06d"},"description":"K\u00ebng\u00ebtari Ulqinak Suad Mehmeti me q\u00ebndrim n\u00eb Gjermani\u00a0 pritet s\u00eb shpejti t\u00eb hedh\u00eb k\u00ebng\u00ebt me video klip t\u00eb ri n\u00eb treg , i cili \u00ebsht\u00eb n\u00eb bashk\u00ebpunim\u00a0 t\u00eb","breadcrumb":{"@id":"https:\/\/www.visit-ulcinj.com\/blog\/2009\/12\/11\/comback-i-suad-mehmetit-me-video-klip-te-ri\/#breadcrumb"},"inLanguage":"en-US","potentialAction":[{"@type":"ReadAction","target":["https:\/\/www.visit-ulcinj.com\/blog\/2009\/12\/11\/comback-i-suad-mehmetit-me-video-klip-te-ri\/"]}]},{"@type":"BreadcrumbList","@id":"https:\/\/www.visit-ulcinj.com\/blog\/2009\/12\/11\/comback-i-suad-mehmetit-me-video-klip-te-ri\/#breadcrumb","itemListElement":[{"@type":"ListItem","position":1,"name":"Comback i Suad Mehmetit me video klip t\u00eb ri"}]},{"@type":"Person","@id":"https:\/\/www.visit-ulcinj.com\/blog\/#\/schema\/person\/dcab619c614d3038751c63bc2aadc06d","name":"ulqini","sameAs":["http:\/\/www.visit-ulcinj.com"],"url":"https:\/\/www.visit-ulcinj.com\/blog\/author\/admin\/"}]}},"jetpack_featured_media_url":"","jetpack_sharing_enabled":true,"jetpack_shortlink":"https:\/\/wp.me\/pe6lTn-7iG","_links":{"self":[{"href":"https:\/\/www.visit-ulcinj.com\/blog\/wp-json\/wp\/v2\/posts\/28066"}],"collection":[{"href":"https:\/\/www.visit-ulcinj.com\/blog\/wp-json\/wp\/v2\/posts"}],"about":[{"href":"https:\/\/www.visit-ulcinj.com\/blog\/wp-json\/wp\/v2\/types\/post"}],"author":[{"embeddable":true,"href":"https:\/\/www.visit-ulcinj.com\/blog\/wp-json\/wp\/v2\/users\/1"}],"replies":[{"embeddable":true,"href":"https:\/\/www.visit-ulcinj.com\/blog\/wp-json\/wp\/v2\/comments?post=28066"}],"version-history":[{"count":0,"href":"https:\/\/www.visit-ulcinj.com\/blog\/wp-json\/wp\/v2\/posts\/28066\/revisions"}],"wp:attachment":[{"href":"https:\/\/www.visit-ulcinj.com\/blog\/wp-json\/wp\/v2\/media?parent=28066"}],"wp:term":[{"taxonomy":"category","embeddable":true,"href":"https:\/\/www.visit-ulcinj.com\/blog\/wp-json\/wp\/v2\/categories?post=28066"},{"taxonomy":"post_tag","embeddable":true,"href":"https:\/\/www.visit-ulcinj.com\/blog\/wp-json\/wp\/v2\/tags?post=28066"}],"curies":[{"name":"wp","href":"https:\/\/api.w.org\/{rel}","templated":true}]}}