{"id":28073,"date":"2009-12-11T23:25:15","date_gmt":"2009-12-11T21:25:15","guid":{"rendered":"http:\/\/www.visit-ulcinj.com\/blog\/?p=28073"},"modified":"2009-12-11T23:27:26","modified_gmt":"2009-12-11T21:27:26","slug":"eliza-hoxha-me-kangen-e-saj-te-re-%e2%80%9crruga-e-zemres%e2%80%9dfitoi-ne-%e2%80%9ckenga-magjike%e2%80%9d","status":"publish","type":"post","link":"https:\/\/www.visit-ulcinj.com\/blog\/2009\/12\/11\/eliza-hoxha-me-kangen-e-saj-te-re-%e2%80%9crruga-e-zemres%e2%80%9dfitoi-ne-%e2%80%9ckenga-magjike%e2%80%9d\/","title":{"rendered":"Eliza Hoxha me kang\u00ebn e saj t\u00eb re \u201cRruga e zemr\u00ebs\u201dfitoi n\u00eb \u201cK\u00ebnga Magjike\u201d"},"content":{"rendered":"<div style=\"line-height: 30px;\"><strong><a href=\"http:\/\/www.visit-ulcinj.com\/blog\/wp-content\/uploads\/2009\/12\/Eliza-Hoxha.jpg\"><img loading=\"lazy\" class=\"alignleft size-full wp-image-28074\" title=\"Eliza Hoxha\" src=\"http:\/\/www.visit-ulcinj.com\/blog\/wp-content\/uploads\/2009\/12\/Eliza-Hoxha.jpg\" alt=\"Eliza Hoxha\" width=\"580\" height=\"320\" \/><\/a>Eliza magjike<\/strong><\/div>\n<div><strong>Eliza Hoxha tregon p\u00ebr k\u00ebng\u00ebn e saj t\u00eb re \u201cRruga e zemr\u00ebs\u201d, me t\u00eb cil\u00ebn fitoi n\u00eb \u201cK\u00ebnga Magjike\u201d<\/strong>.<\/div>\n<p>Eliza Hoxha n\u00eb bashk\u00ebpunim me k\u00ebng\u00ebtaren nga Shqip\u00ebria, Rosela Gjylbegu kan\u00eb arritur t\u00eb fitojn\u00eb zemrat e adhuruesve, por edhe te k\u00ebng\u00ebtar\u00ebve pjes\u00ebmarr\u00ebs n\u00eb \u201cK\u00ebnga Magjike\u201d.<\/p>\n<p>K\u00ebng\u00ebtarja kosovare, e cila shumic\u00ebn e koh\u00ebs s\u00eb saj e kalon n\u00eb studio, thot\u00eb p\u00ebr Roz\u00eb se \u00ebsht\u00eb e k\u00ebnaqur me realizimin e k\u00ebsaj k\u00ebnge. Ajo shton se n\u00ebp\u00ebrmes k\u00ebng\u00ebs tregon at\u00eb \u00e7far\u00eb ajo ka n\u00eb zem\u00ebr&#8230;<\/p>\n<p><strong>Roz\u00eb: Q\u00eb sa koh\u00eb njiheni me Rosel\u00ebn dhe a je e k\u00ebnaqur me bashk\u00ebpunimin?<br \/>\nEliza:<\/strong> Ka kat\u00ebr vite q\u00eb njihem me Roselen dhe shoqeria jon\u00eb&#8230; sa m\u00eb shume jemi njohur, aq m\u00eb shum\u00eb \u00ebsht\u00eb forcuar, duke par\u00eb pika kohezive si n\u00eb sensin e orientimeve dhe shijeve muzikore ashtu edhe n\u00eb sensin personal. Bashk\u00ebpunimi ka ardhur pikerisht si rrjedhoj\u00eb e k\u00ebsaj dhe \u00ebsht\u00eb diskutuar qysh vjet kur ishim te \u201cK\u00ebnga Magjike\u201d&#8230; Un\u00eb jam shum\u00eb e k\u00ebnaqur q\u00eb kemi arritur t\u2019i bashk\u00ebdyzojm\u00eb gjith\u00eb k\u00ebto dimensione n\u00eb nj\u00eb k\u00ebng\u00eb dhe mesazh t\u00eb p\u00ebrbashk\u00ebt.<\/p>\n<p><strong>Roz\u00eb: Me k\u00ebng\u00ebn \u201cRruga e zemr\u00ebs\u201d fituat edhe \u00e7mimin kryesor t\u00eb \u201cK\u00ebnga Magjike 2009\u201d. A e keni pritur?<br \/>\nEliza: <\/strong>Q\u00eb nga paraqitja jon\u00eb tek e diela shqiptare, komentet dhe urimet kan\u00eb ardhur gjithandej p\u00ebr k\u00ebng\u00ebn&#8230; Por, duke e ditur q\u00eb k\u00ebnga magjike sjell fituesin nga vet votimi i k\u00ebng\u00ebtar\u00ebve pjes\u00ebmarr\u00ebs, kjo pune nuk dihet asnj\u00ebher\u00eb&#8230;Ndjesia ka ekzistuar p\u00ebr faktin se kishim nj\u00eb k\u00ebng\u00eb me mesazh t\u00eb fort\u00eb dhe nj\u00eb prezantim dinjitoz. Andaj para se t\u00eb fitonim miratimin e koleg\u00ebve, e bukura ishte q\u00eb ne unanimisht kishim edhe miratimin e publikut n\u00eb sall\u00eb dhe jasht\u00eb saj&#8230; Kjo \u00ebsht\u00eb m\u00eb e r\u00ebnd\u00ebsishmja , m\u00eb besoni&#8230;.<\/p>\n<p><strong>Roz\u00eb: Cili \u00ebsht\u00eb mendimi juaj p\u00ebr k\u00ebt\u00eb festival?<br \/>\nEliza:<\/strong> \u00cbsht\u00eb festival q\u00eb t\u00eb b\u00ebn t\u00eb rritesh, t\u00eb shk\u00eblqesh dhe t\u00eb form\u00ebsohesh bashk\u00eb m\u00eb t\u00eb nd\u00ebr vite&#8230;<\/p>\n<p><strong>Roz\u00eb: P\u00ebr orkestrimin e k\u00ebsaj k\u00ebnge keni bashk\u00ebpunuar me nj\u00eb kompozitor maqedonas. Si e vler\u00ebsoni bashk\u00ebpunimin me k\u00ebt\u00eb kompozitor?<br \/>\nEliza:<\/strong> E vler\u00ebsoj shum\u00eb, ngase \u00ebsht\u00eb person shum\u00eb i hapur dhe t\u00eb lejon t\u00eb jap\u00ebsh dhe t\u2019i integrosh edhe idet\u00eb tua p\u00ebrbrenda k\u00ebng\u00ebs, gj\u00eb q\u00eb krijon mund\u00ebsin\u00eb ta pesonalizosh k\u00ebng\u00ebn edhe m\u00eb shum\u00eb&#8230;<\/p>\n<p><strong>Roz\u00eb: Keni shkruar edhe tekstin e k\u00ebng\u00ebs \u201cRruga e zemr\u00ebs\u201d. \u00c7ka keni menduar pasi e keni shkruar tekstin?<br \/>\nEliza: <\/strong>\u201cRruga e z\u00ebmr\u00ebs\u201d rr\u00ebfen p\u00ebr personalitetin e fort\u00eb t\u00eb njer\u00ebzve, t\u00eb cil\u00ebt pat\u00ebn forc\u00ebn shpirt\u00ebrore t\u2019i p\u00ebrballojn\u00eb sfidat jet\u00ebsore n\u00eb rrug\u00ebtimin e tyre p\u00ebr realizimin e \u00ebndrr\u00ebs dhe idealeve personale apo edhe shoq\u00ebrore&#8230;<\/p>\n<p><strong>Roz\u00eb: Sa i besoni ju fuqis\u00eb s\u00eb zemr\u00ebs?<br \/>\nEliza:<\/strong> I besoj , andaj dhe e kam shkruar tekstin&#8230;<\/p>\n<p><strong>Roz\u00eb: \u00c7far\u00eb risie do t\u00eb ket\u00eb nga Eliza pas fitimit t\u00eb k\u00ebtij trofeu?<br \/>\nEliza:<\/strong> Risit\u00eb e mia nuk lidhen asnj\u00ebher\u00eb me trofet\u00eb e fituara, por me nevoj\u00ebn p\u00ebr t\u00eb th\u00ebn\u00eb at\u00eb \u00e7far\u00eb me preokupon p\u00ebrmes nj\u00eb mediumi &#8211; \u00e7far\u00eb \u00ebsht\u00eb k\u00ebnga&#8230;<\/p>\n<p><strong>Ardian Jasiqi<br \/>\nGazeta Express<br \/>\n<\/p>\n<p><\/strong><\/p>\n<p><strong> <\/strong><\/p>\n<!--YouTube Error: bad URL entered-->\n","protected":false},"excerpt":{"rendered":"<p>Eliza magjike Eliza Hoxha tregon p\u00ebr k\u00ebng\u00ebn e saj t\u00eb re \u201cRruga e zemr\u00ebs\u201d, me t\u00eb cil\u00ebn fitoi n\u00eb \u201cK\u00ebnga Magjike\u201d. Eliza Hoxha n\u00eb bashk\u00ebpunim me k\u00ebng\u00ebtaren nga Shqip\u00ebria, Rosela Gjylbegu kan\u00eb arritur t\u00eb fitojn\u00eb zemrat e adhuruesve, por edhe te k\u00ebng\u00ebtar\u00ebve pjes\u00ebmarr\u00ebs n\u00eb \u201cK\u00ebnga Magjike\u201d. K\u00ebng\u00ebtarja kosovare, e cila shumic\u00ebn e koh\u00ebs s\u00eb saj [&hellip;]<\/p>\n","protected":false},"author":1,"featured_media":0,"comment_status":"open","ping_status":"closed","sticky":false,"template":"","format":"standard","meta":{"spay_email":"","jetpack_publicize_message":"","jetpack_is_tweetstorm":false,"jetpack_publicize_feature_enabled":true},"categories":[1],"tags":[4906,5087,5487],"jetpack_publicize_connections":[],"yoast_head":"<!-- This site is optimized with the Yoast SEO plugin v19.1 - https:\/\/yoast.com\/wordpress\/plugins\/seo\/ -->\n<title>Eliza Hoxha me kang\u00ebn e saj t\u00eb re \u201cRruga e zemr\u00ebs\u201dfitoi n\u00eb \u201cK\u00ebnga Magjike\u201d - Lajme nga Ulqini<\/title>\n<meta name=\"description\" content=\"Eliza magjike Eliza Hoxha tregon p\u00ebr k\u00ebng\u00ebn e saj t\u00eb re \u201cRruga e zemr\u00ebs\u201d, me t\u00eb cil\u00ebn fitoi n\u00eb \u201cK\u00ebnga Magjike\u201d. Eliza Hoxha n\u00eb bashk\u00ebpunim me k\u00ebng\u00ebtaren\" \/>\n<meta name=\"robots\" content=\"index, follow, max-snippet:-1, max-image-preview:large, max-video-preview:-1\" \/>\n<link rel=\"canonical\" href=\"https:\/\/www.visit-ulcinj.com\/blog\/2009\/12\/11\/eliza-hoxha-me-kangen-e-saj-te-re-\u201crruga-e-zemres\u201dfitoi-ne-\u201ckenga-magjike\u201d\/\" \/>\n<meta property=\"og:locale\" content=\"en_US\" \/>\n<meta property=\"og:type\" content=\"article\" \/>\n<meta property=\"og:title\" content=\"Eliza Hoxha me kang\u00ebn e saj t\u00eb re \u201cRruga e zemr\u00ebs\u201dfitoi n\u00eb \u201cK\u00ebnga Magjike\u201d - Lajme nga Ulqini\" \/>\n<meta property=\"og:description\" content=\"Eliza magjike Eliza Hoxha tregon p\u00ebr k\u00ebng\u00ebn e saj t\u00eb re \u201cRruga e zemr\u00ebs\u201d, me t\u00eb cil\u00ebn fitoi n\u00eb \u201cK\u00ebnga Magjike\u201d. Eliza Hoxha n\u00eb bashk\u00ebpunim me k\u00ebng\u00ebtaren\" \/>\n<meta property=\"og:url\" content=\"https:\/\/www.visit-ulcinj.com\/blog\/2009\/12\/11\/eliza-hoxha-me-kangen-e-saj-te-re-\u201crruga-e-zemres\u201dfitoi-ne-\u201ckenga-magjike\u201d\/\" \/>\n<meta property=\"og:site_name\" content=\"Lajme nga Ulqini\" \/>\n<meta property=\"article:published_time\" content=\"2009-12-11T21:25:15+00:00\" \/>\n<meta property=\"article:modified_time\" content=\"2009-12-11T21:27:26+00:00\" \/>\n<meta property=\"og:image\" content=\"https:\/\/www.visit-ulcinj.com\/blog\/wp-content\/uploads\/2009\/12\/Eliza-Hoxha-150x150.jpg\" \/>\n<meta name=\"twitter:label1\" content=\"Written by\" \/>\n\t<meta name=\"twitter:data1\" content=\"ulqini\" \/>\n\t<meta name=\"twitter:label2\" content=\"Est. reading time\" \/>\n\t<meta name=\"twitter:data2\" content=\"3 minutes\" \/>\n<script type=\"application\/ld+json\" class=\"yoast-schema-graph\">{\"@context\":\"https:\/\/schema.org\",\"@graph\":[{\"@type\":\"WebSite\",\"@id\":\"https:\/\/www.visit-ulcinj.com\/blog\/#website\",\"url\":\"https:\/\/www.visit-ulcinj.com\/blog\/\",\"name\":\"Lajme nga Ulqini\",\"description\":\"Lajme,Vijesti,Ulqini,Ulqin,Crna Gora,Mali i Zi\",\"potentialAction\":[{\"@type\":\"SearchAction\",\"target\":{\"@type\":\"EntryPoint\",\"urlTemplate\":\"https:\/\/www.visit-ulcinj.com\/blog\/?s={search_term_string}\"},\"query-input\":\"required name=search_term_string\"}],\"inLanguage\":\"en-US\"},{\"@type\":\"ImageObject\",\"inLanguage\":\"en-US\",\"@id\":\"https:\/\/www.visit-ulcinj.com\/blog\/2009\/12\/11\/eliza-hoxha-me-kangen-e-saj-te-re-%e2%80%9crruga-e-zemres%e2%80%9dfitoi-ne-%e2%80%9ckenga-magjike%e2%80%9d\/#primaryimage\",\"url\":\"http:\/\/www.visit-ulcinj.com\/blog\/wp-content\/uploads\/2009\/12\/Eliza-Hoxha.jpg\",\"contentUrl\":\"http:\/\/www.visit-ulcinj.com\/blog\/wp-content\/uploads\/2009\/12\/Eliza-Hoxha.jpg\"},{\"@type\":\"WebPage\",\"@id\":\"https:\/\/www.visit-ulcinj.com\/blog\/2009\/12\/11\/eliza-hoxha-me-kangen-e-saj-te-re-%e2%80%9crruga-e-zemres%e2%80%9dfitoi-ne-%e2%80%9ckenga-magjike%e2%80%9d\/#webpage\",\"url\":\"https:\/\/www.visit-ulcinj.com\/blog\/2009\/12\/11\/eliza-hoxha-me-kangen-e-saj-te-re-%e2%80%9crruga-e-zemres%e2%80%9dfitoi-ne-%e2%80%9ckenga-magjike%e2%80%9d\/\",\"name\":\"Eliza Hoxha me kang\u00ebn e saj t\u00eb re \u201cRruga e zemr\u00ebs\u201dfitoi n\u00eb \u201cK\u00ebnga Magjike\u201d - Lajme nga Ulqini\",\"isPartOf\":{\"@id\":\"https:\/\/www.visit-ulcinj.com\/blog\/#website\"},\"primaryImageOfPage\":{\"@id\":\"https:\/\/www.visit-ulcinj.com\/blog\/2009\/12\/11\/eliza-hoxha-me-kangen-e-saj-te-re-%e2%80%9crruga-e-zemres%e2%80%9dfitoi-ne-%e2%80%9ckenga-magjike%e2%80%9d\/#primaryimage\"},\"datePublished\":\"2009-12-11T21:25:15+00:00\",\"dateModified\":\"2009-12-11T21:27:26+00:00\",\"author\":{\"@id\":\"https:\/\/www.visit-ulcinj.com\/blog\/#\/schema\/person\/dcab619c614d3038751c63bc2aadc06d\"},\"description\":\"Eliza magjike Eliza Hoxha tregon p\u00ebr k\u00ebng\u00ebn e saj t\u00eb re \u201cRruga e zemr\u00ebs\u201d, me t\u00eb cil\u00ebn fitoi n\u00eb \u201cK\u00ebnga Magjike\u201d. Eliza Hoxha n\u00eb bashk\u00ebpunim me k\u00ebng\u00ebtaren\",\"breadcrumb\":{\"@id\":\"https:\/\/www.visit-ulcinj.com\/blog\/2009\/12\/11\/eliza-hoxha-me-kangen-e-saj-te-re-%e2%80%9crruga-e-zemres%e2%80%9dfitoi-ne-%e2%80%9ckenga-magjike%e2%80%9d\/#breadcrumb\"},\"inLanguage\":\"en-US\",\"potentialAction\":[{\"@type\":\"ReadAction\",\"target\":[\"https:\/\/www.visit-ulcinj.com\/blog\/2009\/12\/11\/eliza-hoxha-me-kangen-e-saj-te-re-%e2%80%9crruga-e-zemres%e2%80%9dfitoi-ne-%e2%80%9ckenga-magjike%e2%80%9d\/\"]}]},{\"@type\":\"BreadcrumbList\",\"@id\":\"https:\/\/www.visit-ulcinj.com\/blog\/2009\/12\/11\/eliza-hoxha-me-kangen-e-saj-te-re-%e2%80%9crruga-e-zemres%e2%80%9dfitoi-ne-%e2%80%9ckenga-magjike%e2%80%9d\/#breadcrumb\",\"itemListElement\":[{\"@type\":\"ListItem\",\"position\":1,\"name\":\"Eliza Hoxha me kang\u00ebn e saj t\u00eb re \u201cRruga e zemr\u00ebs\u201dfitoi n\u00eb \u201cK\u00ebnga Magjike\u201d\"}]},{\"@type\":\"Person\",\"@id\":\"https:\/\/www.visit-ulcinj.com\/blog\/#\/schema\/person\/dcab619c614d3038751c63bc2aadc06d\",\"name\":\"ulqini\",\"sameAs\":[\"http:\/\/www.visit-ulcinj.com\"],\"url\":\"https:\/\/www.visit-ulcinj.com\/blog\/author\/admin\/\"}]}<\/script>\n<!-- \/ Yoast SEO plugin. -->","yoast_head_json":{"title":"Eliza Hoxha me kang\u00ebn e saj t\u00eb re \u201cRruga e zemr\u00ebs\u201dfitoi n\u00eb \u201cK\u00ebnga Magjike\u201d - Lajme nga Ulqini","description":"Eliza magjike Eliza Hoxha tregon p\u00ebr k\u00ebng\u00ebn e saj t\u00eb re \u201cRruga e zemr\u00ebs\u201d, me t\u00eb cil\u00ebn fitoi n\u00eb \u201cK\u00ebnga Magjike\u201d. Eliza Hoxha n\u00eb bashk\u00ebpunim me k\u00ebng\u00ebtaren","robots":{"index":"index","follow":"follow","max-snippet":"max-snippet:-1","max-image-preview":"max-image-preview:large","max-video-preview":"max-video-preview:-1"},"canonical":"https:\/\/www.visit-ulcinj.com\/blog\/2009\/12\/11\/eliza-hoxha-me-kangen-e-saj-te-re-\u201crruga-e-zemres\u201dfitoi-ne-\u201ckenga-magjike\u201d\/","og_locale":"en_US","og_type":"article","og_title":"Eliza Hoxha me kang\u00ebn e saj t\u00eb re \u201cRruga e zemr\u00ebs\u201dfitoi n\u00eb \u201cK\u00ebnga Magjike\u201d - Lajme nga Ulqini","og_description":"Eliza magjike Eliza Hoxha tregon p\u00ebr k\u00ebng\u00ebn e saj t\u00eb re \u201cRruga e zemr\u00ebs\u201d, me t\u00eb cil\u00ebn fitoi n\u00eb \u201cK\u00ebnga Magjike\u201d. Eliza Hoxha n\u00eb bashk\u00ebpunim me k\u00ebng\u00ebtaren","og_url":"https:\/\/www.visit-ulcinj.com\/blog\/2009\/12\/11\/eliza-hoxha-me-kangen-e-saj-te-re-\u201crruga-e-zemres\u201dfitoi-ne-\u201ckenga-magjike\u201d\/","og_site_name":"Lajme nga Ulqini","article_published_time":"2009-12-11T21:25:15+00:00","article_modified_time":"2009-12-11T21:27:26+00:00","og_image":[{"url":"https:\/\/www.visit-ulcinj.com\/blog\/wp-content\/uploads\/2009\/12\/Eliza-Hoxha-150x150.jpg"}],"twitter_misc":{"Written by":"ulqini","Est. reading time":"3 minutes"},"schema":{"@context":"https:\/\/schema.org","@graph":[{"@type":"WebSite","@id":"https:\/\/www.visit-ulcinj.com\/blog\/#website","url":"https:\/\/www.visit-ulcinj.com\/blog\/","name":"Lajme nga Ulqini","description":"Lajme,Vijesti,Ulqini,Ulqin,Crna Gora,Mali i Zi","potentialAction":[{"@type":"SearchAction","target":{"@type":"EntryPoint","urlTemplate":"https:\/\/www.visit-ulcinj.com\/blog\/?s={search_term_string}"},"query-input":"required name=search_term_string"}],"inLanguage":"en-US"},{"@type":"ImageObject","inLanguage":"en-US","@id":"https:\/\/www.visit-ulcinj.com\/blog\/2009\/12\/11\/eliza-hoxha-me-kangen-e-saj-te-re-%e2%80%9crruga-e-zemres%e2%80%9dfitoi-ne-%e2%80%9ckenga-magjike%e2%80%9d\/#primaryimage","url":"http:\/\/www.visit-ulcinj.com\/blog\/wp-content\/uploads\/2009\/12\/Eliza-Hoxha.jpg","contentUrl":"http:\/\/www.visit-ulcinj.com\/blog\/wp-content\/uploads\/2009\/12\/Eliza-Hoxha.jpg"},{"@type":"WebPage","@id":"https:\/\/www.visit-ulcinj.com\/blog\/2009\/12\/11\/eliza-hoxha-me-kangen-e-saj-te-re-%e2%80%9crruga-e-zemres%e2%80%9dfitoi-ne-%e2%80%9ckenga-magjike%e2%80%9d\/#webpage","url":"https:\/\/www.visit-ulcinj.com\/blog\/2009\/12\/11\/eliza-hoxha-me-kangen-e-saj-te-re-%e2%80%9crruga-e-zemres%e2%80%9dfitoi-ne-%e2%80%9ckenga-magjike%e2%80%9d\/","name":"Eliza Hoxha me kang\u00ebn e saj t\u00eb re \u201cRruga e zemr\u00ebs\u201dfitoi n\u00eb \u201cK\u00ebnga Magjike\u201d - Lajme nga Ulqini","isPartOf":{"@id":"https:\/\/www.visit-ulcinj.com\/blog\/#website"},"primaryImageOfPage":{"@id":"https:\/\/www.visit-ulcinj.com\/blog\/2009\/12\/11\/eliza-hoxha-me-kangen-e-saj-te-re-%e2%80%9crruga-e-zemres%e2%80%9dfitoi-ne-%e2%80%9ckenga-magjike%e2%80%9d\/#primaryimage"},"datePublished":"2009-12-11T21:25:15+00:00","dateModified":"2009-12-11T21:27:26+00:00","author":{"@id":"https:\/\/www.visit-ulcinj.com\/blog\/#\/schema\/person\/dcab619c614d3038751c63bc2aadc06d"},"description":"Eliza magjike Eliza Hoxha tregon p\u00ebr k\u00ebng\u00ebn e saj t\u00eb re \u201cRruga e zemr\u00ebs\u201d, me t\u00eb cil\u00ebn fitoi n\u00eb \u201cK\u00ebnga Magjike\u201d. Eliza Hoxha n\u00eb bashk\u00ebpunim me k\u00ebng\u00ebtaren","breadcrumb":{"@id":"https:\/\/www.visit-ulcinj.com\/blog\/2009\/12\/11\/eliza-hoxha-me-kangen-e-saj-te-re-%e2%80%9crruga-e-zemres%e2%80%9dfitoi-ne-%e2%80%9ckenga-magjike%e2%80%9d\/#breadcrumb"},"inLanguage":"en-US","potentialAction":[{"@type":"ReadAction","target":["https:\/\/www.visit-ulcinj.com\/blog\/2009\/12\/11\/eliza-hoxha-me-kangen-e-saj-te-re-%e2%80%9crruga-e-zemres%e2%80%9dfitoi-ne-%e2%80%9ckenga-magjike%e2%80%9d\/"]}]},{"@type":"BreadcrumbList","@id":"https:\/\/www.visit-ulcinj.com\/blog\/2009\/12\/11\/eliza-hoxha-me-kangen-e-saj-te-re-%e2%80%9crruga-e-zemres%e2%80%9dfitoi-ne-%e2%80%9ckenga-magjike%e2%80%9d\/#breadcrumb","itemListElement":[{"@type":"ListItem","position":1,"name":"Eliza Hoxha me kang\u00ebn e saj t\u00eb re \u201cRruga e zemr\u00ebs\u201dfitoi n\u00eb \u201cK\u00ebnga Magjike\u201d"}]},{"@type":"Person","@id":"https:\/\/www.visit-ulcinj.com\/blog\/#\/schema\/person\/dcab619c614d3038751c63bc2aadc06d","name":"ulqini","sameAs":["http:\/\/www.visit-ulcinj.com"],"url":"https:\/\/www.visit-ulcinj.com\/blog\/author\/admin\/"}]}},"jetpack_featured_media_url":"","jetpack_sharing_enabled":true,"jetpack_shortlink":"https:\/\/wp.me\/pe6lTn-7iN","_links":{"self":[{"href":"https:\/\/www.visit-ulcinj.com\/blog\/wp-json\/wp\/v2\/posts\/28073"}],"collection":[{"href":"https:\/\/www.visit-ulcinj.com\/blog\/wp-json\/wp\/v2\/posts"}],"about":[{"href":"https:\/\/www.visit-ulcinj.com\/blog\/wp-json\/wp\/v2\/types\/post"}],"author":[{"embeddable":true,"href":"https:\/\/www.visit-ulcinj.com\/blog\/wp-json\/wp\/v2\/users\/1"}],"replies":[{"embeddable":true,"href":"https:\/\/www.visit-ulcinj.com\/blog\/wp-json\/wp\/v2\/comments?post=28073"}],"version-history":[{"count":0,"href":"https:\/\/www.visit-ulcinj.com\/blog\/wp-json\/wp\/v2\/posts\/28073\/revisions"}],"wp:attachment":[{"href":"https:\/\/www.visit-ulcinj.com\/blog\/wp-json\/wp\/v2\/media?parent=28073"}],"wp:term":[{"taxonomy":"category","embeddable":true,"href":"https:\/\/www.visit-ulcinj.com\/blog\/wp-json\/wp\/v2\/categories?post=28073"},{"taxonomy":"post_tag","embeddable":true,"href":"https:\/\/www.visit-ulcinj.com\/blog\/wp-json\/wp\/v2\/tags?post=28073"}],"curies":[{"name":"wp","href":"https:\/\/api.w.org\/{rel}","templated":true}]}}