{"id":28080,"date":"2009-12-11T23:58:10","date_gmt":"2009-12-11T21:58:10","guid":{"rendered":"http:\/\/www.visit-ulcinj.com\/blog\/?p=28080"},"modified":"2009-12-12T11:28:29","modified_gmt":"2009-12-12T09:28:29","slug":"kuvendi-komunal-i-ulqinit-te-henen-mbledhje-te-rregullt","status":"publish","type":"post","link":"https:\/\/www.visit-ulcinj.com\/blog\/2009\/12\/11\/kuvendi-komunal-i-ulqinit-te-henen-mbledhje-te-rregullt\/","title":{"rendered":"Kuvendi Komunal i Ulqinit t\u00eb h\u00ebn\u00ebn mbledhje t\u00eb rregullt"},"content":{"rendered":"<p><a href=\"http:\/\/www.visit-ulcinj.com\/blog\/wp-content\/uploads\/2009\/12\/KUVENDI-KOMUNAL-I-ULQINIT.jpg\"><img loading=\"lazy\" class=\"alignleft size-full wp-image-28081\" title=\"KUVENDI KOMUNAL I ULQINIT\" src=\"http:\/\/www.visit-ulcinj.com\/blog\/wp-content\/uploads\/2009\/12\/KUVENDI-KOMUNAL-I-ULQINIT.jpg\" alt=\"KUVENDI KOMUNAL I ULQINIT\" width=\"580\" height=\"400\" \/><\/a>Dit\u00ebn e h\u00ebn\u00eb me 14 t\u00eb k\u00ebtij muaji \u00ebsht\u00eb parapar\u00eb t\u00eb mbahet mbledhja e par\u00eb e seanc\u00ebs s\u00eb dyt\u00eb t\u00eb rregullt t\u00eb kuvendit komunal t\u00eb Ulqinit.<br \/>\nParlamentari Muhamed Nika p\u00ebr k\u00ebt\u00eb seanc\u00eb ka caktuar 11 pika t\u00eb rendit t\u00eb dit\u00ebs.<br \/>\nK\u00ebshilltar\u00ebt e parlamentit vendor t\u00eb Ulqinit do t\u00eb debatojn\u00eb p\u00ebr propozim vendimin mbi shfryt\u00ebzimin e p\u00ebrkohsh\u00ebm t\u00eb deponis\u00eb sanitare &#8220;HIJA&#8221; Propozim vendimin mbi ndarjen e truallit nd\u00ebrtimor , pron\u00eb e komun\u00ebs s\u00eb Ulqinit Bashk\u00ebsis\u00eb islame , respektivisht Xhamis\u00eb n\u00eb Kollonz , Kish\u00ebs ortodokse serbe dhe kish\u00ebs katolike t\u00eb Ulqinit.<br \/>\nPara k\u00ebshilltareve do t\u00eb jen\u00eb edhe tri propozim vendime mbi prurjen e studimeve lokale p\u00ebr lokalitetet N\u00ebn\u00eb Tereza, Limani Dy dhe Zogaj.<br \/>\nSikurse edhe propozim vendimi mbi ndryshimin e planit detaj urbanistik t\u00eb Totoshit.<\/p>\n<p><strong>TVCG<\/strong><\/p>\n<p><strong><!--YouTube Error: bad URL entered--><br \/>\n<\/strong><\/p>\n","protected":false},"excerpt":{"rendered":"<p>Dit\u00ebn e h\u00ebn\u00eb me 14 t\u00eb k\u00ebtij muaji \u00ebsht\u00eb parapar\u00eb t\u00eb mbahet mbledhja e par\u00eb e seanc\u00ebs s\u00eb dyt\u00eb t\u00eb rregullt t\u00eb kuvendit komunal t\u00eb Ulqinit. Parlamentari Muhamed Nika p\u00ebr k\u00ebt\u00eb seanc\u00eb ka caktuar 11 pika t\u00eb rendit t\u00eb dit\u00ebs. K\u00ebshilltar\u00ebt e parlamentit vendor t\u00eb Ulqinit do t\u00eb debatojn\u00eb p\u00ebr propozim vendimin mbi shfryt\u00ebzimin e [&hellip;]<\/p>\n","protected":false},"author":1,"featured_media":0,"comment_status":"open","ping_status":"closed","sticky":false,"template":"","format":"standard","meta":{"spay_email":"","jetpack_publicize_message":"","jetpack_is_tweetstorm":false,"jetpack_publicize_feature_enabled":true},"categories":[11],"tags":[119],"jetpack_publicize_connections":[],"yoast_head":"<!-- This site is optimized with the Yoast SEO plugin v19.1 - https:\/\/yoast.com\/wordpress\/plugins\/seo\/ -->\n<title>Kuvendi Komunal i Ulqinit t\u00eb h\u00ebn\u00ebn mbledhje t\u00eb rregullt - Lajme nga Ulqini<\/title>\n<meta name=\"description\" content=\"Dit\u00ebn e h\u00ebn\u00eb me 14 t\u00eb k\u00ebtij muaji \u00ebsht\u00eb parapar\u00eb t\u00eb mbahet mbledhja e par\u00eb e seanc\u00ebs s\u00eb dyt\u00eb t\u00eb rregullt t\u00eb kuvendit komunal t\u00eb Ulqinit. Parlamentari\" \/>\n<meta name=\"robots\" content=\"index, follow, max-snippet:-1, max-image-preview:large, max-video-preview:-1\" \/>\n<link rel=\"canonical\" href=\"https:\/\/www.visit-ulcinj.com\/blog\/2009\/12\/11\/kuvendi-komunal-i-ulqinit-te-henen-mbledhje-te-rregullt\/\" \/>\n<meta property=\"og:locale\" content=\"en_US\" \/>\n<meta property=\"og:type\" content=\"article\" \/>\n<meta property=\"og:title\" content=\"Kuvendi Komunal i Ulqinit t\u00eb h\u00ebn\u00ebn mbledhje t\u00eb rregullt - Lajme nga Ulqini\" \/>\n<meta property=\"og:description\" content=\"Dit\u00ebn e h\u00ebn\u00eb me 14 t\u00eb k\u00ebtij muaji \u00ebsht\u00eb parapar\u00eb t\u00eb mbahet mbledhja e par\u00eb e seanc\u00ebs s\u00eb dyt\u00eb t\u00eb rregullt t\u00eb kuvendit komunal t\u00eb Ulqinit. Parlamentari\" \/>\n<meta property=\"og:url\" content=\"https:\/\/www.visit-ulcinj.com\/blog\/2009\/12\/11\/kuvendi-komunal-i-ulqinit-te-henen-mbledhje-te-rregullt\/\" \/>\n<meta property=\"og:site_name\" content=\"Lajme nga Ulqini\" \/>\n<meta property=\"article:published_time\" content=\"2009-12-11T21:58:10+00:00\" \/>\n<meta property=\"article:modified_time\" content=\"2009-12-12T09:28:29+00:00\" \/>\n<meta property=\"og:image\" content=\"http:\/\/www.visit-ulcinj.com\/blog\/wp-content\/uploads\/2009\/12\/KUVENDI-KOMUNAL-I-ULQINIT.jpg\" \/>\n<meta name=\"twitter:label1\" content=\"Written by\" \/>\n\t<meta name=\"twitter:data1\" content=\"ulqini\" \/>\n\t<meta name=\"twitter:label2\" content=\"Est. reading time\" \/>\n\t<meta name=\"twitter:data2\" content=\"1 minute\" \/>\n<script type=\"application\/ld+json\" class=\"yoast-schema-graph\">{\"@context\":\"https:\/\/schema.org\",\"@graph\":[{\"@type\":\"WebSite\",\"@id\":\"https:\/\/www.visit-ulcinj.com\/blog\/#website\",\"url\":\"https:\/\/www.visit-ulcinj.com\/blog\/\",\"name\":\"Lajme nga Ulqini\",\"description\":\"Lajme,Vijesti,Ulqini,Ulqin,Crna Gora,Mali i Zi\",\"potentialAction\":[{\"@type\":\"SearchAction\",\"target\":{\"@type\":\"EntryPoint\",\"urlTemplate\":\"https:\/\/www.visit-ulcinj.com\/blog\/?s={search_term_string}\"},\"query-input\":\"required name=search_term_string\"}],\"inLanguage\":\"en-US\"},{\"@type\":\"ImageObject\",\"inLanguage\":\"en-US\",\"@id\":\"https:\/\/www.visit-ulcinj.com\/blog\/2009\/12\/11\/kuvendi-komunal-i-ulqinit-te-henen-mbledhje-te-rregullt\/#primaryimage\",\"url\":\"https:\/\/www.visit-ulcinj.com\/blog\/wp-content\/uploads\/2009\/12\/KUVENDI-KOMUNAL-I-ULQINIT.jpg\",\"contentUrl\":\"https:\/\/www.visit-ulcinj.com\/blog\/wp-content\/uploads\/2009\/12\/KUVENDI-KOMUNAL-I-ULQINIT.jpg\",\"width\":\"640\",\"height\":\"450\"},{\"@type\":\"WebPage\",\"@id\":\"https:\/\/www.visit-ulcinj.com\/blog\/2009\/12\/11\/kuvendi-komunal-i-ulqinit-te-henen-mbledhje-te-rregullt\/#webpage\",\"url\":\"https:\/\/www.visit-ulcinj.com\/blog\/2009\/12\/11\/kuvendi-komunal-i-ulqinit-te-henen-mbledhje-te-rregullt\/\",\"name\":\"Kuvendi Komunal i Ulqinit t\u00eb h\u00ebn\u00ebn mbledhje t\u00eb rregullt - Lajme nga Ulqini\",\"isPartOf\":{\"@id\":\"https:\/\/www.visit-ulcinj.com\/blog\/#website\"},\"primaryImageOfPage\":{\"@id\":\"https:\/\/www.visit-ulcinj.com\/blog\/2009\/12\/11\/kuvendi-komunal-i-ulqinit-te-henen-mbledhje-te-rregullt\/#primaryimage\"},\"datePublished\":\"2009-12-11T21:58:10+00:00\",\"dateModified\":\"2009-12-12T09:28:29+00:00\",\"author\":{\"@id\":\"https:\/\/www.visit-ulcinj.com\/blog\/#\/schema\/person\/dcab619c614d3038751c63bc2aadc06d\"},\"description\":\"Dit\u00ebn e h\u00ebn\u00eb me 14 t\u00eb k\u00ebtij muaji \u00ebsht\u00eb parapar\u00eb t\u00eb mbahet mbledhja e par\u00eb e seanc\u00ebs s\u00eb dyt\u00eb t\u00eb rregullt t\u00eb kuvendit komunal t\u00eb Ulqinit. Parlamentari\",\"breadcrumb\":{\"@id\":\"https:\/\/www.visit-ulcinj.com\/blog\/2009\/12\/11\/kuvendi-komunal-i-ulqinit-te-henen-mbledhje-te-rregullt\/#breadcrumb\"},\"inLanguage\":\"en-US\",\"potentialAction\":[{\"@type\":\"ReadAction\",\"target\":[\"https:\/\/www.visit-ulcinj.com\/blog\/2009\/12\/11\/kuvendi-komunal-i-ulqinit-te-henen-mbledhje-te-rregullt\/\"]}]},{\"@type\":\"BreadcrumbList\",\"@id\":\"https:\/\/www.visit-ulcinj.com\/blog\/2009\/12\/11\/kuvendi-komunal-i-ulqinit-te-henen-mbledhje-te-rregullt\/#breadcrumb\",\"itemListElement\":[{\"@type\":\"ListItem\",\"position\":1,\"name\":\"Kuvendi Komunal i Ulqinit t\u00eb h\u00ebn\u00ebn mbledhje t\u00eb rregullt\"}]},{\"@type\":\"Person\",\"@id\":\"https:\/\/www.visit-ulcinj.com\/blog\/#\/schema\/person\/dcab619c614d3038751c63bc2aadc06d\",\"name\":\"ulqini\",\"sameAs\":[\"http:\/\/www.visit-ulcinj.com\"],\"url\":\"https:\/\/www.visit-ulcinj.com\/blog\/author\/admin\/\"}]}<\/script>\n<!-- \/ Yoast SEO plugin. -->","yoast_head_json":{"title":"Kuvendi Komunal i Ulqinit t\u00eb h\u00ebn\u00ebn mbledhje t\u00eb rregullt - Lajme nga Ulqini","description":"Dit\u00ebn e h\u00ebn\u00eb me 14 t\u00eb k\u00ebtij muaji \u00ebsht\u00eb parapar\u00eb t\u00eb mbahet mbledhja e par\u00eb e seanc\u00ebs s\u00eb dyt\u00eb t\u00eb rregullt t\u00eb kuvendit komunal t\u00eb Ulqinit. Parlamentari","robots":{"index":"index","follow":"follow","max-snippet":"max-snippet:-1","max-image-preview":"max-image-preview:large","max-video-preview":"max-video-preview:-1"},"canonical":"https:\/\/www.visit-ulcinj.com\/blog\/2009\/12\/11\/kuvendi-komunal-i-ulqinit-te-henen-mbledhje-te-rregullt\/","og_locale":"en_US","og_type":"article","og_title":"Kuvendi Komunal i Ulqinit t\u00eb h\u00ebn\u00ebn mbledhje t\u00eb rregullt - Lajme nga Ulqini","og_description":"Dit\u00ebn e h\u00ebn\u00eb me 14 t\u00eb k\u00ebtij muaji \u00ebsht\u00eb parapar\u00eb t\u00eb mbahet mbledhja e par\u00eb e seanc\u00ebs s\u00eb dyt\u00eb t\u00eb rregullt t\u00eb kuvendit komunal t\u00eb Ulqinit. Parlamentari","og_url":"https:\/\/www.visit-ulcinj.com\/blog\/2009\/12\/11\/kuvendi-komunal-i-ulqinit-te-henen-mbledhje-te-rregullt\/","og_site_name":"Lajme nga Ulqini","article_published_time":"2009-12-11T21:58:10+00:00","article_modified_time":"2009-12-12T09:28:29+00:00","og_image":[{"url":"http:\/\/www.visit-ulcinj.com\/blog\/wp-content\/uploads\/2009\/12\/KUVENDI-KOMUNAL-I-ULQINIT.jpg"}],"twitter_misc":{"Written by":"ulqini","Est. reading time":"1 minute"},"schema":{"@context":"https:\/\/schema.org","@graph":[{"@type":"WebSite","@id":"https:\/\/www.visit-ulcinj.com\/blog\/#website","url":"https:\/\/www.visit-ulcinj.com\/blog\/","name":"Lajme nga Ulqini","description":"Lajme,Vijesti,Ulqini,Ulqin,Crna Gora,Mali i Zi","potentialAction":[{"@type":"SearchAction","target":{"@type":"EntryPoint","urlTemplate":"https:\/\/www.visit-ulcinj.com\/blog\/?s={search_term_string}"},"query-input":"required name=search_term_string"}],"inLanguage":"en-US"},{"@type":"ImageObject","inLanguage":"en-US","@id":"https:\/\/www.visit-ulcinj.com\/blog\/2009\/12\/11\/kuvendi-komunal-i-ulqinit-te-henen-mbledhje-te-rregullt\/#primaryimage","url":"https:\/\/www.visit-ulcinj.com\/blog\/wp-content\/uploads\/2009\/12\/KUVENDI-KOMUNAL-I-ULQINIT.jpg","contentUrl":"https:\/\/www.visit-ulcinj.com\/blog\/wp-content\/uploads\/2009\/12\/KUVENDI-KOMUNAL-I-ULQINIT.jpg","width":"640","height":"450"},{"@type":"WebPage","@id":"https:\/\/www.visit-ulcinj.com\/blog\/2009\/12\/11\/kuvendi-komunal-i-ulqinit-te-henen-mbledhje-te-rregullt\/#webpage","url":"https:\/\/www.visit-ulcinj.com\/blog\/2009\/12\/11\/kuvendi-komunal-i-ulqinit-te-henen-mbledhje-te-rregullt\/","name":"Kuvendi Komunal i Ulqinit t\u00eb h\u00ebn\u00ebn mbledhje t\u00eb rregullt - Lajme nga Ulqini","isPartOf":{"@id":"https:\/\/www.visit-ulcinj.com\/blog\/#website"},"primaryImageOfPage":{"@id":"https:\/\/www.visit-ulcinj.com\/blog\/2009\/12\/11\/kuvendi-komunal-i-ulqinit-te-henen-mbledhje-te-rregullt\/#primaryimage"},"datePublished":"2009-12-11T21:58:10+00:00","dateModified":"2009-12-12T09:28:29+00:00","author":{"@id":"https:\/\/www.visit-ulcinj.com\/blog\/#\/schema\/person\/dcab619c614d3038751c63bc2aadc06d"},"description":"Dit\u00ebn e h\u00ebn\u00eb me 14 t\u00eb k\u00ebtij muaji \u00ebsht\u00eb parapar\u00eb t\u00eb mbahet mbledhja e par\u00eb e seanc\u00ebs s\u00eb dyt\u00eb t\u00eb rregullt t\u00eb kuvendit komunal t\u00eb Ulqinit. Parlamentari","breadcrumb":{"@id":"https:\/\/www.visit-ulcinj.com\/blog\/2009\/12\/11\/kuvendi-komunal-i-ulqinit-te-henen-mbledhje-te-rregullt\/#breadcrumb"},"inLanguage":"en-US","potentialAction":[{"@type":"ReadAction","target":["https:\/\/www.visit-ulcinj.com\/blog\/2009\/12\/11\/kuvendi-komunal-i-ulqinit-te-henen-mbledhje-te-rregullt\/"]}]},{"@type":"BreadcrumbList","@id":"https:\/\/www.visit-ulcinj.com\/blog\/2009\/12\/11\/kuvendi-komunal-i-ulqinit-te-henen-mbledhje-te-rregullt\/#breadcrumb","itemListElement":[{"@type":"ListItem","position":1,"name":"Kuvendi Komunal i Ulqinit t\u00eb h\u00ebn\u00ebn mbledhje t\u00eb rregullt"}]},{"@type":"Person","@id":"https:\/\/www.visit-ulcinj.com\/blog\/#\/schema\/person\/dcab619c614d3038751c63bc2aadc06d","name":"ulqini","sameAs":["http:\/\/www.visit-ulcinj.com"],"url":"https:\/\/www.visit-ulcinj.com\/blog\/author\/admin\/"}]}},"jetpack_featured_media_url":"","jetpack_sharing_enabled":true,"jetpack_shortlink":"https:\/\/wp.me\/pe6lTn-7iU","_links":{"self":[{"href":"https:\/\/www.visit-ulcinj.com\/blog\/wp-json\/wp\/v2\/posts\/28080"}],"collection":[{"href":"https:\/\/www.visit-ulcinj.com\/blog\/wp-json\/wp\/v2\/posts"}],"about":[{"href":"https:\/\/www.visit-ulcinj.com\/blog\/wp-json\/wp\/v2\/types\/post"}],"author":[{"embeddable":true,"href":"https:\/\/www.visit-ulcinj.com\/blog\/wp-json\/wp\/v2\/users\/1"}],"replies":[{"embeddable":true,"href":"https:\/\/www.visit-ulcinj.com\/blog\/wp-json\/wp\/v2\/comments?post=28080"}],"version-history":[{"count":0,"href":"https:\/\/www.visit-ulcinj.com\/blog\/wp-json\/wp\/v2\/posts\/28080\/revisions"}],"wp:attachment":[{"href":"https:\/\/www.visit-ulcinj.com\/blog\/wp-json\/wp\/v2\/media?parent=28080"}],"wp:term":[{"taxonomy":"category","embeddable":true,"href":"https:\/\/www.visit-ulcinj.com\/blog\/wp-json\/wp\/v2\/categories?post=28080"},{"taxonomy":"post_tag","embeddable":true,"href":"https:\/\/www.visit-ulcinj.com\/blog\/wp-json\/wp\/v2\/tags?post=28080"}],"curies":[{"name":"wp","href":"https:\/\/api.w.org\/{rel}","templated":true}]}}