{"id":28084,"date":"2009-12-12T00:13:05","date_gmt":"2009-12-11T22:13:05","guid":{"rendered":"http:\/\/www.visit-ulcinj.com\/blog\/?p=28084"},"modified":"2009-12-12T00:13:05","modified_gmt":"2009-12-11T22:13:05","slug":"ekolozi-pisali-vujonicu-okrenite-se-ulcinju","status":"publish","type":"post","link":"https:\/\/www.visit-ulcinj.com\/blog\/2009\/12\/12\/ekolozi-pisali-vujonicu-okrenite-se-ulcinju\/","title":{"rendered":"Ekolozi pisali Vujonicu: Okrenite se Ulcinju"},"content":{"rendered":"<p><a href=\"http:\/\/www.visit-ulcinj.com\/blog\/wp-content\/uploads\/2009\/12\/dzelal-hodzic_ulcinj.jpg\"><img loading=\"lazy\" class=\"alignleft size-full wp-image-28085\" title=\"dzelal-hodzic_ulcinj\" src=\"http:\/\/www.visit-ulcinj.com\/blog\/wp-content\/uploads\/2009\/12\/dzelal-hodzic_ulcinj.jpg\" alt=\"dzelal-hodzic_ulcinj\" width=\"340\" height=\"600\" srcset=\"https:\/\/www.visit-ulcinj.com\/blog\/wp-content\/uploads\/2009\/12\/dzelal-hodzic_ulcinj.jpg 340w, https:\/\/www.visit-ulcinj.com\/blog\/wp-content\/uploads\/2009\/12\/dzelal-hodzic_ulcinj-170x300.jpg 170w\" sizes=\"(max-width: 340px) 100vw, 340px\" \/><\/a>Ulcinj \u2013 Predsjednik NVO \u201cZeleni korak\u201d D\u017eelal Hod\u017ei? pozvao je Ministarstvo za ekonomski razvoj da, kako je naveo, \u201cprivoli koncesionara pijeska na Bojani da ispuni preuzete obaveze\u201d i ocijenio da Vlada ima moralnu obavezu da Ulcinju posveti vi\u0161e pa\u017enje.<br \/>\n\u201cVe? godinama nama nepoznati koncesionar koristi pijesak sa ra?ve Bojane, a pri tom ne izvr\u0161ava ugovorenu obavezu o produbljivanju i ?i\u0161?enju Port Milene, koja predstavlja ruglo grada i trenutno najve?i ekolo\u0161ki problem. Molimo vas da urgirate da taj problem bude rije\u0161en u sklopu priprema za narednu sezonu, kako bi Ulcinj dobio kvalitetniji turisti?ki proizvod\u201d, naveo je Hod\u017ei? u otvorenom pismu ministru Branku Vujovi?u. On je stanje na Velikoj pla\u017ei i \u0160toju okarakterisao kao paradoksalno.<br \/>\n\u201cZamislite najvrednije i najeksploatisanije podru?je Crne Gore ?iji stanovnici nemaju regulisanu vodu, kanalizaciju i struju, odnosno elementarne uslove za \u017eivot. Budu?i da je Ulcinj kroz proces privatizacije koji se pretvorio u proces likvidacije preduze?a, veliki gubitnik i imaju?i u vidu evidentne ekolo\u0161ke probleme i pojavu velike nezaposlenosti, moralna je obaveza va\u0161eg Ministarstva i Vlade da vi\u0161e pa\u017enje posvete ovom gradu kako bi se privreda oporavila i ostali problemi rije\u0161ili\u201d, poru?io je Hod\u017ei?.<\/p>\n<p><strong>S.A.<br \/>\n<a href=\"http:\/\/www.vijesti.me\/index.php?id_pre=324624&amp;godina=2009\" target=\"_blank\">Vijesti<\/a><\/strong><\/p>\n<p>[flv width=&#8221;580&#8243; height=&#8221;400&#8243;]http:\/\/www.velikaplaza.info\/gallery\/video\/stream.php?f=Velika_Plaza_movie_Jan_2009.flv[\/flv]<\/p>\n","protected":false},"excerpt":{"rendered":"<p>Ulcinj \u2013 Predsjednik NVO \u201cZeleni korak\u201d D\u017eelal Hod\u017ei? pozvao je Ministarstvo za ekonomski razvoj da, kako je naveo, \u201cprivoli koncesionara pijeska na Bojani da ispuni preuzete obaveze\u201d i ocijenio da Vlada ima moralnu obavezu da Ulcinju posveti vi\u0161e pa\u017enje. \u201cVe? godinama nama nepoznati koncesionar koristi pijesak sa ra?ve Bojane, a pri tom ne izvr\u0161ava ugovorenu [&hellip;]<\/p>\n","protected":false},"author":1,"featured_media":0,"comment_status":"open","ping_status":"closed","sticky":false,"template":"","format":"standard","meta":{"spay_email":"","jetpack_publicize_message":"","jetpack_is_tweetstorm":false,"jetpack_publicize_feature_enabled":true},"categories":[8337],"tags":[13007],"jetpack_publicize_connections":[],"yoast_head":"<!-- This site is optimized with the Yoast SEO plugin v19.1 - https:\/\/yoast.com\/wordpress\/plugins\/seo\/ -->\n<title>Ekolozi pisali Vujonicu: Okrenite se Ulcinju - Lajme nga Ulqini<\/title>\n<meta name=\"description\" content=\"Ulcinj \u2013 Predsjednik NVO \u201cZeleni korak\u201d D\u017eelal Hod\u017ei? pozvao je Ministarstvo za ekonomski razvoj da, kako je naveo, \u201cprivoli koncesionara pijeska na\" \/>\n<meta name=\"robots\" content=\"index, follow, max-snippet:-1, max-image-preview:large, max-video-preview:-1\" \/>\n<link rel=\"canonical\" href=\"https:\/\/www.visit-ulcinj.com\/blog\/2009\/12\/12\/ekolozi-pisali-vujonicu-okrenite-se-ulcinju\/\" \/>\n<meta property=\"og:locale\" content=\"en_US\" \/>\n<meta property=\"og:type\" content=\"article\" \/>\n<meta property=\"og:title\" content=\"Ekolozi pisali Vujonicu: Okrenite se Ulcinju - Lajme nga Ulqini\" \/>\n<meta property=\"og:description\" content=\"Ulcinj \u2013 Predsjednik NVO \u201cZeleni korak\u201d D\u017eelal Hod\u017ei? pozvao je Ministarstvo za ekonomski razvoj da, kako je naveo, \u201cprivoli koncesionara pijeska na\" \/>\n<meta property=\"og:url\" content=\"https:\/\/www.visit-ulcinj.com\/blog\/2009\/12\/12\/ekolozi-pisali-vujonicu-okrenite-se-ulcinju\/\" \/>\n<meta property=\"og:site_name\" content=\"Lajme nga Ulqini\" \/>\n<meta property=\"article:published_time\" content=\"2009-12-11T22:13:05+00:00\" \/>\n<meta property=\"og:image\" content=\"http:\/\/www.visit-ulcinj.com\/blog\/wp-content\/uploads\/2009\/12\/dzelal-hodzic_ulcinj.jpg\" \/>\n<meta name=\"twitter:label1\" content=\"Written by\" \/>\n\t<meta name=\"twitter:data1\" content=\"ulqini\" \/>\n\t<meta name=\"twitter:label2\" content=\"Est. reading time\" \/>\n\t<meta name=\"twitter:data2\" content=\"1 minute\" \/>\n<script type=\"application\/ld+json\" class=\"yoast-schema-graph\">{\"@context\":\"https:\/\/schema.org\",\"@graph\":[{\"@type\":\"WebSite\",\"@id\":\"https:\/\/www.visit-ulcinj.com\/blog\/#website\",\"url\":\"https:\/\/www.visit-ulcinj.com\/blog\/\",\"name\":\"Lajme nga Ulqini\",\"description\":\"Lajme,Vijesti,Ulqini,Ulqin,Crna Gora,Mali i Zi\",\"potentialAction\":[{\"@type\":\"SearchAction\",\"target\":{\"@type\":\"EntryPoint\",\"urlTemplate\":\"https:\/\/www.visit-ulcinj.com\/blog\/?s={search_term_string}\"},\"query-input\":\"required name=search_term_string\"}],\"inLanguage\":\"en-US\"},{\"@type\":\"ImageObject\",\"inLanguage\":\"en-US\",\"@id\":\"https:\/\/www.visit-ulcinj.com\/blog\/2009\/12\/12\/ekolozi-pisali-vujonicu-okrenite-se-ulcinju\/#primaryimage\",\"url\":\"https:\/\/www.visit-ulcinj.com\/blog\/wp-content\/uploads\/2009\/12\/dzelal-hodzic_ulcinj.jpg\",\"contentUrl\":\"https:\/\/www.visit-ulcinj.com\/blog\/wp-content\/uploads\/2009\/12\/dzelal-hodzic_ulcinj.jpg\",\"width\":\"340\",\"height\":\"600\"},{\"@type\":\"WebPage\",\"@id\":\"https:\/\/www.visit-ulcinj.com\/blog\/2009\/12\/12\/ekolozi-pisali-vujonicu-okrenite-se-ulcinju\/#webpage\",\"url\":\"https:\/\/www.visit-ulcinj.com\/blog\/2009\/12\/12\/ekolozi-pisali-vujonicu-okrenite-se-ulcinju\/\",\"name\":\"Ekolozi pisali Vujonicu: Okrenite se Ulcinju - Lajme nga Ulqini\",\"isPartOf\":{\"@id\":\"https:\/\/www.visit-ulcinj.com\/blog\/#website\"},\"primaryImageOfPage\":{\"@id\":\"https:\/\/www.visit-ulcinj.com\/blog\/2009\/12\/12\/ekolozi-pisali-vujonicu-okrenite-se-ulcinju\/#primaryimage\"},\"datePublished\":\"2009-12-11T22:13:05+00:00\",\"dateModified\":\"2009-12-11T22:13:05+00:00\",\"author\":{\"@id\":\"https:\/\/www.visit-ulcinj.com\/blog\/#\/schema\/person\/dcab619c614d3038751c63bc2aadc06d\"},\"description\":\"Ulcinj \u2013 Predsjednik NVO \u201cZeleni korak\u201d D\u017eelal Hod\u017ei? pozvao je Ministarstvo za ekonomski razvoj da, kako je naveo, \u201cprivoli koncesionara pijeska na\",\"breadcrumb\":{\"@id\":\"https:\/\/www.visit-ulcinj.com\/blog\/2009\/12\/12\/ekolozi-pisali-vujonicu-okrenite-se-ulcinju\/#breadcrumb\"},\"inLanguage\":\"en-US\",\"potentialAction\":[{\"@type\":\"ReadAction\",\"target\":[\"https:\/\/www.visit-ulcinj.com\/blog\/2009\/12\/12\/ekolozi-pisali-vujonicu-okrenite-se-ulcinju\/\"]}]},{\"@type\":\"BreadcrumbList\",\"@id\":\"https:\/\/www.visit-ulcinj.com\/blog\/2009\/12\/12\/ekolozi-pisali-vujonicu-okrenite-se-ulcinju\/#breadcrumb\",\"itemListElement\":[{\"@type\":\"ListItem\",\"position\":1,\"name\":\"Ekolozi pisali Vujonicu: Okrenite se Ulcinju\"}]},{\"@type\":\"Person\",\"@id\":\"https:\/\/www.visit-ulcinj.com\/blog\/#\/schema\/person\/dcab619c614d3038751c63bc2aadc06d\",\"name\":\"ulqini\",\"sameAs\":[\"http:\/\/www.visit-ulcinj.com\"],\"url\":\"https:\/\/www.visit-ulcinj.com\/blog\/author\/admin\/\"}]}<\/script>\n<!-- \/ Yoast SEO plugin. -->","yoast_head_json":{"title":"Ekolozi pisali Vujonicu: Okrenite se Ulcinju - Lajme nga Ulqini","description":"Ulcinj \u2013 Predsjednik NVO \u201cZeleni korak\u201d D\u017eelal Hod\u017ei? pozvao je Ministarstvo za ekonomski razvoj da, kako je naveo, \u201cprivoli koncesionara pijeska na","robots":{"index":"index","follow":"follow","max-snippet":"max-snippet:-1","max-image-preview":"max-image-preview:large","max-video-preview":"max-video-preview:-1"},"canonical":"https:\/\/www.visit-ulcinj.com\/blog\/2009\/12\/12\/ekolozi-pisali-vujonicu-okrenite-se-ulcinju\/","og_locale":"en_US","og_type":"article","og_title":"Ekolozi pisali Vujonicu: Okrenite se Ulcinju - Lajme nga Ulqini","og_description":"Ulcinj \u2013 Predsjednik NVO \u201cZeleni korak\u201d D\u017eelal Hod\u017ei? pozvao je Ministarstvo za ekonomski razvoj da, kako je naveo, \u201cprivoli koncesionara pijeska na","og_url":"https:\/\/www.visit-ulcinj.com\/blog\/2009\/12\/12\/ekolozi-pisali-vujonicu-okrenite-se-ulcinju\/","og_site_name":"Lajme nga Ulqini","article_published_time":"2009-12-11T22:13:05+00:00","og_image":[{"url":"http:\/\/www.visit-ulcinj.com\/blog\/wp-content\/uploads\/2009\/12\/dzelal-hodzic_ulcinj.jpg"}],"twitter_misc":{"Written by":"ulqini","Est. reading time":"1 minute"},"schema":{"@context":"https:\/\/schema.org","@graph":[{"@type":"WebSite","@id":"https:\/\/www.visit-ulcinj.com\/blog\/#website","url":"https:\/\/www.visit-ulcinj.com\/blog\/","name":"Lajme nga Ulqini","description":"Lajme,Vijesti,Ulqini,Ulqin,Crna Gora,Mali i Zi","potentialAction":[{"@type":"SearchAction","target":{"@type":"EntryPoint","urlTemplate":"https:\/\/www.visit-ulcinj.com\/blog\/?s={search_term_string}"},"query-input":"required name=search_term_string"}],"inLanguage":"en-US"},{"@type":"ImageObject","inLanguage":"en-US","@id":"https:\/\/www.visit-ulcinj.com\/blog\/2009\/12\/12\/ekolozi-pisali-vujonicu-okrenite-se-ulcinju\/#primaryimage","url":"https:\/\/www.visit-ulcinj.com\/blog\/wp-content\/uploads\/2009\/12\/dzelal-hodzic_ulcinj.jpg","contentUrl":"https:\/\/www.visit-ulcinj.com\/blog\/wp-content\/uploads\/2009\/12\/dzelal-hodzic_ulcinj.jpg","width":"340","height":"600"},{"@type":"WebPage","@id":"https:\/\/www.visit-ulcinj.com\/blog\/2009\/12\/12\/ekolozi-pisali-vujonicu-okrenite-se-ulcinju\/#webpage","url":"https:\/\/www.visit-ulcinj.com\/blog\/2009\/12\/12\/ekolozi-pisali-vujonicu-okrenite-se-ulcinju\/","name":"Ekolozi pisali Vujonicu: Okrenite se Ulcinju - Lajme nga Ulqini","isPartOf":{"@id":"https:\/\/www.visit-ulcinj.com\/blog\/#website"},"primaryImageOfPage":{"@id":"https:\/\/www.visit-ulcinj.com\/blog\/2009\/12\/12\/ekolozi-pisali-vujonicu-okrenite-se-ulcinju\/#primaryimage"},"datePublished":"2009-12-11T22:13:05+00:00","dateModified":"2009-12-11T22:13:05+00:00","author":{"@id":"https:\/\/www.visit-ulcinj.com\/blog\/#\/schema\/person\/dcab619c614d3038751c63bc2aadc06d"},"description":"Ulcinj \u2013 Predsjednik NVO \u201cZeleni korak\u201d D\u017eelal Hod\u017ei? pozvao je Ministarstvo za ekonomski razvoj da, kako je naveo, \u201cprivoli koncesionara pijeska na","breadcrumb":{"@id":"https:\/\/www.visit-ulcinj.com\/blog\/2009\/12\/12\/ekolozi-pisali-vujonicu-okrenite-se-ulcinju\/#breadcrumb"},"inLanguage":"en-US","potentialAction":[{"@type":"ReadAction","target":["https:\/\/www.visit-ulcinj.com\/blog\/2009\/12\/12\/ekolozi-pisali-vujonicu-okrenite-se-ulcinju\/"]}]},{"@type":"BreadcrumbList","@id":"https:\/\/www.visit-ulcinj.com\/blog\/2009\/12\/12\/ekolozi-pisali-vujonicu-okrenite-se-ulcinju\/#breadcrumb","itemListElement":[{"@type":"ListItem","position":1,"name":"Ekolozi pisali Vujonicu: Okrenite se Ulcinju"}]},{"@type":"Person","@id":"https:\/\/www.visit-ulcinj.com\/blog\/#\/schema\/person\/dcab619c614d3038751c63bc2aadc06d","name":"ulqini","sameAs":["http:\/\/www.visit-ulcinj.com"],"url":"https:\/\/www.visit-ulcinj.com\/blog\/author\/admin\/"}]}},"jetpack_featured_media_url":"","jetpack_sharing_enabled":true,"jetpack_shortlink":"https:\/\/wp.me\/pe6lTn-7iY","_links":{"self":[{"href":"https:\/\/www.visit-ulcinj.com\/blog\/wp-json\/wp\/v2\/posts\/28084"}],"collection":[{"href":"https:\/\/www.visit-ulcinj.com\/blog\/wp-json\/wp\/v2\/posts"}],"about":[{"href":"https:\/\/www.visit-ulcinj.com\/blog\/wp-json\/wp\/v2\/types\/post"}],"author":[{"embeddable":true,"href":"https:\/\/www.visit-ulcinj.com\/blog\/wp-json\/wp\/v2\/users\/1"}],"replies":[{"embeddable":true,"href":"https:\/\/www.visit-ulcinj.com\/blog\/wp-json\/wp\/v2\/comments?post=28084"}],"version-history":[{"count":0,"href":"https:\/\/www.visit-ulcinj.com\/blog\/wp-json\/wp\/v2\/posts\/28084\/revisions"}],"wp:attachment":[{"href":"https:\/\/www.visit-ulcinj.com\/blog\/wp-json\/wp\/v2\/media?parent=28084"}],"wp:term":[{"taxonomy":"category","embeddable":true,"href":"https:\/\/www.visit-ulcinj.com\/blog\/wp-json\/wp\/v2\/categories?post=28084"},{"taxonomy":"post_tag","embeddable":true,"href":"https:\/\/www.visit-ulcinj.com\/blog\/wp-json\/wp\/v2\/tags?post=28084"}],"curies":[{"name":"wp","href":"https:\/\/api.w.org\/{rel}","templated":true}]}}