{"id":28117,"date":"2009-12-12T11:56:35","date_gmt":"2009-12-12T09:56:35","guid":{"rendered":"http:\/\/www.visit-ulcinj.com\/blog\/?p=28117"},"modified":"2009-12-13T13:28:12","modified_gmt":"2009-12-13T11:28:12","slug":"mendim-i-instrumentalizuar","status":"publish","type":"post","link":"https:\/\/www.visit-ulcinj.com\/blog\/2009\/12\/12\/mendim-i-instrumentalizuar\/","title":{"rendered":"Mendim i instrumentalizuar"},"content":{"rendered":"<p><a rel=\"attachment wp-att-28118\" href=\"http:\/\/www.visit-ulcinj.com\/blog\/2009\/12\/12\/mendim-i-instrumentalizuar\/nail-draga_muhamet-nika-2\/\"><img loading=\"lazy\" class=\"alignleft size-full wp-image-28118\" title=\"Nail Draga_Muhamet Nika (2)\" src=\"http:\/\/www.visit-ulcinj.com\/blog\/wp-content\/uploads\/2009\/12\/Nail-Draga_Muhamet-Nika-2.jpg\" alt=\"Nail Draga_Muhamet Nika (2)\" width=\"580\" height=\"394\" srcset=\"https:\/\/www.visit-ulcinj.com\/blog\/wp-content\/uploads\/2009\/12\/Nail-Draga_Muhamet-Nika-2.jpg 580w, https:\/\/www.visit-ulcinj.com\/blog\/wp-content\/uploads\/2009\/12\/Nail-Draga_Muhamet-Nika-2-300x203.jpg 300w\" sizes=\"(max-width: 580px) 100vw, 580px\" \/><\/a>Jemi t\u00eb vet\u00ebdijsh\u00ebm q\u00eb: Edhe pse t\u00eb b\u00ebsh demant do t\u00eb thot\u00eb t\u00eb b\u00ebsh p\u00ebrpjekjen e atij i cili nisi t\u00eb mbledh\u00eb s\u00ebrish thesin me pupla t\u00eb derdhura, ku me siguri nuk arrin t\u2019i mbledh\u00eb t\u00eb gjitha&#8230; cekim se p\u00ebr artikullin e z. Draga \u201cKulti i individit i d\u00ebmsh\u00ebm p\u00ebr demokraci\u201d, \u201cKoha javore\u201d nr. 395 na duhet t\u00eb shtojm\u00eb si vijon:<\/p>\n<p>Si veteran i organizimit politik tashm\u00eb t\u00eb shqiptar\u00ebve n\u00eb Mal t\u00eb Zi pa frik\u00eb mund t\u00eb them se djers\u00ebt m\u00eb t\u00eb m\u00ebdha i kemi qitur diku n\u00eb vitin \u201992 si funksionar i LD \u2013 s\u00eb kur u d\u00ebshmua q\u00eb shqiptar\u00ebt me subjektin e vet politik t\u00eb at\u00ebhersh\u00ebm nuk e kishin n\u00eb plan t\u00eb respektonin programin dhe Statutin e vet. Q\u00eb at\u00ebher\u00eb shihej se fjala Statut, pra kontrat\u00eb apo bes\u00eblidhje nuk kishte vler\u00eb dhe kjo d\u00ebshmon q\u00eb as sot nuk ka vler\u00eb&#8230; Mendoj q\u00eb nj\u00eb nder organizimit politik t\u00eb shqiptar\u00ebve n\u00eb Mal t\u00eb Zi do t\u2019ia b\u00ebnte ministria p\u00ebrkat\u00ebse e Drejt\u00ebsis\u00eb po t\u00eb p\u00ebrjashtonte nga regjistri i partive t\u00eb cilat ekzistojn\u00eb n\u00eb Mal t\u00eb Zi t\u00eb gjitha subjektet politike shqiptare q\u00eb s\u2019jan\u00eb n\u00eb gjendje t\u00eb zbatojn\u00eb statutet e veta, q\u00eb nuk b\u00ebjn\u00eb Kuvende zgjedhore, e me k\u00ebt\u00eb numri i tyre do t\u00eb ishte aq sa nevojitet.<br \/>\nMjerisht shqiptar\u00ebt n\u00eb Mal t\u00eb Zi nuk kan\u00eb as parti t\u00eb m\u00ebdha as parti t\u00eb vogla \u2013 si\u00e7 pohon Nail Draga n\u00eb paraqitjen e tij t\u00eb fundit n\u00eb \u201cKoh\u00ebn javore\u201d, por kan\u00eb parti fantazma t\u00eb cilat jan\u00eb jasht\u00eb mandatit partiak. Mir\u00ebpo djers\u00ebt tashti diqysh m\u00eb jan\u00eb hequr pasi q\u00eb u d\u00ebshmua se megjithat\u00eb populli shqiptar n\u00eb Mal t\u00eb Zi nuk d\u00ebshiron t\u00eb futet n\u00eb vathat e lokalizmave, krahinorizmave dhe p\u00ebr\u00e7arjeve t\u00eb tjera krahinore edhe pse shteti n\u00eb m\u00ebnyr\u00eb perfide e nxit\u00eb k\u00ebt\u00eb p\u00ebr\u00e7arje qoft\u00eb edhe brenda formul\u00ebs q\u00eb i thon\u00eb diskriminim pozitiv, mendojm\u00eb n\u00eb Ligjin aktual zgjedhor si zgjidhje kalimtare. Pra, si duket edhe n\u00eb zgjedhjet q\u00eb do vijn\u00eb shteti nuk do t\u00eb v\u00eb n\u00eb veprim disiplinimin e partive shqiptare sipas standardeve evropiane, por do t\u00eb lejoj\u00eb q\u00eb t\u00eb dalin n\u00eb zgjedhje si n\u00eb koh\u00ebn e Lek\u00ebs&#8230; pra, sipas m\u00ebnyr\u00ebs s\u00eb vet ngase k\u00ebshtu nuk pengojn\u00eb ask\u00ebnd! Madje ato nuk jan\u00eb n\u00eb gjendje po duket q\u00eb t\u00eb formojn\u00eb as klubin e p\u00ebrbashk\u00ebt t\u00eb deputet\u00ebve e l\u00ebre m\u00eb t\u00eb b\u00ebjn\u00eb edhe pun\u00eb t\u00eb tjera t\u00eb r\u00ebnd\u00ebsishme!<br \/>\nIdeja p\u00ebr t\u00eb b\u00ebr\u00eb nj\u00eb shkrim t\u00eb till\u00eb na lindi duke lexuar tekstin e p\u00ebrmendur ku autori Draga qahej p\u00ebr \u201ckultin e individit\u201d q\u00eb \u00ebsht\u00eb b\u00ebr\u00eb \u201ci d\u00ebmsh\u00ebm p\u00ebr demokracin\u00eb&#8230;\u201d. Ai nuk ngurroi t\u00eb konstatoj\u00eb se \u201cPothuaj t\u00eb gjitha subjektet politike (kupto p\u00ebrve\u00e7 FORC\u00cbS funksionar i t\u00eb cil\u00ebs \u00ebsht\u00eb z. Draga, sh\u00ebnimi yn\u00eb) legjitimitetin e tyre nuk e vendosin te programi i tyre &#8230; por te kulti i individit t\u00eb liderit t\u00eb tyre &#8230; etj., etj.\u201d. \u00c7udit\u00ebrisht autori i tekstit pasi q\u00eb konstaton se \u201cMendimi ndryshe\u201d \u00ebsht\u00eb \u201cvler\u00eb e demokracis\u00eb\u201d, harron dhe gati sa nuk i urdh\u00ebron partit\u00eb e vogla q\u00eb duhet t\u2019u bashkohen atyre t\u00eb m\u00ebdha. Na e merr mendja q\u00eb z. Draga pluralizmin dhe mendimin ndryshe t\u00eb shqiptar\u00ebve e kupton si nj\u00eb ndjenj\u00eb p\u00ebr grumbullin n\u00eb t\u00eb cil\u00ebn shqiptar\u00ebt duhet t\u00eb ulin kok\u00ebn para nj\u00ebri tjetrit. Kuptohet q\u00eb nj\u00eb mendim i till\u00eb nuk pi uj\u00eb. Autori i tekstit do t\u00eb b\u00ebnte mir\u00eb sikur n\u00eb fillim t\u00eb shpjegonte iden\u00eb ekzistuese n\u00eb m\u00ebnyr\u00eb q\u00eb mendimi i tij i ri t\u00eb mos dal\u00eb i instrumentalizuar. Pra, fillimisht t\u00eb sqaronte se mbi t\u00eb cilat slogane dikur n\u00eb t\u00eb kaluar\u00ebn subjektet politike e nd\u00ebrtuan platform\u00ebn e fush\u00ebveprimit t\u00eb vet politik e t\u00eb cilave pastaj nuk iu p\u00ebrmbajt\u00ebn. J. Krishna Murti shkruan se p\u00ebr kuptimin e fenomeneve shoq\u00ebrore vlen nj\u00eb parim q\u00eb \u00ebsht\u00eb e para se t\u00eb hedhim nj\u00eb ide t\u00eb re duhet t\u00eb shpjegojm\u00eb iden\u00eb ekzistuese dhe se p\u00ebr kuptimin e fenomeneve nuk \u00ebsht\u00eb e r\u00ebnd\u00ebsishme masiviteti i nj\u00eb ideje, por \u00ebsht\u00eb e r\u00ebnd\u00ebsishme r\u00ebnd\u00ebsia e saj. Duke e p\u00ebrfillur k\u00ebt\u00eb mendim themi se nuk ka parti t\u00eb m\u00ebdha apo t\u00eb vogla, por ka ide t\u00eb m\u00ebdha apo t\u00eb vogla dhe se idet\u00eb e m\u00ebdha shpeshher\u00eb mund t\u00eb q\u00ebndrojn\u00eb n\u00eb parti t\u00eb vogla.<br \/>\nKuptohet se nuk m\u00eb takon mua t\u00eb flas p\u00ebr kultin e Lidhjes Demokratike t\u00eb cil\u00ebn z. Draga e sheh si burim t\u00eb s\u00eb keqes ngase ajo ve\u00e7 \u00ebsht\u00eb kapitull i mbyllur. Dua t\u00eb rikujtoj q\u00eb sloganet e partive t\u00eb tjera shqiptare t\u00eb cilat m\u00eb pas u formuan kryesisht bazoheshin n\u00eb disa parime t\u00eb mbrapshta t\u00eb cilat Lidhja i kishte e q\u00eb ishin: mosrespektimi i Statutit, mosmbajtja e kuvendeve zgjedhore, mosfreskimi i partis\u00eb me kuadro t\u00eb rinj udh\u00ebheq\u00ebs, grumbullimi i funksioneve (nj\u00eb njeri nj\u00eb funksion dhe grumbullimi i funksioneve mbi bazat e p\u00ebr\u00e7arjeve krahinore e konfesionale etj), por mund t\u00eb shohim q\u00eb edhe partit\u00eb e m\u00ebvonshme nuk jan\u00eb imune nga metoda e pun\u00ebs s\u00eb Lidhjes Demokratike.<br \/>\nPraktika ka d\u00ebshmuar q\u00eb njer\u00ebzit nga nj\u00eb her\u00eb arrijn\u00eb fitore (t\u00eb m\u00ebdha) fal\u00eb momentit t\u00eb caktuar kur rast\u00ebsisht e kuptojn\u00eb q\u00eb ishin n\u00eb rrug\u00eb t\u00eb gabuar mbi baz\u00ebn e eksperienc\u00ebs \u201caha\u201d. Duke pasur parasysh gjendjen ekzistuese t\u00eb partive shqiptare n\u00eb Mal t\u00eb Zi, nga k\u00ebndv\u00ebshtrimi i sot\u00ebm nuk mund t\u00eb l\u00eb pa p\u00ebrmendur nj\u00eb gaf t\u00eb nj\u00ebrit nga radh\u00ebt e Forc\u00ebs s\u00eb Re Demokratike q\u00eb n\u00eb vitet \u201990 ishte kryetar i Klubit t\u00eb k\u00ebshilltar\u00ebve t\u00eb LD n\u00eb MZ n\u00eb Kuvendin e Ulqinit i cili edhe pas 15 viteve n\u00eb nj\u00eb provokim timin gjat\u00eb nj\u00eb dueli televiziv zbuloi q\u00eb ishte larguar nga Lidhja Demokratike sepse kishte \u201czbuluar\u201d q\u00eb brenda saj, sipas tij \u201cekzistonin 3 parti, ajo e katolik\u00ebve, katundar\u00ebve dhe e ulqinak\u00ebve\u201d, (shih \u00e7far\u00eb largpam\u00ebsie)?! Si duket kjo largpam\u00ebsi u shnd\u00ebrrua m\u00eb von\u00eb n\u00eb platform\u00eb t\u00eb k\u00ebsaj partie sepse ajo u fokusua vet\u00ebm n\u00eb trupin zgjedhor t\u00eb qytetit, kurse d\u00ebshtoi n\u00eb p\u00ebrpjekjet e saja p\u00ebr t\u2019u organizuar edhe n\u00eb trevat e tjera shqiptare. Subjektet e tjera shqiptare t\u00eb formuara pas k\u00ebsaj partie jan\u00eb nj\u00eb jehon\u00eb e \u00e7oroditur e platform\u00ebs s\u00eb p\u00ebrmendur q\u00eb u zbulua si nj\u00eb p\u00ebr\u00e7arje lokale, krahinore e fetare shqiptare. D\u00ebshmi e qart\u00eb e k\u00ebtij d\u00ebshtimi ishin edhe kompozimet n\u00eb koalicionet zgjedhore &#8211; listat zgjedhore n\u00eb zgjedhjet e fundit t\u00eb 29 marsit 2009. Si duket fruthi i paemancipuar lokalist e krahinor, por edhe karrierist do t\u00eb vazhdoj\u00eb t\u00eb q\u00ebndroj\u00eb edhe p\u00ebr nj\u00eb koh\u00eb t\u00eb gjat\u00eb e ka mund\u00ebsi t\u00eb ndikoj\u00eb n\u00eb rikomponimet e reja t\u00eb sken\u00ebs politike.<br \/>\nJemi dakord se ajo q\u00eb po i d\u00ebmton thjesht shqiptar\u00ebt \u00ebsht\u00eb kulti i individit i cili bashk\u00eb me p\u00ebr\u00e7arjet krahinore paraqet thembr\u00ebn e Akilit dhe dob\u00ebson homogjenizimin e tyre n\u00eb parti nj\u00ebmend t\u00eb m\u00ebdha. Ky kompleks q\u00eb \u00ebsht\u00eb duke shoq\u00ebruar partit\u00eb kushtimisht t\u00eb m\u00ebdha ka b\u00ebr\u00eb q\u00eb ato t\u00eb mos mund t\u00eb sigurojn\u00eb partner bashk\u00ebpunimi ngase partit\u00eb e vogla e ndjejn\u00eb veten t\u00eb rrezikuar nga kulti i tyre, por edhe nga l\u00ebngatat e tjera shqiptare q\u00eb vuajn\u00eb disa parti nacionale. Shembull i k\u00ebsaj \u00ebsht\u00eb prishja e koalicionit para e paszgjedhor t\u00eb partive shqiptare n\u00eb Komun\u00ebn e Ulqinit n\u00eb pushtetin lokal t\u00eb zgjedhjeve t\u00eb fundit vendore.N\u00eb k\u00ebt\u00eb koh\u00eb partit\u00eb e p\u00ebrmendura nuk ishin n\u00eb gjendje t\u00eb respektonin marr\u00ebveshjen e arritur dhe t\u00eb s\u00ebmura nga kulti i individit nuk pranuan as q\u00eb t\u00eb shkonin n\u00eb zgjedhje t\u00eb parakohshme q\u00eb iu afroi PPD n\u00eb prag t\u00eb daljes nga koalicioni i arritur pas 3 muaj bisedash. Kujtojm\u00eb q\u00eb kaq nuk zgjat\u00ebn as bisedat serbo \u2013 shqiptare n\u00eb Rambuje?! Madje nuk kemi as t\u00eb dh\u00ebna q\u00eb t\u00eb pakt\u00ebn mbajt\u00ebn mbledhje t\u00eb kryesive t\u00eb veta p\u00ebr t\u00eb analizuar daljen e k\u00ebsaj partie nga koalicioni me t\u00eb gjitha pasojat, por me vul\u00eb n\u00eb xhep e t\u00eb s\u00ebmur\u00eb nga kulti partiak lider\u00ebt e k\u00ebtyre partive prish\u00ebn koalicionin me \u00e7\u2019rast d\u00ebshmuan q\u00eb fitoren e arritur e kishin boshe dhe se ata nuk din\u00eb t\u00eb menaxhojn\u00eb fitoren. \u00cbsht\u00eb interesant q\u00eb as masakra propagandistike e k\u00ebtyre partive q\u00eb u b\u00eb ndaj 3 k\u00ebshilltar\u00ebve t\u00eb PPD \u2013 s\u00eb nuk dha rezultat te elektorati i tyre. Madje-madje mund t\u00eb thuhet q\u00eb k\u00ebto partit\u00eb \u201ce m\u00ebdha\u201d p\u00ebrfundimisht e kan\u00eb humbur pushtetin n\u00eb Komun\u00ebn e Ulqinit pa kurrfar\u00eb shansi q\u00eb p\u00ebrs\u00ebri t\u00eb vijn\u00eb n\u00eb pushtet n\u00eb k\u00ebt\u00eb komun\u00eb edhe pse trupi zgjedhor \u00ebsht\u00eb di\u00e7ka q\u00eb l\u00ebviz\u00eb. K\u00ebt\u00eb e d\u00ebshmojn\u00eb rezultatet e arritura t\u00eb k\u00ebtyre partive n\u00eb Komun\u00ebn e Ulqinit p\u00ebr zgjedhjet parlamentare t\u00eb cilat n\u00ebse p\u00ebrs\u00ebriten edhe n\u00eb zgjedhjet e ardhshme lokale do t\u00eb rezultonte q\u00eb p\u00ebr shembull Forca e Re Demokratike t\u00eb mos ket\u00eb m\u00eb 8 k\u00ebshilltar\u00eb, por t\u00eb ket\u00eb 7 dhe nga partia m\u00eb e madhe n\u00eb Komun\u00eb t\u00eb Ulqinit t\u00eb jet\u00eb parti e dyt\u00eb apo e tret\u00eb, LD n\u00eb MZ nga 4 k\u00ebshilltar\u00eb t\u00eb ket\u00eb 2, kurse Bashkimi Demokratik pranoi t\u00eb shkrihej n\u00eb nj\u00eb subjekt inekzistent (bashkim qytetar) i cili ende vuan s\u00ebmundjet e lindjes, me 4 k\u00ebshilltar\u00eb, por q\u00eb n\u00eb total do t\u00eb thot\u00eb se opozita n\u00eb Ulqin ka 13 k\u00ebshilltar\u00eb. Kujtojm\u00eb q\u00eb p\u00ebrb\u00ebrja e re e Kuvendit t\u00eb ardhsh\u00ebm sipas ligjit do t\u00eb duhej t\u00eb num\u00ebronte 34 k\u00ebshilltar\u00eb, ose m\u00eb qart\u00eb shumica do t\u00eb ishte 18 k\u00ebshilltar\u00eb. Kjo \u00ebsht\u00eb alarmuese p\u00ebr \u201cpartit\u00eb e m\u00ebdha\u201d t\u00eb cilat edhe po t\u00eb bashkoheshin me partner\u00ebt natyror\u00eb t\u00eb vet n\u00eb Komun\u00ebn e Ulqinit si \u201cPZP\u201d, \u201cSNP\u201d etj. nuk do t\u00eb mund t\u00eb kishin shumic\u00ebn. Kurse t\u00eb pakt\u00ebn shumica aktuale parlamentare 18 \u2013 shin do ta arrinte pa problem. Mir\u00ebpo \u00ebsht\u00eb interesant t\u00eb thuhet q\u00eb \u201cpartit\u00eb e m\u00ebdha\u201d deri m\u00eb sot nuk kan\u00eb b\u00ebr\u00eb asnj\u00eb hap, (kritik\u00eb apo vet\u00ebkritik\u00eb t\u00eb pun\u00ebs s\u00eb tyre), n\u00eb m\u00ebnyr\u00eb q\u00eb t\u00eb vet\u00ebrreshtohen n\u00eb prag t\u00eb zgjedhjeve t\u00eb ardhshme. P\u00ebrjashtim n\u00eb k\u00ebt\u00eb mes b\u00ebn vet\u00ebm Partia e Unionit Demokratik n\u00ebse p\u00ebr baz\u00eb mund t\u00eb merret deklarata e n\u00ebnkryetarit t\u00eb k\u00ebsaj partie dhe nj\u00ebkoh\u00ebsisht deputetit t\u00eb saj i cili e pranoi q\u00eb \u00ebsht\u00eb gabuar n\u00eb mosshkuarjen n\u00eb koalicion parazgjedhor me Partin\u00eb e Prosperitetit Demokratik n\u00eb zgjedhjet e 29 marsit dhe q\u00eb po t\u00eb ndodhte koalicioni UDSH \u2013 PPD do t\u00eb siguronte 2 deputet\u00eb, e kjo do t\u00eb kishte rrezikuar deputetin e koalicionit \u201dPerpektiva\u201e.<br \/>\nDhe p\u00ebr fund sa p\u00ebr at\u00eb se, \u201cka koh\u00eb q\u00eb ekzistojn\u00eb z\u00ebra t\u00eb ndrysh\u00ebm k\u00ebshillues qoft\u00eb nga Prishtina apo Tirana, q\u00eb \u00ebsht\u00eb m\u00eb se e nevojshme t\u00eb punohet n\u00eb drejtimin e bashkimit t\u00eb disa subjekteve politike. Fjala \u00ebsht\u00eb p\u00ebr subjektet e vogla politike t\u00eb cil\u00ebt n\u00eb saje t\u00eb rrethanave aktuale t\u00eb ardhmen e tyre e kan\u00eb n\u00eb pik\u00ebpyetje&#8230;\u201d na duket se nuk q\u00ebndron, pa shaka n\u00ebse e kemi t\u00eb qart\u00eb kuptimin bart\u00ebs t\u00eb fjalis\u00eb, at\u00ebher\u00eb k\u00ebsaj i thon\u00eb \u201ckah dh\u00ebndri han\u00eb e pin\u00eb, kah vajza gj\u00eb nuk din\u00eb\u201d. \u00c7\u2019\u00ebsht\u00eb e v\u00ebrteta jemi t\u00eb informuar q\u00eb disa subjekte t\u00eb m\u00ebdha dhe t\u00eb vogla p\u00ebr t\u00eb sh\u00ebruar veten nga s\u00ebmundja e p\u00ebr t\u00eb akuzuar t\u00eb tjer\u00ebt u shkruajn\u00eb k\u00ebtyre dy qendrave p\u00ebr mund\u00ebsin\u00eb e bashk\u00ebpunimit, ta z\u00ebm\u00eb nd\u00ebrmjet: LD &#8211; s\u00eb, UDSH \u2013 s\u00eb dhe Forc\u00ebs e n\u00eb kuad\u00ebr t\u00eb k\u00ebsaj mund\u00ebsie si duket zhvilloi vizit\u00eb edhe ministri i Pun\u00ebve t\u00eb Jashtme z. Ilir Meta n\u00eb Mal t\u00eb Zi, por n\u00eb takim nuk u fol p\u00ebr bashkimin e subjekteve t\u00eb vogla n\u00eb subjekte t\u00eb m\u00ebdha. Andaj thjesht konstatimi i z. Draga \u00ebsht\u00eb nj\u00eb dezavuim q\u00eb m\u00eb s\u00eb miri e sqaron edhe ilustrimi i shkrimit q\u00eb shoq\u00ebron artikullin n\u00eb \u201cKoh\u00ebn javore\u201d e i cili \u00ebsht\u00eb nj\u00eb tru njeriu i futur n\u00eb dor\u00ebn q\u00eb shtr\u00ebngon nj\u00eb burr\u00eb. V\u00ebrtet\u00eb fuqia e artit \u00ebsht\u00eb shum\u00eb dometh\u00ebn\u00ebse! Pa marr\u00eb parasysh k\u00ebt\u00eb n\u00ebse mendohet n\u00eb PPD ajo ka qen\u00eb, \u00ebsht\u00eb dhe do t\u00eb mbetet p\u00ebr marr\u00ebveshje me \u00e7do subjekt nacional shqiptar. Historia m\u00ebsohet q\u00eb t\u00eb mos p\u00ebrs\u00ebritet e kjo vlen edhe p\u00ebr politik\u00ebn qoft\u00eb ajo e madhe apo e vog\u00ebl.<\/p>\n<p><strong>Muhamet Nika<br \/>\nKoha Javore<\/strong><\/p>\n<p>[flv width=&#8221;580&#8243; height=&#8221;400&#8243;]http:\/\/www.rtcg.me\/images\/biblioteka\/audio_video_arhiva\/Replika%20-%20Ljudska%20prava.flv[\/flv]<\/p>\n","protected":false},"excerpt":{"rendered":"<p>Jemi t\u00eb vet\u00ebdijsh\u00ebm q\u00eb: Edhe pse t\u00eb b\u00ebsh demant do t\u00eb thot\u00eb t\u00eb b\u00ebsh p\u00ebrpjekjen e atij i cili nisi t\u00eb mbledh\u00eb s\u00ebrish thesin me pupla t\u00eb derdhura, ku me siguri nuk arrin t\u2019i mbledh\u00eb t\u00eb gjitha&#8230; cekim se p\u00ebr artikullin e z. Draga \u201cKulti i individit i d\u00ebmsh\u00ebm p\u00ebr demokraci\u201d, \u201cKoha javore\u201d nr. 395 [&hellip;]<\/p>\n","protected":false},"author":1,"featured_media":0,"comment_status":"open","ping_status":"closed","sticky":false,"template":"","format":"standard","meta":{"spay_email":"","jetpack_publicize_message":"","jetpack_is_tweetstorm":false,"jetpack_publicize_feature_enabled":true},"categories":[12],"tags":[13014,318],"jetpack_publicize_connections":[],"yoast_head":"<!-- This site is optimized with the Yoast SEO plugin v19.1 - https:\/\/yoast.com\/wordpress\/plugins\/seo\/ -->\n<title>Mendim i instrumentalizuar - Lajme nga Ulqini<\/title>\n<meta name=\"description\" content=\"Jemi t\u00eb vet\u00ebdijsh\u00ebm q\u00eb: Edhe pse t\u00eb b\u00ebsh demant do t\u00eb thot\u00eb t\u00eb b\u00ebsh p\u00ebrpjekjen e atij i cili nisi t\u00eb mbledh\u00eb s\u00ebrish thesin me pupla t\u00eb derdhura, ku me\" \/>\n<meta name=\"robots\" content=\"index, follow, max-snippet:-1, max-image-preview:large, max-video-preview:-1\" \/>\n<link rel=\"canonical\" href=\"https:\/\/www.visit-ulcinj.com\/blog\/2009\/12\/12\/mendim-i-instrumentalizuar\/\" \/>\n<meta property=\"og:locale\" content=\"en_US\" \/>\n<meta property=\"og:type\" content=\"article\" \/>\n<meta property=\"og:title\" content=\"Mendim i instrumentalizuar - Lajme nga Ulqini\" \/>\n<meta property=\"og:description\" content=\"Jemi t\u00eb vet\u00ebdijsh\u00ebm q\u00eb: Edhe pse t\u00eb b\u00ebsh demant do t\u00eb thot\u00eb t\u00eb b\u00ebsh p\u00ebrpjekjen e atij i cili nisi t\u00eb mbledh\u00eb s\u00ebrish thesin me pupla t\u00eb derdhura, ku me\" \/>\n<meta property=\"og:url\" content=\"https:\/\/www.visit-ulcinj.com\/blog\/2009\/12\/12\/mendim-i-instrumentalizuar\/\" \/>\n<meta property=\"og:site_name\" content=\"Lajme nga Ulqini\" \/>\n<meta property=\"article:published_time\" content=\"2009-12-12T09:56:35+00:00\" \/>\n<meta property=\"article:modified_time\" content=\"2009-12-13T11:28:12+00:00\" \/>\n<meta property=\"og:image\" content=\"http:\/\/www.visit-ulcinj.com\/blog\/wp-content\/uploads\/2009\/12\/Nail-Draga_Muhamet-Nika-2.jpg\" \/>\n<meta name=\"twitter:label1\" content=\"Written by\" \/>\n\t<meta name=\"twitter:data1\" content=\"ulqini\" \/>\n\t<meta name=\"twitter:label2\" content=\"Est. reading time\" \/>\n\t<meta name=\"twitter:data2\" content=\"11 minutes\" \/>\n<script type=\"application\/ld+json\" class=\"yoast-schema-graph\">{\"@context\":\"https:\/\/schema.org\",\"@graph\":[{\"@type\":\"WebSite\",\"@id\":\"https:\/\/www.visit-ulcinj.com\/blog\/#website\",\"url\":\"https:\/\/www.visit-ulcinj.com\/blog\/\",\"name\":\"Lajme nga Ulqini\",\"description\":\"Lajme,Vijesti,Ulqini,Ulqin,Crna Gora,Mali i Zi\",\"potentialAction\":[{\"@type\":\"SearchAction\",\"target\":{\"@type\":\"EntryPoint\",\"urlTemplate\":\"https:\/\/www.visit-ulcinj.com\/blog\/?s={search_term_string}\"},\"query-input\":\"required name=search_term_string\"}],\"inLanguage\":\"en-US\"},{\"@type\":\"ImageObject\",\"inLanguage\":\"en-US\",\"@id\":\"https:\/\/www.visit-ulcinj.com\/blog\/2009\/12\/12\/mendim-i-instrumentalizuar\/#primaryimage\",\"url\":\"https:\/\/www.visit-ulcinj.com\/blog\/wp-content\/uploads\/2009\/12\/Nail-Draga_Muhamet-Nika-2.jpg\",\"contentUrl\":\"https:\/\/www.visit-ulcinj.com\/blog\/wp-content\/uploads\/2009\/12\/Nail-Draga_Muhamet-Nika-2.jpg\",\"width\":\"580\",\"height\":\"394\"},{\"@type\":\"WebPage\",\"@id\":\"https:\/\/www.visit-ulcinj.com\/blog\/2009\/12\/12\/mendim-i-instrumentalizuar\/#webpage\",\"url\":\"https:\/\/www.visit-ulcinj.com\/blog\/2009\/12\/12\/mendim-i-instrumentalizuar\/\",\"name\":\"Mendim i instrumentalizuar - Lajme nga Ulqini\",\"isPartOf\":{\"@id\":\"https:\/\/www.visit-ulcinj.com\/blog\/#website\"},\"primaryImageOfPage\":{\"@id\":\"https:\/\/www.visit-ulcinj.com\/blog\/2009\/12\/12\/mendim-i-instrumentalizuar\/#primaryimage\"},\"datePublished\":\"2009-12-12T09:56:35+00:00\",\"dateModified\":\"2009-12-13T11:28:12+00:00\",\"author\":{\"@id\":\"https:\/\/www.visit-ulcinj.com\/blog\/#\/schema\/person\/dcab619c614d3038751c63bc2aadc06d\"},\"description\":\"Jemi t\u00eb vet\u00ebdijsh\u00ebm q\u00eb: Edhe pse t\u00eb b\u00ebsh demant do t\u00eb thot\u00eb t\u00eb b\u00ebsh p\u00ebrpjekjen e atij i cili nisi t\u00eb mbledh\u00eb s\u00ebrish thesin me pupla t\u00eb derdhura, ku me\",\"breadcrumb\":{\"@id\":\"https:\/\/www.visit-ulcinj.com\/blog\/2009\/12\/12\/mendim-i-instrumentalizuar\/#breadcrumb\"},\"inLanguage\":\"en-US\",\"potentialAction\":[{\"@type\":\"ReadAction\",\"target\":[\"https:\/\/www.visit-ulcinj.com\/blog\/2009\/12\/12\/mendim-i-instrumentalizuar\/\"]}]},{\"@type\":\"BreadcrumbList\",\"@id\":\"https:\/\/www.visit-ulcinj.com\/blog\/2009\/12\/12\/mendim-i-instrumentalizuar\/#breadcrumb\",\"itemListElement\":[{\"@type\":\"ListItem\",\"position\":1,\"name\":\"Mendim i instrumentalizuar\"}]},{\"@type\":\"Person\",\"@id\":\"https:\/\/www.visit-ulcinj.com\/blog\/#\/schema\/person\/dcab619c614d3038751c63bc2aadc06d\",\"name\":\"ulqini\",\"sameAs\":[\"http:\/\/www.visit-ulcinj.com\"],\"url\":\"https:\/\/www.visit-ulcinj.com\/blog\/author\/admin\/\"}]}<\/script>\n<!-- \/ Yoast SEO plugin. -->","yoast_head_json":{"title":"Mendim i instrumentalizuar - Lajme nga Ulqini","description":"Jemi t\u00eb vet\u00ebdijsh\u00ebm q\u00eb: Edhe pse t\u00eb b\u00ebsh demant do t\u00eb thot\u00eb t\u00eb b\u00ebsh p\u00ebrpjekjen e atij i cili nisi t\u00eb mbledh\u00eb s\u00ebrish thesin me pupla t\u00eb derdhura, ku me","robots":{"index":"index","follow":"follow","max-snippet":"max-snippet:-1","max-image-preview":"max-image-preview:large","max-video-preview":"max-video-preview:-1"},"canonical":"https:\/\/www.visit-ulcinj.com\/blog\/2009\/12\/12\/mendim-i-instrumentalizuar\/","og_locale":"en_US","og_type":"article","og_title":"Mendim i instrumentalizuar - Lajme nga Ulqini","og_description":"Jemi t\u00eb vet\u00ebdijsh\u00ebm q\u00eb: Edhe pse t\u00eb b\u00ebsh demant do t\u00eb thot\u00eb t\u00eb b\u00ebsh p\u00ebrpjekjen e atij i cili nisi t\u00eb mbledh\u00eb s\u00ebrish thesin me pupla t\u00eb derdhura, ku me","og_url":"https:\/\/www.visit-ulcinj.com\/blog\/2009\/12\/12\/mendim-i-instrumentalizuar\/","og_site_name":"Lajme nga Ulqini","article_published_time":"2009-12-12T09:56:35+00:00","article_modified_time":"2009-12-13T11:28:12+00:00","og_image":[{"url":"http:\/\/www.visit-ulcinj.com\/blog\/wp-content\/uploads\/2009\/12\/Nail-Draga_Muhamet-Nika-2.jpg"}],"twitter_misc":{"Written by":"ulqini","Est. reading time":"11 minutes"},"schema":{"@context":"https:\/\/schema.org","@graph":[{"@type":"WebSite","@id":"https:\/\/www.visit-ulcinj.com\/blog\/#website","url":"https:\/\/www.visit-ulcinj.com\/blog\/","name":"Lajme nga Ulqini","description":"Lajme,Vijesti,Ulqini,Ulqin,Crna Gora,Mali i Zi","potentialAction":[{"@type":"SearchAction","target":{"@type":"EntryPoint","urlTemplate":"https:\/\/www.visit-ulcinj.com\/blog\/?s={search_term_string}"},"query-input":"required name=search_term_string"}],"inLanguage":"en-US"},{"@type":"ImageObject","inLanguage":"en-US","@id":"https:\/\/www.visit-ulcinj.com\/blog\/2009\/12\/12\/mendim-i-instrumentalizuar\/#primaryimage","url":"https:\/\/www.visit-ulcinj.com\/blog\/wp-content\/uploads\/2009\/12\/Nail-Draga_Muhamet-Nika-2.jpg","contentUrl":"https:\/\/www.visit-ulcinj.com\/blog\/wp-content\/uploads\/2009\/12\/Nail-Draga_Muhamet-Nika-2.jpg","width":"580","height":"394"},{"@type":"WebPage","@id":"https:\/\/www.visit-ulcinj.com\/blog\/2009\/12\/12\/mendim-i-instrumentalizuar\/#webpage","url":"https:\/\/www.visit-ulcinj.com\/blog\/2009\/12\/12\/mendim-i-instrumentalizuar\/","name":"Mendim i instrumentalizuar - Lajme nga Ulqini","isPartOf":{"@id":"https:\/\/www.visit-ulcinj.com\/blog\/#website"},"primaryImageOfPage":{"@id":"https:\/\/www.visit-ulcinj.com\/blog\/2009\/12\/12\/mendim-i-instrumentalizuar\/#primaryimage"},"datePublished":"2009-12-12T09:56:35+00:00","dateModified":"2009-12-13T11:28:12+00:00","author":{"@id":"https:\/\/www.visit-ulcinj.com\/blog\/#\/schema\/person\/dcab619c614d3038751c63bc2aadc06d"},"description":"Jemi t\u00eb vet\u00ebdijsh\u00ebm q\u00eb: Edhe pse t\u00eb b\u00ebsh demant do t\u00eb thot\u00eb t\u00eb b\u00ebsh p\u00ebrpjekjen e atij i cili nisi t\u00eb mbledh\u00eb s\u00ebrish thesin me pupla t\u00eb derdhura, ku me","breadcrumb":{"@id":"https:\/\/www.visit-ulcinj.com\/blog\/2009\/12\/12\/mendim-i-instrumentalizuar\/#breadcrumb"},"inLanguage":"en-US","potentialAction":[{"@type":"ReadAction","target":["https:\/\/www.visit-ulcinj.com\/blog\/2009\/12\/12\/mendim-i-instrumentalizuar\/"]}]},{"@type":"BreadcrumbList","@id":"https:\/\/www.visit-ulcinj.com\/blog\/2009\/12\/12\/mendim-i-instrumentalizuar\/#breadcrumb","itemListElement":[{"@type":"ListItem","position":1,"name":"Mendim i instrumentalizuar"}]},{"@type":"Person","@id":"https:\/\/www.visit-ulcinj.com\/blog\/#\/schema\/person\/dcab619c614d3038751c63bc2aadc06d","name":"ulqini","sameAs":["http:\/\/www.visit-ulcinj.com"],"url":"https:\/\/www.visit-ulcinj.com\/blog\/author\/admin\/"}]}},"jetpack_featured_media_url":"","jetpack_sharing_enabled":true,"jetpack_shortlink":"https:\/\/wp.me\/pe6lTn-7jv","_links":{"self":[{"href":"https:\/\/www.visit-ulcinj.com\/blog\/wp-json\/wp\/v2\/posts\/28117"}],"collection":[{"href":"https:\/\/www.visit-ulcinj.com\/blog\/wp-json\/wp\/v2\/posts"}],"about":[{"href":"https:\/\/www.visit-ulcinj.com\/blog\/wp-json\/wp\/v2\/types\/post"}],"author":[{"embeddable":true,"href":"https:\/\/www.visit-ulcinj.com\/blog\/wp-json\/wp\/v2\/users\/1"}],"replies":[{"embeddable":true,"href":"https:\/\/www.visit-ulcinj.com\/blog\/wp-json\/wp\/v2\/comments?post=28117"}],"version-history":[{"count":0,"href":"https:\/\/www.visit-ulcinj.com\/blog\/wp-json\/wp\/v2\/posts\/28117\/revisions"}],"wp:attachment":[{"href":"https:\/\/www.visit-ulcinj.com\/blog\/wp-json\/wp\/v2\/media?parent=28117"}],"wp:term":[{"taxonomy":"category","embeddable":true,"href":"https:\/\/www.visit-ulcinj.com\/blog\/wp-json\/wp\/v2\/categories?post=28117"},{"taxonomy":"post_tag","embeddable":true,"href":"https:\/\/www.visit-ulcinj.com\/blog\/wp-json\/wp\/v2\/tags?post=28117"}],"curies":[{"name":"wp","href":"https:\/\/api.w.org\/{rel}","templated":true}]}}