{"id":28122,"date":"2009-12-12T18:43:35","date_gmt":"2009-12-12T16:43:35","guid":{"rendered":"http:\/\/www.visit-ulcinj.com\/blog\/?p=28122"},"modified":"2009-12-23T15:01:52","modified_gmt":"2009-12-23T13:01:52","slug":"xheneta-vuciq-sjell-medaljen-e-pare-nga-kampionatet-boterore-ne-ulqin","status":"publish","type":"post","link":"https:\/\/www.visit-ulcinj.com\/blog\/2009\/12\/12\/xheneta-vuciq-sjell-medaljen-e-pare-nga-kampionatet-boterore-ne-ulqin\/","title":{"rendered":"Xheneta Vu\u00e7iq, sjell medaljen e par\u00eb nga kampionatet bot\u00ebrore n\u00eb Ulqin &#8211; Video"},"content":{"rendered":"<p><strong><a href=\"http:\/\/www.visit-ulcinj.com\/blog\/wp-content\/uploads\/2009\/12\/Xheneta-Vu\u00e7iq.jpg\"><img loading=\"lazy\" class=\"alignleft size-full wp-image-28123\" title=\"Xheneta Vu\u00e7iq\" src=\"http:\/\/www.visit-ulcinj.com\/blog\/wp-content\/uploads\/2009\/12\/Xheneta-Vu\u00e7iq.jpg\" alt=\"Xheneta Vu\u00e7iq\" width=\"384\" height=\"374\" \/><\/a>Garuesja e klubit \u201cAlbulena\u201d, Xheneta Vu\u00e7iq,e treta n\u00eb bot\u00eb<\/strong><br \/>\nXheneta Vu\u00e7iq ka fituar medaljen e bronzt\u00eb n\u00eb Kampionatin Bot\u00ebror n\u00eb Ju-Jitsu p\u00ebr kadet\u00eb dhe junior\u00eb q\u00eb u mbajt n\u00eb Athin\u00eb nga data 27-29 n\u00ebntor.<br \/>\n\u201cKy \u00ebsht\u00eb suksesi m\u00eb i madh n\u00eb karrier\u00ebn time. Medalja e fituar m\u00eb jep vullnet q\u00eb t\u00eb eci m\u00eb p\u00ebrpara\u201d, thot\u00eb Vu\u00e7iq duke shtuar se ai p\u00ebrb\u00ebn nj\u00ebkoh\u00ebsisht sukses edhe p\u00ebr qytetin e Ulqinit.<br \/>\nGaruesja e Klubit \u201cAlbulena\u201d, Xheneta Vu\u00e7iq, ka sjell\u00eb medaljen e par\u00eb nga kampionatet bot\u00ebrore n\u00eb Ulqin. Ajo ka fituar medaljen e bronzt\u00eb n\u00eb Kampionatin Bot\u00ebror n\u00eb Ju-Jitsu p\u00ebr kadet\u00eb dhe junior\u00eb q\u00eb u mbajt n\u00eb Athin\u00eb nga data 27-29 n\u00ebntor.<br \/>\nAjo ishte pjes\u00eb e P\u00ebrfaq\u00ebsueses s\u00eb Malit t\u00eb Zi n\u00eb k\u00ebt\u00eb kampionat.<br \/>\nN\u00eb nj\u00eb konkurrenc\u00eb t\u00eb fort\u00eb, n\u00eb kategorin\u00eb -57kg p\u00ebr kadet\u00eb, ku kan\u00eb marr\u00eb pjes\u00eb mbi 40 garuese, ajo ka arritur deri te medalja pasi q\u00eb ka sh\u00ebnuar pes\u00eb fitore dhe nj\u00eb humbje.<br \/>\nAjo ka humbur me\u00e7in e par\u00eb nga p\u00ebrfaq\u00ebsuesja greke, p\u00ebr t\u00eb fituar m\u00eb pas pes\u00eb me\u00e7e me radh\u00eb n\u00eb repasazh ndaj p\u00ebrfaq\u00ebsueses s\u00eb Italis\u00eb, Suedis\u00eb, Polonis\u00eb, Austris\u00eb dhe n\u00eb me\u00e7in e fundit p\u00ebr medalje ndaj p\u00ebrfaq\u00ebsueses gjermane.<br \/>\n\u201cMe p\u00ebrfaq\u00ebsuesen gjermane, ku kam luftuar p\u00ebr medalje, e kam pasur m\u00eb s\u00eb v\u00ebshtiri\u201d, tregon emocionet e saj nga gara Xheneta.<br \/>\nPor p\u00ebr t\u00eb kaluar barrier\u00ebn e par\u00eb, Vu\u00e7iq \u00ebsht\u00eb dashur \u201ct\u00eb luftoj\u00eb\u201d me vetveten. P\u00ebr shkak t\u00eb mbipesh\u00ebs, ajo \u00ebsht\u00eb dashur t\u00eb zvog\u00ebloj\u00eb tre kilogram\u00eb brenda tri dit\u00ebve p\u00ebr t\u00eb marr\u00eb pjes\u00eb n\u00eb kategorin\u00eb -57kg. Kjo \u00ebsht\u00eb reflektuar n\u00eb m\u00ebnyr\u00eb negative, sidomos n\u00eb me\u00e7in e par\u00eb.<br \/>\nXheneta nuk e fsheh k\u00ebnaq\u00ebsin\u00eb p\u00ebr suksesin e arritur.<br \/>\n\u201cKy \u00ebsht\u00eb suksesi m\u00eb i madh n\u00eb karrier\u00ebn time\u201d, pranon ajo, duke shtuar se ai p\u00ebrb\u00ebn nj\u00ebkoh\u00ebsisht sukses edhe p\u00ebr qytetin e Ulqinit.<br \/>\nSipas saj, t\u00eb fitosh nj\u00eb medalje n\u00eb Kampionatin Bot\u00ebror \u00ebsht\u00eb nj\u00eb sukses i madh.<br \/>\n\u201cMedalja e fituar paraqet kulmin n\u00eb karrier\u00ebn time, por edhe m\u00eb jep vullnet q\u00eb t\u00eb eci p\u00ebrpara\u201d, thot\u00eb Vu\u00e7iq.<br \/>\nVet\u00ebm pak koh\u00eb m\u00eb par\u00eb ajo ka marr\u00eb pjes\u00eb n\u00eb Kampionatin Bot\u00ebror n\u00eb Karate n\u00eb Maroko ku po ashtu ka p\u00ebrfaq\u00ebsuar Malin e Zi.<br \/>\n\u201cPasi q\u00eb kan\u00eb qen\u00eb dy kampionate t\u00eb nj\u00ebpasnj\u00ebshme, ka qen\u00eb e v\u00ebshtir\u00eb t\u00eb p\u00ebrgatitem\u201d, thot\u00eb Xheneta, e cila fal\u00ebnderon trajner\u00ebt e Klubit \u201cAlbulena\u201d, Agron Ujkashi, Anel Beganoviq dhe Jasmin Hot, pa pun\u00ebn e t\u00eb cil\u00ebve, si\u00e7 thot\u00eb ajo, \u201cnuk e kisha arritur k\u00ebt\u00eb sukses\u201d.<br \/>\nXheneta fal\u00ebnderon edhe sponsor\u00ebt \u201cHasa Glass\u201d, \u201cSefa Goni Alumin\u201d dhe \u201cTaflaj Alumil\u201d t\u00eb cil\u00ebt ndihmuan pjes\u00ebmarrjen e saj n\u00eb Kampionatin Bot\u00ebror.<br \/>\nGaruesi tjet\u00ebr nga Klubi \u201cAlbulena\u201d, pjes\u00ebtar i P\u00ebrfaq\u00ebsueses s\u00eb Malit t\u00eb Zi, Nikolla Prodanoviq, n\u00eb kategorin\u00eb -73kg p\u00ebr kadet\u00eb, ka humbur n\u00eb gjysm\u00ebfinale duke mos arritur t\u00eb kuror\u00ebzohet me medalje.<br \/>\nP\u00ebrve\u00e7 medaljes s\u00eb bronzt\u00eb t\u00eb fituar nga Xheneta, Mali i Zi ka fituar edhe kat\u00ebr medalje t\u00eb tjera n\u00eb k\u00ebt\u00eb kampionat, dy t\u00eb argjendta dhe dy t\u00eb bronzta, duke arritur nj\u00eb rezultat mjaft pozitiv.<br \/>\nKampionati Bot\u00ebror n\u00eb Ju-Jitsu p\u00ebr kadet\u00eb dhe junior\u00eb n\u00eb Athin\u00eb ka qen\u00eb i organizuar n\u00eb nj\u00eb nivel tejet t\u00eb lart\u00eb dhe n\u00eb t\u00eb kan\u00eb marr\u00eb pjes\u00eb rreth dyzet shtete.<\/p>\n<p><strong>I. Kallaba<br \/>\nKoha Javore<\/strong><\/p>\n<p><strong>\n\t\t<style type=\"text\/css\">\n\t\t\t#gallery-1 {\n\t\t\t\tmargin: auto;\n\t\t\t}\n\t\t\t#gallery-1 .gallery-item {\n\t\t\t\tfloat: left;\n\t\t\t\tmargin-top: 10px;\n\t\t\t\ttext-align: center;\n\t\t\t\twidth: 33%;\n\t\t\t}\n\t\t\t#gallery-1 img {\n\t\t\t\tborder: 2px solid #cfcfcf;\n\t\t\t}\n\t\t\t#gallery-1 .gallery-caption {\n\t\t\t\tmargin-left: 0;\n\t\t\t}\n\t\t\t\/* see gallery_shortcode() in wp-includes\/media.php *\/\n\t\t<\/style>\n\t\t<div id='gallery-1' class='gallery galleryid-28122 gallery-columns-3 gallery-size-thumbnail'><dl class='gallery-item'>\n\t\t\t<dt class='gallery-icon '>\n\t\t\t\t<a href='https:\/\/www.visit-ulcinj.com\/blog\/wp-content\/uploads\/2009\/12\/Xheneta-Vu\u00c3\u00a7iq.jpg'><img width=\"1\" height=\"1\" src=\"https:\/\/www.visit-ulcinj.com\/blog\/wp-content\/uploads\/2009\/12\/Xheneta-Vu\u00c3\u00a7iq.jpg\" class=\"attachment-thumbnail size-thumbnail\" alt=\"\" loading=\"lazy\" \/><\/a>\n\t\t\t<\/dt><\/dl><dl class='gallery-item'>\n\t\t\t<dt class='gallery-icon '>\n\t\t\t\t<a href='https:\/\/www.visit-ulcinj.com\/blog\/wp-content\/uploads\/2009\/12\/Xheneta-Vu\u00c3\u00a7iq.1.jpg'><img width=\"1\" height=\"1\" src=\"https:\/\/www.visit-ulcinj.com\/blog\/wp-content\/uploads\/2009\/12\/Xheneta-Vu\u00c3\u00a7iq.1.jpg\" class=\"attachment-thumbnail size-thumbnail\" alt=\"\" loading=\"lazy\" \/><\/a>\n\t\t\t<\/dt><\/dl><dl class='gallery-item'>\n\t\t\t<dt class='gallery-icon '>\n\t\t\t\t<a href='https:\/\/www.visit-ulcinj.com\/blog\/wp-content\/uploads\/2009\/12\/Xheneta-Vu\u00c3\u00a7iq.2.jpg'><img width=\"1\" height=\"1\" src=\"https:\/\/www.visit-ulcinj.com\/blog\/wp-content\/uploads\/2009\/12\/Xheneta-Vu\u00c3\u00a7iq.2.jpg\" class=\"attachment-thumbnail size-thumbnail\" alt=\"\" loading=\"lazy\" \/><\/a>\n\t\t\t<\/dt><\/dl><br style=\"clear: both\" \/><dl class='gallery-item'>\n\t\t\t<dt class='gallery-icon '>\n\t\t\t\t<a href='https:\/\/www.visit-ulcinj.com\/blog\/wp-content\/uploads\/2009\/12\/Xheneta-Vu\u00c3\u00a7iq.3.jpg'><img width=\"1\" height=\"1\" src=\"https:\/\/www.visit-ulcinj.com\/blog\/wp-content\/uploads\/2009\/12\/Xheneta-Vu\u00c3\u00a7iq.3.jpg\" class=\"attachment-thumbnail size-thumbnail\" alt=\"\" loading=\"lazy\" \/><\/a>\n\t\t\t<\/dt><\/dl><dl class='gallery-item'>\n\t\t\t<dt class='gallery-icon '>\n\t\t\t\t<a href='https:\/\/www.visit-ulcinj.com\/blog\/wp-content\/uploads\/2009\/12\/Xheneta-Vu\u00c3\u00a7iq.4.jpg'><img width=\"1\" height=\"1\" src=\"https:\/\/www.visit-ulcinj.com\/blog\/wp-content\/uploads\/2009\/12\/Xheneta-Vu\u00c3\u00a7iq.4.jpg\" class=\"attachment-thumbnail size-thumbnail\" alt=\"\" loading=\"lazy\" \/><\/a>\n\t\t\t<\/dt><\/dl><dl class='gallery-item'>\n\t\t\t<dt class='gallery-icon '>\n\t\t\t\t<a href='https:\/\/www.visit-ulcinj.com\/blog\/wp-content\/uploads\/2009\/12\/Xheneta-Vu\u00c3\u00a7iq.5.jpg'><img width=\"1\" height=\"1\" src=\"https:\/\/www.visit-ulcinj.com\/blog\/wp-content\/uploads\/2009\/12\/Xheneta-Vu\u00c3\u00a7iq.5.jpg\" class=\"attachment-thumbnail size-thumbnail\" alt=\"\" loading=\"lazy\" \/><\/a>\n\t\t\t<\/dt><\/dl><br style=\"clear: both\" \/>\n\t\t<\/div>\n<\/p>\n<p><\/strong><\/p>\n<p><strong> <\/strong><\/p>\n<p><strong><!--YouTube Error: bad URL entered--><br \/>\n<\/strong><\/p>\n","protected":false},"excerpt":{"rendered":"<p>Garuesja e klubit \u201cAlbulena\u201d, Xheneta Vu\u00e7iq,e treta n\u00eb bot\u00eb Xheneta Vu\u00e7iq ka fituar medaljen e bronzt\u00eb n\u00eb Kampionatin Bot\u00ebror n\u00eb Ju-Jitsu p\u00ebr kadet\u00eb dhe junior\u00eb q\u00eb u mbajt n\u00eb Athin\u00eb nga data 27-29 n\u00ebntor. \u201cKy \u00ebsht\u00eb suksesi m\u00eb i madh n\u00eb karrier\u00ebn time. Medalja e fituar m\u00eb jep vullnet q\u00eb t\u00eb eci m\u00eb p\u00ebrpara\u201d, thot\u00eb [&hellip;]<\/p>\n","protected":false},"author":1,"featured_media":0,"comment_status":"open","ping_status":"closed","sticky":false,"template":"","format":"standard","meta":{"spay_email":"","jetpack_publicize_message":"","jetpack_is_tweetstorm":false,"jetpack_publicize_feature_enabled":true},"categories":[3],"tags":[1821,13015],"jetpack_publicize_connections":[],"yoast_head":"<!-- This site is optimized with the Yoast SEO plugin v19.1 - https:\/\/yoast.com\/wordpress\/plugins\/seo\/ -->\n<title>Xheneta Vu\u00e7iq, sjell medaljen e par\u00eb nga kampionatet bot\u00ebrore n\u00eb Ulqin - Video - Lajme nga Ulqini<\/title>\n<meta name=\"description\" content=\"Garuesja e klubit \u201cAlbulena\u201d, Xheneta Vu\u00e7iq,e treta n\u00eb bot\u00eb Xheneta Vu\u00e7iq ka fituar medaljen e bronzt\u00eb n\u00eb Kampionatin Bot\u00ebror n\u00eb Ju-Jitsu p\u00ebr kadet\u00eb dhe\" \/>\n<meta name=\"robots\" content=\"index, follow, max-snippet:-1, max-image-preview:large, max-video-preview:-1\" \/>\n<link rel=\"canonical\" href=\"https:\/\/www.visit-ulcinj.com\/blog\/2009\/12\/12\/xheneta-vuciq-sjell-medaljen-e-pare-nga-kampionatet-boterore-ne-ulqin\/\" \/>\n<meta property=\"og:locale\" content=\"en_US\" \/>\n<meta property=\"og:type\" content=\"article\" \/>\n<meta property=\"og:title\" content=\"Xheneta Vu\u00e7iq, sjell medaljen e par\u00eb nga kampionatet bot\u00ebrore n\u00eb Ulqin - Video - Lajme nga Ulqini\" \/>\n<meta property=\"og:description\" content=\"Garuesja e klubit \u201cAlbulena\u201d, Xheneta Vu\u00e7iq,e treta n\u00eb bot\u00eb Xheneta Vu\u00e7iq ka fituar medaljen e bronzt\u00eb n\u00eb Kampionatin Bot\u00ebror n\u00eb Ju-Jitsu p\u00ebr kadet\u00eb dhe\" \/>\n<meta property=\"og:url\" content=\"https:\/\/www.visit-ulcinj.com\/blog\/2009\/12\/12\/xheneta-vuciq-sjell-medaljen-e-pare-nga-kampionatet-boterore-ne-ulqin\/\" \/>\n<meta property=\"og:site_name\" content=\"Lajme nga Ulqini\" \/>\n<meta property=\"article:published_time\" content=\"2009-12-12T16:43:35+00:00\" \/>\n<meta property=\"article:modified_time\" content=\"2009-12-23T13:01:52+00:00\" \/>\n<meta property=\"og:image\" content=\"https:\/\/www.visit-ulcinj.com\/blog\/wp-content\/uploads\/2009\/12\/Xheneta-Vu\u00c3\u00a7iq.jpg\" \/>\n<meta name=\"twitter:label1\" content=\"Written by\" \/>\n\t<meta name=\"twitter:data1\" content=\"ulqini\" \/>\n\t<meta name=\"twitter:label2\" content=\"Est. reading time\" \/>\n\t<meta name=\"twitter:data2\" content=\"3 minutes\" \/>\n<script type=\"application\/ld+json\" class=\"yoast-schema-graph\">{\"@context\":\"https:\/\/schema.org\",\"@graph\":[{\"@type\":\"WebSite\",\"@id\":\"https:\/\/www.visit-ulcinj.com\/blog\/#website\",\"url\":\"https:\/\/www.visit-ulcinj.com\/blog\/\",\"name\":\"Lajme nga Ulqini\",\"description\":\"Lajme,Vijesti,Ulqini,Ulqin,Crna Gora,Mali i Zi\",\"potentialAction\":[{\"@type\":\"SearchAction\",\"target\":{\"@type\":\"EntryPoint\",\"urlTemplate\":\"https:\/\/www.visit-ulcinj.com\/blog\/?s={search_term_string}\"},\"query-input\":\"required name=search_term_string\"}],\"inLanguage\":\"en-US\"},{\"@type\":\"WebPage\",\"@id\":\"https:\/\/www.visit-ulcinj.com\/blog\/2009\/12\/12\/xheneta-vuciq-sjell-medaljen-e-pare-nga-kampionatet-boterore-ne-ulqin\/#webpage\",\"url\":\"https:\/\/www.visit-ulcinj.com\/blog\/2009\/12\/12\/xheneta-vuciq-sjell-medaljen-e-pare-nga-kampionatet-boterore-ne-ulqin\/\",\"name\":\"Xheneta Vu\u00e7iq, sjell medaljen e par\u00eb nga kampionatet bot\u00ebrore n\u00eb Ulqin - Video - Lajme nga Ulqini\",\"isPartOf\":{\"@id\":\"https:\/\/www.visit-ulcinj.com\/blog\/#website\"},\"datePublished\":\"2009-12-12T16:43:35+00:00\",\"dateModified\":\"2009-12-23T13:01:52+00:00\",\"author\":{\"@id\":\"https:\/\/www.visit-ulcinj.com\/blog\/#\/schema\/person\/dcab619c614d3038751c63bc2aadc06d\"},\"description\":\"Garuesja e klubit \u201cAlbulena\u201d, Xheneta Vu\u00e7iq,e treta n\u00eb bot\u00eb Xheneta Vu\u00e7iq ka fituar medaljen e bronzt\u00eb n\u00eb Kampionatin Bot\u00ebror n\u00eb Ju-Jitsu p\u00ebr kadet\u00eb dhe\",\"breadcrumb\":{\"@id\":\"https:\/\/www.visit-ulcinj.com\/blog\/2009\/12\/12\/xheneta-vuciq-sjell-medaljen-e-pare-nga-kampionatet-boterore-ne-ulqin\/#breadcrumb\"},\"inLanguage\":\"en-US\",\"potentialAction\":[{\"@type\":\"ReadAction\",\"target\":[\"https:\/\/www.visit-ulcinj.com\/blog\/2009\/12\/12\/xheneta-vuciq-sjell-medaljen-e-pare-nga-kampionatet-boterore-ne-ulqin\/\"]}]},{\"@type\":\"BreadcrumbList\",\"@id\":\"https:\/\/www.visit-ulcinj.com\/blog\/2009\/12\/12\/xheneta-vuciq-sjell-medaljen-e-pare-nga-kampionatet-boterore-ne-ulqin\/#breadcrumb\",\"itemListElement\":[{\"@type\":\"ListItem\",\"position\":1,\"name\":\"Xheneta Vu\u00e7iq, sjell medaljen e par\u00eb nga kampionatet bot\u00ebrore n\u00eb Ulqin &#8211; Video\"}]},{\"@type\":\"Person\",\"@id\":\"https:\/\/www.visit-ulcinj.com\/blog\/#\/schema\/person\/dcab619c614d3038751c63bc2aadc06d\",\"name\":\"ulqini\",\"sameAs\":[\"http:\/\/www.visit-ulcinj.com\"],\"url\":\"https:\/\/www.visit-ulcinj.com\/blog\/author\/admin\/\"}]}<\/script>\n<!-- \/ Yoast SEO plugin. -->","yoast_head_json":{"title":"Xheneta Vu\u00e7iq, sjell medaljen e par\u00eb nga kampionatet bot\u00ebrore n\u00eb Ulqin - Video - Lajme nga Ulqini","description":"Garuesja e klubit \u201cAlbulena\u201d, Xheneta Vu\u00e7iq,e treta n\u00eb bot\u00eb Xheneta Vu\u00e7iq ka fituar medaljen e bronzt\u00eb n\u00eb Kampionatin Bot\u00ebror n\u00eb Ju-Jitsu p\u00ebr kadet\u00eb dhe","robots":{"index":"index","follow":"follow","max-snippet":"max-snippet:-1","max-image-preview":"max-image-preview:large","max-video-preview":"max-video-preview:-1"},"canonical":"https:\/\/www.visit-ulcinj.com\/blog\/2009\/12\/12\/xheneta-vuciq-sjell-medaljen-e-pare-nga-kampionatet-boterore-ne-ulqin\/","og_locale":"en_US","og_type":"article","og_title":"Xheneta Vu\u00e7iq, sjell medaljen e par\u00eb nga kampionatet bot\u00ebrore n\u00eb Ulqin - Video - Lajme nga Ulqini","og_description":"Garuesja e klubit \u201cAlbulena\u201d, Xheneta Vu\u00e7iq,e treta n\u00eb bot\u00eb Xheneta Vu\u00e7iq ka fituar medaljen e bronzt\u00eb n\u00eb Kampionatin Bot\u00ebror n\u00eb Ju-Jitsu p\u00ebr kadet\u00eb dhe","og_url":"https:\/\/www.visit-ulcinj.com\/blog\/2009\/12\/12\/xheneta-vuciq-sjell-medaljen-e-pare-nga-kampionatet-boterore-ne-ulqin\/","og_site_name":"Lajme nga Ulqini","article_published_time":"2009-12-12T16:43:35+00:00","article_modified_time":"2009-12-23T13:01:52+00:00","og_image":[{"url":"https:\/\/www.visit-ulcinj.com\/blog\/wp-content\/uploads\/2009\/12\/Xheneta-Vu\u00c3\u00a7iq.jpg"}],"twitter_misc":{"Written by":"ulqini","Est. reading time":"3 minutes"},"schema":{"@context":"https:\/\/schema.org","@graph":[{"@type":"WebSite","@id":"https:\/\/www.visit-ulcinj.com\/blog\/#website","url":"https:\/\/www.visit-ulcinj.com\/blog\/","name":"Lajme nga Ulqini","description":"Lajme,Vijesti,Ulqini,Ulqin,Crna Gora,Mali i Zi","potentialAction":[{"@type":"SearchAction","target":{"@type":"EntryPoint","urlTemplate":"https:\/\/www.visit-ulcinj.com\/blog\/?s={search_term_string}"},"query-input":"required name=search_term_string"}],"inLanguage":"en-US"},{"@type":"WebPage","@id":"https:\/\/www.visit-ulcinj.com\/blog\/2009\/12\/12\/xheneta-vuciq-sjell-medaljen-e-pare-nga-kampionatet-boterore-ne-ulqin\/#webpage","url":"https:\/\/www.visit-ulcinj.com\/blog\/2009\/12\/12\/xheneta-vuciq-sjell-medaljen-e-pare-nga-kampionatet-boterore-ne-ulqin\/","name":"Xheneta Vu\u00e7iq, sjell medaljen e par\u00eb nga kampionatet bot\u00ebrore n\u00eb Ulqin - Video - Lajme nga Ulqini","isPartOf":{"@id":"https:\/\/www.visit-ulcinj.com\/blog\/#website"},"datePublished":"2009-12-12T16:43:35+00:00","dateModified":"2009-12-23T13:01:52+00:00","author":{"@id":"https:\/\/www.visit-ulcinj.com\/blog\/#\/schema\/person\/dcab619c614d3038751c63bc2aadc06d"},"description":"Garuesja e klubit \u201cAlbulena\u201d, Xheneta Vu\u00e7iq,e treta n\u00eb bot\u00eb Xheneta Vu\u00e7iq ka fituar medaljen e bronzt\u00eb n\u00eb Kampionatin Bot\u00ebror n\u00eb Ju-Jitsu p\u00ebr kadet\u00eb dhe","breadcrumb":{"@id":"https:\/\/www.visit-ulcinj.com\/blog\/2009\/12\/12\/xheneta-vuciq-sjell-medaljen-e-pare-nga-kampionatet-boterore-ne-ulqin\/#breadcrumb"},"inLanguage":"en-US","potentialAction":[{"@type":"ReadAction","target":["https:\/\/www.visit-ulcinj.com\/blog\/2009\/12\/12\/xheneta-vuciq-sjell-medaljen-e-pare-nga-kampionatet-boterore-ne-ulqin\/"]}]},{"@type":"BreadcrumbList","@id":"https:\/\/www.visit-ulcinj.com\/blog\/2009\/12\/12\/xheneta-vuciq-sjell-medaljen-e-pare-nga-kampionatet-boterore-ne-ulqin\/#breadcrumb","itemListElement":[{"@type":"ListItem","position":1,"name":"Xheneta Vu\u00e7iq, sjell medaljen e par\u00eb nga kampionatet bot\u00ebrore n\u00eb Ulqin &#8211; Video"}]},{"@type":"Person","@id":"https:\/\/www.visit-ulcinj.com\/blog\/#\/schema\/person\/dcab619c614d3038751c63bc2aadc06d","name":"ulqini","sameAs":["http:\/\/www.visit-ulcinj.com"],"url":"https:\/\/www.visit-ulcinj.com\/blog\/author\/admin\/"}]}},"jetpack_featured_media_url":"","jetpack_sharing_enabled":true,"jetpack_shortlink":"https:\/\/wp.me\/pe6lTn-7jA","_links":{"self":[{"href":"https:\/\/www.visit-ulcinj.com\/blog\/wp-json\/wp\/v2\/posts\/28122"}],"collection":[{"href":"https:\/\/www.visit-ulcinj.com\/blog\/wp-json\/wp\/v2\/posts"}],"about":[{"href":"https:\/\/www.visit-ulcinj.com\/blog\/wp-json\/wp\/v2\/types\/post"}],"author":[{"embeddable":true,"href":"https:\/\/www.visit-ulcinj.com\/blog\/wp-json\/wp\/v2\/users\/1"}],"replies":[{"embeddable":true,"href":"https:\/\/www.visit-ulcinj.com\/blog\/wp-json\/wp\/v2\/comments?post=28122"}],"version-history":[{"count":0,"href":"https:\/\/www.visit-ulcinj.com\/blog\/wp-json\/wp\/v2\/posts\/28122\/revisions"}],"wp:attachment":[{"href":"https:\/\/www.visit-ulcinj.com\/blog\/wp-json\/wp\/v2\/media?parent=28122"}],"wp:term":[{"taxonomy":"category","embeddable":true,"href":"https:\/\/www.visit-ulcinj.com\/blog\/wp-json\/wp\/v2\/categories?post=28122"},{"taxonomy":"post_tag","embeddable":true,"href":"https:\/\/www.visit-ulcinj.com\/blog\/wp-json\/wp\/v2\/tags?post=28122"}],"curies":[{"name":"wp","href":"https:\/\/api.w.org\/{rel}","templated":true}]}}