{"id":28133,"date":"2009-12-12T21:10:44","date_gmt":"2009-12-12T19:10:44","guid":{"rendered":"http:\/\/www.visit-ulcinj.com\/blog\/?p=28133"},"modified":"2009-12-12T21:17:48","modified_gmt":"2009-12-12T19:17:48","slug":"genta-ismajli-ndahet-nga-miloti","status":"publish","type":"post","link":"https:\/\/www.visit-ulcinj.com\/blog\/2009\/12\/12\/genta-ismajli-ndahet-nga-miloti\/","title":{"rendered":"Genta Ismajli ndahet nga Miloti"},"content":{"rendered":"<p><a href=\"http:\/\/www.visit-ulcinj.com\/blog\/wp-content\/uploads\/2009\/12\/Genta-Ismajli-ndahet-nga-Miloti.3.jpg\"><img loading=\"lazy\" class=\"alignleft size-full wp-image-28134\" title=\"Genta Ismajli ndahet nga Miloti.3\" src=\"http:\/\/www.visit-ulcinj.com\/blog\/wp-content\/uploads\/2009\/12\/Genta-Ismajli-ndahet-nga-Miloti.3.jpg\" alt=\"Genta Ismajli ndahet nga Miloti.3\" width=\"580\" height=\"376\" \/><\/a>Lidhja disavje\u00e7are e k\u00ebng\u00ebtares Genta Ismajli \u00ebsht\u00eb n\u00eb kriz\u00eb. Si\u00e7 m\u00ebson \u201cPanorama plus\u201d ajo \u00ebsht\u00eb ndar\u00eb nga Milot Binaku. \u00c7ifti, i cili n\u00ebp\u00ebr shum\u00eb evenimente paraqitej s\u00eb bashku, tashm\u00eb nuk do t\u00eb jet\u00eb m\u00eb si m\u00eb par\u00eb. Ata ishin cil\u00ebsuar si \u00e7ift ideal dhe model p\u00ebr t\u00eb tjer\u00ebt, pasi dashuria e tyre nuk kishte kufizime. Kishte udh\u00ebtuar nga Shtetet e Bashkuara p\u00ebr n\u00eb Kosov\u00eb 5 vite m\u00eb par\u00eb, p\u00ebr t\u00eb b\u00ebr\u00eb \u00ebndrr\u00ebn e saj realitet. N\u00ebp\u00ebrmjet shoq\u00ebris\u00eb s\u00eb saj kishte njohur Milotin, me t\u00eb cilin u dashurua dhe filluan bashk\u00ebjetes\u00ebn n\u00eb nj\u00eb apartament n\u00eb Prishtin\u00eb.<a href=\"http:\/\/www.visit-ulcinj.com\/blog\/wp-content\/uploads\/2009\/12\/Genta-Ismajli-ndahet-nga-Miloti.jpg\"><img loading=\"lazy\" class=\"alignleft size-medium wp-image-28135\" title=\"Genta Ismajli ndahet nga Miloti\" src=\"http:\/\/www.visit-ulcinj.com\/blog\/wp-content\/uploads\/2009\/12\/Genta-Ismajli-ndahet-nga-Miloti-252x300.jpg\" alt=\"Genta Ismajli ndahet nga Miloti\" width=\"252\" height=\"300\" \/><\/a><br \/>\nDit\u00ebve t\u00eb fundit flitet p\u00ebr nj\u00eb ndarje t\u00eb tyre, por askush nuk d\u00ebshiron ta konfirmoj\u00eb. Pasi q\u00ebndroi disa jav\u00eb pran\u00eb familjes, n\u00eb nj\u00eb intervist\u00eb p\u00ebr nj\u00eb gazet\u00eb kosovare, Genta nuk ka dashur t\u00eb flas\u00eb p\u00ebr lidhjen private, duke iu shmangur pyetjes rreth ndarjes nga Miloti.<br \/>\nN\u00eb k\u00ebt\u00eb intervist\u00eb, mes t\u00eb tjerave, ajo tregon se jeta e saj tashm\u00eb \u00ebsht\u00eb e lidhur mes Amerik\u00ebs, Prishtin\u00ebs dhe Gjilanit. M\u00eb her\u00ebt, qytetin e Gjilanit (vendlindjen) ajo nuk e kishte p\u00ebrmendur aq shum\u00eb n\u00ebp\u00ebr intervista pasi jeta e saj artistike zhvillohej kryesisht n\u00eb Prishtin\u00eb p\u00ebr shkak t\u00eb angazhimeve muzikore. Tashm\u00eb Genta e di se gazetar\u00ebt duan ta pyesin p\u00ebr lidhjen e saj me Milotin dhe ka filluar t\u2019iu shmanget atyre. T\u00eb af\u00ebrmit na than\u00eb k\u00ebshtu: \u201cGenta nuk p\u00ebrdor shum\u00eb internetin p\u00ebr shkak t\u00eb angazhimeve\u201d. Edhe profili i saj n\u00eb \u201cfacebook\u201d p\u00ebrdoret nga shoq\u00ebria e Gent\u00ebs.<br \/>\nKoh\u00ebve t\u00eb fundit, k\u00ebng\u00ebtarja shijonte jet\u00ebn e nat\u00ebs vet\u00ebm ose me shoq\u00ebrin\u00eb, por pa t\u00eb dashurin. Nga aty filluan t\u00eb lindin dyshimet e para t\u00eb kriz\u00ebs. Para se t\u00eb udh\u00ebtonte p\u00ebr n\u00eb Shtetet e Bashkuara, kontaktuam menaxherin e saj amerikan John Gocin, i cili tregoi se k\u00ebng\u00ebtarja do t\u00eb udh\u00ebtoj\u00eb drejt Amerik\u00ebs p\u00ebr disa jav\u00eb dhe se ai mund t\u00eb na siguroj\u00eb nj\u00eb intervist\u00eb me Gent\u00ebn, por intervista nuk u realizua. Pak koh\u00eb m\u00eb von\u00eb, kontaktuam Milotin i cili na dha nj\u00eb adres\u00eb ku mund t\u00eb d\u00ebrgonim pyetjet p\u00ebr intervist\u00ebn. Edhe n\u00eb k\u00ebt\u00eb rast d\u00ebshtuam, pasi p\u00ebrgjigje nga Genta Ismajli nuk mor\u00ebm, ndoshta p\u00ebr faktin se pyetjet nuk kishin arritur tek k\u00ebng\u00ebtarja ose marr\u00ebdh\u00ebniet e tyre ishin t\u00eb acaruara?! Informata t\u00eb dor\u00ebs s\u00eb par\u00eb nga estrada shqiptare, gjithashtu njoftojn\u00eb p\u00ebr nj\u00eb ndarje t\u00eb Gent\u00ebs nga Miloti. Duke pyetur se ku mund t\u00eb konfirmojm\u00eb k\u00ebt\u00eb gj\u00eb, ata na rreferuan q\u00eb t\u00eb kontaktojm\u00eb Gent\u00ebn, por duke shtuar se ajo mund t\u00eb refuzoj\u00eb prononcimin pasi nuk ishte hera e par\u00eb q\u00eb \u00e7ifti ndahet p\u00ebr nj\u00eb koh\u00eb e pastaj bashkohet p\u00ebrs\u00ebri. Por, k\u00ebt\u00eb radh\u00eb me siguri ka di\u00e7ka m\u00eb shum\u00eb. Gjat\u00eb gjith\u00eb jav\u00ebs u munduam t\u00eb kontaktojm\u00eb p\u00ebrs\u00ebri Milotin dhe menaxherin John Gocin, por nga asnj\u00ebri nuk pranoi t\u00eb jap\u00eb nj\u00eb prononcim n\u00eb lidhje me thashethemet e fundit. Nuk na mbetet asgj\u00eb m\u00eb shum\u00eb vet\u00ebm se t\u00eb presim p\u00ebr rrjedh\u00ebn e ngjarjeve dit\u00ebve n\u00eb vazhdim. Nd\u00ebrkoh\u00eb, para disa muajve u p\u00ebrfol p\u00ebr nj\u00eb bashk\u00ebpunim mes Genta Ismailit dhe k\u00ebng\u00ebtarit turk C\u00fcneyt \u00c7akim, por dueti akoma nuk \u00ebsht\u00eb duke u realizuar. K\u00ebnga flitej t\u00eb jet\u00eb n\u00eb dy versione, shqip dhe turqisht, nd\u00ebrsa videoklipi do t\u00eb ishte shum\u00eb i shtrenjt\u00eb p\u00ebr tregun muzikor shqiptar dhe se k\u00ebng\u00ebtarja Ismajli do t\u00eb fitoj\u00eb fam\u00eb edhe n\u00eb shtetin turk. <a href=\"http:\/\/www.visit-ulcinj.com\/blog\/wp-content\/uploads\/2009\/12\/Genta-Ismajli-ndahet-nga-Miloti.2.jpg\"><img loading=\"lazy\" class=\"alignright size-medium wp-image-28136\" title=\"Genta Ismajli ndahet nga Miloti.2\" src=\"http:\/\/www.visit-ulcinj.com\/blog\/wp-content\/uploads\/2009\/12\/Genta-Ismajli-ndahet-nga-Miloti.2-300x225.jpg\" alt=\"Genta Ismajli ndahet nga Miloti.2\" width=\"300\" height=\"225\" \/><\/a><br \/>\nI kontaktuar nga ne, k\u00ebng\u00ebtari turk shprehet: \u201c\u00cbsht\u00eb e v\u00ebrtet\u00eb q\u00eb bashk\u00ebpunimi p\u00ebr momentin \u00ebsht\u00eb shtyr\u00eb p\u00ebr shkak se un\u00eb kam qen\u00eb shum\u00eb i z\u00ebn\u00eb me promovimin e albumit tim t\u00eb fundit t\u00eb titulluar \u201cSexy\u201d, por sapo t\u00eb mbarojm\u00eb disa obligime, patjeter q\u00eb do futemi n\u00eb studio p\u00ebr regjistrimin e k\u00ebng\u00ebs. Nuk mund t\u00eb them ndonj\u00eb koh\u00eb t\u00eb caktuar se kur mund t\u00eb realizohet ky bashk\u00ebpunim, pasi nga ana tjet\u00ebr edhe Genta \u00ebsht\u00eb shum\u00eb e angazhuar me pun\u00ebt e saj\u201d, thekson \u00c7akim. Por, nd\u00ebrkoh\u00eb q\u00eb ne po b\u00ebnim redaktimet e fundit, vjen dhe p\u00ebrgjigjja e pyetjes son\u00eb n\u00ebse Genta \u00ebsht\u00eb ndar\u00eb nga Miloti apo bashk\u00ebjetesa e tyre vazhdon. John Goci, menaxheri i saj \u00ebsht\u00eb shprehur n\u00eb k\u00ebt\u00eb m\u00ebnyr\u00eb: \u201cNuk \u00ebsht\u00eb puna ime, por besoj se po\u201d.<\/p>\n<p><strong>Panorama Plus<\/strong><\/p>\n<!--YouTube Error: bad URL entered-->\n","protected":false},"excerpt":{"rendered":"<p>Lidhja disavje\u00e7are e k\u00ebng\u00ebtares Genta Ismajli \u00ebsht\u00eb n\u00eb kriz\u00eb. Si\u00e7 m\u00ebson \u201cPanorama plus\u201d ajo \u00ebsht\u00eb ndar\u00eb nga Milot Binaku. \u00c7ifti, i cili n\u00ebp\u00ebr shum\u00eb evenimente paraqitej s\u00eb bashku, tashm\u00eb nuk do t\u00eb jet\u00eb m\u00eb si m\u00eb par\u00eb. Ata ishin cil\u00ebsuar si \u00e7ift ideal dhe model p\u00ebr t\u00eb tjer\u00ebt, pasi dashuria e tyre nuk kishte kufizime. [&hellip;]<\/p>\n","protected":false},"author":1,"featured_media":0,"comment_status":"open","ping_status":"closed","sticky":false,"template":"","format":"standard","meta":{"spay_email":"","jetpack_publicize_message":"","jetpack_is_tweetstorm":false,"jetpack_publicize_feature_enabled":true},"categories":[1],"tags":[13016],"jetpack_publicize_connections":[],"yoast_head":"<!-- This site is optimized with the Yoast SEO plugin v19.1 - https:\/\/yoast.com\/wordpress\/plugins\/seo\/ -->\n<title>Genta Ismajli ndahet nga Miloti - Lajme nga Ulqini<\/title>\n<meta name=\"description\" content=\"Lidhja disavje\u00e7are e k\u00ebng\u00ebtares Genta Ismajli \u00ebsht\u00eb n\u00eb kriz\u00eb. Si\u00e7 m\u00ebson \u201cPanorama plus\u201d ajo \u00ebsht\u00eb ndar\u00eb nga Milot Binaku. \u00c7ifti, i cili n\u00ebp\u00ebr shum\u00eb\" \/>\n<meta name=\"robots\" content=\"index, follow, max-snippet:-1, max-image-preview:large, max-video-preview:-1\" \/>\n<link rel=\"canonical\" href=\"https:\/\/www.visit-ulcinj.com\/blog\/2009\/12\/12\/genta-ismajli-ndahet-nga-miloti\/\" \/>\n<meta property=\"og:locale\" content=\"en_US\" \/>\n<meta property=\"og:type\" content=\"article\" \/>\n<meta property=\"og:title\" content=\"Genta Ismajli ndahet nga Miloti - Lajme nga Ulqini\" \/>\n<meta property=\"og:description\" content=\"Lidhja disavje\u00e7are e k\u00ebng\u00ebtares Genta Ismajli \u00ebsht\u00eb n\u00eb kriz\u00eb. Si\u00e7 m\u00ebson \u201cPanorama plus\u201d ajo \u00ebsht\u00eb ndar\u00eb nga Milot Binaku. \u00c7ifti, i cili n\u00ebp\u00ebr shum\u00eb\" \/>\n<meta property=\"og:url\" content=\"https:\/\/www.visit-ulcinj.com\/blog\/2009\/12\/12\/genta-ismajli-ndahet-nga-miloti\/\" \/>\n<meta property=\"og:site_name\" content=\"Lajme nga Ulqini\" \/>\n<meta property=\"article:published_time\" content=\"2009-12-12T19:10:44+00:00\" \/>\n<meta property=\"article:modified_time\" content=\"2009-12-12T19:17:48+00:00\" \/>\n<meta property=\"og:image\" content=\"http:\/\/www.visit-ulcinj.com\/blog\/wp-content\/uploads\/2009\/12\/Genta-Ismajli-ndahet-nga-Miloti.3.jpg\" \/>\n<meta name=\"twitter:label1\" content=\"Written by\" \/>\n\t<meta name=\"twitter:data1\" content=\"ulqini\" \/>\n\t<meta name=\"twitter:label2\" content=\"Est. reading time\" \/>\n\t<meta name=\"twitter:data2\" content=\"4 minutes\" \/>\n<script type=\"application\/ld+json\" class=\"yoast-schema-graph\">{\"@context\":\"https:\/\/schema.org\",\"@graph\":[{\"@type\":\"WebSite\",\"@id\":\"https:\/\/www.visit-ulcinj.com\/blog\/#website\",\"url\":\"https:\/\/www.visit-ulcinj.com\/blog\/\",\"name\":\"Lajme nga Ulqini\",\"description\":\"Lajme,Vijesti,Ulqini,Ulqin,Crna Gora,Mali i Zi\",\"potentialAction\":[{\"@type\":\"SearchAction\",\"target\":{\"@type\":\"EntryPoint\",\"urlTemplate\":\"https:\/\/www.visit-ulcinj.com\/blog\/?s={search_term_string}\"},\"query-input\":\"required name=search_term_string\"}],\"inLanguage\":\"en-US\"},{\"@type\":\"ImageObject\",\"inLanguage\":\"en-US\",\"@id\":\"https:\/\/www.visit-ulcinj.com\/blog\/2009\/12\/12\/genta-ismajli-ndahet-nga-miloti\/#primaryimage\",\"url\":\"http:\/\/www.visit-ulcinj.com\/blog\/wp-content\/uploads\/2009\/12\/Genta-Ismajli-ndahet-nga-Miloti.3.jpg\",\"contentUrl\":\"http:\/\/www.visit-ulcinj.com\/blog\/wp-content\/uploads\/2009\/12\/Genta-Ismajli-ndahet-nga-Miloti.3.jpg\"},{\"@type\":\"WebPage\",\"@id\":\"https:\/\/www.visit-ulcinj.com\/blog\/2009\/12\/12\/genta-ismajli-ndahet-nga-miloti\/#webpage\",\"url\":\"https:\/\/www.visit-ulcinj.com\/blog\/2009\/12\/12\/genta-ismajli-ndahet-nga-miloti\/\",\"name\":\"Genta Ismajli ndahet nga Miloti - Lajme nga Ulqini\",\"isPartOf\":{\"@id\":\"https:\/\/www.visit-ulcinj.com\/blog\/#website\"},\"primaryImageOfPage\":{\"@id\":\"https:\/\/www.visit-ulcinj.com\/blog\/2009\/12\/12\/genta-ismajli-ndahet-nga-miloti\/#primaryimage\"},\"datePublished\":\"2009-12-12T19:10:44+00:00\",\"dateModified\":\"2009-12-12T19:17:48+00:00\",\"author\":{\"@id\":\"https:\/\/www.visit-ulcinj.com\/blog\/#\/schema\/person\/dcab619c614d3038751c63bc2aadc06d\"},\"description\":\"Lidhja disavje\u00e7are e k\u00ebng\u00ebtares Genta Ismajli \u00ebsht\u00eb n\u00eb kriz\u00eb. Si\u00e7 m\u00ebson \u201cPanorama plus\u201d ajo \u00ebsht\u00eb ndar\u00eb nga Milot Binaku. \u00c7ifti, i cili n\u00ebp\u00ebr shum\u00eb\",\"breadcrumb\":{\"@id\":\"https:\/\/www.visit-ulcinj.com\/blog\/2009\/12\/12\/genta-ismajli-ndahet-nga-miloti\/#breadcrumb\"},\"inLanguage\":\"en-US\",\"potentialAction\":[{\"@type\":\"ReadAction\",\"target\":[\"https:\/\/www.visit-ulcinj.com\/blog\/2009\/12\/12\/genta-ismajli-ndahet-nga-miloti\/\"]}]},{\"@type\":\"BreadcrumbList\",\"@id\":\"https:\/\/www.visit-ulcinj.com\/blog\/2009\/12\/12\/genta-ismajli-ndahet-nga-miloti\/#breadcrumb\",\"itemListElement\":[{\"@type\":\"ListItem\",\"position\":1,\"name\":\"Genta Ismajli ndahet nga Miloti\"}]},{\"@type\":\"Person\",\"@id\":\"https:\/\/www.visit-ulcinj.com\/blog\/#\/schema\/person\/dcab619c614d3038751c63bc2aadc06d\",\"name\":\"ulqini\",\"sameAs\":[\"http:\/\/www.visit-ulcinj.com\"],\"url\":\"https:\/\/www.visit-ulcinj.com\/blog\/author\/admin\/\"}]}<\/script>\n<!-- \/ Yoast SEO plugin. -->","yoast_head_json":{"title":"Genta Ismajli ndahet nga Miloti - Lajme nga Ulqini","description":"Lidhja disavje\u00e7are e k\u00ebng\u00ebtares Genta Ismajli \u00ebsht\u00eb n\u00eb kriz\u00eb. Si\u00e7 m\u00ebson \u201cPanorama plus\u201d ajo \u00ebsht\u00eb ndar\u00eb nga Milot Binaku. \u00c7ifti, i cili n\u00ebp\u00ebr shum\u00eb","robots":{"index":"index","follow":"follow","max-snippet":"max-snippet:-1","max-image-preview":"max-image-preview:large","max-video-preview":"max-video-preview:-1"},"canonical":"https:\/\/www.visit-ulcinj.com\/blog\/2009\/12\/12\/genta-ismajli-ndahet-nga-miloti\/","og_locale":"en_US","og_type":"article","og_title":"Genta Ismajli ndahet nga Miloti - Lajme nga Ulqini","og_description":"Lidhja disavje\u00e7are e k\u00ebng\u00ebtares Genta Ismajli \u00ebsht\u00eb n\u00eb kriz\u00eb. Si\u00e7 m\u00ebson \u201cPanorama plus\u201d ajo \u00ebsht\u00eb ndar\u00eb nga Milot Binaku. \u00c7ifti, i cili n\u00ebp\u00ebr shum\u00eb","og_url":"https:\/\/www.visit-ulcinj.com\/blog\/2009\/12\/12\/genta-ismajli-ndahet-nga-miloti\/","og_site_name":"Lajme nga Ulqini","article_published_time":"2009-12-12T19:10:44+00:00","article_modified_time":"2009-12-12T19:17:48+00:00","og_image":[{"url":"http:\/\/www.visit-ulcinj.com\/blog\/wp-content\/uploads\/2009\/12\/Genta-Ismajli-ndahet-nga-Miloti.3.jpg"}],"twitter_misc":{"Written by":"ulqini","Est. reading time":"4 minutes"},"schema":{"@context":"https:\/\/schema.org","@graph":[{"@type":"WebSite","@id":"https:\/\/www.visit-ulcinj.com\/blog\/#website","url":"https:\/\/www.visit-ulcinj.com\/blog\/","name":"Lajme nga Ulqini","description":"Lajme,Vijesti,Ulqini,Ulqin,Crna Gora,Mali i Zi","potentialAction":[{"@type":"SearchAction","target":{"@type":"EntryPoint","urlTemplate":"https:\/\/www.visit-ulcinj.com\/blog\/?s={search_term_string}"},"query-input":"required name=search_term_string"}],"inLanguage":"en-US"},{"@type":"ImageObject","inLanguage":"en-US","@id":"https:\/\/www.visit-ulcinj.com\/blog\/2009\/12\/12\/genta-ismajli-ndahet-nga-miloti\/#primaryimage","url":"http:\/\/www.visit-ulcinj.com\/blog\/wp-content\/uploads\/2009\/12\/Genta-Ismajli-ndahet-nga-Miloti.3.jpg","contentUrl":"http:\/\/www.visit-ulcinj.com\/blog\/wp-content\/uploads\/2009\/12\/Genta-Ismajli-ndahet-nga-Miloti.3.jpg"},{"@type":"WebPage","@id":"https:\/\/www.visit-ulcinj.com\/blog\/2009\/12\/12\/genta-ismajli-ndahet-nga-miloti\/#webpage","url":"https:\/\/www.visit-ulcinj.com\/blog\/2009\/12\/12\/genta-ismajli-ndahet-nga-miloti\/","name":"Genta Ismajli ndahet nga Miloti - Lajme nga Ulqini","isPartOf":{"@id":"https:\/\/www.visit-ulcinj.com\/blog\/#website"},"primaryImageOfPage":{"@id":"https:\/\/www.visit-ulcinj.com\/blog\/2009\/12\/12\/genta-ismajli-ndahet-nga-miloti\/#primaryimage"},"datePublished":"2009-12-12T19:10:44+00:00","dateModified":"2009-12-12T19:17:48+00:00","author":{"@id":"https:\/\/www.visit-ulcinj.com\/blog\/#\/schema\/person\/dcab619c614d3038751c63bc2aadc06d"},"description":"Lidhja disavje\u00e7are e k\u00ebng\u00ebtares Genta Ismajli \u00ebsht\u00eb n\u00eb kriz\u00eb. Si\u00e7 m\u00ebson \u201cPanorama plus\u201d ajo \u00ebsht\u00eb ndar\u00eb nga Milot Binaku. \u00c7ifti, i cili n\u00ebp\u00ebr shum\u00eb","breadcrumb":{"@id":"https:\/\/www.visit-ulcinj.com\/blog\/2009\/12\/12\/genta-ismajli-ndahet-nga-miloti\/#breadcrumb"},"inLanguage":"en-US","potentialAction":[{"@type":"ReadAction","target":["https:\/\/www.visit-ulcinj.com\/blog\/2009\/12\/12\/genta-ismajli-ndahet-nga-miloti\/"]}]},{"@type":"BreadcrumbList","@id":"https:\/\/www.visit-ulcinj.com\/blog\/2009\/12\/12\/genta-ismajli-ndahet-nga-miloti\/#breadcrumb","itemListElement":[{"@type":"ListItem","position":1,"name":"Genta Ismajli ndahet nga Miloti"}]},{"@type":"Person","@id":"https:\/\/www.visit-ulcinj.com\/blog\/#\/schema\/person\/dcab619c614d3038751c63bc2aadc06d","name":"ulqini","sameAs":["http:\/\/www.visit-ulcinj.com"],"url":"https:\/\/www.visit-ulcinj.com\/blog\/author\/admin\/"}]}},"jetpack_featured_media_url":"","jetpack_sharing_enabled":true,"jetpack_shortlink":"https:\/\/wp.me\/pe6lTn-7jL","_links":{"self":[{"href":"https:\/\/www.visit-ulcinj.com\/blog\/wp-json\/wp\/v2\/posts\/28133"}],"collection":[{"href":"https:\/\/www.visit-ulcinj.com\/blog\/wp-json\/wp\/v2\/posts"}],"about":[{"href":"https:\/\/www.visit-ulcinj.com\/blog\/wp-json\/wp\/v2\/types\/post"}],"author":[{"embeddable":true,"href":"https:\/\/www.visit-ulcinj.com\/blog\/wp-json\/wp\/v2\/users\/1"}],"replies":[{"embeddable":true,"href":"https:\/\/www.visit-ulcinj.com\/blog\/wp-json\/wp\/v2\/comments?post=28133"}],"version-history":[{"count":0,"href":"https:\/\/www.visit-ulcinj.com\/blog\/wp-json\/wp\/v2\/posts\/28133\/revisions"}],"wp:attachment":[{"href":"https:\/\/www.visit-ulcinj.com\/blog\/wp-json\/wp\/v2\/media?parent=28133"}],"wp:term":[{"taxonomy":"category","embeddable":true,"href":"https:\/\/www.visit-ulcinj.com\/blog\/wp-json\/wp\/v2\/categories?post=28133"},{"taxonomy":"post_tag","embeddable":true,"href":"https:\/\/www.visit-ulcinj.com\/blog\/wp-json\/wp\/v2\/tags?post=28133"}],"curies":[{"name":"wp","href":"https:\/\/api.w.org\/{rel}","templated":true}]}}