{"id":28148,"date":"2009-12-13T14:57:17","date_gmt":"2009-12-13T12:57:17","guid":{"rendered":"http:\/\/www.visit-ulcinj.com\/blog\/?p=28148"},"modified":"2009-12-18T08:53:08","modified_gmt":"2009-12-18T06:53:08","slug":"ulqinaket-shprehen-kunder-ciceronit-te-librit-reklamues-ulqini","status":"publish","type":"post","link":"https:\/\/www.visit-ulcinj.com\/blog\/2009\/12\/13\/ulqinaket-shprehen-kunder-ciceronit-te-librit-reklamues-ulqini\/","title":{"rendered":"Ismet Karamanaga shprehen kund\u00ebr ciceronit t\u00eb librit reklamues Ulqini &#8211; Video"},"content":{"rendered":"<p><strong><a href=\"http:\/\/www.visit-ulcinj.com\/blog\/wp-content\/uploads\/2009\/12\/Limbri-mbi-ulqinin-jo-adekuat.jpg\"><img loading=\"lazy\" class=\"alignleft size-full wp-image-28149\" title=\"Limbri mbi ulqinin jo adekuat\" src=\"http:\/\/www.visit-ulcinj.com\/blog\/wp-content\/uploads\/2009\/12\/Limbri-mbi-ulqinin-jo-adekuat.jpg\" alt=\"Limbri mbi ulqinin jo adekuat\" width=\"580\" height=\"400\" \/><\/a>Ismet Karamanaga shprehen kund\u00ebr ciceronit t\u00eb librit reklamues Ulqini t\u00eb gazet\u00ebs Vijesti<\/strong><br \/>\nIsmet Karamanaga dhe Dr.Nail Draga shprehen jasht\u00ebzakonisht t\u00eb fyer me p\u00ebrmbajtjen skandaloze t\u00eb ciceronit t\u00eb gazet\u00ebs Vijesti kjo e fundit shoq\u00ebrohet me shpjegimin p\u00ebrkat\u00ebs\u00a0 se Ulqini u \u00e7lirua nga populli Malazias,e jo si\u00e7 thot historija se Ulqini u dhurua\u00a0 Malit t\u00eb Zi.<br \/>\nReagin\u00a0 i Shoqates Kalaja me kryetarin e shoqat\u00ebs Ismet Karamanaga,poashtu reagon ashper Dr.Nail Draga nga selia e Forc\u00ebs s\u00eb re demokratike ku shpreh indinjat dhe fyerje ne kto shkrime .<\/p>\n\n\t\t<style type=\"text\/css\">\n\t\t\t#gallery-1 {\n\t\t\t\tmargin: auto;\n\t\t\t}\n\t\t\t#gallery-1 .gallery-item {\n\t\t\t\tfloat: left;\n\t\t\t\tmargin-top: 10px;\n\t\t\t\ttext-align: center;\n\t\t\t\twidth: 33%;\n\t\t\t}\n\t\t\t#gallery-1 img {\n\t\t\t\tborder: 2px solid #cfcfcf;\n\t\t\t}\n\t\t\t#gallery-1 .gallery-caption {\n\t\t\t\tmargin-left: 0;\n\t\t\t}\n\t\t\t\/* see gallery_shortcode() in wp-includes\/media.php *\/\n\t\t<\/style>\n\t\t<div id='gallery-1' class='gallery galleryid-28148 gallery-columns-3 gallery-size-thumbnail'><dl class='gallery-item'>\n\t\t\t<dt class='gallery-icon landscape'>\n\t\t\t\t<a href='https:\/\/www.visit-ulcinj.com\/blog\/wp-content\/uploads\/2009\/12\/Limbri-mbi-ulqinin-jo-adekuat.jpg'><img width=\"150\" height=\"150\" src=\"https:\/\/www.visit-ulcinj.com\/blog\/wp-content\/uploads\/2009\/12\/Limbri-mbi-ulqinin-jo-adekuat-150x150.jpg\" class=\"attachment-thumbnail size-thumbnail\" alt=\"\" loading=\"lazy\" \/><\/a>\n\t\t\t<\/dt><\/dl><dl class='gallery-item'>\n\t\t\t<dt class='gallery-icon '>\n\t\t\t\t<a href='https:\/\/www.visit-ulcinj.com\/blog\/wp-content\/uploads\/2009\/12\/Gradnja-lu\u00c4\u008diceKacema.1.jpg'><img width=\"1\" height=\"1\" src=\"https:\/\/www.visit-ulcinj.com\/blog\/wp-content\/uploads\/2009\/12\/Gradnja-lu\u00c4\u008diceKacema.1.jpg\" class=\"attachment-thumbnail size-thumbnail\" alt=\"\" loading=\"lazy\" \/><\/a>\n\t\t\t<\/dt><\/dl><dl class='gallery-item'>\n\t\t\t<dt class='gallery-icon '>\n\t\t\t\t<a href='https:\/\/www.visit-ulcinj.com\/blog\/wp-content\/uploads\/2009\/12\/Gradnja-lu\u00c4\u008diceKacema._ulcinj.jpg'><img width=\"1\" height=\"1\" src=\"https:\/\/www.visit-ulcinj.com\/blog\/wp-content\/uploads\/2009\/12\/Gradnja-lu\u00c4\u008diceKacema._ulcinj.jpg\" class=\"attachment-thumbnail size-thumbnail\" alt=\"\" loading=\"lazy\" \/><\/a>\n\t\t\t<\/dt><\/dl><br style=\"clear: both\" \/><dl class='gallery-item'>\n\t\t\t<dt class='gallery-icon '>\n\t\t\t\t<a href='https:\/\/www.visit-ulcinj.com\/blog\/wp-content\/uploads\/2009\/12\/Gradnja-lu\u00c4\u008diceKacema.2.jpg'><img width=\"1\" height=\"1\" src=\"https:\/\/www.visit-ulcinj.com\/blog\/wp-content\/uploads\/2009\/12\/Gradnja-lu\u00c4\u008diceKacema.2.jpg\" class=\"attachment-thumbnail size-thumbnail\" alt=\"\" loading=\"lazy\" \/><\/a>\n\t\t\t<\/dt><\/dl><dl class='gallery-item'>\n\t\t\t<dt class='gallery-icon '>\n\t\t\t\t<a href='https:\/\/www.visit-ulcinj.com\/blog\/wp-content\/uploads\/2009\/12\/Gradnja-lu\u00c4\u008diceKacema.3.jpg'><img width=\"1\" height=\"1\" src=\"https:\/\/www.visit-ulcinj.com\/blog\/wp-content\/uploads\/2009\/12\/Gradnja-lu\u00c4\u008diceKacema.3.jpg\" class=\"attachment-thumbnail size-thumbnail\" alt=\"\" loading=\"lazy\" \/><\/a>\n\t\t\t<\/dt><\/dl><dl class='gallery-item'>\n\t\t\t<dt class='gallery-icon landscape'>\n\t\t\t\t<a href='https:\/\/www.visit-ulcinj.com\/blog\/wp-content\/uploads\/2009\/12\/Muret-e-kalas.jpg'><img width=\"150\" height=\"150\" src=\"https:\/\/www.visit-ulcinj.com\/blog\/wp-content\/uploads\/2009\/12\/Muret-e-kalas-150x150.jpg\" class=\"attachment-thumbnail size-thumbnail\" alt=\"\" loading=\"lazy\" \/><\/a>\n\t\t\t<\/dt><\/dl><br style=\"clear: both\" \/><dl class='gallery-item'>\n\t\t\t<dt class='gallery-icon landscape'>\n\t\t\t\t<a href='https:\/\/www.visit-ulcinj.com\/blog\/wp-content\/uploads\/2009\/12\/kalaja-sot.jpg'><img width=\"150\" height=\"150\" src=\"https:\/\/www.visit-ulcinj.com\/blog\/wp-content\/uploads\/2009\/12\/kalaja-sot-150x150.jpg\" class=\"attachment-thumbnail size-thumbnail\" alt=\"\" loading=\"lazy\" \/><\/a>\n\t\t\t<\/dt><\/dl><dl class='gallery-item'>\n\t\t\t<dt class='gallery-icon landscape'>\n\t\t\t\t<a href='https:\/\/www.visit-ulcinj.com\/blog\/wp-content\/uploads\/2009\/12\/ismet-karamanaga.jpg'><img width=\"150\" height=\"150\" src=\"https:\/\/www.visit-ulcinj.com\/blog\/wp-content\/uploads\/2009\/12\/ismet-karamanaga-150x150.jpg\" class=\"attachment-thumbnail size-thumbnail\" alt=\"\" loading=\"lazy\" \/><\/a>\n\t\t\t<\/dt><\/dl><dl class='gallery-item'>\n\t\t\t<dt class='gallery-icon landscape'>\n\t\t\t\t<a href='https:\/\/www.visit-ulcinj.com\/blog\/wp-content\/uploads\/2009\/12\/PORTA-NE-ULQIN.JPG'><img width=\"150\" height=\"150\" src=\"https:\/\/www.visit-ulcinj.com\/blog\/wp-content\/uploads\/2009\/12\/PORTA-NE-ULQIN-150x150.jpg\" class=\"attachment-thumbnail size-thumbnail\" alt=\"\" loading=\"lazy\" \/><\/a>\n\t\t\t<\/dt><\/dl><br style=\"clear: both\" \/>\n\t\t<\/div>\n\n<!--YouTube Error: bad URL entered-->\n","protected":false},"excerpt":{"rendered":"<p>Ismet Karamanaga shprehen kund\u00ebr ciceronit t\u00eb librit reklamues Ulqini t\u00eb gazet\u00ebs Vijesti Ismet Karamanaga dhe Dr.Nail Draga shprehen jasht\u00ebzakonisht t\u00eb fyer me p\u00ebrmbajtjen skandaloze t\u00eb ciceronit t\u00eb gazet\u00ebs Vijesti kjo e fundit shoq\u00ebrohet me shpjegimin p\u00ebrkat\u00ebs\u00a0 se Ulqini u \u00e7lirua nga populli Malazias,e jo si\u00e7 thot historija se Ulqini u dhurua\u00a0 Malit t\u00eb Zi. Reagin\u00a0 [&hellip;]<\/p>\n","protected":false},"author":1,"featured_media":0,"comment_status":"open","ping_status":"closed","sticky":false,"template":"","format":"standard","meta":{"spay_email":"","jetpack_publicize_message":"","jetpack_is_tweetstorm":false,"jetpack_publicize_feature_enabled":true},"categories":[6],"tags":[2761,3863,306,13017],"jetpack_publicize_connections":[],"yoast_head":"<!-- This site is optimized with the Yoast SEO plugin v19.1 - https:\/\/yoast.com\/wordpress\/plugins\/seo\/ -->\n<title>Ismet Karamanaga shprehen kund\u00ebr ciceronit t\u00eb librit reklamues Ulqini - Video - Lajme nga Ulqini<\/title>\n<meta name=\"description\" content=\"Ismet Karamanaga shprehen kund\u00ebr ciceronit t\u00eb librit reklamues Ulqini t\u00eb gazet\u00ebs Vijesti Ismet Karamanaga dhe Dr.Nail Draga shprehen jasht\u00ebzakonisht t\u00eb\" \/>\n<meta name=\"robots\" content=\"index, follow, max-snippet:-1, max-image-preview:large, max-video-preview:-1\" \/>\n<link rel=\"canonical\" href=\"https:\/\/www.visit-ulcinj.com\/blog\/2009\/12\/13\/ulqinaket-shprehen-kunder-ciceronit-te-librit-reklamues-ulqini\/\" \/>\n<meta property=\"og:locale\" content=\"en_US\" \/>\n<meta property=\"og:type\" content=\"article\" \/>\n<meta property=\"og:title\" content=\"Ismet Karamanaga shprehen kund\u00ebr ciceronit t\u00eb librit reklamues Ulqini - Video - Lajme nga Ulqini\" \/>\n<meta property=\"og:description\" content=\"Ismet Karamanaga shprehen kund\u00ebr ciceronit t\u00eb librit reklamues Ulqini t\u00eb gazet\u00ebs Vijesti Ismet Karamanaga dhe Dr.Nail Draga shprehen jasht\u00ebzakonisht t\u00eb\" \/>\n<meta property=\"og:url\" content=\"https:\/\/www.visit-ulcinj.com\/blog\/2009\/12\/13\/ulqinaket-shprehen-kunder-ciceronit-te-librit-reklamues-ulqini\/\" \/>\n<meta property=\"og:site_name\" content=\"Lajme nga Ulqini\" \/>\n<meta property=\"article:published_time\" content=\"2009-12-13T12:57:17+00:00\" \/>\n<meta property=\"article:modified_time\" content=\"2009-12-18T06:53:08+00:00\" \/>\n<meta property=\"og:image\" content=\"https:\/\/www.visit-ulcinj.com\/blog\/wp-content\/uploads\/2009\/12\/Limbri-mbi-ulqinin-jo-adekuat-150x150.jpg\" \/>\n<meta name=\"twitter:label1\" content=\"Written by\" \/>\n\t<meta name=\"twitter:data1\" content=\"ulqini\" \/>\n\t<meta name=\"twitter:label2\" content=\"Est. reading time\" \/>\n\t<meta name=\"twitter:data2\" content=\"1 minute\" \/>\n<script type=\"application\/ld+json\" class=\"yoast-schema-graph\">{\"@context\":\"https:\/\/schema.org\",\"@graph\":[{\"@type\":\"WebSite\",\"@id\":\"https:\/\/www.visit-ulcinj.com\/blog\/#website\",\"url\":\"https:\/\/www.visit-ulcinj.com\/blog\/\",\"name\":\"Lajme nga Ulqini\",\"description\":\"Lajme,Vijesti,Ulqini,Ulqin,Crna Gora,Mali i Zi\",\"potentialAction\":[{\"@type\":\"SearchAction\",\"target\":{\"@type\":\"EntryPoint\",\"urlTemplate\":\"https:\/\/www.visit-ulcinj.com\/blog\/?s={search_term_string}\"},\"query-input\":\"required name=search_term_string\"}],\"inLanguage\":\"en-US\"},{\"@type\":\"ImageObject\",\"inLanguage\":\"en-US\",\"@id\":\"https:\/\/www.visit-ulcinj.com\/blog\/2009\/12\/13\/ulqinaket-shprehen-kunder-ciceronit-te-librit-reklamues-ulqini\/#primaryimage\",\"url\":\"https:\/\/www.visit-ulcinj.com\/blog\/wp-content\/uploads\/2009\/12\/Limbri-mbi-ulqinin-jo-adekuat.jpg\",\"contentUrl\":\"https:\/\/www.visit-ulcinj.com\/blog\/wp-content\/uploads\/2009\/12\/Limbri-mbi-ulqinin-jo-adekuat.jpg\",\"width\":\"709\",\"height\":\"542\"},{\"@type\":\"WebPage\",\"@id\":\"https:\/\/www.visit-ulcinj.com\/blog\/2009\/12\/13\/ulqinaket-shprehen-kunder-ciceronit-te-librit-reklamues-ulqini\/#webpage\",\"url\":\"https:\/\/www.visit-ulcinj.com\/blog\/2009\/12\/13\/ulqinaket-shprehen-kunder-ciceronit-te-librit-reklamues-ulqini\/\",\"name\":\"Ismet Karamanaga shprehen kund\u00ebr ciceronit t\u00eb librit reklamues Ulqini - Video - Lajme nga Ulqini\",\"isPartOf\":{\"@id\":\"https:\/\/www.visit-ulcinj.com\/blog\/#website\"},\"primaryImageOfPage\":{\"@id\":\"https:\/\/www.visit-ulcinj.com\/blog\/2009\/12\/13\/ulqinaket-shprehen-kunder-ciceronit-te-librit-reklamues-ulqini\/#primaryimage\"},\"datePublished\":\"2009-12-13T12:57:17+00:00\",\"dateModified\":\"2009-12-18T06:53:08+00:00\",\"author\":{\"@id\":\"https:\/\/www.visit-ulcinj.com\/blog\/#\/schema\/person\/dcab619c614d3038751c63bc2aadc06d\"},\"description\":\"Ismet Karamanaga shprehen kund\u00ebr ciceronit t\u00eb librit reklamues Ulqini t\u00eb gazet\u00ebs Vijesti Ismet Karamanaga dhe Dr.Nail Draga shprehen jasht\u00ebzakonisht t\u00eb\",\"breadcrumb\":{\"@id\":\"https:\/\/www.visit-ulcinj.com\/blog\/2009\/12\/13\/ulqinaket-shprehen-kunder-ciceronit-te-librit-reklamues-ulqini\/#breadcrumb\"},\"inLanguage\":\"en-US\",\"potentialAction\":[{\"@type\":\"ReadAction\",\"target\":[\"https:\/\/www.visit-ulcinj.com\/blog\/2009\/12\/13\/ulqinaket-shprehen-kunder-ciceronit-te-librit-reklamues-ulqini\/\"]}]},{\"@type\":\"BreadcrumbList\",\"@id\":\"https:\/\/www.visit-ulcinj.com\/blog\/2009\/12\/13\/ulqinaket-shprehen-kunder-ciceronit-te-librit-reklamues-ulqini\/#breadcrumb\",\"itemListElement\":[{\"@type\":\"ListItem\",\"position\":1,\"name\":\"Ismet Karamanaga shprehen kund\u00ebr ciceronit t\u00eb librit reklamues Ulqini &#8211; Video\"}]},{\"@type\":\"Person\",\"@id\":\"https:\/\/www.visit-ulcinj.com\/blog\/#\/schema\/person\/dcab619c614d3038751c63bc2aadc06d\",\"name\":\"ulqini\",\"sameAs\":[\"http:\/\/www.visit-ulcinj.com\"],\"url\":\"https:\/\/www.visit-ulcinj.com\/blog\/author\/admin\/\"}]}<\/script>\n<!-- \/ Yoast SEO plugin. -->","yoast_head_json":{"title":"Ismet Karamanaga shprehen kund\u00ebr ciceronit t\u00eb librit reklamues Ulqini - Video - Lajme nga Ulqini","description":"Ismet Karamanaga shprehen kund\u00ebr ciceronit t\u00eb librit reklamues Ulqini t\u00eb gazet\u00ebs Vijesti Ismet Karamanaga dhe Dr.Nail Draga shprehen jasht\u00ebzakonisht t\u00eb","robots":{"index":"index","follow":"follow","max-snippet":"max-snippet:-1","max-image-preview":"max-image-preview:large","max-video-preview":"max-video-preview:-1"},"canonical":"https:\/\/www.visit-ulcinj.com\/blog\/2009\/12\/13\/ulqinaket-shprehen-kunder-ciceronit-te-librit-reklamues-ulqini\/","og_locale":"en_US","og_type":"article","og_title":"Ismet Karamanaga shprehen kund\u00ebr ciceronit t\u00eb librit reklamues Ulqini - Video - Lajme nga Ulqini","og_description":"Ismet Karamanaga shprehen kund\u00ebr ciceronit t\u00eb librit reklamues Ulqini t\u00eb gazet\u00ebs Vijesti Ismet Karamanaga dhe Dr.Nail Draga shprehen jasht\u00ebzakonisht t\u00eb","og_url":"https:\/\/www.visit-ulcinj.com\/blog\/2009\/12\/13\/ulqinaket-shprehen-kunder-ciceronit-te-librit-reklamues-ulqini\/","og_site_name":"Lajme nga Ulqini","article_published_time":"2009-12-13T12:57:17+00:00","article_modified_time":"2009-12-18T06:53:08+00:00","og_image":[{"url":"https:\/\/www.visit-ulcinj.com\/blog\/wp-content\/uploads\/2009\/12\/Limbri-mbi-ulqinin-jo-adekuat-150x150.jpg"}],"twitter_misc":{"Written by":"ulqini","Est. reading time":"1 minute"},"schema":{"@context":"https:\/\/schema.org","@graph":[{"@type":"WebSite","@id":"https:\/\/www.visit-ulcinj.com\/blog\/#website","url":"https:\/\/www.visit-ulcinj.com\/blog\/","name":"Lajme nga Ulqini","description":"Lajme,Vijesti,Ulqini,Ulqin,Crna Gora,Mali i Zi","potentialAction":[{"@type":"SearchAction","target":{"@type":"EntryPoint","urlTemplate":"https:\/\/www.visit-ulcinj.com\/blog\/?s={search_term_string}"},"query-input":"required name=search_term_string"}],"inLanguage":"en-US"},{"@type":"ImageObject","inLanguage":"en-US","@id":"https:\/\/www.visit-ulcinj.com\/blog\/2009\/12\/13\/ulqinaket-shprehen-kunder-ciceronit-te-librit-reklamues-ulqini\/#primaryimage","url":"https:\/\/www.visit-ulcinj.com\/blog\/wp-content\/uploads\/2009\/12\/Limbri-mbi-ulqinin-jo-adekuat.jpg","contentUrl":"https:\/\/www.visit-ulcinj.com\/blog\/wp-content\/uploads\/2009\/12\/Limbri-mbi-ulqinin-jo-adekuat.jpg","width":"709","height":"542"},{"@type":"WebPage","@id":"https:\/\/www.visit-ulcinj.com\/blog\/2009\/12\/13\/ulqinaket-shprehen-kunder-ciceronit-te-librit-reklamues-ulqini\/#webpage","url":"https:\/\/www.visit-ulcinj.com\/blog\/2009\/12\/13\/ulqinaket-shprehen-kunder-ciceronit-te-librit-reklamues-ulqini\/","name":"Ismet Karamanaga shprehen kund\u00ebr ciceronit t\u00eb librit reklamues Ulqini - Video - Lajme nga Ulqini","isPartOf":{"@id":"https:\/\/www.visit-ulcinj.com\/blog\/#website"},"primaryImageOfPage":{"@id":"https:\/\/www.visit-ulcinj.com\/blog\/2009\/12\/13\/ulqinaket-shprehen-kunder-ciceronit-te-librit-reklamues-ulqini\/#primaryimage"},"datePublished":"2009-12-13T12:57:17+00:00","dateModified":"2009-12-18T06:53:08+00:00","author":{"@id":"https:\/\/www.visit-ulcinj.com\/blog\/#\/schema\/person\/dcab619c614d3038751c63bc2aadc06d"},"description":"Ismet Karamanaga shprehen kund\u00ebr ciceronit t\u00eb librit reklamues Ulqini t\u00eb gazet\u00ebs Vijesti Ismet Karamanaga dhe Dr.Nail Draga shprehen jasht\u00ebzakonisht t\u00eb","breadcrumb":{"@id":"https:\/\/www.visit-ulcinj.com\/blog\/2009\/12\/13\/ulqinaket-shprehen-kunder-ciceronit-te-librit-reklamues-ulqini\/#breadcrumb"},"inLanguage":"en-US","potentialAction":[{"@type":"ReadAction","target":["https:\/\/www.visit-ulcinj.com\/blog\/2009\/12\/13\/ulqinaket-shprehen-kunder-ciceronit-te-librit-reklamues-ulqini\/"]}]},{"@type":"BreadcrumbList","@id":"https:\/\/www.visit-ulcinj.com\/blog\/2009\/12\/13\/ulqinaket-shprehen-kunder-ciceronit-te-librit-reklamues-ulqini\/#breadcrumb","itemListElement":[{"@type":"ListItem","position":1,"name":"Ismet Karamanaga shprehen kund\u00ebr ciceronit t\u00eb librit reklamues Ulqini &#8211; Video"}]},{"@type":"Person","@id":"https:\/\/www.visit-ulcinj.com\/blog\/#\/schema\/person\/dcab619c614d3038751c63bc2aadc06d","name":"ulqini","sameAs":["http:\/\/www.visit-ulcinj.com"],"url":"https:\/\/www.visit-ulcinj.com\/blog\/author\/admin\/"}]}},"jetpack_featured_media_url":"","jetpack_sharing_enabled":true,"jetpack_shortlink":"https:\/\/wp.me\/pe6lTn-7k0","_links":{"self":[{"href":"https:\/\/www.visit-ulcinj.com\/blog\/wp-json\/wp\/v2\/posts\/28148"}],"collection":[{"href":"https:\/\/www.visit-ulcinj.com\/blog\/wp-json\/wp\/v2\/posts"}],"about":[{"href":"https:\/\/www.visit-ulcinj.com\/blog\/wp-json\/wp\/v2\/types\/post"}],"author":[{"embeddable":true,"href":"https:\/\/www.visit-ulcinj.com\/blog\/wp-json\/wp\/v2\/users\/1"}],"replies":[{"embeddable":true,"href":"https:\/\/www.visit-ulcinj.com\/blog\/wp-json\/wp\/v2\/comments?post=28148"}],"version-history":[{"count":0,"href":"https:\/\/www.visit-ulcinj.com\/blog\/wp-json\/wp\/v2\/posts\/28148\/revisions"}],"wp:attachment":[{"href":"https:\/\/www.visit-ulcinj.com\/blog\/wp-json\/wp\/v2\/media?parent=28148"}],"wp:term":[{"taxonomy":"category","embeddable":true,"href":"https:\/\/www.visit-ulcinj.com\/blog\/wp-json\/wp\/v2\/categories?post=28148"},{"taxonomy":"post_tag","embeddable":true,"href":"https:\/\/www.visit-ulcinj.com\/blog\/wp-json\/wp\/v2\/tags?post=28148"}],"curies":[{"name":"wp","href":"https:\/\/api.w.org\/{rel}","templated":true}]}}