{"id":28155,"date":"2009-12-13T20:51:43","date_gmt":"2009-12-13T18:51:43","guid":{"rendered":"http:\/\/www.visit-ulcinj.com\/blog\/?p=28155"},"modified":"2009-12-13T20:57:42","modified_gmt":"2009-12-13T18:57:42","slug":"kako-i-kome-fond-za-manjine-dijeli-pare-iz-budzeta","status":"publish","type":"post","link":"https:\/\/www.visit-ulcinj.com\/blog\/2009\/12\/13\/kako-i-kome-fond-za-manjine-dijeli-pare-iz-budzeta\/","title":{"rendered":"Kako i kome fond za manjine dijeli pare iz bud\u017eeta &#8211; Video"},"content":{"rendered":"<p><strong><a href=\"http:\/\/www.visit-ulcinj.com\/blog\/wp-content\/uploads\/2009\/12\/Ferhat-Dinosa.1.jpg\"><img loading=\"lazy\" class=\"alignleft size-full wp-image-28160\" title=\"Ferhat Dinosa.1\" src=\"http:\/\/www.visit-ulcinj.com\/blog\/wp-content\/uploads\/2009\/12\/Ferhat-Dinosa.1.jpg\" alt=\"Ferhat Dinosa.1\" width=\"580\" height=\"359\" \/><\/a>Novac ide savjetima ili bliskim organizacijama <\/strong><br \/>\nPodgorica \u2013 Najve?i dio novca koji Fond za manjine iz bud\u017eeta dodjeljuje za manjinske projekte, zavr\u0161ava na ra?unima nacionalnih savjeta ili pojedinaca i NVO koji su im bliski.<br \/>\nTo se mo\u017ee zaklju?iti na osnovu odluka o raspodjeli novca, koji je Fond za manjine dodijelio na javnim konkursima pro\u0161le i ove godine. Sude?i prema rezultatima konkursa, objavljenom krajem novembra na sajtu Ministarstva za ljudska i manjinska prava, najve?i korisnici bud\u017eetskog novca za projekte manjina i u narednoj godini bi?e nacionalni savjeti Srba, Albanaca i Muslimana, a manji dio tih sredstava i?i ?e na ra?une NVO i pojedinaca koji predstavljaju te manjine.<\/p>\n<p>Zakonom o bud\u017eetu za narednu godinu, koji bi trebalo da bude usvojen naredne nedjelje, Fondu za manjine opredijeljeno je 993 hiljada eura.<br \/>\nOd tog novca, Odlukom Fonda o raspodjeli sredstava za projekte, oko pola miliona eura predvi?eno je za srpsku nacionalnu manjinu, odnosno Srpskom nacionalnom savjetu pripa\u0161?e ?ak 445.570 eura.<br \/>\nOd 80.000 eura, koliko je namijenjeno za projekte Albanaca, odlukom Fonda Albanskom nacionalnom savjetu (ANS) dodijeljeno je oko 26 hiljada eura. Upravni odbor Fonda odlu?io je i da svih 70 hiljada eura predvi?enih za projekte Muslimana dodijeli Matici muslimanskoj, na ?ijem je ?elu Avdul Kurpejovi?, koji u Fondu predstavlja Muslimane.<\/p>\n<p>Predsjednik Upravnog odbora Fonda Miroslav Mari? tvrdi da u proceduri odobravanja projekata va\u017enu ulogu imaju predstavnici nacionalnih savjeta, poja\u0161njavaju?i da oni mogu najbolje predstaviti projekte manjinske zajednice. On poja\u0161njava da projekte razmatraju mje\u0161ovite komisije, koje kasnije svoje predloge obrazla\u017eu ostalim ?lanovima UO. Mari? tvrdi da se to rje\u0161enje pokazalo kao najbolje.<br \/>\n\u201eUpravo predstavnici manjinske zajednice iz svakog Savjeta mogu najbolje predstaviti projekte i sagledati njihov zna?aj. Oni u razmjeni mi\u0161ljenja sa drugim ?lanovima mogu donijeti najbolje rje\u0161enje i dati predlog Fondu. Ipak, takav predlog komisije se prije dono\u0161enja kona?ne odluke uvijek mo\u017ee revidirati na samoj sjednici Fonda\u201c, tvrdi Mari?.<\/p>\n<p>Po Zakonu o manjinskim pravima i slobodama, novac koji Vlada iz bud\u017eeta izdvaja za Fond, savjeti manjinskih naroda dijele proporcionalno njihovom u?e\u0161?u u strukturi stanovni\u0161tva Crne Gore. Po toj ra?unici najve?i dio te sume pripada Srpskom savjetu koji predstavlja 32 odsto stanovni\u0161tva Crne Gore. Nakon njih najvi\u0161e novca dobija Bo\u0161nja?ki nacionalni savjet koji zastupa 7,77 odsto stanovni\u0161tva, pa nacionalni savjeti Albanaca, Muslimana, Hrvata i Roma.<br \/>\nTakav na?in raspodjele novca bi?e promijenjen ako budu usvojene izmjene Zakona, koje je predlo\u017eio ministar za manjine Ferhat Dino\u0161a, po kojima se novac ne?e dijeliti proporcionalno ve? prema odluci Fonda. Tom predlogu su se ranije usprotivili predsjednici svih nacionalnih savjeta, optu\u017euju?i ministra da \u017eeli da ih kontroli\u0161e.<\/p>\n<p><a href=\"http:\/\/www.visit-ulcinj.com\/blog\/wp-content\/uploads\/2009\/12\/Ferhat-Dinosa.jpg\"><img loading=\"lazy\" class=\"alignleft size-full wp-image-28156\" title=\"FERHAT DINOSA\" src=\"http:\/\/www.visit-ulcinj.com\/blog\/wp-content\/uploads\/2009\/12\/Ferhat-Dinosa.jpg\" alt=\"FERHAT DINOSA\" width=\"290\" height=\"190\" \/><\/a>Iako ve?inu ?lanova u Upravnom odboru Fonda za manjine ?ine predstavnici parlamentarnih stranaka, nekoliko sagovornika \u201eVijesti\u201c iz UO, potvrdilo je da je u raspodjeli sredstava presudna uloga predstavnika manjinskih savjeta. Politi?ari u UO naj?e\u0161?e se oslanjaju na preporuke predstavnika Savjeta, koji na taj na?in guraju svoje i projekte ljudi koji su im bliski.<br \/>\nMari? tvrdi da nema potrebe za politi?kim lobiranjem, poja\u0161njavaju?i da se politi?ari prema kvalitetu projekata odnose odgovorno. On negira tvrdnje da novac dobijaju samo ljudi bliski nacionalnim savjetima.<br \/>\n\u201eNe mogu potvrditi pritu\u017ebe da se sredstva za projekte dijele po politi?koj podobnosti, ve? da se raspodjela vr\u0161i u demokratskoj proceduri, u kojoj se vodi ra?una o kvalitetu projekata i interesima svake manjinske zajednice, a \u0161to je vidljivo iz na?ina rada Fonda\u201c, tvrdi on.<\/p>\n<p>I predstavnik Bo\u0161nja?ke stranke (BS) Amer Halilovi? ka\u017ee da u Fondu nema politi?kih pritisaka, poja\u0161njavaju?i da je ve?ina projekata odobrena jednoglasno. Isti?u?i da u dono\u0161enju odluka nije presudna sugestija savjeta, on ka\u017ee da je sve stvar dogovora.<br \/>\n\u201eNijesam stekao utisak da se Savjet zalagao za druge projekte. Bilo je lobiranja da pro?e neki njihov projekat, ali nam nisu sugerisali kome od ostalih aplikanata da dodijelimo novac\u201c, tvrdi on.<br \/>\nNa pitanje da li je ?itao projekte ?iju je realizaciju odobrio, Halilovi? je kazao da je pro?itao samo one koji se ti?u Bo\u0161njaka.<br \/>\n\u201eInteresovalo me je ko ?e novac dobiti. Ne znam kako je kod drugih, jer iskreno nijesam ?itao sve projekte. Ipak, ne vjerujem da je bilo zloupotrebe\u201c, kazao je on.<\/p>\n<p><strong>Projekat za obnovu garderobe<\/strong><\/p>\n<p>Iako je javnim pozivom predvi?eno da za novac mogu konkurisati projekti koji doprinose o?uvanju i razvoju nacionalnog i etni?kog, kao i kulturnog, jezi?kog i vjerskog identiteta, novac je dodjeljivan i projektima koji sa tim temama nemaju previ\u0161e dodirnih ta?aka, a ?iji su nosioci ili ?lanovi nacionalnih savjeta ili njima bliski ljudi.<br \/>\nTako je odlukom Fonda, izme?u ostalog, novac dodijeljen i za obnavljanje garderobe kulturno-umjetni?kih dru\u0161tava, obilje\u017eavanje Dana u?itelja, kupovinu sportskih rekvizita \u0161kolama, ali i razvoj fizi?ke kulture i poljoprivrede, istra\u017eiva?kog novinarstva&#8230; Fond je ove godine novac dodjelio i projektima kao \u0161to su \u201e?etiri godi\u0161nja doba &#8211; Rijeka Cijevna\u201c, \u201eRazvoj i omasovljenje \u0161aha kod \u017eenske populacije u Crnoj Gori\u201c, \u201eObnova svetinja Srpske pravoslavne crkve u Crnoj Gori\u201c ili \u201eMladi u centru pa\u017enje\u201c.<\/p>\n<p><strong>Sa. KAJO\u0160EVI?<br \/>\n<a href=\"http:\/\/www.vijesti.me\/index.php?id=324779\" target=\"_blank\">Vijesti<\/a><\/strong><\/p>\n<p>[flv width=&#8221;580&#8243; height=&#8221;400&#8243;]http:\/\/www.rtcg.me\/images\/biblioteka\/audio_video_arhiva\/Replika%20-%20Ljudska%20prava.flv[\/flv]<\/p>\n","protected":false},"excerpt":{"rendered":"<p>Novac ide savjetima ili bliskim organizacijama Podgorica \u2013 Najve?i dio novca koji Fond za manjine iz bud\u017eeta dodjeljuje za manjinske projekte, zavr\u0161ava na ra?unima nacionalnih savjeta ili pojedinaca i NVO koji su im bliski. To se mo\u017ee zaklju?iti na osnovu odluka o raspodjeli novca, koji je Fond za manjine dodijelio na javnim konkursima pro\u0161le i [&hellip;]<\/p>\n","protected":false},"author":1,"featured_media":0,"comment_status":"open","ping_status":"closed","sticky":false,"template":"","format":"standard","meta":{"spay_email":"","jetpack_publicize_message":"","jetpack_is_tweetstorm":false,"jetpack_publicize_feature_enabled":true},"categories":[8337],"tags":[88],"jetpack_publicize_connections":[],"yoast_head":"<!-- This site is optimized with the Yoast SEO plugin v19.1 - https:\/\/yoast.com\/wordpress\/plugins\/seo\/ -->\n<title>Kako i kome fond za manjine dijeli pare iz bud\u017eeta - Video - Lajme nga Ulqini<\/title>\n<meta name=\"description\" content=\"Novac ide savjetima ili bliskim organizacijama Podgorica \u2013 Najve?i dio novca koji Fond za manjine iz bud\u017eeta dodjeljuje za manjinske projekte, zavr\u0161ava na\" \/>\n<meta name=\"robots\" content=\"index, follow, max-snippet:-1, max-image-preview:large, max-video-preview:-1\" \/>\n<link rel=\"canonical\" href=\"https:\/\/www.visit-ulcinj.com\/blog\/2009\/12\/13\/kako-i-kome-fond-za-manjine-dijeli-pare-iz-budzeta\/\" \/>\n<meta property=\"og:locale\" content=\"en_US\" \/>\n<meta property=\"og:type\" content=\"article\" \/>\n<meta property=\"og:title\" content=\"Kako i kome fond za manjine dijeli pare iz bud\u017eeta - Video - Lajme nga Ulqini\" \/>\n<meta property=\"og:description\" content=\"Novac ide savjetima ili bliskim organizacijama Podgorica \u2013 Najve?i dio novca koji Fond za manjine iz bud\u017eeta dodjeljuje za manjinske projekte, zavr\u0161ava na\" \/>\n<meta property=\"og:url\" content=\"https:\/\/www.visit-ulcinj.com\/blog\/2009\/12\/13\/kako-i-kome-fond-za-manjine-dijeli-pare-iz-budzeta\/\" \/>\n<meta property=\"og:site_name\" content=\"Lajme nga Ulqini\" \/>\n<meta property=\"article:published_time\" content=\"2009-12-13T18:51:43+00:00\" \/>\n<meta property=\"article:modified_time\" content=\"2009-12-13T18:57:42+00:00\" \/>\n<meta property=\"og:image\" content=\"http:\/\/www.visit-ulcinj.com\/blog\/wp-content\/uploads\/2009\/12\/Ferhat-Dinosa.1.jpg\" \/>\n<meta name=\"twitter:label1\" content=\"Written by\" \/>\n\t<meta name=\"twitter:data1\" content=\"ulqini\" \/>\n\t<meta name=\"twitter:label2\" content=\"Est. reading time\" \/>\n\t<meta name=\"twitter:data2\" content=\"4 minutes\" \/>\n<script type=\"application\/ld+json\" class=\"yoast-schema-graph\">{\"@context\":\"https:\/\/schema.org\",\"@graph\":[{\"@type\":\"WebSite\",\"@id\":\"https:\/\/www.visit-ulcinj.com\/blog\/#website\",\"url\":\"https:\/\/www.visit-ulcinj.com\/blog\/\",\"name\":\"Lajme nga Ulqini\",\"description\":\"Lajme,Vijesti,Ulqini,Ulqin,Crna Gora,Mali i Zi\",\"potentialAction\":[{\"@type\":\"SearchAction\",\"target\":{\"@type\":\"EntryPoint\",\"urlTemplate\":\"https:\/\/www.visit-ulcinj.com\/blog\/?s={search_term_string}\"},\"query-input\":\"required name=search_term_string\"}],\"inLanguage\":\"en-US\"},{\"@type\":\"ImageObject\",\"inLanguage\":\"en-US\",\"@id\":\"https:\/\/www.visit-ulcinj.com\/blog\/2009\/12\/13\/kako-i-kome-fond-za-manjine-dijeli-pare-iz-budzeta\/#primaryimage\",\"url\":\"https:\/\/www.visit-ulcinj.com\/blog\/wp-content\/uploads\/2009\/12\/Ferhat-Dinosa.1.jpg\",\"contentUrl\":\"https:\/\/www.visit-ulcinj.com\/blog\/wp-content\/uploads\/2009\/12\/Ferhat-Dinosa.1.jpg\",\"width\":\"480\",\"height\":\"359\"},{\"@type\":\"WebPage\",\"@id\":\"https:\/\/www.visit-ulcinj.com\/blog\/2009\/12\/13\/kako-i-kome-fond-za-manjine-dijeli-pare-iz-budzeta\/#webpage\",\"url\":\"https:\/\/www.visit-ulcinj.com\/blog\/2009\/12\/13\/kako-i-kome-fond-za-manjine-dijeli-pare-iz-budzeta\/\",\"name\":\"Kako i kome fond za manjine dijeli pare iz bud\u017eeta - Video - Lajme nga Ulqini\",\"isPartOf\":{\"@id\":\"https:\/\/www.visit-ulcinj.com\/blog\/#website\"},\"primaryImageOfPage\":{\"@id\":\"https:\/\/www.visit-ulcinj.com\/blog\/2009\/12\/13\/kako-i-kome-fond-za-manjine-dijeli-pare-iz-budzeta\/#primaryimage\"},\"datePublished\":\"2009-12-13T18:51:43+00:00\",\"dateModified\":\"2009-12-13T18:57:42+00:00\",\"author\":{\"@id\":\"https:\/\/www.visit-ulcinj.com\/blog\/#\/schema\/person\/dcab619c614d3038751c63bc2aadc06d\"},\"description\":\"Novac ide savjetima ili bliskim organizacijama Podgorica \u2013 Najve?i dio novca koji Fond za manjine iz bud\u017eeta dodjeljuje za manjinske projekte, zavr\u0161ava na\",\"breadcrumb\":{\"@id\":\"https:\/\/www.visit-ulcinj.com\/blog\/2009\/12\/13\/kako-i-kome-fond-za-manjine-dijeli-pare-iz-budzeta\/#breadcrumb\"},\"inLanguage\":\"en-US\",\"potentialAction\":[{\"@type\":\"ReadAction\",\"target\":[\"https:\/\/www.visit-ulcinj.com\/blog\/2009\/12\/13\/kako-i-kome-fond-za-manjine-dijeli-pare-iz-budzeta\/\"]}]},{\"@type\":\"BreadcrumbList\",\"@id\":\"https:\/\/www.visit-ulcinj.com\/blog\/2009\/12\/13\/kako-i-kome-fond-za-manjine-dijeli-pare-iz-budzeta\/#breadcrumb\",\"itemListElement\":[{\"@type\":\"ListItem\",\"position\":1,\"name\":\"Kako i kome fond za manjine dijeli pare iz bud\u017eeta &#8211; Video\"}]},{\"@type\":\"Person\",\"@id\":\"https:\/\/www.visit-ulcinj.com\/blog\/#\/schema\/person\/dcab619c614d3038751c63bc2aadc06d\",\"name\":\"ulqini\",\"sameAs\":[\"http:\/\/www.visit-ulcinj.com\"],\"url\":\"https:\/\/www.visit-ulcinj.com\/blog\/author\/admin\/\"}]}<\/script>\n<!-- \/ Yoast SEO plugin. -->","yoast_head_json":{"title":"Kako i kome fond za manjine dijeli pare iz bud\u017eeta - Video - Lajme nga Ulqini","description":"Novac ide savjetima ili bliskim organizacijama Podgorica \u2013 Najve?i dio novca koji Fond za manjine iz bud\u017eeta dodjeljuje za manjinske projekte, zavr\u0161ava na","robots":{"index":"index","follow":"follow","max-snippet":"max-snippet:-1","max-image-preview":"max-image-preview:large","max-video-preview":"max-video-preview:-1"},"canonical":"https:\/\/www.visit-ulcinj.com\/blog\/2009\/12\/13\/kako-i-kome-fond-za-manjine-dijeli-pare-iz-budzeta\/","og_locale":"en_US","og_type":"article","og_title":"Kako i kome fond za manjine dijeli pare iz bud\u017eeta - Video - Lajme nga Ulqini","og_description":"Novac ide savjetima ili bliskim organizacijama Podgorica \u2013 Najve?i dio novca koji Fond za manjine iz bud\u017eeta dodjeljuje za manjinske projekte, zavr\u0161ava na","og_url":"https:\/\/www.visit-ulcinj.com\/blog\/2009\/12\/13\/kako-i-kome-fond-za-manjine-dijeli-pare-iz-budzeta\/","og_site_name":"Lajme nga Ulqini","article_published_time":"2009-12-13T18:51:43+00:00","article_modified_time":"2009-12-13T18:57:42+00:00","og_image":[{"url":"http:\/\/www.visit-ulcinj.com\/blog\/wp-content\/uploads\/2009\/12\/Ferhat-Dinosa.1.jpg"}],"twitter_misc":{"Written by":"ulqini","Est. reading time":"4 minutes"},"schema":{"@context":"https:\/\/schema.org","@graph":[{"@type":"WebSite","@id":"https:\/\/www.visit-ulcinj.com\/blog\/#website","url":"https:\/\/www.visit-ulcinj.com\/blog\/","name":"Lajme nga Ulqini","description":"Lajme,Vijesti,Ulqini,Ulqin,Crna Gora,Mali i Zi","potentialAction":[{"@type":"SearchAction","target":{"@type":"EntryPoint","urlTemplate":"https:\/\/www.visit-ulcinj.com\/blog\/?s={search_term_string}"},"query-input":"required name=search_term_string"}],"inLanguage":"en-US"},{"@type":"ImageObject","inLanguage":"en-US","@id":"https:\/\/www.visit-ulcinj.com\/blog\/2009\/12\/13\/kako-i-kome-fond-za-manjine-dijeli-pare-iz-budzeta\/#primaryimage","url":"https:\/\/www.visit-ulcinj.com\/blog\/wp-content\/uploads\/2009\/12\/Ferhat-Dinosa.1.jpg","contentUrl":"https:\/\/www.visit-ulcinj.com\/blog\/wp-content\/uploads\/2009\/12\/Ferhat-Dinosa.1.jpg","width":"480","height":"359"},{"@type":"WebPage","@id":"https:\/\/www.visit-ulcinj.com\/blog\/2009\/12\/13\/kako-i-kome-fond-za-manjine-dijeli-pare-iz-budzeta\/#webpage","url":"https:\/\/www.visit-ulcinj.com\/blog\/2009\/12\/13\/kako-i-kome-fond-za-manjine-dijeli-pare-iz-budzeta\/","name":"Kako i kome fond za manjine dijeli pare iz bud\u017eeta - Video - Lajme nga Ulqini","isPartOf":{"@id":"https:\/\/www.visit-ulcinj.com\/blog\/#website"},"primaryImageOfPage":{"@id":"https:\/\/www.visit-ulcinj.com\/blog\/2009\/12\/13\/kako-i-kome-fond-za-manjine-dijeli-pare-iz-budzeta\/#primaryimage"},"datePublished":"2009-12-13T18:51:43+00:00","dateModified":"2009-12-13T18:57:42+00:00","author":{"@id":"https:\/\/www.visit-ulcinj.com\/blog\/#\/schema\/person\/dcab619c614d3038751c63bc2aadc06d"},"description":"Novac ide savjetima ili bliskim organizacijama Podgorica \u2013 Najve?i dio novca koji Fond za manjine iz bud\u017eeta dodjeljuje za manjinske projekte, zavr\u0161ava na","breadcrumb":{"@id":"https:\/\/www.visit-ulcinj.com\/blog\/2009\/12\/13\/kako-i-kome-fond-za-manjine-dijeli-pare-iz-budzeta\/#breadcrumb"},"inLanguage":"en-US","potentialAction":[{"@type":"ReadAction","target":["https:\/\/www.visit-ulcinj.com\/blog\/2009\/12\/13\/kako-i-kome-fond-za-manjine-dijeli-pare-iz-budzeta\/"]}]},{"@type":"BreadcrumbList","@id":"https:\/\/www.visit-ulcinj.com\/blog\/2009\/12\/13\/kako-i-kome-fond-za-manjine-dijeli-pare-iz-budzeta\/#breadcrumb","itemListElement":[{"@type":"ListItem","position":1,"name":"Kako i kome fond za manjine dijeli pare iz bud\u017eeta &#8211; Video"}]},{"@type":"Person","@id":"https:\/\/www.visit-ulcinj.com\/blog\/#\/schema\/person\/dcab619c614d3038751c63bc2aadc06d","name":"ulqini","sameAs":["http:\/\/www.visit-ulcinj.com"],"url":"https:\/\/www.visit-ulcinj.com\/blog\/author\/admin\/"}]}},"jetpack_featured_media_url":"","jetpack_sharing_enabled":true,"jetpack_shortlink":"https:\/\/wp.me\/pe6lTn-7k7","_links":{"self":[{"href":"https:\/\/www.visit-ulcinj.com\/blog\/wp-json\/wp\/v2\/posts\/28155"}],"collection":[{"href":"https:\/\/www.visit-ulcinj.com\/blog\/wp-json\/wp\/v2\/posts"}],"about":[{"href":"https:\/\/www.visit-ulcinj.com\/blog\/wp-json\/wp\/v2\/types\/post"}],"author":[{"embeddable":true,"href":"https:\/\/www.visit-ulcinj.com\/blog\/wp-json\/wp\/v2\/users\/1"}],"replies":[{"embeddable":true,"href":"https:\/\/www.visit-ulcinj.com\/blog\/wp-json\/wp\/v2\/comments?post=28155"}],"version-history":[{"count":0,"href":"https:\/\/www.visit-ulcinj.com\/blog\/wp-json\/wp\/v2\/posts\/28155\/revisions"}],"wp:attachment":[{"href":"https:\/\/www.visit-ulcinj.com\/blog\/wp-json\/wp\/v2\/media?parent=28155"}],"wp:term":[{"taxonomy":"category","embeddable":true,"href":"https:\/\/www.visit-ulcinj.com\/blog\/wp-json\/wp\/v2\/categories?post=28155"},{"taxonomy":"post_tag","embeddable":true,"href":"https:\/\/www.visit-ulcinj.com\/blog\/wp-json\/wp\/v2\/tags?post=28155"}],"curies":[{"name":"wp","href":"https:\/\/api.w.org\/{rel}","templated":true}]}}