{"id":28208,"date":"2009-12-15T20:38:20","date_gmt":"2009-12-15T18:38:20","guid":{"rendered":"http:\/\/www.visit-ulcinj.com\/blog\/?p=28208"},"modified":"2009-12-16T19:07:17","modified_gmt":"2009-12-16T17:07:17","slug":"danas-protest-zbog-valdanosa","status":"publish","type":"post","link":"https:\/\/www.visit-ulcinj.com\/blog\/2009\/12\/15\/danas-protest-zbog-valdanosa\/","title":{"rendered":"Danas protest zbog Valdanosa &#8211; Video"},"content":{"rendered":"<p><img loading=\"lazy\" class=\"alignleft\" title=\"BIV\u0160I VLASNICI IMANjA U VALDANOSU ZA DANAS NAJAVILI PROTEST\" src=\"http:\/\/www.visit-ulcinj.com\/blog\/wp-content\/uploads\/2009\/04\/udruzenje-za-povracaj-maslinada-u-ulcinju-_crna-gora.jpg\" alt=\"\" width=\"580\" height=\"400\" \/>Predsjednik Odbora za povra?aj imovine Batko ?akonovi? poru?io je ju?e Vladi i tenderskoj komisiji da ne daju njihovu zemlju u Valdanosu pod zakup.<br \/>\n\u201cNe mo\u017eete nikome dati ono \u0161to je na\u0161e\u201d, kazao je ?akonovi? novinarima najavljuju?i veliki protest ispred zgrade Op\u0161tine zakazan za danas u 13 ?asova. On je kazao da je povod za protest najava \u201cda bi moglo do?i do potpisivanja ugovora o zakupu\u201d i pozvao gradona?elnika Gzima Hajdinagu da ne stavi potpis na taj papir \u201ckoji ne ide u prilog maslinarima i gra?anima u Ulcinju\u201d.<br \/>\n?akonovi? je pozvao gra?ane da masovno prisustvuju protestu \u201ckako bi pokazali da znamo da branimo na\u0161e dostojanstvo\u201d. Jedan od organizatora protesta, D\u017eemal Perovi? ponovio je da je na tenderu za zakup Valdanosa pobijedila kompanija koja nije zadovoljila ni minimum uslova.<br \/>\n\u201cZato tra\u017eimo poni\u0161tavanje tendera\u201d, kazao je on.<br \/>\nI dok su aktivisti dr\u017eali konferenciju za novinare ispred zgrade Op\u0161tine na plenumu su oko Valdanosa sijevale varnice. \u0160ef lokalnog DPS-a i odborni?kog kluba Ljui? \u0160krelja kazao je indirektno da je ?akonovi? osoba koja je najmanje kompetentna da bude na ?elu protesta.<br \/>\n\u201cNe mogu protest da vode ljudi koji su imanja u Valdanosu prodali po 5-6 puta vi\u0161e nego ostali vlasnici. Neka do?u i ka\u017eu \u0161ta su sve kupili novcem od prodaje imovine koju sada tra\u017ee nazad\u201d, kazao je \u0160krelja, aludiraju?i na ?akonovi?a koga je zbog toga i ranije prozivao.<br \/>\n\u0160krelja je naglasio da SO nema ingerencije da vrati ili oduzme tu imovinu.<br \/>\nOdbornik Force D\u017eaudet Cakuli pitao je za\u0161to u dnevni red nije uvr\u0161tena i deklaracija o Valdanosu koju su podnijele NVO sa vi\u0161e od 700 potpisa.<br \/>\n\u201cUmjesto da podr\u017eite mje\u0161tane vi nam ka?ite politi?ki marketing. Forca podr\u017eava povra?aj imovine ne samo u Valdanosu i Ulcinju, ve? i u cijeloj Crnoj Gori\u201d, poru?io je Cakuli.<br \/>\n\u0160krelja je kazao da deklaracija nije zadovoljila ni minimum uslova da se pojavi na dnevnom redu pred odbornicima.<\/p>\n<p><strong>S.ADROVI?<br \/>\n<a href=\"http:\/\/www.vijesti.me\/index.php?id_pre=324982&amp;godina=2009\" target=\"_blank\">Vijesti<br \/>\n\n\t\t<style type=\"text\/css\">\n\t\t\t#gallery-1 {\n\t\t\t\tmargin: auto;\n\t\t\t}\n\t\t\t#gallery-1 .gallery-item {\n\t\t\t\tfloat: left;\n\t\t\t\tmargin-top: 10px;\n\t\t\t\ttext-align: center;\n\t\t\t\twidth: 33%;\n\t\t\t}\n\t\t\t#gallery-1 img {\n\t\t\t\tborder: 2px solid #cfcfcf;\n\t\t\t}\n\t\t\t#gallery-1 .gallery-caption {\n\t\t\t\tmargin-left: 0;\n\t\t\t}\n\t\t\t\/* see gallery_shortcode() in wp-includes\/media.php *\/\n\t\t<\/style>\n\t\t<div id='gallery-1' class='gallery galleryid-28208 gallery-columns-3 gallery-size-thumbnail'><dl class='gallery-item'>\n\t\t\t<dt class='gallery-icon landscape'>\n\t\t\t\t<a href='https:\/\/www.visit-ulcinj.com\/blog\/wp-content\/uploads\/2009\/12\/protest-per-ktimin-e-Valdanosit_ulqin1.jpg'><img width=\"150\" height=\"150\" src=\"https:\/\/www.visit-ulcinj.com\/blog\/wp-content\/uploads\/2009\/12\/protest-per-ktimin-e-Valdanosit_ulqin1-150x150.jpg\" class=\"attachment-thumbnail size-thumbnail\" alt=\"\" loading=\"lazy\" \/><\/a>\n\t\t\t<\/dt><\/dl><dl class='gallery-item'>\n\t\t\t<dt class='gallery-icon landscape'>\n\t\t\t\t<a href='https:\/\/www.visit-ulcinj.com\/blog\/wp-content\/uploads\/2009\/12\/protest-per-ktimin-e-Valdanosit_ulqin.11.jpg'><img width=\"150\" height=\"150\" src=\"https:\/\/www.visit-ulcinj.com\/blog\/wp-content\/uploads\/2009\/12\/protest-per-ktimin-e-Valdanosit_ulqin.11-150x150.jpg\" class=\"attachment-thumbnail size-thumbnail\" alt=\"\" loading=\"lazy\" \/><\/a>\n\t\t\t<\/dt><\/dl><dl class='gallery-item'>\n\t\t\t<dt class='gallery-icon landscape'>\n\t\t\t\t<a href='https:\/\/www.visit-ulcinj.com\/blog\/wp-content\/uploads\/2009\/12\/protest-per-ktimin-e-Valdanosit_ulqin.21.jpg'><img width=\"150\" height=\"150\" src=\"https:\/\/www.visit-ulcinj.com\/blog\/wp-content\/uploads\/2009\/12\/protest-per-ktimin-e-Valdanosit_ulqin.21-150x150.jpg\" class=\"attachment-thumbnail size-thumbnail\" alt=\"\" loading=\"lazy\" \/><\/a>\n\t\t\t<\/dt><\/dl><br style=\"clear: both\" \/><dl class='gallery-item'>\n\t\t\t<dt class='gallery-icon landscape'>\n\t\t\t\t<a href='https:\/\/www.visit-ulcinj.com\/blog\/wp-content\/uploads\/2009\/12\/protest-per-ktimin-e-Valdanosit_ulqin.31.jpg'><img width=\"150\" height=\"150\" src=\"https:\/\/www.visit-ulcinj.com\/blog\/wp-content\/uploads\/2009\/12\/protest-per-ktimin-e-Valdanosit_ulqin.31-150x150.jpg\" class=\"attachment-thumbnail size-thumbnail\" alt=\"\" loading=\"lazy\" \/><\/a>\n\t\t\t<\/dt><\/dl><dl class='gallery-item'>\n\t\t\t<dt class='gallery-icon landscape'>\n\t\t\t\t<a href='https:\/\/www.visit-ulcinj.com\/blog\/wp-content\/uploads\/2009\/12\/protest-per-ktimin-e-Valdanosit_ulqin.41.jpg'><img width=\"150\" height=\"150\" src=\"https:\/\/www.visit-ulcinj.com\/blog\/wp-content\/uploads\/2009\/12\/protest-per-ktimin-e-Valdanosit_ulqin.41-150x150.jpg\" class=\"attachment-thumbnail size-thumbnail\" alt=\"\" loading=\"lazy\" \/><\/a>\n\t\t\t<\/dt><\/dl><dl class='gallery-item'>\n\t\t\t<dt class='gallery-icon landscape'>\n\t\t\t\t<a href='https:\/\/www.visit-ulcinj.com\/blog\/wp-content\/uploads\/2009\/12\/protest-per-ktimin-e-Valdanosit_ulqin.51.jpg'><img width=\"150\" height=\"150\" src=\"https:\/\/www.visit-ulcinj.com\/blog\/wp-content\/uploads\/2009\/12\/protest-per-ktimin-e-Valdanosit_ulqin.51-150x150.jpg\" class=\"attachment-thumbnail size-thumbnail\" alt=\"\" loading=\"lazy\" \/><\/a>\n\t\t\t<\/dt><\/dl><br style=\"clear: both\" \/>\n\t\t<\/div>\n<\/p>\n<p><\/a><\/strong><\/p>\n<!--YouTube Error: bad URL entered-->\n","protected":false},"excerpt":{"rendered":"<p>Predsjednik Odbora za povra?aj imovine Batko ?akonovi? poru?io je ju?e Vladi i tenderskoj komisiji da ne daju njihovu zemlju u Valdanosu pod zakup. \u201cNe mo\u017eete nikome dati ono \u0161to je na\u0161e\u201d, kazao je ?akonovi? novinarima najavljuju?i veliki protest ispred zgrade Op\u0161tine zakazan za danas u 13 ?asova. On je kazao da je povod za protest [&hellip;]<\/p>\n","protected":false},"author":1,"featured_media":0,"comment_status":"open","ping_status":"closed","sticky":false,"template":"","format":"standard","meta":{"spay_email":"","jetpack_publicize_message":"","jetpack_is_tweetstorm":false,"jetpack_publicize_feature_enabled":true},"categories":[8337],"tags":[13011,13009,13010,3599],"jetpack_publicize_connections":[],"yoast_head":"<!-- This site is optimized with the Yoast SEO plugin v19.1 - https:\/\/yoast.com\/wordpress\/plugins\/seo\/ -->\n<title>Danas protest zbog Valdanosa - Video - Lajme nga Ulqini<\/title>\n<meta name=\"description\" content=\"Predsjednik Odbora za povra?aj imovine Batko ?akonovi? poru?io je ju?e Vladi i tenderskoj komisiji da ne daju njihovu zemlju u Valdanosu pod zakup. \u201cNe\" \/>\n<meta name=\"robots\" content=\"index, follow, max-snippet:-1, max-image-preview:large, max-video-preview:-1\" \/>\n<link rel=\"canonical\" href=\"https:\/\/www.visit-ulcinj.com\/blog\/2009\/12\/15\/danas-protest-zbog-valdanosa\/\" \/>\n<meta property=\"og:locale\" content=\"en_US\" \/>\n<meta property=\"og:type\" content=\"article\" \/>\n<meta property=\"og:title\" content=\"Danas protest zbog Valdanosa - Video - Lajme nga Ulqini\" \/>\n<meta property=\"og:description\" content=\"Predsjednik Odbora za povra?aj imovine Batko ?akonovi? poru?io je ju?e Vladi i tenderskoj komisiji da ne daju njihovu zemlju u Valdanosu pod zakup. \u201cNe\" \/>\n<meta property=\"og:url\" content=\"https:\/\/www.visit-ulcinj.com\/blog\/2009\/12\/15\/danas-protest-zbog-valdanosa\/\" \/>\n<meta property=\"og:site_name\" content=\"Lajme nga Ulqini\" \/>\n<meta property=\"article:published_time\" content=\"2009-12-15T18:38:20+00:00\" \/>\n<meta property=\"article:modified_time\" content=\"2009-12-16T17:07:17+00:00\" \/>\n<meta property=\"og:image\" content=\"https:\/\/www.visit-ulcinj.com\/blog\/wp-content\/uploads\/2009\/12\/protest-per-ktimin-e-Valdanosit_ulqin1-150x150.jpg\" \/>\n<meta name=\"twitter:label1\" content=\"Written by\" \/>\n\t<meta name=\"twitter:data1\" content=\"ulqini\" \/>\n\t<meta name=\"twitter:label2\" content=\"Est. reading time\" \/>\n\t<meta name=\"twitter:data2\" content=\"2 minutes\" \/>\n<script type=\"application\/ld+json\" class=\"yoast-schema-graph\">{\"@context\":\"https:\/\/schema.org\",\"@graph\":[{\"@type\":\"WebSite\",\"@id\":\"https:\/\/www.visit-ulcinj.com\/blog\/#website\",\"url\":\"https:\/\/www.visit-ulcinj.com\/blog\/\",\"name\":\"Lajme nga Ulqini\",\"description\":\"Lajme,Vijesti,Ulqini,Ulqin,Crna Gora,Mali i Zi\",\"potentialAction\":[{\"@type\":\"SearchAction\",\"target\":{\"@type\":\"EntryPoint\",\"urlTemplate\":\"https:\/\/www.visit-ulcinj.com\/blog\/?s={search_term_string}\"},\"query-input\":\"required name=search_term_string\"}],\"inLanguage\":\"en-US\"},{\"@type\":\"ImageObject\",\"inLanguage\":\"en-US\",\"@id\":\"https:\/\/www.visit-ulcinj.com\/blog\/2009\/12\/15\/danas-protest-zbog-valdanosa\/#primaryimage\",\"url\":\"http:\/\/www.visit-ulcinj.com\/blog\/wp-content\/uploads\/2009\/04\/udruzenje-za-povracaj-maslinada-u-ulcinju-_crna-gora.jpg\",\"contentUrl\":\"http:\/\/www.visit-ulcinj.com\/blog\/wp-content\/uploads\/2009\/04\/udruzenje-za-povracaj-maslinada-u-ulcinju-_crna-gora.jpg\"},{\"@type\":\"WebPage\",\"@id\":\"https:\/\/www.visit-ulcinj.com\/blog\/2009\/12\/15\/danas-protest-zbog-valdanosa\/#webpage\",\"url\":\"https:\/\/www.visit-ulcinj.com\/blog\/2009\/12\/15\/danas-protest-zbog-valdanosa\/\",\"name\":\"Danas protest zbog Valdanosa - Video - Lajme nga Ulqini\",\"isPartOf\":{\"@id\":\"https:\/\/www.visit-ulcinj.com\/blog\/#website\"},\"primaryImageOfPage\":{\"@id\":\"https:\/\/www.visit-ulcinj.com\/blog\/2009\/12\/15\/danas-protest-zbog-valdanosa\/#primaryimage\"},\"datePublished\":\"2009-12-15T18:38:20+00:00\",\"dateModified\":\"2009-12-16T17:07:17+00:00\",\"author\":{\"@id\":\"https:\/\/www.visit-ulcinj.com\/blog\/#\/schema\/person\/dcab619c614d3038751c63bc2aadc06d\"},\"description\":\"Predsjednik Odbora za povra?aj imovine Batko ?akonovi? poru?io je ju?e Vladi i tenderskoj komisiji da ne daju njihovu zemlju u Valdanosu pod zakup. \u201cNe\",\"breadcrumb\":{\"@id\":\"https:\/\/www.visit-ulcinj.com\/blog\/2009\/12\/15\/danas-protest-zbog-valdanosa\/#breadcrumb\"},\"inLanguage\":\"en-US\",\"potentialAction\":[{\"@type\":\"ReadAction\",\"target\":[\"https:\/\/www.visit-ulcinj.com\/blog\/2009\/12\/15\/danas-protest-zbog-valdanosa\/\"]}]},{\"@type\":\"BreadcrumbList\",\"@id\":\"https:\/\/www.visit-ulcinj.com\/blog\/2009\/12\/15\/danas-protest-zbog-valdanosa\/#breadcrumb\",\"itemListElement\":[{\"@type\":\"ListItem\",\"position\":1,\"name\":\"Danas protest zbog Valdanosa &#8211; Video\"}]},{\"@type\":\"Person\",\"@id\":\"https:\/\/www.visit-ulcinj.com\/blog\/#\/schema\/person\/dcab619c614d3038751c63bc2aadc06d\",\"name\":\"ulqini\",\"sameAs\":[\"http:\/\/www.visit-ulcinj.com\"],\"url\":\"https:\/\/www.visit-ulcinj.com\/blog\/author\/admin\/\"}]}<\/script>\n<!-- \/ Yoast SEO plugin. -->","yoast_head_json":{"title":"Danas protest zbog Valdanosa - Video - Lajme nga Ulqini","description":"Predsjednik Odbora za povra?aj imovine Batko ?akonovi? poru?io je ju?e Vladi i tenderskoj komisiji da ne daju njihovu zemlju u Valdanosu pod zakup. \u201cNe","robots":{"index":"index","follow":"follow","max-snippet":"max-snippet:-1","max-image-preview":"max-image-preview:large","max-video-preview":"max-video-preview:-1"},"canonical":"https:\/\/www.visit-ulcinj.com\/blog\/2009\/12\/15\/danas-protest-zbog-valdanosa\/","og_locale":"en_US","og_type":"article","og_title":"Danas protest zbog Valdanosa - Video - Lajme nga Ulqini","og_description":"Predsjednik Odbora za povra?aj imovine Batko ?akonovi? poru?io je ju?e Vladi i tenderskoj komisiji da ne daju njihovu zemlju u Valdanosu pod zakup. \u201cNe","og_url":"https:\/\/www.visit-ulcinj.com\/blog\/2009\/12\/15\/danas-protest-zbog-valdanosa\/","og_site_name":"Lajme nga Ulqini","article_published_time":"2009-12-15T18:38:20+00:00","article_modified_time":"2009-12-16T17:07:17+00:00","og_image":[{"url":"https:\/\/www.visit-ulcinj.com\/blog\/wp-content\/uploads\/2009\/12\/protest-per-ktimin-e-Valdanosit_ulqin1-150x150.jpg"}],"twitter_misc":{"Written by":"ulqini","Est. reading time":"2 minutes"},"schema":{"@context":"https:\/\/schema.org","@graph":[{"@type":"WebSite","@id":"https:\/\/www.visit-ulcinj.com\/blog\/#website","url":"https:\/\/www.visit-ulcinj.com\/blog\/","name":"Lajme nga Ulqini","description":"Lajme,Vijesti,Ulqini,Ulqin,Crna Gora,Mali i Zi","potentialAction":[{"@type":"SearchAction","target":{"@type":"EntryPoint","urlTemplate":"https:\/\/www.visit-ulcinj.com\/blog\/?s={search_term_string}"},"query-input":"required name=search_term_string"}],"inLanguage":"en-US"},{"@type":"ImageObject","inLanguage":"en-US","@id":"https:\/\/www.visit-ulcinj.com\/blog\/2009\/12\/15\/danas-protest-zbog-valdanosa\/#primaryimage","url":"http:\/\/www.visit-ulcinj.com\/blog\/wp-content\/uploads\/2009\/04\/udruzenje-za-povracaj-maslinada-u-ulcinju-_crna-gora.jpg","contentUrl":"http:\/\/www.visit-ulcinj.com\/blog\/wp-content\/uploads\/2009\/04\/udruzenje-za-povracaj-maslinada-u-ulcinju-_crna-gora.jpg"},{"@type":"WebPage","@id":"https:\/\/www.visit-ulcinj.com\/blog\/2009\/12\/15\/danas-protest-zbog-valdanosa\/#webpage","url":"https:\/\/www.visit-ulcinj.com\/blog\/2009\/12\/15\/danas-protest-zbog-valdanosa\/","name":"Danas protest zbog Valdanosa - Video - Lajme nga Ulqini","isPartOf":{"@id":"https:\/\/www.visit-ulcinj.com\/blog\/#website"},"primaryImageOfPage":{"@id":"https:\/\/www.visit-ulcinj.com\/blog\/2009\/12\/15\/danas-protest-zbog-valdanosa\/#primaryimage"},"datePublished":"2009-12-15T18:38:20+00:00","dateModified":"2009-12-16T17:07:17+00:00","author":{"@id":"https:\/\/www.visit-ulcinj.com\/blog\/#\/schema\/person\/dcab619c614d3038751c63bc2aadc06d"},"description":"Predsjednik Odbora za povra?aj imovine Batko ?akonovi? poru?io je ju?e Vladi i tenderskoj komisiji da ne daju njihovu zemlju u Valdanosu pod zakup. \u201cNe","breadcrumb":{"@id":"https:\/\/www.visit-ulcinj.com\/blog\/2009\/12\/15\/danas-protest-zbog-valdanosa\/#breadcrumb"},"inLanguage":"en-US","potentialAction":[{"@type":"ReadAction","target":["https:\/\/www.visit-ulcinj.com\/blog\/2009\/12\/15\/danas-protest-zbog-valdanosa\/"]}]},{"@type":"BreadcrumbList","@id":"https:\/\/www.visit-ulcinj.com\/blog\/2009\/12\/15\/danas-protest-zbog-valdanosa\/#breadcrumb","itemListElement":[{"@type":"ListItem","position":1,"name":"Danas protest zbog Valdanosa &#8211; Video"}]},{"@type":"Person","@id":"https:\/\/www.visit-ulcinj.com\/blog\/#\/schema\/person\/dcab619c614d3038751c63bc2aadc06d","name":"ulqini","sameAs":["http:\/\/www.visit-ulcinj.com"],"url":"https:\/\/www.visit-ulcinj.com\/blog\/author\/admin\/"}]}},"jetpack_featured_media_url":"","jetpack_sharing_enabled":true,"jetpack_shortlink":"https:\/\/wp.me\/pe6lTn-7kY","_links":{"self":[{"href":"https:\/\/www.visit-ulcinj.com\/blog\/wp-json\/wp\/v2\/posts\/28208"}],"collection":[{"href":"https:\/\/www.visit-ulcinj.com\/blog\/wp-json\/wp\/v2\/posts"}],"about":[{"href":"https:\/\/www.visit-ulcinj.com\/blog\/wp-json\/wp\/v2\/types\/post"}],"author":[{"embeddable":true,"href":"https:\/\/www.visit-ulcinj.com\/blog\/wp-json\/wp\/v2\/users\/1"}],"replies":[{"embeddable":true,"href":"https:\/\/www.visit-ulcinj.com\/blog\/wp-json\/wp\/v2\/comments?post=28208"}],"version-history":[{"count":0,"href":"https:\/\/www.visit-ulcinj.com\/blog\/wp-json\/wp\/v2\/posts\/28208\/revisions"}],"wp:attachment":[{"href":"https:\/\/www.visit-ulcinj.com\/blog\/wp-json\/wp\/v2\/media?parent=28208"}],"wp:term":[{"taxonomy":"category","embeddable":true,"href":"https:\/\/www.visit-ulcinj.com\/blog\/wp-json\/wp\/v2\/categories?post=28208"},{"taxonomy":"post_tag","embeddable":true,"href":"https:\/\/www.visit-ulcinj.com\/blog\/wp-json\/wp\/v2\/tags?post=28208"}],"curies":[{"name":"wp","href":"https:\/\/api.w.org\/{rel}","templated":true}]}}