{"id":28223,"date":"2009-12-15T21:33:31","date_gmt":"2009-12-15T19:33:31","guid":{"rendered":"http:\/\/www.visit-ulcinj.com\/blog\/?p=28223"},"modified":"2009-12-15T21:33:31","modified_gmt":"2009-12-15T19:33:31","slug":"alberie-hadergjonaj-klip-per-kengen-qe-e-ka-shkruar-vete-%e2%80%9ctani-me-tjetren-je%e2%80%9d","status":"publish","type":"post","link":"https:\/\/www.visit-ulcinj.com\/blog\/2009\/12\/15\/alberie-hadergjonaj-klip-per-kengen-qe-e-ka-shkruar-vete-%e2%80%9ctani-me-tjetren-je%e2%80%9d\/","title":{"rendered":"Alberie Hadergjonaj klip p\u00ebr k\u00ebng\u00ebn q\u00eb e ka shkruar vet\u00eb, \u201cTani me tjetr\u00ebn je\u201d"},"content":{"rendered":"<p><a href=\"http:\/\/www.visit-ulcinj.com\/blog\/wp-content\/uploads\/2009\/12\/Alberie-Hadergjonaj.6.jpg\"><img loading=\"lazy\" class=\"alignleft size-full wp-image-28224\" title=\"Alberie Hadergjonaj.6\" src=\"http:\/\/www.visit-ulcinj.com\/blog\/wp-content\/uploads\/2009\/12\/Alberie-Hadergjonaj.6.jpg\" alt=\"Alberie Hadergjonaj.6\" width=\"385\" height=\"548\" \/><\/a>Alb\u00ebrie Had\u00ebrgjonaj ka mbyllur sezonin intensiv t\u00eb koncerteve, nd\u00ebrsa k\u00ebto dit\u00eb \u00ebsht\u00eb agazhuar p\u00ebr xhirimet e nj\u00eb klipi shum\u00eb t\u00eb ve\u00e7ant\u00eb n\u00eb karrier\u00ebn e saj muzikore.<br \/>\nB\u00ebhet fjal\u00eb p\u00ebr klipin e k\u00ebng\u00ebs \u201cTani me tjetr\u00ebn je\u201d, nj\u00eb balad\u00eb e bukur, muzik\u00ebn e s\u00eb cil\u00ebs e ka shkruar ajo vet\u00eb.<br \/>\nK\u00ebnga e nd\u00ebrthurur me melodi popullore \u00ebsht\u00eb orkestruar nga Enis Presheva, nd\u00ebrsa vargjet jan\u00eb shkruar nga poeti Arben Duka, me t\u00eb cilin kk\u00ebng\u00ebtarja bashk\u00ebpunon shpesh p\u00ebr k\u00ebng\u00ebt e saj.<br \/>\nKy \u00ebsht\u00eb nga nga klipet q\u00eb Had\u00ebrgjonaj ka vendosur ta publikoj\u00eb k\u00ebt\u00eb sezon dim\u00ebror, nd\u00ebrsa \u00ebsht\u00eb duke punuar p\u00ebr p\u00ebrfundimin e albumit t\u00eb saj t\u00eb ri.<br \/>\nAlbumi p\u00ebrmban n\u00ebnt\u00eb k\u00ebng\u00eb t\u00eb rrymave t\u00eb ndryshme si; R&amp;B, pop, turbo folk, etj. P\u00ebr realizimin e tij ajo ka bashk\u00ebpunuar me kompozitor\u00eb si; Enis Presheva, Luan Zhegu, Flori Mumajesi, nd\u00ebrsa dy krijime jan\u00eb t\u00eb vet\u00eb asaj, nj\u00ebra prej t\u00eb cilave \u00ebsht\u00eb k\u00ebnga \u201cTani me tjet\u00ebrn je\u201d. Vargjet e k\u00ebng\u00ebve q\u00eb do t\u00eb p\u00ebrfshihen n\u00eb albumin e saj jan\u00eb shkruar nga; Arben Duka, Big Basta, Zhuliana Jorganxhi.<br \/>\nShum\u00eb shpejt ajo do t\u00eb publikoj\u00eb k\u00ebt\u00eb album t\u00eb shoq\u00ebruar me nj\u00eb set t\u00eb ri fotografish t\u00eb realizuara nga mbesa e saj fotografe, Argjentina Ramosaj. Nd\u00ebrkoh\u00eb q\u00eb ajo sapo ka p\u00ebrfunduar nj\u00eb tur koncertetsh n\u00ebp\u00ebr Kosov\u00eb ku ishte angazhuar n\u00eb koncertet e fushat\u00ebs zgjedhore.<br \/>\nEdhe pse Alb\u00ebrie udh\u00ebton shum\u00eb n\u00eb diaspor\u00eb p\u00ebr koncerte, dhe origjina e saj \u00ebsht\u00eb nga Kosova, k\u00ebng\u00ebtarja e cila karrierr\u00ebn e saj e ka zhvilluar n\u00eb Tiran\u00eb, ka vendosur si vendq\u00ebndrim t\u00eb p\u00ebrhersh\u00ebm Tiran\u00ebn ku jeton me bashk\u00ebshortin dhe dy vajzat e saj tashm\u00eb t\u00eb rritura, Agnes\u00ebn dhe Angjelin\u00ebn.<\/p>\n<p><strong>Panorama<\/strong><\/p>\n<p><strong><\/p>\n<p><\/strong><\/p>\n<p><!--YouTube Error: bad URL entered--><strong><br \/>\n<\/strong><\/p>\n","protected":false},"excerpt":{"rendered":"<p>Alb\u00ebrie Had\u00ebrgjonaj ka mbyllur sezonin intensiv t\u00eb koncerteve, nd\u00ebrsa k\u00ebto dit\u00eb \u00ebsht\u00eb agazhuar p\u00ebr xhirimet e nj\u00eb klipi shum\u00eb t\u00eb ve\u00e7ant\u00eb n\u00eb karrier\u00ebn e saj muzikore. B\u00ebhet fjal\u00eb p\u00ebr klipin e k\u00ebng\u00ebs \u201cTani me tjetr\u00ebn je\u201d, nj\u00eb balad\u00eb e bukur, muzik\u00ebn e s\u00eb cil\u00ebs e ka shkruar ajo vet\u00eb. K\u00ebnga e nd\u00ebrthurur me melodi popullore [&hellip;]<\/p>\n","protected":false},"author":1,"featured_media":0,"comment_status":"open","ping_status":"closed","sticky":false,"template":"","format":"standard","meta":{"spay_email":"","jetpack_publicize_message":"","jetpack_is_tweetstorm":false,"jetpack_publicize_feature_enabled":true},"categories":[1],"tags":[4567],"jetpack_publicize_connections":[],"yoast_head":"<!-- This site is optimized with the Yoast SEO plugin v19.1 - https:\/\/yoast.com\/wordpress\/plugins\/seo\/ -->\n<title>Alberie Hadergjonaj klip p\u00ebr k\u00ebng\u00ebn q\u00eb e ka shkruar vet\u00eb, \u201cTani me tjetr\u00ebn je\u201d - Lajme nga Ulqini<\/title>\n<meta name=\"description\" content=\"Alb\u00ebrie Had\u00ebrgjonaj ka mbyllur sezonin intensiv t\u00eb koncerteve, nd\u00ebrsa k\u00ebto dit\u00eb \u00ebsht\u00eb agazhuar p\u00ebr xhirimet e nj\u00eb klipi shum\u00eb t\u00eb ve\u00e7ant\u00eb n\u00eb karrier\u00ebn e\" \/>\n<meta name=\"robots\" content=\"index, follow, max-snippet:-1, max-image-preview:large, max-video-preview:-1\" \/>\n<link rel=\"canonical\" href=\"https:\/\/www.visit-ulcinj.com\/blog\/2009\/12\/15\/alberie-hadergjonaj-klip-per-kengen-qe-e-ka-shkruar-vete-\u201ctani-me-tjetren-je\u201d\/\" \/>\n<meta property=\"og:locale\" content=\"en_US\" \/>\n<meta property=\"og:type\" content=\"article\" \/>\n<meta property=\"og:title\" content=\"Alberie Hadergjonaj klip p\u00ebr k\u00ebng\u00ebn q\u00eb e ka shkruar vet\u00eb, \u201cTani me tjetr\u00ebn je\u201d - Lajme nga Ulqini\" \/>\n<meta property=\"og:description\" content=\"Alb\u00ebrie Had\u00ebrgjonaj ka mbyllur sezonin intensiv t\u00eb koncerteve, nd\u00ebrsa k\u00ebto dit\u00eb \u00ebsht\u00eb agazhuar p\u00ebr xhirimet e nj\u00eb klipi shum\u00eb t\u00eb ve\u00e7ant\u00eb n\u00eb karrier\u00ebn e\" \/>\n<meta property=\"og:url\" content=\"https:\/\/www.visit-ulcinj.com\/blog\/2009\/12\/15\/alberie-hadergjonaj-klip-per-kengen-qe-e-ka-shkruar-vete-\u201ctani-me-tjetren-je\u201d\/\" \/>\n<meta property=\"og:site_name\" content=\"Lajme nga Ulqini\" \/>\n<meta property=\"article:published_time\" content=\"2009-12-15T19:33:31+00:00\" \/>\n<meta property=\"og:image\" content=\"https:\/\/www.visit-ulcinj.com\/blog\/wp-content\/uploads\/2009\/12\/Alberie-Hadergjonaj.6-150x150.jpg\" \/>\n<meta name=\"twitter:label1\" content=\"Written by\" \/>\n\t<meta name=\"twitter:data1\" content=\"ulqini\" \/>\n\t<meta name=\"twitter:label2\" content=\"Est. reading time\" \/>\n\t<meta name=\"twitter:data2\" content=\"2 minutes\" \/>\n<script type=\"application\/ld+json\" class=\"yoast-schema-graph\">{\"@context\":\"https:\/\/schema.org\",\"@graph\":[{\"@type\":\"WebSite\",\"@id\":\"https:\/\/www.visit-ulcinj.com\/blog\/#website\",\"url\":\"https:\/\/www.visit-ulcinj.com\/blog\/\",\"name\":\"Lajme nga Ulqini\",\"description\":\"Lajme,Vijesti,Ulqini,Ulqin,Crna Gora,Mali i Zi\",\"potentialAction\":[{\"@type\":\"SearchAction\",\"target\":{\"@type\":\"EntryPoint\",\"urlTemplate\":\"https:\/\/www.visit-ulcinj.com\/blog\/?s={search_term_string}\"},\"query-input\":\"required name=search_term_string\"}],\"inLanguage\":\"en-US\"},{\"@type\":\"ImageObject\",\"inLanguage\":\"en-US\",\"@id\":\"https:\/\/www.visit-ulcinj.com\/blog\/2009\/12\/15\/alberie-hadergjonaj-klip-per-kengen-qe-e-ka-shkruar-vete-%e2%80%9ctani-me-tjetren-je%e2%80%9d\/#primaryimage\",\"url\":\"http:\/\/www.visit-ulcinj.com\/blog\/wp-content\/uploads\/2009\/12\/Alberie-Hadergjonaj.6.jpg\",\"contentUrl\":\"http:\/\/www.visit-ulcinj.com\/blog\/wp-content\/uploads\/2009\/12\/Alberie-Hadergjonaj.6.jpg\"},{\"@type\":\"WebPage\",\"@id\":\"https:\/\/www.visit-ulcinj.com\/blog\/2009\/12\/15\/alberie-hadergjonaj-klip-per-kengen-qe-e-ka-shkruar-vete-%e2%80%9ctani-me-tjetren-je%e2%80%9d\/#webpage\",\"url\":\"https:\/\/www.visit-ulcinj.com\/blog\/2009\/12\/15\/alberie-hadergjonaj-klip-per-kengen-qe-e-ka-shkruar-vete-%e2%80%9ctani-me-tjetren-je%e2%80%9d\/\",\"name\":\"Alberie Hadergjonaj klip p\u00ebr k\u00ebng\u00ebn q\u00eb e ka shkruar vet\u00eb, \u201cTani me tjetr\u00ebn je\u201d - Lajme nga Ulqini\",\"isPartOf\":{\"@id\":\"https:\/\/www.visit-ulcinj.com\/blog\/#website\"},\"primaryImageOfPage\":{\"@id\":\"https:\/\/www.visit-ulcinj.com\/blog\/2009\/12\/15\/alberie-hadergjonaj-klip-per-kengen-qe-e-ka-shkruar-vete-%e2%80%9ctani-me-tjetren-je%e2%80%9d\/#primaryimage\"},\"datePublished\":\"2009-12-15T19:33:31+00:00\",\"dateModified\":\"2009-12-15T19:33:31+00:00\",\"author\":{\"@id\":\"https:\/\/www.visit-ulcinj.com\/blog\/#\/schema\/person\/dcab619c614d3038751c63bc2aadc06d\"},\"description\":\"Alb\u00ebrie Had\u00ebrgjonaj ka mbyllur sezonin intensiv t\u00eb koncerteve, nd\u00ebrsa k\u00ebto dit\u00eb \u00ebsht\u00eb agazhuar p\u00ebr xhirimet e nj\u00eb klipi shum\u00eb t\u00eb ve\u00e7ant\u00eb n\u00eb karrier\u00ebn e\",\"breadcrumb\":{\"@id\":\"https:\/\/www.visit-ulcinj.com\/blog\/2009\/12\/15\/alberie-hadergjonaj-klip-per-kengen-qe-e-ka-shkruar-vete-%e2%80%9ctani-me-tjetren-je%e2%80%9d\/#breadcrumb\"},\"inLanguage\":\"en-US\",\"potentialAction\":[{\"@type\":\"ReadAction\",\"target\":[\"https:\/\/www.visit-ulcinj.com\/blog\/2009\/12\/15\/alberie-hadergjonaj-klip-per-kengen-qe-e-ka-shkruar-vete-%e2%80%9ctani-me-tjetren-je%e2%80%9d\/\"]}]},{\"@type\":\"BreadcrumbList\",\"@id\":\"https:\/\/www.visit-ulcinj.com\/blog\/2009\/12\/15\/alberie-hadergjonaj-klip-per-kengen-qe-e-ka-shkruar-vete-%e2%80%9ctani-me-tjetren-je%e2%80%9d\/#breadcrumb\",\"itemListElement\":[{\"@type\":\"ListItem\",\"position\":1,\"name\":\"Alberie Hadergjonaj klip p\u00ebr k\u00ebng\u00ebn q\u00eb e ka shkruar vet\u00eb, \u201cTani me tjetr\u00ebn je\u201d\"}]},{\"@type\":\"Person\",\"@id\":\"https:\/\/www.visit-ulcinj.com\/blog\/#\/schema\/person\/dcab619c614d3038751c63bc2aadc06d\",\"name\":\"ulqini\",\"sameAs\":[\"http:\/\/www.visit-ulcinj.com\"],\"url\":\"https:\/\/www.visit-ulcinj.com\/blog\/author\/admin\/\"}]}<\/script>\n<!-- \/ Yoast SEO plugin. -->","yoast_head_json":{"title":"Alberie Hadergjonaj klip p\u00ebr k\u00ebng\u00ebn q\u00eb e ka shkruar vet\u00eb, \u201cTani me tjetr\u00ebn je\u201d - Lajme nga Ulqini","description":"Alb\u00ebrie Had\u00ebrgjonaj ka mbyllur sezonin intensiv t\u00eb koncerteve, nd\u00ebrsa k\u00ebto dit\u00eb \u00ebsht\u00eb agazhuar p\u00ebr xhirimet e nj\u00eb klipi shum\u00eb t\u00eb ve\u00e7ant\u00eb n\u00eb karrier\u00ebn e","robots":{"index":"index","follow":"follow","max-snippet":"max-snippet:-1","max-image-preview":"max-image-preview:large","max-video-preview":"max-video-preview:-1"},"canonical":"https:\/\/www.visit-ulcinj.com\/blog\/2009\/12\/15\/alberie-hadergjonaj-klip-per-kengen-qe-e-ka-shkruar-vete-\u201ctani-me-tjetren-je\u201d\/","og_locale":"en_US","og_type":"article","og_title":"Alberie Hadergjonaj klip p\u00ebr k\u00ebng\u00ebn q\u00eb e ka shkruar vet\u00eb, \u201cTani me tjetr\u00ebn je\u201d - Lajme nga Ulqini","og_description":"Alb\u00ebrie Had\u00ebrgjonaj ka mbyllur sezonin intensiv t\u00eb koncerteve, nd\u00ebrsa k\u00ebto dit\u00eb \u00ebsht\u00eb agazhuar p\u00ebr xhirimet e nj\u00eb klipi shum\u00eb t\u00eb ve\u00e7ant\u00eb n\u00eb karrier\u00ebn e","og_url":"https:\/\/www.visit-ulcinj.com\/blog\/2009\/12\/15\/alberie-hadergjonaj-klip-per-kengen-qe-e-ka-shkruar-vete-\u201ctani-me-tjetren-je\u201d\/","og_site_name":"Lajme nga Ulqini","article_published_time":"2009-12-15T19:33:31+00:00","og_image":[{"url":"https:\/\/www.visit-ulcinj.com\/blog\/wp-content\/uploads\/2009\/12\/Alberie-Hadergjonaj.6-150x150.jpg"}],"twitter_misc":{"Written by":"ulqini","Est. reading time":"2 minutes"},"schema":{"@context":"https:\/\/schema.org","@graph":[{"@type":"WebSite","@id":"https:\/\/www.visit-ulcinj.com\/blog\/#website","url":"https:\/\/www.visit-ulcinj.com\/blog\/","name":"Lajme nga Ulqini","description":"Lajme,Vijesti,Ulqini,Ulqin,Crna Gora,Mali i Zi","potentialAction":[{"@type":"SearchAction","target":{"@type":"EntryPoint","urlTemplate":"https:\/\/www.visit-ulcinj.com\/blog\/?s={search_term_string}"},"query-input":"required name=search_term_string"}],"inLanguage":"en-US"},{"@type":"ImageObject","inLanguage":"en-US","@id":"https:\/\/www.visit-ulcinj.com\/blog\/2009\/12\/15\/alberie-hadergjonaj-klip-per-kengen-qe-e-ka-shkruar-vete-%e2%80%9ctani-me-tjetren-je%e2%80%9d\/#primaryimage","url":"http:\/\/www.visit-ulcinj.com\/blog\/wp-content\/uploads\/2009\/12\/Alberie-Hadergjonaj.6.jpg","contentUrl":"http:\/\/www.visit-ulcinj.com\/blog\/wp-content\/uploads\/2009\/12\/Alberie-Hadergjonaj.6.jpg"},{"@type":"WebPage","@id":"https:\/\/www.visit-ulcinj.com\/blog\/2009\/12\/15\/alberie-hadergjonaj-klip-per-kengen-qe-e-ka-shkruar-vete-%e2%80%9ctani-me-tjetren-je%e2%80%9d\/#webpage","url":"https:\/\/www.visit-ulcinj.com\/blog\/2009\/12\/15\/alberie-hadergjonaj-klip-per-kengen-qe-e-ka-shkruar-vete-%e2%80%9ctani-me-tjetren-je%e2%80%9d\/","name":"Alberie Hadergjonaj klip p\u00ebr k\u00ebng\u00ebn q\u00eb e ka shkruar vet\u00eb, \u201cTani me tjetr\u00ebn je\u201d - Lajme nga Ulqini","isPartOf":{"@id":"https:\/\/www.visit-ulcinj.com\/blog\/#website"},"primaryImageOfPage":{"@id":"https:\/\/www.visit-ulcinj.com\/blog\/2009\/12\/15\/alberie-hadergjonaj-klip-per-kengen-qe-e-ka-shkruar-vete-%e2%80%9ctani-me-tjetren-je%e2%80%9d\/#primaryimage"},"datePublished":"2009-12-15T19:33:31+00:00","dateModified":"2009-12-15T19:33:31+00:00","author":{"@id":"https:\/\/www.visit-ulcinj.com\/blog\/#\/schema\/person\/dcab619c614d3038751c63bc2aadc06d"},"description":"Alb\u00ebrie Had\u00ebrgjonaj ka mbyllur sezonin intensiv t\u00eb koncerteve, nd\u00ebrsa k\u00ebto dit\u00eb \u00ebsht\u00eb agazhuar p\u00ebr xhirimet e nj\u00eb klipi shum\u00eb t\u00eb ve\u00e7ant\u00eb n\u00eb karrier\u00ebn e","breadcrumb":{"@id":"https:\/\/www.visit-ulcinj.com\/blog\/2009\/12\/15\/alberie-hadergjonaj-klip-per-kengen-qe-e-ka-shkruar-vete-%e2%80%9ctani-me-tjetren-je%e2%80%9d\/#breadcrumb"},"inLanguage":"en-US","potentialAction":[{"@type":"ReadAction","target":["https:\/\/www.visit-ulcinj.com\/blog\/2009\/12\/15\/alberie-hadergjonaj-klip-per-kengen-qe-e-ka-shkruar-vete-%e2%80%9ctani-me-tjetren-je%e2%80%9d\/"]}]},{"@type":"BreadcrumbList","@id":"https:\/\/www.visit-ulcinj.com\/blog\/2009\/12\/15\/alberie-hadergjonaj-klip-per-kengen-qe-e-ka-shkruar-vete-%e2%80%9ctani-me-tjetren-je%e2%80%9d\/#breadcrumb","itemListElement":[{"@type":"ListItem","position":1,"name":"Alberie Hadergjonaj klip p\u00ebr k\u00ebng\u00ebn q\u00eb e ka shkruar vet\u00eb, \u201cTani me tjetr\u00ebn je\u201d"}]},{"@type":"Person","@id":"https:\/\/www.visit-ulcinj.com\/blog\/#\/schema\/person\/dcab619c614d3038751c63bc2aadc06d","name":"ulqini","sameAs":["http:\/\/www.visit-ulcinj.com"],"url":"https:\/\/www.visit-ulcinj.com\/blog\/author\/admin\/"}]}},"jetpack_featured_media_url":"","jetpack_sharing_enabled":true,"jetpack_shortlink":"https:\/\/wp.me\/pe6lTn-7ld","_links":{"self":[{"href":"https:\/\/www.visit-ulcinj.com\/blog\/wp-json\/wp\/v2\/posts\/28223"}],"collection":[{"href":"https:\/\/www.visit-ulcinj.com\/blog\/wp-json\/wp\/v2\/posts"}],"about":[{"href":"https:\/\/www.visit-ulcinj.com\/blog\/wp-json\/wp\/v2\/types\/post"}],"author":[{"embeddable":true,"href":"https:\/\/www.visit-ulcinj.com\/blog\/wp-json\/wp\/v2\/users\/1"}],"replies":[{"embeddable":true,"href":"https:\/\/www.visit-ulcinj.com\/blog\/wp-json\/wp\/v2\/comments?post=28223"}],"version-history":[{"count":0,"href":"https:\/\/www.visit-ulcinj.com\/blog\/wp-json\/wp\/v2\/posts\/28223\/revisions"}],"wp:attachment":[{"href":"https:\/\/www.visit-ulcinj.com\/blog\/wp-json\/wp\/v2\/media?parent=28223"}],"wp:term":[{"taxonomy":"category","embeddable":true,"href":"https:\/\/www.visit-ulcinj.com\/blog\/wp-json\/wp\/v2\/categories?post=28223"},{"taxonomy":"post_tag","embeddable":true,"href":"https:\/\/www.visit-ulcinj.com\/blog\/wp-json\/wp\/v2\/tags?post=28223"}],"curies":[{"name":"wp","href":"https:\/\/api.w.org\/{rel}","templated":true}]}}