{"id":28235,"date":"2009-12-15T21:58:04","date_gmt":"2009-12-15T19:58:04","guid":{"rendered":"http:\/\/www.visit-ulcinj.com\/blog\/?p=28235"},"modified":"2009-12-15T21:58:04","modified_gmt":"2009-12-15T19:58:04","slug":"kapet-serish-me-kopje-genta-ismajli","status":"publish","type":"post","link":"https:\/\/www.visit-ulcinj.com\/blog\/2009\/12\/15\/kapet-serish-me-kopje-genta-ismajli\/","title":{"rendered":"Kapet s\u00ebrish me kopje Genta Ismajli"},"content":{"rendered":"<p><a href=\"http:\/\/www.visit-ulcinj.com\/blog\/wp-content\/uploads\/2009\/12\/Kapet-s\u00ebrish-me-kopje-Genta-Ismajli.jpg\"><img loading=\"lazy\" class=\"alignleft size-full wp-image-28236\" title=\"Kapet s\u00ebrish me kopje Genta Ismajli\" src=\"http:\/\/www.visit-ulcinj.com\/blog\/wp-content\/uploads\/2009\/12\/Kapet-s\u00ebrish-me-kopje-Genta-Ismajli.jpg\" alt=\"Kapet s\u00ebrish me kopje Genta Ismajli\" width=\"580\" height=\"370\" \/><\/a>N\u00eb momentin q\u00eb u shfaq n\u00eb ekran k\u00ebnga e re \u201cSi Panter\u00eb\u201d, e Genta Ismajlit, ajo u komentua se imazhet ishin t\u00eb vjedhura nga Jennifer Lopez, por 3 muaj m\u00eb pas rezulton se edhe k\u00ebnga \u00ebsht\u00eb e kopjuar. Dit\u00ebt e fundit \u00ebsht\u00eb zbuluar se e gjith\u00eb k\u00ebnga e Genta Ismajlit \u00ebsht\u00eb plagjiatur\u00eb nga nj\u00eb k\u00ebng\u00ebtare armene. Ndoshta i gjith\u00eb faji \u00ebsht\u00eb i Virusit, kompozitor i k\u00ebng\u00ebs, i cili ka vjedhur k\u00ebng\u00ebn nga artistja armene, Silva Hakobyan. Versioni origjinal i k\u00ebng\u00ebs titullohet \u201cI like\u201d dhe ka qen\u00eb fituese e edicionit t\u00eb vitit 2006 t\u00eb BBC Music Awards, nd\u00ebrsa k\u00ebng\u00ebtarja kosovare \u00ebsht\u00eb mjaftuar vet\u00ebm duke i vendosur nj\u00eb tekst n\u00eb shqip.<br \/>\n<strong><br \/>\nBluetooth<\/strong><\/p>\n<p><strong>Silva Hakobyan I like<\/strong><br \/>\n<!--YouTube Error: bad URL entered--><\/p>\n<p><strong>Genta Ismajli<br \/>\n<\/strong><!--YouTube Error: bad URL entered--><\/p>\n","protected":false},"excerpt":{"rendered":"<p>N\u00eb momentin q\u00eb u shfaq n\u00eb ekran k\u00ebnga e re \u201cSi Panter\u00eb\u201d, e Genta Ismajlit, ajo u komentua se imazhet ishin t\u00eb vjedhura nga Jennifer Lopez, por 3 muaj m\u00eb pas rezulton se edhe k\u00ebnga \u00ebsht\u00eb e kopjuar. Dit\u00ebt e fundit \u00ebsht\u00eb zbuluar se e gjith\u00eb k\u00ebnga e Genta Ismajlit \u00ebsht\u00eb plagjiatur\u00eb nga nj\u00eb k\u00ebng\u00ebtare [&hellip;]<\/p>\n","protected":false},"author":1,"featured_media":0,"comment_status":"open","ping_status":"closed","sticky":false,"template":"","format":"standard","meta":{"spay_email":"","jetpack_publicize_message":"","jetpack_is_tweetstorm":false,"jetpack_publicize_feature_enabled":true},"categories":[1],"tags":[323],"jetpack_publicize_connections":[],"yoast_head":"<!-- This site is optimized with the Yoast SEO plugin v19.1 - https:\/\/yoast.com\/wordpress\/plugins\/seo\/ -->\n<title>Kapet s\u00ebrish me kopje Genta Ismajli - Lajme nga Ulqini<\/title>\n<meta name=\"description\" content=\"N\u00eb momentin q\u00eb u shfaq n\u00eb ekran k\u00ebnga e re \u201cSi Panter\u00eb\u201d, e Genta Ismajlit, ajo u komentua se imazhet ishin t\u00eb vjedhura nga Jennifer Lopez, por 3 muaj m\u00eb\" \/>\n<meta name=\"robots\" content=\"index, follow, max-snippet:-1, max-image-preview:large, max-video-preview:-1\" \/>\n<link rel=\"canonical\" href=\"https:\/\/www.visit-ulcinj.com\/blog\/2009\/12\/15\/kapet-serish-me-kopje-genta-ismajli\/\" \/>\n<meta property=\"og:locale\" content=\"en_US\" \/>\n<meta property=\"og:type\" content=\"article\" \/>\n<meta property=\"og:title\" content=\"Kapet s\u00ebrish me kopje Genta Ismajli - Lajme nga Ulqini\" \/>\n<meta property=\"og:description\" content=\"N\u00eb momentin q\u00eb u shfaq n\u00eb ekran k\u00ebnga e re \u201cSi Panter\u00eb\u201d, e Genta Ismajlit, ajo u komentua se imazhet ishin t\u00eb vjedhura nga Jennifer Lopez, por 3 muaj m\u00eb\" \/>\n<meta property=\"og:url\" content=\"https:\/\/www.visit-ulcinj.com\/blog\/2009\/12\/15\/kapet-serish-me-kopje-genta-ismajli\/\" \/>\n<meta property=\"og:site_name\" content=\"Lajme nga Ulqini\" \/>\n<meta property=\"article:published_time\" content=\"2009-12-15T19:58:04+00:00\" \/>\n<meta name=\"twitter:label1\" content=\"Written by\" \/>\n\t<meta name=\"twitter:data1\" content=\"ulqini\" \/>\n\t<meta name=\"twitter:label2\" content=\"Est. reading time\" \/>\n\t<meta name=\"twitter:data2\" content=\"1 minute\" \/>\n<script type=\"application\/ld+json\" class=\"yoast-schema-graph\">{\"@context\":\"https:\/\/schema.org\",\"@graph\":[{\"@type\":\"WebSite\",\"@id\":\"https:\/\/www.visit-ulcinj.com\/blog\/#website\",\"url\":\"https:\/\/www.visit-ulcinj.com\/blog\/\",\"name\":\"Lajme nga Ulqini\",\"description\":\"Lajme,Vijesti,Ulqini,Ulqin,Crna Gora,Mali i Zi\",\"potentialAction\":[{\"@type\":\"SearchAction\",\"target\":{\"@type\":\"EntryPoint\",\"urlTemplate\":\"https:\/\/www.visit-ulcinj.com\/blog\/?s={search_term_string}\"},\"query-input\":\"required name=search_term_string\"}],\"inLanguage\":\"en-US\"},{\"@type\":\"WebPage\",\"@id\":\"https:\/\/www.visit-ulcinj.com\/blog\/2009\/12\/15\/kapet-serish-me-kopje-genta-ismajli\/#webpage\",\"url\":\"https:\/\/www.visit-ulcinj.com\/blog\/2009\/12\/15\/kapet-serish-me-kopje-genta-ismajli\/\",\"name\":\"Kapet s\u00ebrish me kopje Genta Ismajli - Lajme nga Ulqini\",\"isPartOf\":{\"@id\":\"https:\/\/www.visit-ulcinj.com\/blog\/#website\"},\"datePublished\":\"2009-12-15T19:58:04+00:00\",\"dateModified\":\"2009-12-15T19:58:04+00:00\",\"author\":{\"@id\":\"https:\/\/www.visit-ulcinj.com\/blog\/#\/schema\/person\/dcab619c614d3038751c63bc2aadc06d\"},\"description\":\"N\u00eb momentin q\u00eb u shfaq n\u00eb ekran k\u00ebnga e re \u201cSi Panter\u00eb\u201d, e Genta Ismajlit, ajo u komentua se imazhet ishin t\u00eb vjedhura nga Jennifer Lopez, por 3 muaj m\u00eb\",\"breadcrumb\":{\"@id\":\"https:\/\/www.visit-ulcinj.com\/blog\/2009\/12\/15\/kapet-serish-me-kopje-genta-ismajli\/#breadcrumb\"},\"inLanguage\":\"en-US\",\"potentialAction\":[{\"@type\":\"ReadAction\",\"target\":[\"https:\/\/www.visit-ulcinj.com\/blog\/2009\/12\/15\/kapet-serish-me-kopje-genta-ismajli\/\"]}]},{\"@type\":\"BreadcrumbList\",\"@id\":\"https:\/\/www.visit-ulcinj.com\/blog\/2009\/12\/15\/kapet-serish-me-kopje-genta-ismajli\/#breadcrumb\",\"itemListElement\":[{\"@type\":\"ListItem\",\"position\":1,\"name\":\"Kapet s\u00ebrish me kopje Genta Ismajli\"}]},{\"@type\":\"Person\",\"@id\":\"https:\/\/www.visit-ulcinj.com\/blog\/#\/schema\/person\/dcab619c614d3038751c63bc2aadc06d\",\"name\":\"ulqini\",\"sameAs\":[\"http:\/\/www.visit-ulcinj.com\"],\"url\":\"https:\/\/www.visit-ulcinj.com\/blog\/author\/admin\/\"}]}<\/script>\n<!-- \/ Yoast SEO plugin. -->","yoast_head_json":{"title":"Kapet s\u00ebrish me kopje Genta Ismajli - Lajme nga Ulqini","description":"N\u00eb momentin q\u00eb u shfaq n\u00eb ekran k\u00ebnga e re \u201cSi Panter\u00eb\u201d, e Genta Ismajlit, ajo u komentua se imazhet ishin t\u00eb vjedhura nga Jennifer Lopez, por 3 muaj m\u00eb","robots":{"index":"index","follow":"follow","max-snippet":"max-snippet:-1","max-image-preview":"max-image-preview:large","max-video-preview":"max-video-preview:-1"},"canonical":"https:\/\/www.visit-ulcinj.com\/blog\/2009\/12\/15\/kapet-serish-me-kopje-genta-ismajli\/","og_locale":"en_US","og_type":"article","og_title":"Kapet s\u00ebrish me kopje Genta Ismajli - Lajme nga Ulqini","og_description":"N\u00eb momentin q\u00eb u shfaq n\u00eb ekran k\u00ebnga e re \u201cSi Panter\u00eb\u201d, e Genta Ismajlit, ajo u komentua se imazhet ishin t\u00eb vjedhura nga Jennifer Lopez, por 3 muaj m\u00eb","og_url":"https:\/\/www.visit-ulcinj.com\/blog\/2009\/12\/15\/kapet-serish-me-kopje-genta-ismajli\/","og_site_name":"Lajme nga Ulqini","article_published_time":"2009-12-15T19:58:04+00:00","twitter_misc":{"Written by":"ulqini","Est. reading time":"1 minute"},"schema":{"@context":"https:\/\/schema.org","@graph":[{"@type":"WebSite","@id":"https:\/\/www.visit-ulcinj.com\/blog\/#website","url":"https:\/\/www.visit-ulcinj.com\/blog\/","name":"Lajme nga Ulqini","description":"Lajme,Vijesti,Ulqini,Ulqin,Crna Gora,Mali i Zi","potentialAction":[{"@type":"SearchAction","target":{"@type":"EntryPoint","urlTemplate":"https:\/\/www.visit-ulcinj.com\/blog\/?s={search_term_string}"},"query-input":"required name=search_term_string"}],"inLanguage":"en-US"},{"@type":"WebPage","@id":"https:\/\/www.visit-ulcinj.com\/blog\/2009\/12\/15\/kapet-serish-me-kopje-genta-ismajli\/#webpage","url":"https:\/\/www.visit-ulcinj.com\/blog\/2009\/12\/15\/kapet-serish-me-kopje-genta-ismajli\/","name":"Kapet s\u00ebrish me kopje Genta Ismajli - Lajme nga Ulqini","isPartOf":{"@id":"https:\/\/www.visit-ulcinj.com\/blog\/#website"},"datePublished":"2009-12-15T19:58:04+00:00","dateModified":"2009-12-15T19:58:04+00:00","author":{"@id":"https:\/\/www.visit-ulcinj.com\/blog\/#\/schema\/person\/dcab619c614d3038751c63bc2aadc06d"},"description":"N\u00eb momentin q\u00eb u shfaq n\u00eb ekran k\u00ebnga e re \u201cSi Panter\u00eb\u201d, e Genta Ismajlit, ajo u komentua se imazhet ishin t\u00eb vjedhura nga Jennifer Lopez, por 3 muaj m\u00eb","breadcrumb":{"@id":"https:\/\/www.visit-ulcinj.com\/blog\/2009\/12\/15\/kapet-serish-me-kopje-genta-ismajli\/#breadcrumb"},"inLanguage":"en-US","potentialAction":[{"@type":"ReadAction","target":["https:\/\/www.visit-ulcinj.com\/blog\/2009\/12\/15\/kapet-serish-me-kopje-genta-ismajli\/"]}]},{"@type":"BreadcrumbList","@id":"https:\/\/www.visit-ulcinj.com\/blog\/2009\/12\/15\/kapet-serish-me-kopje-genta-ismajli\/#breadcrumb","itemListElement":[{"@type":"ListItem","position":1,"name":"Kapet s\u00ebrish me kopje Genta Ismajli"}]},{"@type":"Person","@id":"https:\/\/www.visit-ulcinj.com\/blog\/#\/schema\/person\/dcab619c614d3038751c63bc2aadc06d","name":"ulqini","sameAs":["http:\/\/www.visit-ulcinj.com"],"url":"https:\/\/www.visit-ulcinj.com\/blog\/author\/admin\/"}]}},"jetpack_featured_media_url":"","jetpack_sharing_enabled":true,"jetpack_shortlink":"https:\/\/wp.me\/pe6lTn-7lp","_links":{"self":[{"href":"https:\/\/www.visit-ulcinj.com\/blog\/wp-json\/wp\/v2\/posts\/28235"}],"collection":[{"href":"https:\/\/www.visit-ulcinj.com\/blog\/wp-json\/wp\/v2\/posts"}],"about":[{"href":"https:\/\/www.visit-ulcinj.com\/blog\/wp-json\/wp\/v2\/types\/post"}],"author":[{"embeddable":true,"href":"https:\/\/www.visit-ulcinj.com\/blog\/wp-json\/wp\/v2\/users\/1"}],"replies":[{"embeddable":true,"href":"https:\/\/www.visit-ulcinj.com\/blog\/wp-json\/wp\/v2\/comments?post=28235"}],"version-history":[{"count":0,"href":"https:\/\/www.visit-ulcinj.com\/blog\/wp-json\/wp\/v2\/posts\/28235\/revisions"}],"wp:attachment":[{"href":"https:\/\/www.visit-ulcinj.com\/blog\/wp-json\/wp\/v2\/media?parent=28235"}],"wp:term":[{"taxonomy":"category","embeddable":true,"href":"https:\/\/www.visit-ulcinj.com\/blog\/wp-json\/wp\/v2\/categories?post=28235"},{"taxonomy":"post_tag","embeddable":true,"href":"https:\/\/www.visit-ulcinj.com\/blog\/wp-json\/wp\/v2\/tags?post=28235"}],"curies":[{"name":"wp","href":"https:\/\/api.w.org\/{rel}","templated":true}]}}