{"id":28278,"date":"2009-12-16T19:02:29","date_gmt":"2009-12-16T17:02:29","guid":{"rendered":"http:\/\/www.visit-ulcinj.com\/blog\/?p=28278"},"modified":"2009-12-16T19:04:19","modified_gmt":"2009-12-16T17:04:19","slug":"qytetare-te-ulqinit-protestojne-kunder-tjetersimit-te-pronave-video","status":"publish","type":"post","link":"https:\/\/www.visit-ulcinj.com\/blog\/2009\/12\/16\/qytetare-te-ulqinit-protestojne-kunder-tjetersimit-te-pronave-video\/","title":{"rendered":"Qytetar\u00eb t\u00eb Ulqinit protestojn\u00eb kund\u00ebr tjet\u00ebrsimit t\u00eb pronave &#8211; Video"},"content":{"rendered":"<p><a href=\"http:\/\/www.visit-ulcinj.com\/blog\/wp-content\/uploads\/2009\/12\/protest-per-ktimin-e-Valdanosit_ulqin.jpg\"><img loading=\"lazy\" class=\"alignleft size-full wp-image-28279\" title=\"protest per ktimin e Valdanosit_ulqin\" src=\"http:\/\/www.visit-ulcinj.com\/blog\/wp-content\/uploads\/2009\/12\/protest-per-ktimin-e-Valdanosit_ulqin.jpg\" alt=\"protest per ktimin e Valdanosit_ulqin\" width=\"580\" height=\"350\" \/><\/a>Qytetar\u00ebt e Ulqinit protestuan kund\u00ebr tjet\u00ebrsimit t\u00eb pronave t\u00eb tyre nga qeveria e Malit t\u00eb Zi. Ata k\u00ebrkuan kthimin e pronave t\u00eb qytetar\u00ebve shqiptar\u00eb n\u00eb bregdetin e Valdanosit, nj\u00eb nga zonat m\u00eb t\u00eb bukura turistike n\u00eb Malin e Zi. Protestuesit u shpreh\u00ebn se me tjet\u00ebrsimin e pronave t\u00eb tyre, pushteti synon ndryshimin e raporteve etnike n\u00eb trevat shqiptare n\u00eb Republik\u00ebn e Malit te Zi.<\/p>\n<p><strong>P\u00ebllumb Sulo<br \/>\nVAO<\/strong><\/p>\n<p><strong>\n\t\t<style type=\"text\/css\">\n\t\t\t#gallery-1 {\n\t\t\t\tmargin: auto;\n\t\t\t}\n\t\t\t#gallery-1 .gallery-item {\n\t\t\t\tfloat: left;\n\t\t\t\tmargin-top: 10px;\n\t\t\t\ttext-align: center;\n\t\t\t\twidth: 33%;\n\t\t\t}\n\t\t\t#gallery-1 img {\n\t\t\t\tborder: 2px solid #cfcfcf;\n\t\t\t}\n\t\t\t#gallery-1 .gallery-caption {\n\t\t\t\tmargin-left: 0;\n\t\t\t}\n\t\t\t\/* see gallery_shortcode() in wp-includes\/media.php *\/\n\t\t<\/style>\n\t\t<div id='gallery-1' class='gallery galleryid-28278 gallery-columns-3 gallery-size-thumbnail'><dl class='gallery-item'>\n\t\t\t<dt class='gallery-icon landscape'>\n\t\t\t\t<a href='https:\/\/www.visit-ulcinj.com\/blog\/wp-content\/uploads\/2009\/12\/protest-per-ktimin-e-Valdanosit_ulqin.jpg'><img width=\"150\" height=\"150\" src=\"https:\/\/www.visit-ulcinj.com\/blog\/wp-content\/uploads\/2009\/12\/protest-per-ktimin-e-Valdanosit_ulqin-150x150.jpg\" class=\"attachment-thumbnail size-thumbnail\" alt=\"\" loading=\"lazy\" \/><\/a>\n\t\t\t<\/dt><\/dl><dl class='gallery-item'>\n\t\t\t<dt class='gallery-icon landscape'>\n\t\t\t\t<a href='https:\/\/www.visit-ulcinj.com\/blog\/wp-content\/uploads\/2009\/12\/protest-per-ktimin-e-Valdanosit_ulqin.1.jpg'><img width=\"150\" height=\"150\" src=\"https:\/\/www.visit-ulcinj.com\/blog\/wp-content\/uploads\/2009\/12\/protest-per-ktimin-e-Valdanosit_ulqin.1-150x150.jpg\" class=\"attachment-thumbnail size-thumbnail\" alt=\"\" loading=\"lazy\" \/><\/a>\n\t\t\t<\/dt><\/dl><dl class='gallery-item'>\n\t\t\t<dt class='gallery-icon landscape'>\n\t\t\t\t<a href='https:\/\/www.visit-ulcinj.com\/blog\/wp-content\/uploads\/2009\/12\/protest-per-ktimin-e-Valdanosit_ulqin.2.jpg'><img width=\"150\" height=\"150\" src=\"https:\/\/www.visit-ulcinj.com\/blog\/wp-content\/uploads\/2009\/12\/protest-per-ktimin-e-Valdanosit_ulqin.2-150x150.jpg\" class=\"attachment-thumbnail size-thumbnail\" alt=\"\" loading=\"lazy\" \/><\/a>\n\t\t\t<\/dt><\/dl><br style=\"clear: both\" \/><dl class='gallery-item'>\n\t\t\t<dt class='gallery-icon landscape'>\n\t\t\t\t<a href='https:\/\/www.visit-ulcinj.com\/blog\/wp-content\/uploads\/2009\/12\/protest-per-ktimin-e-Valdanosit_ulqin.3.jpg'><img width=\"150\" height=\"150\" src=\"https:\/\/www.visit-ulcinj.com\/blog\/wp-content\/uploads\/2009\/12\/protest-per-ktimin-e-Valdanosit_ulqin.3-150x150.jpg\" class=\"attachment-thumbnail size-thumbnail\" alt=\"\" loading=\"lazy\" \/><\/a>\n\t\t\t<\/dt><\/dl><dl class='gallery-item'>\n\t\t\t<dt class='gallery-icon landscape'>\n\t\t\t\t<a href='https:\/\/www.visit-ulcinj.com\/blog\/wp-content\/uploads\/2009\/12\/protest-per-ktimin-e-Valdanosit_ulqin.4.jpg'><img width=\"150\" height=\"150\" src=\"https:\/\/www.visit-ulcinj.com\/blog\/wp-content\/uploads\/2009\/12\/protest-per-ktimin-e-Valdanosit_ulqin.4-150x150.jpg\" class=\"attachment-thumbnail size-thumbnail\" alt=\"\" loading=\"lazy\" \/><\/a>\n\t\t\t<\/dt><\/dl><dl class='gallery-item'>\n\t\t\t<dt class='gallery-icon landscape'>\n\t\t\t\t<a href='https:\/\/www.visit-ulcinj.com\/blog\/wp-content\/uploads\/2009\/12\/protest-per-ktimin-e-Valdanosit_ulqin.5.jpg'><img width=\"150\" height=\"150\" src=\"https:\/\/www.visit-ulcinj.com\/blog\/wp-content\/uploads\/2009\/12\/protest-per-ktimin-e-Valdanosit_ulqin.5-150x150.jpg\" class=\"attachment-thumbnail size-thumbnail\" alt=\"\" loading=\"lazy\" \/><\/a>\n\t\t\t<\/dt><\/dl><br style=\"clear: both\" \/>\n\t\t<\/div>\n<\/p>\n<p><\/strong><\/p>\n<p><strong> <\/strong><\/p>\n<!--YouTube Error: bad URL entered-->\n","protected":false},"excerpt":{"rendered":"<p>Qytetar\u00ebt e Ulqinit protestuan kund\u00ebr tjet\u00ebrsimit t\u00eb pronave t\u00eb tyre nga qeveria e Malit t\u00eb Zi. Ata k\u00ebrkuan kthimin e pronave t\u00eb qytetar\u00ebve shqiptar\u00eb n\u00eb bregdetin e Valdanosit, nj\u00eb nga zonat m\u00eb t\u00eb bukura turistike n\u00eb Malin e Zi. Protestuesit u shpreh\u00ebn se me tjet\u00ebrsimin e pronave t\u00eb tyre, pushteti synon ndryshimin e raporteve etnike [&hellip;]<\/p>\n","protected":false},"author":1,"featured_media":0,"comment_status":"open","ping_status":"closed","sticky":false,"template":"","format":"standard","meta":{"spay_email":"","jetpack_publicize_message":"","jetpack_is_tweetstorm":false,"jetpack_publicize_feature_enabled":true},"categories":[1],"tags":[13011,13009,13010],"jetpack_publicize_connections":[],"yoast_head":"<!-- This site is optimized with the Yoast SEO plugin v19.1 - https:\/\/yoast.com\/wordpress\/plugins\/seo\/ -->\n<title>Qytetar\u00eb t\u00eb Ulqinit protestojn\u00eb kund\u00ebr tjet\u00ebrsimit t\u00eb pronave - Video - Lajme nga Ulqini<\/title>\n<meta name=\"description\" content=\"Qytetar\u00ebt e Ulqinit protestuan kund\u00ebr tjet\u00ebrsimit t\u00eb pronave t\u00eb tyre nga qeveria e Malit t\u00eb Zi. Ata k\u00ebrkuan kthimin e pronave t\u00eb qytetar\u00ebve shqiptar\u00eb n\u00eb\" \/>\n<meta name=\"robots\" content=\"index, follow, max-snippet:-1, max-image-preview:large, max-video-preview:-1\" \/>\n<link rel=\"canonical\" href=\"https:\/\/www.visit-ulcinj.com\/blog\/2009\/12\/16\/qytetare-te-ulqinit-protestojne-kunder-tjetersimit-te-pronave-video\/\" \/>\n<meta property=\"og:locale\" content=\"en_US\" \/>\n<meta property=\"og:type\" content=\"article\" \/>\n<meta property=\"og:title\" content=\"Qytetar\u00eb t\u00eb Ulqinit protestojn\u00eb kund\u00ebr tjet\u00ebrsimit t\u00eb pronave - Video - Lajme nga Ulqini\" \/>\n<meta property=\"og:description\" content=\"Qytetar\u00ebt e Ulqinit protestuan kund\u00ebr tjet\u00ebrsimit t\u00eb pronave t\u00eb tyre nga qeveria e Malit t\u00eb Zi. Ata k\u00ebrkuan kthimin e pronave t\u00eb qytetar\u00ebve shqiptar\u00eb n\u00eb\" \/>\n<meta property=\"og:url\" content=\"https:\/\/www.visit-ulcinj.com\/blog\/2009\/12\/16\/qytetare-te-ulqinit-protestojne-kunder-tjetersimit-te-pronave-video\/\" \/>\n<meta property=\"og:site_name\" content=\"Lajme nga Ulqini\" \/>\n<meta property=\"article:published_time\" content=\"2009-12-16T17:02:29+00:00\" \/>\n<meta property=\"article:modified_time\" content=\"2009-12-16T17:04:19+00:00\" \/>\n<meta property=\"og:image\" content=\"https:\/\/www.visit-ulcinj.com\/blog\/wp-content\/uploads\/2009\/12\/protest-per-ktimin-e-Valdanosit_ulqin-150x150.jpg\" \/>\n<meta name=\"twitter:label1\" content=\"Written by\" \/>\n\t<meta name=\"twitter:data1\" content=\"ulqini\" \/>\n<script type=\"application\/ld+json\" class=\"yoast-schema-graph\">{\"@context\":\"https:\/\/schema.org\",\"@graph\":[{\"@type\":\"WebSite\",\"@id\":\"https:\/\/www.visit-ulcinj.com\/blog\/#website\",\"url\":\"https:\/\/www.visit-ulcinj.com\/blog\/\",\"name\":\"Lajme nga Ulqini\",\"description\":\"Lajme,Vijesti,Ulqini,Ulqin,Crna Gora,Mali i Zi\",\"potentialAction\":[{\"@type\":\"SearchAction\",\"target\":{\"@type\":\"EntryPoint\",\"urlTemplate\":\"https:\/\/www.visit-ulcinj.com\/blog\/?s={search_term_string}\"},\"query-input\":\"required name=search_term_string\"}],\"inLanguage\":\"en-US\"},{\"@type\":\"ImageObject\",\"inLanguage\":\"en-US\",\"@id\":\"https:\/\/www.visit-ulcinj.com\/blog\/2009\/12\/16\/qytetare-te-ulqinit-protestojne-kunder-tjetersimit-te-pronave-video\/#primaryimage\",\"url\":\"https:\/\/www.visit-ulcinj.com\/blog\/wp-content\/uploads\/2009\/12\/protest-per-ktimin-e-Valdanosit_ulqin.jpg\",\"contentUrl\":\"https:\/\/www.visit-ulcinj.com\/blog\/wp-content\/uploads\/2009\/12\/protest-per-ktimin-e-Valdanosit_ulqin.jpg\",\"width\":\"533\",\"height\":\"315\"},{\"@type\":\"WebPage\",\"@id\":\"https:\/\/www.visit-ulcinj.com\/blog\/2009\/12\/16\/qytetare-te-ulqinit-protestojne-kunder-tjetersimit-te-pronave-video\/#webpage\",\"url\":\"https:\/\/www.visit-ulcinj.com\/blog\/2009\/12\/16\/qytetare-te-ulqinit-protestojne-kunder-tjetersimit-te-pronave-video\/\",\"name\":\"Qytetar\u00eb t\u00eb Ulqinit protestojn\u00eb kund\u00ebr tjet\u00ebrsimit t\u00eb pronave - Video - Lajme nga Ulqini\",\"isPartOf\":{\"@id\":\"https:\/\/www.visit-ulcinj.com\/blog\/#website\"},\"primaryImageOfPage\":{\"@id\":\"https:\/\/www.visit-ulcinj.com\/blog\/2009\/12\/16\/qytetare-te-ulqinit-protestojne-kunder-tjetersimit-te-pronave-video\/#primaryimage\"},\"datePublished\":\"2009-12-16T17:02:29+00:00\",\"dateModified\":\"2009-12-16T17:04:19+00:00\",\"author\":{\"@id\":\"https:\/\/www.visit-ulcinj.com\/blog\/#\/schema\/person\/dcab619c614d3038751c63bc2aadc06d\"},\"description\":\"Qytetar\u00ebt e Ulqinit protestuan kund\u00ebr tjet\u00ebrsimit t\u00eb pronave t\u00eb tyre nga qeveria e Malit t\u00eb Zi. Ata k\u00ebrkuan kthimin e pronave t\u00eb qytetar\u00ebve shqiptar\u00eb n\u00eb\",\"breadcrumb\":{\"@id\":\"https:\/\/www.visit-ulcinj.com\/blog\/2009\/12\/16\/qytetare-te-ulqinit-protestojne-kunder-tjetersimit-te-pronave-video\/#breadcrumb\"},\"inLanguage\":\"en-US\",\"potentialAction\":[{\"@type\":\"ReadAction\",\"target\":[\"https:\/\/www.visit-ulcinj.com\/blog\/2009\/12\/16\/qytetare-te-ulqinit-protestojne-kunder-tjetersimit-te-pronave-video\/\"]}]},{\"@type\":\"BreadcrumbList\",\"@id\":\"https:\/\/www.visit-ulcinj.com\/blog\/2009\/12\/16\/qytetare-te-ulqinit-protestojne-kunder-tjetersimit-te-pronave-video\/#breadcrumb\",\"itemListElement\":[{\"@type\":\"ListItem\",\"position\":1,\"name\":\"Qytetar\u00eb t\u00eb Ulqinit protestojn\u00eb kund\u00ebr tjet\u00ebrsimit t\u00eb pronave &#8211; Video\"}]},{\"@type\":\"Person\",\"@id\":\"https:\/\/www.visit-ulcinj.com\/blog\/#\/schema\/person\/dcab619c614d3038751c63bc2aadc06d\",\"name\":\"ulqini\",\"sameAs\":[\"http:\/\/www.visit-ulcinj.com\"],\"url\":\"https:\/\/www.visit-ulcinj.com\/blog\/author\/admin\/\"}]}<\/script>\n<!-- \/ Yoast SEO plugin. -->","yoast_head_json":{"title":"Qytetar\u00eb t\u00eb Ulqinit protestojn\u00eb kund\u00ebr tjet\u00ebrsimit t\u00eb pronave - Video - Lajme nga Ulqini","description":"Qytetar\u00ebt e Ulqinit protestuan kund\u00ebr tjet\u00ebrsimit t\u00eb pronave t\u00eb tyre nga qeveria e Malit t\u00eb Zi. Ata k\u00ebrkuan kthimin e pronave t\u00eb qytetar\u00ebve shqiptar\u00eb n\u00eb","robots":{"index":"index","follow":"follow","max-snippet":"max-snippet:-1","max-image-preview":"max-image-preview:large","max-video-preview":"max-video-preview:-1"},"canonical":"https:\/\/www.visit-ulcinj.com\/blog\/2009\/12\/16\/qytetare-te-ulqinit-protestojne-kunder-tjetersimit-te-pronave-video\/","og_locale":"en_US","og_type":"article","og_title":"Qytetar\u00eb t\u00eb Ulqinit protestojn\u00eb kund\u00ebr tjet\u00ebrsimit t\u00eb pronave - Video - Lajme nga Ulqini","og_description":"Qytetar\u00ebt e Ulqinit protestuan kund\u00ebr tjet\u00ebrsimit t\u00eb pronave t\u00eb tyre nga qeveria e Malit t\u00eb Zi. Ata k\u00ebrkuan kthimin e pronave t\u00eb qytetar\u00ebve shqiptar\u00eb n\u00eb","og_url":"https:\/\/www.visit-ulcinj.com\/blog\/2009\/12\/16\/qytetare-te-ulqinit-protestojne-kunder-tjetersimit-te-pronave-video\/","og_site_name":"Lajme nga Ulqini","article_published_time":"2009-12-16T17:02:29+00:00","article_modified_time":"2009-12-16T17:04:19+00:00","og_image":[{"url":"https:\/\/www.visit-ulcinj.com\/blog\/wp-content\/uploads\/2009\/12\/protest-per-ktimin-e-Valdanosit_ulqin-150x150.jpg"}],"twitter_misc":{"Written by":"ulqini"},"schema":{"@context":"https:\/\/schema.org","@graph":[{"@type":"WebSite","@id":"https:\/\/www.visit-ulcinj.com\/blog\/#website","url":"https:\/\/www.visit-ulcinj.com\/blog\/","name":"Lajme nga Ulqini","description":"Lajme,Vijesti,Ulqini,Ulqin,Crna Gora,Mali i Zi","potentialAction":[{"@type":"SearchAction","target":{"@type":"EntryPoint","urlTemplate":"https:\/\/www.visit-ulcinj.com\/blog\/?s={search_term_string}"},"query-input":"required name=search_term_string"}],"inLanguage":"en-US"},{"@type":"ImageObject","inLanguage":"en-US","@id":"https:\/\/www.visit-ulcinj.com\/blog\/2009\/12\/16\/qytetare-te-ulqinit-protestojne-kunder-tjetersimit-te-pronave-video\/#primaryimage","url":"https:\/\/www.visit-ulcinj.com\/blog\/wp-content\/uploads\/2009\/12\/protest-per-ktimin-e-Valdanosit_ulqin.jpg","contentUrl":"https:\/\/www.visit-ulcinj.com\/blog\/wp-content\/uploads\/2009\/12\/protest-per-ktimin-e-Valdanosit_ulqin.jpg","width":"533","height":"315"},{"@type":"WebPage","@id":"https:\/\/www.visit-ulcinj.com\/blog\/2009\/12\/16\/qytetare-te-ulqinit-protestojne-kunder-tjetersimit-te-pronave-video\/#webpage","url":"https:\/\/www.visit-ulcinj.com\/blog\/2009\/12\/16\/qytetare-te-ulqinit-protestojne-kunder-tjetersimit-te-pronave-video\/","name":"Qytetar\u00eb t\u00eb Ulqinit protestojn\u00eb kund\u00ebr tjet\u00ebrsimit t\u00eb pronave - Video - Lajme nga Ulqini","isPartOf":{"@id":"https:\/\/www.visit-ulcinj.com\/blog\/#website"},"primaryImageOfPage":{"@id":"https:\/\/www.visit-ulcinj.com\/blog\/2009\/12\/16\/qytetare-te-ulqinit-protestojne-kunder-tjetersimit-te-pronave-video\/#primaryimage"},"datePublished":"2009-12-16T17:02:29+00:00","dateModified":"2009-12-16T17:04:19+00:00","author":{"@id":"https:\/\/www.visit-ulcinj.com\/blog\/#\/schema\/person\/dcab619c614d3038751c63bc2aadc06d"},"description":"Qytetar\u00ebt e Ulqinit protestuan kund\u00ebr tjet\u00ebrsimit t\u00eb pronave t\u00eb tyre nga qeveria e Malit t\u00eb Zi. Ata k\u00ebrkuan kthimin e pronave t\u00eb qytetar\u00ebve shqiptar\u00eb n\u00eb","breadcrumb":{"@id":"https:\/\/www.visit-ulcinj.com\/blog\/2009\/12\/16\/qytetare-te-ulqinit-protestojne-kunder-tjetersimit-te-pronave-video\/#breadcrumb"},"inLanguage":"en-US","potentialAction":[{"@type":"ReadAction","target":["https:\/\/www.visit-ulcinj.com\/blog\/2009\/12\/16\/qytetare-te-ulqinit-protestojne-kunder-tjetersimit-te-pronave-video\/"]}]},{"@type":"BreadcrumbList","@id":"https:\/\/www.visit-ulcinj.com\/blog\/2009\/12\/16\/qytetare-te-ulqinit-protestojne-kunder-tjetersimit-te-pronave-video\/#breadcrumb","itemListElement":[{"@type":"ListItem","position":1,"name":"Qytetar\u00eb t\u00eb Ulqinit protestojn\u00eb kund\u00ebr tjet\u00ebrsimit t\u00eb pronave &#8211; Video"}]},{"@type":"Person","@id":"https:\/\/www.visit-ulcinj.com\/blog\/#\/schema\/person\/dcab619c614d3038751c63bc2aadc06d","name":"ulqini","sameAs":["http:\/\/www.visit-ulcinj.com"],"url":"https:\/\/www.visit-ulcinj.com\/blog\/author\/admin\/"}]}},"jetpack_featured_media_url":"","jetpack_sharing_enabled":true,"jetpack_shortlink":"https:\/\/wp.me\/pe6lTn-7m6","_links":{"self":[{"href":"https:\/\/www.visit-ulcinj.com\/blog\/wp-json\/wp\/v2\/posts\/28278"}],"collection":[{"href":"https:\/\/www.visit-ulcinj.com\/blog\/wp-json\/wp\/v2\/posts"}],"about":[{"href":"https:\/\/www.visit-ulcinj.com\/blog\/wp-json\/wp\/v2\/types\/post"}],"author":[{"embeddable":true,"href":"https:\/\/www.visit-ulcinj.com\/blog\/wp-json\/wp\/v2\/users\/1"}],"replies":[{"embeddable":true,"href":"https:\/\/www.visit-ulcinj.com\/blog\/wp-json\/wp\/v2\/comments?post=28278"}],"version-history":[{"count":0,"href":"https:\/\/www.visit-ulcinj.com\/blog\/wp-json\/wp\/v2\/posts\/28278\/revisions"}],"wp:attachment":[{"href":"https:\/\/www.visit-ulcinj.com\/blog\/wp-json\/wp\/v2\/media?parent=28278"}],"wp:term":[{"taxonomy":"category","embeddable":true,"href":"https:\/\/www.visit-ulcinj.com\/blog\/wp-json\/wp\/v2\/categories?post=28278"},{"taxonomy":"post_tag","embeddable":true,"href":"https:\/\/www.visit-ulcinj.com\/blog\/wp-json\/wp\/v2\/tags?post=28278"}],"curies":[{"name":"wp","href":"https:\/\/api.w.org\/{rel}","templated":true}]}}