{"id":2833,"date":"2008-08-30T03:50:59","date_gmt":"2008-08-30T08:50:59","guid":{"rendered":"http:\/\/www.visit-ulcinj.com\/blog\/?p=2833"},"modified":"2008-09-18T12:46:26","modified_gmt":"2008-09-18T17:46:26","slug":"njoftim-per-opinionramazani-fillon-me-1-shtator-2008","status":"publish","type":"post","link":"https:\/\/www.visit-ulcinj.com\/blog\/2008\/08\/30\/njoftim-per-opinionramazani-fillon-me-1-shtator-2008\/","title":{"rendered":"Njoftim p\u00ebr opinion:Ramazani fillon m\u00eb 1 shtator 2008"},"content":{"rendered":"<p><a href=\"http:\/\/www.visit-ulcinj.com\/blog\/wp-content\/uploads\/2008\/08\/rexhep-lika.jpg\"><img loading=\"lazy\" class=\"alignleft size-medium wp-image-2834\" title=\"rexhep-lika\" src=\"http:\/\/www.visit-ulcinj.com\/blog\/wp-content\/uploads\/2008\/08\/rexhep-lika.jpg\" alt=\"\" width=\"180\" height=\"240\" \/><\/a>Bashk\u00ebsia Islame e Ulqinit njofton besimtar\u00ebt dhe gjith\u00eb opinionin e gjer\u00eb se muaji i madh\u00ebruar i Ramazanit fillon dit\u00ebn e h\u00ebn\u00eb m\u00eb 1 shtator 2008.<br \/>\nMe rastin e fillimit t\u00eb muajit t\u00eb madh\u00ebruar t\u00eb Ramazanit, Bashk\u00ebsis\u00eb Islame e Ulqinit, p\u00ebrg\u00ebzon besimtar\u00ebt n\u00eb Ulqin, diaspor\u00eb e trojet tona duke u d\u00ebshiruar agj\u00ebrim t\u00eb leht\u00eb, shtim t\u00eb ibadetit dhe solidaritet me nevojtar\u00ebt.<br \/>\nMe fat muaj i madh\u00ebruar i Ramazanit!<br \/>\nNga Kryeimami Rexhep (Haxhi) Lika Me qe\u00a0 t\u00eb h\u00ebn\u00ebn m\u00eb 1 shtator 2008. jemi ne diten e pare te muajit te bekuar Ramazan, ju urojm pra kete muaj, dhe shpresojm qe kete muaj ta kalojme sa me mire duke kenduar lutje te ndryshme, dhe duke ju lutur Allahut xh.sh. qe te na i fali gabimet dhe te na shtoje sevapet dhe gjithe te mirat. Shpresojm qe edhe ne te ardhmen do te ju kemi prane.<br \/>\nUrime muajin e bekuar Ramazan.Urime<\/p>\n<p><strong>Rexhep (Haxhi) Lika<\/strong>, u lind n\u00eb vitin 1940 n\u00eb Brajsh\u00eb, komuna e Ulqinit. Shkoll\u00ebn fillore e kreu n\u00eb Kat\u00ebrkoll\u00eb n\u00eb vitin 1956, kur regjistrohet n\u00eb medresen\u00eb &#8220;Alauddin&#8221; n\u00eb Prishtin\u00eb, t\u00eb cil\u00ebn e kryen n\u00eb vitin 1960. Si imam filloi t\u00eb punoj\u00eb n\u00eb xhamin\u00eb e Husein-pash\u00ebs n\u00eb Plevla n\u00eb vitin 1963 ku kreu detyr\u00ebn e imamit, mual-limit dhe sekretarit deri n\u00eb korrik t\u00eb vitit 1965. Prej k\u00ebtij viti e deri n\u00eb janar t\u00eb vitit 1987 punoi si imam, mual-lim dhe sekretar n\u00eb xhamin\u00eb e Re n\u00eb Tuz, nd\u00ebrsa prej janarit t\u00eb vitit 1987 si imam, mual-lim dhe sekretar n\u00eb Xhamin\u00eb e Bregut n\u00eb Ulqin. Nga korriku i vitit 1997 punon si imam n\u00eb Xhamin\u00eb e Mezjahit, n\u00eb Ulqin. Pran\u00eb K\u00ebshillit t\u00eb Bashk\u00ebsis\u00eb Islame Ulqin kryen edhe detyr\u00ebn e kryeimamit. \u00cbsht\u00eb njoh\u00ebs i gjuh\u00ebs arabe.<\/p>\n<div id=\"attachment_2841\" style=\"width: 310px\" class=\"wp-caption alignleft\"><a href=\"http:\/\/www.visit-ulcinj.com\/blog\/wp-content\/uploads\/2008\/08\/ndertimi-i-xhamis-ne-fushe-te-ulqinit11.jpg\"><img aria-describedby=\"caption-attachment-2841\" loading=\"lazy\" class=\"size-medium wp-image-2841\" title=\"ndertimi-i-xhamis-ne-fushe-te-ulqinit11\" src=\"http:\/\/www.visit-ulcinj.com\/blog\/wp-content\/uploads\/2008\/08\/ndertimi-i-xhamis-ne-fushe-te-ulqinit11-300x220.jpg\" alt=\"Pamja e Projektit t\u00eb xhamis\u00eb n\u00eb Fush\u00eb t\u00eb Ulqinit\" width=\"300\" height=\"220\" srcset=\"https:\/\/www.visit-ulcinj.com\/blog\/wp-content\/uploads\/2008\/08\/ndertimi-i-xhamis-ne-fushe-te-ulqinit11-300x220.jpg 300w, https:\/\/www.visit-ulcinj.com\/blog\/wp-content\/uploads\/2008\/08\/ndertimi-i-xhamis-ne-fushe-te-ulqinit11.jpg 585w\" sizes=\"(max-width: 300px) 100vw, 300px\" \/><\/a><p id=\"caption-attachment-2841\" class=\"wp-caption-text\">Pamja e Projektit t\u00eb xhamis\u00eb n\u00eb Fush\u00eb t\u00eb Ulqinit<\/p><\/div>\n<p><strong>Ka nisur grumbullimi i mjeteve financiare p\u00ebr nd\u00ebrtimin e xhamis\u00eb n\u00eb Fush\u00eb t\u00eb Ulqinit.<\/strong><\/p>\n<p>Xhamia do t\u00eb jet\u00eb shum\u00eb funksionale: 1 mij\u00eb vende p\u00ebr falje, vend p\u00ebr mir\u00ebmbajtjen dhe pregaditjen e xhenazes (gasulhanja), mejtep, bibliotek\u00eb,sall\u00eb, kafiteri, vende p\u00ebr parkim etj.<br \/>\nDeri m\u00eb tash \u00ebsht\u00eb bler\u00eb trolli i xhamis\u00eb dhe \u00ebsht\u00eb punuar projekti ideor.Lusim Allahun Fuqiplot\u00eb q\u00eb \u00e7do ndihm\u00eb tuaj\u00ebn ta radhis\u00eb n\u00eb vepra t\u00eb mira.<\/p>\n<p><strong>BASHK\u00cbSIJA ISLAME E ULQINIT<\/strong><\/p>\n<p><a href=\"http:\/\/www.visit-ulcinj.com\/blog\/wp-content\/uploads\/2008\/08\/bashkesija-islame-e-ulqinit.gif\"><img loading=\"lazy\" class=\"size-medium wp-image-2842 alignright\" title=\"bashkesija-islame-e-ulqinit\" src=\"http:\/\/www.visit-ulcinj.com\/blog\/wp-content\/uploads\/2008\/08\/bashkesija-islame-e-ulqinit.gif\" alt=\"Bashkesija Islame e Uqinit\" width=\"117\" height=\"114\" \/><\/a><\/p>\n<p><strong>Xhirollogaria:510-12295-15<\/strong><\/p>\n<p><strong>Informatat n\u00eb tel\/fax:<br \/>\nTel\/fax:+382 30 413-257<br \/>\nMobil :+382 69 037-681<br \/>\nMobil :+382 69 473-400<\/strong><\/p>\n<p style=\"text-align: center;\">\n<p style=\"text-align: center;\"><object classid=\"clsid:6bf52a52-394a-11d3-b153-00c04f79faa6\" width=\"350\" height=\"300\" codebase=\"http:\/\/activex.microsoft.com\/activex\/controls\/mplayer\/en\/nsmp2inf.cab#Version=5,1,52,701\"><param name=\"url\" value=\"http:\/\/www.aiitc.org\/gezuar.wmv\" \/><\/object><\/p>\n","protected":false},"excerpt":{"rendered":"<p><img loading=\"lazy\" class=\"alignleft size-medium wp-image-2834\" title=\"rexhep-lika\" src=\"http:\/\/www.visit-ulcinj.com\/blog\/wp-content\/uploads\/2008\/08\/rexhep-lika.jpg\" alt=\"\" width=\"140\" height=\"140\" \/><\/p>\n","protected":false},"author":1,"featured_media":0,"comment_status":"open","ping_status":"closed","sticky":false,"template":"","format":"standard","meta":{"spay_email":"","jetpack_publicize_message":"","jetpack_is_tweetstorm":false,"jetpack_publicize_feature_enabled":true},"categories":[1],"tags":[4446,4444,4445],"jetpack_publicize_connections":[],"yoast_head":"<!-- This site is optimized with the Yoast SEO plugin v19.1 - https:\/\/yoast.com\/wordpress\/plugins\/seo\/ -->\n<title>Njoftim p\u00ebr opinion:Ramazani fillon m\u00eb 1 shtator 2008 - Lajme nga Ulqini<\/title>\n<meta name=\"robots\" content=\"index, follow, max-snippet:-1, max-image-preview:large, max-video-preview:-1\" \/>\n<link rel=\"canonical\" href=\"https:\/\/www.visit-ulcinj.com\/blog\/2008\/08\/30\/njoftim-per-opinionramazani-fillon-me-1-shtator-2008\/\" \/>\n<meta property=\"og:locale\" content=\"en_US\" \/>\n<meta property=\"og:type\" content=\"article\" \/>\n<meta property=\"og:title\" content=\"Njoftim p\u00ebr opinion:Ramazani fillon m\u00eb 1 shtator 2008 - Lajme nga Ulqini\" \/>\n<meta property=\"og:url\" content=\"https:\/\/www.visit-ulcinj.com\/blog\/2008\/08\/30\/njoftim-per-opinionramazani-fillon-me-1-shtator-2008\/\" \/>\n<meta property=\"og:site_name\" content=\"Lajme nga Ulqini\" \/>\n<meta property=\"article:published_time\" content=\"2008-08-30T08:50:59+00:00\" \/>\n<meta property=\"article:modified_time\" content=\"2008-09-18T17:46:26+00:00\" \/>\n<meta property=\"og:image\" content=\"http:\/\/www.visit-ulcinj.com\/blog\/wp-content\/uploads\/2008\/08\/rexhep-lika.jpg\" \/>\n<meta name=\"twitter:label1\" content=\"Written by\" \/>\n\t<meta name=\"twitter:data1\" content=\"ulqini\" \/>\n\t<meta name=\"twitter:label2\" content=\"Est. reading time\" \/>\n\t<meta name=\"twitter:data2\" content=\"2 minutes\" \/>\n<script type=\"application\/ld+json\" class=\"yoast-schema-graph\">{\"@context\":\"https:\/\/schema.org\",\"@graph\":[{\"@type\":\"WebSite\",\"@id\":\"https:\/\/www.visit-ulcinj.com\/blog\/#website\",\"url\":\"https:\/\/www.visit-ulcinj.com\/blog\/\",\"name\":\"Lajme nga Ulqini\",\"description\":\"Lajme,Vijesti,Ulqini,Ulqin,Crna Gora,Mali i Zi\",\"potentialAction\":[{\"@type\":\"SearchAction\",\"target\":{\"@type\":\"EntryPoint\",\"urlTemplate\":\"https:\/\/www.visit-ulcinj.com\/blog\/?s={search_term_string}\"},\"query-input\":\"required name=search_term_string\"}],\"inLanguage\":\"en-US\"},{\"@type\":\"ImageObject\",\"inLanguage\":\"en-US\",\"@id\":\"https:\/\/www.visit-ulcinj.com\/blog\/2008\/08\/30\/njoftim-per-opinionramazani-fillon-me-1-shtator-2008\/#primaryimage\",\"url\":\"http:\/\/www.visit-ulcinj.com\/blog\/wp-content\/uploads\/2008\/08\/rexhep-lika.jpg\",\"contentUrl\":\"http:\/\/www.visit-ulcinj.com\/blog\/wp-content\/uploads\/2008\/08\/rexhep-lika.jpg\"},{\"@type\":\"WebPage\",\"@id\":\"https:\/\/www.visit-ulcinj.com\/blog\/2008\/08\/30\/njoftim-per-opinionramazani-fillon-me-1-shtator-2008\/#webpage\",\"url\":\"https:\/\/www.visit-ulcinj.com\/blog\/2008\/08\/30\/njoftim-per-opinionramazani-fillon-me-1-shtator-2008\/\",\"name\":\"Njoftim p\u00ebr opinion:Ramazani fillon m\u00eb 1 shtator 2008 - Lajme nga Ulqini\",\"isPartOf\":{\"@id\":\"https:\/\/www.visit-ulcinj.com\/blog\/#website\"},\"primaryImageOfPage\":{\"@id\":\"https:\/\/www.visit-ulcinj.com\/blog\/2008\/08\/30\/njoftim-per-opinionramazani-fillon-me-1-shtator-2008\/#primaryimage\"},\"datePublished\":\"2008-08-30T08:50:59+00:00\",\"dateModified\":\"2008-09-18T17:46:26+00:00\",\"author\":{\"@id\":\"https:\/\/www.visit-ulcinj.com\/blog\/#\/schema\/person\/dcab619c614d3038751c63bc2aadc06d\"},\"breadcrumb\":{\"@id\":\"https:\/\/www.visit-ulcinj.com\/blog\/2008\/08\/30\/njoftim-per-opinionramazani-fillon-me-1-shtator-2008\/#breadcrumb\"},\"inLanguage\":\"en-US\",\"potentialAction\":[{\"@type\":\"ReadAction\",\"target\":[\"https:\/\/www.visit-ulcinj.com\/blog\/2008\/08\/30\/njoftim-per-opinionramazani-fillon-me-1-shtator-2008\/\"]}]},{\"@type\":\"BreadcrumbList\",\"@id\":\"https:\/\/www.visit-ulcinj.com\/blog\/2008\/08\/30\/njoftim-per-opinionramazani-fillon-me-1-shtator-2008\/#breadcrumb\",\"itemListElement\":[{\"@type\":\"ListItem\",\"position\":1,\"name\":\"Njoftim p\u00ebr opinion:Ramazani fillon m\u00eb 1 shtator 2008\"}]},{\"@type\":\"Person\",\"@id\":\"https:\/\/www.visit-ulcinj.com\/blog\/#\/schema\/person\/dcab619c614d3038751c63bc2aadc06d\",\"name\":\"ulqini\",\"sameAs\":[\"http:\/\/www.visit-ulcinj.com\"],\"url\":\"https:\/\/www.visit-ulcinj.com\/blog\/author\/admin\/\"}]}<\/script>\n<!-- \/ Yoast SEO plugin. -->","yoast_head_json":{"title":"Njoftim p\u00ebr opinion:Ramazani fillon m\u00eb 1 shtator 2008 - Lajme nga Ulqini","robots":{"index":"index","follow":"follow","max-snippet":"max-snippet:-1","max-image-preview":"max-image-preview:large","max-video-preview":"max-video-preview:-1"},"canonical":"https:\/\/www.visit-ulcinj.com\/blog\/2008\/08\/30\/njoftim-per-opinionramazani-fillon-me-1-shtator-2008\/","og_locale":"en_US","og_type":"article","og_title":"Njoftim p\u00ebr opinion:Ramazani fillon m\u00eb 1 shtator 2008 - Lajme nga Ulqini","og_url":"https:\/\/www.visit-ulcinj.com\/blog\/2008\/08\/30\/njoftim-per-opinionramazani-fillon-me-1-shtator-2008\/","og_site_name":"Lajme nga Ulqini","article_published_time":"2008-08-30T08:50:59+00:00","article_modified_time":"2008-09-18T17:46:26+00:00","og_image":[{"url":"http:\/\/www.visit-ulcinj.com\/blog\/wp-content\/uploads\/2008\/08\/rexhep-lika.jpg"}],"twitter_misc":{"Written by":"ulqini","Est. reading time":"2 minutes"},"schema":{"@context":"https:\/\/schema.org","@graph":[{"@type":"WebSite","@id":"https:\/\/www.visit-ulcinj.com\/blog\/#website","url":"https:\/\/www.visit-ulcinj.com\/blog\/","name":"Lajme nga Ulqini","description":"Lajme,Vijesti,Ulqini,Ulqin,Crna Gora,Mali i Zi","potentialAction":[{"@type":"SearchAction","target":{"@type":"EntryPoint","urlTemplate":"https:\/\/www.visit-ulcinj.com\/blog\/?s={search_term_string}"},"query-input":"required name=search_term_string"}],"inLanguage":"en-US"},{"@type":"ImageObject","inLanguage":"en-US","@id":"https:\/\/www.visit-ulcinj.com\/blog\/2008\/08\/30\/njoftim-per-opinionramazani-fillon-me-1-shtator-2008\/#primaryimage","url":"http:\/\/www.visit-ulcinj.com\/blog\/wp-content\/uploads\/2008\/08\/rexhep-lika.jpg","contentUrl":"http:\/\/www.visit-ulcinj.com\/blog\/wp-content\/uploads\/2008\/08\/rexhep-lika.jpg"},{"@type":"WebPage","@id":"https:\/\/www.visit-ulcinj.com\/blog\/2008\/08\/30\/njoftim-per-opinionramazani-fillon-me-1-shtator-2008\/#webpage","url":"https:\/\/www.visit-ulcinj.com\/blog\/2008\/08\/30\/njoftim-per-opinionramazani-fillon-me-1-shtator-2008\/","name":"Njoftim p\u00ebr opinion:Ramazani fillon m\u00eb 1 shtator 2008 - Lajme nga Ulqini","isPartOf":{"@id":"https:\/\/www.visit-ulcinj.com\/blog\/#website"},"primaryImageOfPage":{"@id":"https:\/\/www.visit-ulcinj.com\/blog\/2008\/08\/30\/njoftim-per-opinionramazani-fillon-me-1-shtator-2008\/#primaryimage"},"datePublished":"2008-08-30T08:50:59+00:00","dateModified":"2008-09-18T17:46:26+00:00","author":{"@id":"https:\/\/www.visit-ulcinj.com\/blog\/#\/schema\/person\/dcab619c614d3038751c63bc2aadc06d"},"breadcrumb":{"@id":"https:\/\/www.visit-ulcinj.com\/blog\/2008\/08\/30\/njoftim-per-opinionramazani-fillon-me-1-shtator-2008\/#breadcrumb"},"inLanguage":"en-US","potentialAction":[{"@type":"ReadAction","target":["https:\/\/www.visit-ulcinj.com\/blog\/2008\/08\/30\/njoftim-per-opinionramazani-fillon-me-1-shtator-2008\/"]}]},{"@type":"BreadcrumbList","@id":"https:\/\/www.visit-ulcinj.com\/blog\/2008\/08\/30\/njoftim-per-opinionramazani-fillon-me-1-shtator-2008\/#breadcrumb","itemListElement":[{"@type":"ListItem","position":1,"name":"Njoftim p\u00ebr opinion:Ramazani fillon m\u00eb 1 shtator 2008"}]},{"@type":"Person","@id":"https:\/\/www.visit-ulcinj.com\/blog\/#\/schema\/person\/dcab619c614d3038751c63bc2aadc06d","name":"ulqini","sameAs":["http:\/\/www.visit-ulcinj.com"],"url":"https:\/\/www.visit-ulcinj.com\/blog\/author\/admin\/"}]}},"jetpack_featured_media_url":"","jetpack_sharing_enabled":true,"jetpack_shortlink":"https:\/\/wp.me\/pe6lTn-JH","_links":{"self":[{"href":"https:\/\/www.visit-ulcinj.com\/blog\/wp-json\/wp\/v2\/posts\/2833"}],"collection":[{"href":"https:\/\/www.visit-ulcinj.com\/blog\/wp-json\/wp\/v2\/posts"}],"about":[{"href":"https:\/\/www.visit-ulcinj.com\/blog\/wp-json\/wp\/v2\/types\/post"}],"author":[{"embeddable":true,"href":"https:\/\/www.visit-ulcinj.com\/blog\/wp-json\/wp\/v2\/users\/1"}],"replies":[{"embeddable":true,"href":"https:\/\/www.visit-ulcinj.com\/blog\/wp-json\/wp\/v2\/comments?post=2833"}],"version-history":[{"count":0,"href":"https:\/\/www.visit-ulcinj.com\/blog\/wp-json\/wp\/v2\/posts\/2833\/revisions"}],"wp:attachment":[{"href":"https:\/\/www.visit-ulcinj.com\/blog\/wp-json\/wp\/v2\/media?parent=2833"}],"wp:term":[{"taxonomy":"category","embeddable":true,"href":"https:\/\/www.visit-ulcinj.com\/blog\/wp-json\/wp\/v2\/categories?post=2833"},{"taxonomy":"post_tag","embeddable":true,"href":"https:\/\/www.visit-ulcinj.com\/blog\/wp-json\/wp\/v2\/tags?post=2833"}],"curies":[{"name":"wp","href":"https:\/\/api.w.org\/{rel}","templated":true}]}}