{"id":28341,"date":"2009-12-18T05:51:50","date_gmt":"2009-12-18T03:51:50","guid":{"rendered":"http:\/\/www.visit-ulcinj.com\/blog\/?p=28341"},"modified":"2009-12-18T05:51:50","modified_gmt":"2009-12-18T03:51:50","slug":"nora-nje-nate-me-getin","status":"publish","type":"post","link":"https:\/\/www.visit-ulcinj.com\/blog\/2009\/12\/18\/nora-nje-nate-me-getin\/","title":{"rendered":"Nora nj\u00eb nat\u00eb me Getin"},"content":{"rendered":"<p><a href=\"http:\/\/www.visit-ulcinj.com\/blog\/wp-content\/uploads\/2009\/12\/Nora-Istrefi.jpg\"><img loading=\"lazy\" class=\"alignleft size-full wp-image-28342\" title=\"Nora Istrefi\" src=\"http:\/\/www.visit-ulcinj.com\/blog\/wp-content\/uploads\/2009\/12\/Nora-Istrefi.jpg\" alt=\"Nora Istrefi\" width=\"580\" height=\"320\" \/><\/a>Nora Istrefi ka kryer disa jav\u00eb m\u00eb par\u00eb nj\u00eb udh\u00ebtim t\u00eb fsheht\u00eb drejt Tiran\u00ebs p\u00ebr t\u00eb q\u00ebndruar n\u00eb krah\u00ebt e k\u00ebng\u00ebtarit Getoar Selimi<br \/>\nGetoari, ose si e th\u00ebrasin miqt\u00eb p\u00ebr shkurt, Geti, pjes\u00ebtari I grupit \u201cTingulli Tren\u2019t\u201d, nj\u00ebkoh\u00ebsisht edhe krijues k\u00ebng\u00ebsh, ka qen\u00eb zjarri I par\u00eb I Nora Istrefit. Ai madje ka qen\u00eb edhe njeriu q\u00eb I dhuroi m\u00eb pas suksesin.<br \/>\nNdarja e tyre u shkaktua pak vite m\u00eb par\u00eb nga thashethemet e shumta p\u00ebr nj\u00eb histori t\u00eb mundshme t\u00eb Getoarit me k\u00ebng\u00ebtaren Elvana Gjata.<br \/>\nGjithnj\u00eb ka mbetur n\u00eb kuadrin e thashethemit nj\u00eb lidhje midis Getoarit dhe Elvan\u00ebs, por dihet me siguri se ndarja me Nor\u00ebn ka ndodhur p\u00ebr motive xhelozie ndaj Elvan\u00ebs.<br \/>\nQ\u00eb n\u00eb at\u00eb koh\u00eb, fansat e k\u00ebng\u00ebtar\u00ebve respektiv\u00eb nuk d\u00ebgjuan m\u00eb asgj\u00eb t\u00eb thuhej apo t\u00eb shkruhej p\u00ebr ta. Madje Nora, m\u00eb tep\u00ebr se nj\u00eb vit m\u00eb par\u00eb \u00ebsht\u00eb treguar e vendosur t\u00eb mos e z\u00ebr\u00eb fare me goj\u00eb Getoarin n\u00eb nj\u00eb intervist\u00eb t\u00eb gjat\u00eb n\u00eb nj\u00eb emission n\u00eb Tiran\u00eb.<br \/>\nDrejtuesi madje ka k\u00ebmb\u00ebngulur p\u00ebrgjat\u00eb gjith\u00eb intervist\u00ebs, por ajo nuk ka pranuar as t\u00eb pohoj\u00eb e as t\u00eb mohoj\u00eb asgj\u00eb duke anashkaluar \u00e7do pyetje me nj\u00eb \u201cNo Comment\u201d. Nora Istrefi tash m\u00eb e fejuar, \u00ebsht\u00eb par\u00eb n\u00eb lokalin \u201cPink\u201d n\u00eb Tiran\u00eb n\u00eb shoq\u00ebrin\u00eb e Getoarit. Por duhet theksuar se bashk\u00eb me t\u00eb ka qen\u00eb edhe e motra dhe nj\u00eb grup miqsh.<br \/>\nSa \u00ebsht\u00eb e v\u00ebrtet\u00eb se ky takim ka qen\u00eb me dijenin\u00eb e t\u00eb fejuarve respektiv\u00eb t\u00eb du ish-t\u00eb dashurve, k\u00ebt\u00eb nuk e dim\u00eb. (Nora \u00ebsht\u00eb e fejuar me Robertin, menaxherin e saj, dhe Geti ka nj\u00eb t\u00eb fejuar n\u00eb Prishtin\u00eb, q\u00eb quhet Hana).<br \/>\nT\u00eb pranishmit at\u00eb nat\u00eb n\u00eb pub shprehen se edhe pse ka kaluar mesnata, ata pini alkool dhe d\u00ebfreheshin n\u00ebn muzik\u00ebn q\u00eb servirte lokali, nd\u00ebr t\u00eb cilat edhe k\u00ebng\u00ebt e artist\u00ebve. Gjithsesi\u2026le ta pranojm\u00eb\u2026 takime t\u00eb tilla jan\u00eb gjithnj\u00eb ndjell\u00ebse.<\/p>\n<!--YouTube Error: bad URL entered-->\n","protected":false},"excerpt":{"rendered":"<p>Nora Istrefi ka kryer disa jav\u00eb m\u00eb par\u00eb nj\u00eb udh\u00ebtim t\u00eb fsheht\u00eb drejt Tiran\u00ebs p\u00ebr t\u00eb q\u00ebndruar n\u00eb krah\u00ebt e k\u00ebng\u00ebtarit Getoar Selimi Getoari, ose si e th\u00ebrasin miqt\u00eb p\u00ebr shkurt, Geti, pjes\u00ebtari I grupit \u201cTingulli Tren\u2019t\u201d, nj\u00ebkoh\u00ebsisht edhe krijues k\u00ebng\u00ebsh, ka qen\u00eb zjarri I par\u00eb I Nora Istrefit. Ai madje ka qen\u00eb edhe njeriu [&hellip;]<\/p>\n","protected":false},"author":1,"featured_media":0,"comment_status":"open","ping_status":"closed","sticky":false,"template":"","format":"standard","meta":{"spay_email":"","jetpack_publicize_message":"","jetpack_is_tweetstorm":false,"jetpack_publicize_feature_enabled":true},"categories":[1],"tags":[13053],"jetpack_publicize_connections":[],"yoast_head":"<!-- This site is optimized with the Yoast SEO plugin v19.1 - https:\/\/yoast.com\/wordpress\/plugins\/seo\/ -->\n<title>Nora nj\u00eb nat\u00eb me Getin - Lajme nga Ulqini<\/title>\n<meta name=\"description\" content=\"Nora Istrefi ka kryer disa jav\u00eb m\u00eb par\u00eb nj\u00eb udh\u00ebtim t\u00eb fsheht\u00eb drejt Tiran\u00ebs p\u00ebr t\u00eb q\u00ebndruar n\u00eb krah\u00ebt e k\u00ebng\u00ebtarit Getoar Selimi Getoari, ose si e\" \/>\n<meta name=\"robots\" content=\"index, follow, max-snippet:-1, max-image-preview:large, max-video-preview:-1\" \/>\n<link rel=\"canonical\" href=\"https:\/\/www.visit-ulcinj.com\/blog\/2009\/12\/18\/nora-nje-nate-me-getin\/\" \/>\n<meta property=\"og:locale\" content=\"en_US\" \/>\n<meta property=\"og:type\" content=\"article\" \/>\n<meta property=\"og:title\" content=\"Nora nj\u00eb nat\u00eb me Getin - Lajme nga Ulqini\" \/>\n<meta property=\"og:description\" content=\"Nora Istrefi ka kryer disa jav\u00eb m\u00eb par\u00eb nj\u00eb udh\u00ebtim t\u00eb fsheht\u00eb drejt Tiran\u00ebs p\u00ebr t\u00eb q\u00ebndruar n\u00eb krah\u00ebt e k\u00ebng\u00ebtarit Getoar Selimi Getoari, ose si e\" \/>\n<meta property=\"og:url\" content=\"https:\/\/www.visit-ulcinj.com\/blog\/2009\/12\/18\/nora-nje-nate-me-getin\/\" \/>\n<meta property=\"og:site_name\" content=\"Lajme nga Ulqini\" \/>\n<meta property=\"article:published_time\" content=\"2009-12-18T03:51:50+00:00\" \/>\n<meta property=\"og:image\" content=\"http:\/\/www.visit-ulcinj.com\/blog\/wp-content\/uploads\/2009\/12\/Nora-Istrefi.jpg\" \/>\n<meta name=\"twitter:label1\" content=\"Written by\" \/>\n\t<meta name=\"twitter:data1\" content=\"ulqini\" \/>\n\t<meta name=\"twitter:label2\" content=\"Est. reading time\" \/>\n\t<meta name=\"twitter:data2\" content=\"2 minutes\" \/>\n<script type=\"application\/ld+json\" class=\"yoast-schema-graph\">{\"@context\":\"https:\/\/schema.org\",\"@graph\":[{\"@type\":\"WebSite\",\"@id\":\"https:\/\/www.visit-ulcinj.com\/blog\/#website\",\"url\":\"https:\/\/www.visit-ulcinj.com\/blog\/\",\"name\":\"Lajme nga Ulqini\",\"description\":\"Lajme,Vijesti,Ulqini,Ulqin,Crna Gora,Mali i Zi\",\"potentialAction\":[{\"@type\":\"SearchAction\",\"target\":{\"@type\":\"EntryPoint\",\"urlTemplate\":\"https:\/\/www.visit-ulcinj.com\/blog\/?s={search_term_string}\"},\"query-input\":\"required name=search_term_string\"}],\"inLanguage\":\"en-US\"},{\"@type\":\"ImageObject\",\"inLanguage\":\"en-US\",\"@id\":\"https:\/\/www.visit-ulcinj.com\/blog\/2009\/12\/18\/nora-nje-nate-me-getin\/#primaryimage\",\"url\":\"http:\/\/www.visit-ulcinj.com\/blog\/wp-content\/uploads\/2009\/12\/Nora-Istrefi.jpg\",\"contentUrl\":\"http:\/\/www.visit-ulcinj.com\/blog\/wp-content\/uploads\/2009\/12\/Nora-Istrefi.jpg\"},{\"@type\":\"WebPage\",\"@id\":\"https:\/\/www.visit-ulcinj.com\/blog\/2009\/12\/18\/nora-nje-nate-me-getin\/#webpage\",\"url\":\"https:\/\/www.visit-ulcinj.com\/blog\/2009\/12\/18\/nora-nje-nate-me-getin\/\",\"name\":\"Nora nj\u00eb nat\u00eb me Getin - Lajme nga Ulqini\",\"isPartOf\":{\"@id\":\"https:\/\/www.visit-ulcinj.com\/blog\/#website\"},\"primaryImageOfPage\":{\"@id\":\"https:\/\/www.visit-ulcinj.com\/blog\/2009\/12\/18\/nora-nje-nate-me-getin\/#primaryimage\"},\"datePublished\":\"2009-12-18T03:51:50+00:00\",\"dateModified\":\"2009-12-18T03:51:50+00:00\",\"author\":{\"@id\":\"https:\/\/www.visit-ulcinj.com\/blog\/#\/schema\/person\/dcab619c614d3038751c63bc2aadc06d\"},\"description\":\"Nora Istrefi ka kryer disa jav\u00eb m\u00eb par\u00eb nj\u00eb udh\u00ebtim t\u00eb fsheht\u00eb drejt Tiran\u00ebs p\u00ebr t\u00eb q\u00ebndruar n\u00eb krah\u00ebt e k\u00ebng\u00ebtarit Getoar Selimi Getoari, ose si e\",\"breadcrumb\":{\"@id\":\"https:\/\/www.visit-ulcinj.com\/blog\/2009\/12\/18\/nora-nje-nate-me-getin\/#breadcrumb\"},\"inLanguage\":\"en-US\",\"potentialAction\":[{\"@type\":\"ReadAction\",\"target\":[\"https:\/\/www.visit-ulcinj.com\/blog\/2009\/12\/18\/nora-nje-nate-me-getin\/\"]}]},{\"@type\":\"BreadcrumbList\",\"@id\":\"https:\/\/www.visit-ulcinj.com\/blog\/2009\/12\/18\/nora-nje-nate-me-getin\/#breadcrumb\",\"itemListElement\":[{\"@type\":\"ListItem\",\"position\":1,\"name\":\"Nora nj\u00eb nat\u00eb me Getin\"}]},{\"@type\":\"Person\",\"@id\":\"https:\/\/www.visit-ulcinj.com\/blog\/#\/schema\/person\/dcab619c614d3038751c63bc2aadc06d\",\"name\":\"ulqini\",\"sameAs\":[\"http:\/\/www.visit-ulcinj.com\"],\"url\":\"https:\/\/www.visit-ulcinj.com\/blog\/author\/admin\/\"}]}<\/script>\n<!-- \/ Yoast SEO plugin. -->","yoast_head_json":{"title":"Nora nj\u00eb nat\u00eb me Getin - Lajme nga Ulqini","description":"Nora Istrefi ka kryer disa jav\u00eb m\u00eb par\u00eb nj\u00eb udh\u00ebtim t\u00eb fsheht\u00eb drejt Tiran\u00ebs p\u00ebr t\u00eb q\u00ebndruar n\u00eb krah\u00ebt e k\u00ebng\u00ebtarit Getoar Selimi Getoari, ose si e","robots":{"index":"index","follow":"follow","max-snippet":"max-snippet:-1","max-image-preview":"max-image-preview:large","max-video-preview":"max-video-preview:-1"},"canonical":"https:\/\/www.visit-ulcinj.com\/blog\/2009\/12\/18\/nora-nje-nate-me-getin\/","og_locale":"en_US","og_type":"article","og_title":"Nora nj\u00eb nat\u00eb me Getin - Lajme nga Ulqini","og_description":"Nora Istrefi ka kryer disa jav\u00eb m\u00eb par\u00eb nj\u00eb udh\u00ebtim t\u00eb fsheht\u00eb drejt Tiran\u00ebs p\u00ebr t\u00eb q\u00ebndruar n\u00eb krah\u00ebt e k\u00ebng\u00ebtarit Getoar Selimi Getoari, ose si e","og_url":"https:\/\/www.visit-ulcinj.com\/blog\/2009\/12\/18\/nora-nje-nate-me-getin\/","og_site_name":"Lajme nga Ulqini","article_published_time":"2009-12-18T03:51:50+00:00","og_image":[{"url":"http:\/\/www.visit-ulcinj.com\/blog\/wp-content\/uploads\/2009\/12\/Nora-Istrefi.jpg"}],"twitter_misc":{"Written by":"ulqini","Est. reading time":"2 minutes"},"schema":{"@context":"https:\/\/schema.org","@graph":[{"@type":"WebSite","@id":"https:\/\/www.visit-ulcinj.com\/blog\/#website","url":"https:\/\/www.visit-ulcinj.com\/blog\/","name":"Lajme nga Ulqini","description":"Lajme,Vijesti,Ulqini,Ulqin,Crna Gora,Mali i Zi","potentialAction":[{"@type":"SearchAction","target":{"@type":"EntryPoint","urlTemplate":"https:\/\/www.visit-ulcinj.com\/blog\/?s={search_term_string}"},"query-input":"required name=search_term_string"}],"inLanguage":"en-US"},{"@type":"ImageObject","inLanguage":"en-US","@id":"https:\/\/www.visit-ulcinj.com\/blog\/2009\/12\/18\/nora-nje-nate-me-getin\/#primaryimage","url":"http:\/\/www.visit-ulcinj.com\/blog\/wp-content\/uploads\/2009\/12\/Nora-Istrefi.jpg","contentUrl":"http:\/\/www.visit-ulcinj.com\/blog\/wp-content\/uploads\/2009\/12\/Nora-Istrefi.jpg"},{"@type":"WebPage","@id":"https:\/\/www.visit-ulcinj.com\/blog\/2009\/12\/18\/nora-nje-nate-me-getin\/#webpage","url":"https:\/\/www.visit-ulcinj.com\/blog\/2009\/12\/18\/nora-nje-nate-me-getin\/","name":"Nora nj\u00eb nat\u00eb me Getin - Lajme nga Ulqini","isPartOf":{"@id":"https:\/\/www.visit-ulcinj.com\/blog\/#website"},"primaryImageOfPage":{"@id":"https:\/\/www.visit-ulcinj.com\/blog\/2009\/12\/18\/nora-nje-nate-me-getin\/#primaryimage"},"datePublished":"2009-12-18T03:51:50+00:00","dateModified":"2009-12-18T03:51:50+00:00","author":{"@id":"https:\/\/www.visit-ulcinj.com\/blog\/#\/schema\/person\/dcab619c614d3038751c63bc2aadc06d"},"description":"Nora Istrefi ka kryer disa jav\u00eb m\u00eb par\u00eb nj\u00eb udh\u00ebtim t\u00eb fsheht\u00eb drejt Tiran\u00ebs p\u00ebr t\u00eb q\u00ebndruar n\u00eb krah\u00ebt e k\u00ebng\u00ebtarit Getoar Selimi Getoari, ose si e","breadcrumb":{"@id":"https:\/\/www.visit-ulcinj.com\/blog\/2009\/12\/18\/nora-nje-nate-me-getin\/#breadcrumb"},"inLanguage":"en-US","potentialAction":[{"@type":"ReadAction","target":["https:\/\/www.visit-ulcinj.com\/blog\/2009\/12\/18\/nora-nje-nate-me-getin\/"]}]},{"@type":"BreadcrumbList","@id":"https:\/\/www.visit-ulcinj.com\/blog\/2009\/12\/18\/nora-nje-nate-me-getin\/#breadcrumb","itemListElement":[{"@type":"ListItem","position":1,"name":"Nora nj\u00eb nat\u00eb me Getin"}]},{"@type":"Person","@id":"https:\/\/www.visit-ulcinj.com\/blog\/#\/schema\/person\/dcab619c614d3038751c63bc2aadc06d","name":"ulqini","sameAs":["http:\/\/www.visit-ulcinj.com"],"url":"https:\/\/www.visit-ulcinj.com\/blog\/author\/admin\/"}]}},"jetpack_featured_media_url":"","jetpack_sharing_enabled":true,"jetpack_shortlink":"https:\/\/wp.me\/pe6lTn-7n7","_links":{"self":[{"href":"https:\/\/www.visit-ulcinj.com\/blog\/wp-json\/wp\/v2\/posts\/28341"}],"collection":[{"href":"https:\/\/www.visit-ulcinj.com\/blog\/wp-json\/wp\/v2\/posts"}],"about":[{"href":"https:\/\/www.visit-ulcinj.com\/blog\/wp-json\/wp\/v2\/types\/post"}],"author":[{"embeddable":true,"href":"https:\/\/www.visit-ulcinj.com\/blog\/wp-json\/wp\/v2\/users\/1"}],"replies":[{"embeddable":true,"href":"https:\/\/www.visit-ulcinj.com\/blog\/wp-json\/wp\/v2\/comments?post=28341"}],"version-history":[{"count":0,"href":"https:\/\/www.visit-ulcinj.com\/blog\/wp-json\/wp\/v2\/posts\/28341\/revisions"}],"wp:attachment":[{"href":"https:\/\/www.visit-ulcinj.com\/blog\/wp-json\/wp\/v2\/media?parent=28341"}],"wp:term":[{"taxonomy":"category","embeddable":true,"href":"https:\/\/www.visit-ulcinj.com\/blog\/wp-json\/wp\/v2\/categories?post=28341"},{"taxonomy":"post_tag","embeddable":true,"href":"https:\/\/www.visit-ulcinj.com\/blog\/wp-json\/wp\/v2\/tags?post=28341"}],"curies":[{"name":"wp","href":"https:\/\/api.w.org\/{rel}","templated":true}]}}