{"id":28345,"date":"2009-12-18T06:11:55","date_gmt":"2009-12-18T04:11:55","guid":{"rendered":"http:\/\/www.visit-ulcinj.com\/blog\/?p=28345"},"modified":"2009-12-18T06:11:56","modified_gmt":"2009-12-18T04:11:56","slug":"soni-malaj-tashme-edhe-kercimtare","status":"publish","type":"post","link":"https:\/\/www.visit-ulcinj.com\/blog\/2009\/12\/18\/soni-malaj-tashme-edhe-kercimtare\/","title":{"rendered":"Soni Malaj, tashm\u00eb edhe k\u00ebrcimtare"},"content":{"rendered":"<p><a href=\"http:\/\/www.visit-ulcinj.com\/blog\/wp-content\/uploads\/2009\/12\/Soni-Malaj.jpg\"><img loading=\"lazy\" class=\"size-full wp-image-28346 alignright\" title=\"Soni Malaj\" src=\"http:\/\/www.visit-ulcinj.com\/blog\/wp-content\/uploads\/2009\/12\/Soni-Malaj.jpg\" alt=\"Soni Malaj\" width=\"392\" height=\"551\" \/><\/a>Ka mjaft talent, por kjo nuk ndodh vet\u00ebm kur b\u00ebhet fjal\u00eb p\u00ebr k\u00ebng\u00ebn. Soni Malaj k\u00ebto dit\u00eb po p\u00ebrgatitet intensivisht dhe ushtrimet fizike po z\u00ebn\u00eb pjes\u00ebn m\u00eb t\u00eb madhe t\u00eb dit\u00ebs. Takimet jan\u00eb m\u00eb t\u00eb shpeshta me profesorin e palestr\u00ebs nd\u00ebrkoh\u00eb q\u00eb regjimi \u00ebsht\u00eb shum\u00eb m\u00eb i rrept\u00eb. Por cila \u00ebsht\u00eb arsyeja? Soni Malaj \u00ebsht\u00eb nj\u00eb prej pjes\u00ebmarr\u00ebseve VIP n\u00eb emisionin q\u00eb pritet t\u00eb filloj\u00eb shum\u00eb shpejt \u2018Dancing with th\u00eb stars\u2019. E ka pranuar ftes\u00ebn me shum\u00eb qejf dhe mezi po pret t\u00eb nis\u00eb nga puna intensive. Ende nuk ka arritur momenti i koreografive, kjo do t\u00eb b\u00ebhet n\u00eb momentin teksa VIP-at do t\u00eb grumbullohen p\u00ebr t\u00eb performuar t\u00eb gjith\u00eb bashk\u00eb n\u00eb sfid\u00eb. E derisa data t\u00eb arrij\u00eb, Soni d\u00ebshiron t\u00eb jet\u00eb n\u00eb form\u00eb perfekt\u00eb dhe k\u00ebt\u00eb gj\u00eb p\u00ebrpiqet ta arrij\u00eb me nj\u00eb vullnet q\u00eb nuk e karakterizon \u00e7dok\u00ebnd. Paralelisht k\u00ebng\u00ebtarja simpatike \u00ebsht\u00eb duke u p\u00ebrgatitur edhe p\u00ebr k\u00ebng\u00ebn e saj m\u00eb t\u00eb re q\u00eb do t\u00eb jet\u00eb garuese n\u00eb k\u00ebt\u00eb edicion t\u00eb festivalit \u2018K\u00ebnga Magjike\u2019. Nj\u00eb tjet\u00ebr bashk\u00ebpunim me Pirro Cakon, Shp\u00ebtim Sara\u00e7in. Soni do t\u00eb vij\u00eb m\u00eb nj\u00eb tjet\u00ebr material muzikor q\u00eb pritet t\u00eb fitoj\u00eb zemrat e fansave ashtu si\u00e7 ndodhi edhe bashk\u00ebpunimin e kaluar me Pirro Cakon, ku k\u00ebnga \u2018Shpirti binjak\u2019 pati nj\u00eb sukses t\u00eb ve\u00e7ant\u00eb.<\/p>\n<!--YouTube Error: bad URL entered-->\n","protected":false},"excerpt":{"rendered":"<p>Ka mjaft talent, por kjo nuk ndodh vet\u00ebm kur b\u00ebhet fjal\u00eb p\u00ebr k\u00ebng\u00ebn. Soni Malaj k\u00ebto dit\u00eb po p\u00ebrgatitet intensivisht dhe ushtrimet fizike po z\u00ebn\u00eb pjes\u00ebn m\u00eb t\u00eb madhe t\u00eb dit\u00ebs. Takimet jan\u00eb m\u00eb t\u00eb shpeshta me profesorin e palestr\u00ebs nd\u00ebrkoh\u00eb q\u00eb regjimi \u00ebsht\u00eb shum\u00eb m\u00eb i rrept\u00eb. Por cila \u00ebsht\u00eb arsyeja? Soni Malaj \u00ebsht\u00eb [&hellip;]<\/p>\n","protected":false},"author":1,"featured_media":0,"comment_status":"open","ping_status":"closed","sticky":false,"template":"","format":"standard","meta":{"spay_email":"","jetpack_publicize_message":"","jetpack_is_tweetstorm":false,"jetpack_publicize_feature_enabled":true},"categories":[1],"tags":[4904],"jetpack_publicize_connections":[],"yoast_head":"<!-- This site is optimized with the Yoast SEO plugin v19.1 - https:\/\/yoast.com\/wordpress\/plugins\/seo\/ -->\n<title>Soni Malaj, tashm\u00eb edhe k\u00ebrcimtare - Lajme nga Ulqini<\/title>\n<meta name=\"description\" content=\"Ka mjaft talent, por kjo nuk ndodh vet\u00ebm kur b\u00ebhet fjal\u00eb p\u00ebr k\u00ebng\u00ebn. Soni Malaj k\u00ebto dit\u00eb po p\u00ebrgatitet intensivisht dhe ushtrimet fizike po z\u00ebn\u00eb pjes\u00ebn\" \/>\n<meta name=\"robots\" content=\"index, follow, max-snippet:-1, max-image-preview:large, max-video-preview:-1\" \/>\n<link rel=\"canonical\" href=\"https:\/\/www.visit-ulcinj.com\/blog\/2009\/12\/18\/soni-malaj-tashme-edhe-kercimtare\/\" \/>\n<meta property=\"og:locale\" content=\"en_US\" \/>\n<meta property=\"og:type\" content=\"article\" \/>\n<meta property=\"og:title\" content=\"Soni Malaj, tashm\u00eb edhe k\u00ebrcimtare - Lajme nga Ulqini\" \/>\n<meta property=\"og:description\" content=\"Ka mjaft talent, por kjo nuk ndodh vet\u00ebm kur b\u00ebhet fjal\u00eb p\u00ebr k\u00ebng\u00ebn. Soni Malaj k\u00ebto dit\u00eb po p\u00ebrgatitet intensivisht dhe ushtrimet fizike po z\u00ebn\u00eb pjes\u00ebn\" \/>\n<meta property=\"og:url\" content=\"https:\/\/www.visit-ulcinj.com\/blog\/2009\/12\/18\/soni-malaj-tashme-edhe-kercimtare\/\" \/>\n<meta property=\"og:site_name\" content=\"Lajme nga Ulqini\" \/>\n<meta property=\"article:published_time\" content=\"2009-12-18T04:11:55+00:00\" \/>\n<meta property=\"article:modified_time\" content=\"2009-12-18T04:11:56+00:00\" \/>\n<meta property=\"og:image\" content=\"http:\/\/www.visit-ulcinj.com\/blog\/wp-content\/uploads\/2009\/12\/Soni-Malaj.jpg\" \/>\n<meta name=\"twitter:label1\" content=\"Written by\" \/>\n\t<meta name=\"twitter:data1\" content=\"ulqini\" \/>\n\t<meta name=\"twitter:label2\" content=\"Est. reading time\" \/>\n\t<meta name=\"twitter:data2\" content=\"1 minute\" \/>\n<script type=\"application\/ld+json\" class=\"yoast-schema-graph\">{\"@context\":\"https:\/\/schema.org\",\"@graph\":[{\"@type\":\"WebSite\",\"@id\":\"https:\/\/www.visit-ulcinj.com\/blog\/#website\",\"url\":\"https:\/\/www.visit-ulcinj.com\/blog\/\",\"name\":\"Lajme nga Ulqini\",\"description\":\"Lajme,Vijesti,Ulqini,Ulqin,Crna Gora,Mali i Zi\",\"potentialAction\":[{\"@type\":\"SearchAction\",\"target\":{\"@type\":\"EntryPoint\",\"urlTemplate\":\"https:\/\/www.visit-ulcinj.com\/blog\/?s={search_term_string}\"},\"query-input\":\"required name=search_term_string\"}],\"inLanguage\":\"en-US\"},{\"@type\":\"ImageObject\",\"inLanguage\":\"en-US\",\"@id\":\"https:\/\/www.visit-ulcinj.com\/blog\/2009\/12\/18\/soni-malaj-tashme-edhe-kercimtare\/#primaryimage\",\"url\":\"http:\/\/www.visit-ulcinj.com\/blog\/wp-content\/uploads\/2009\/12\/Soni-Malaj.jpg\",\"contentUrl\":\"http:\/\/www.visit-ulcinj.com\/blog\/wp-content\/uploads\/2009\/12\/Soni-Malaj.jpg\"},{\"@type\":\"WebPage\",\"@id\":\"https:\/\/www.visit-ulcinj.com\/blog\/2009\/12\/18\/soni-malaj-tashme-edhe-kercimtare\/#webpage\",\"url\":\"https:\/\/www.visit-ulcinj.com\/blog\/2009\/12\/18\/soni-malaj-tashme-edhe-kercimtare\/\",\"name\":\"Soni Malaj, tashm\u00eb edhe k\u00ebrcimtare - Lajme nga Ulqini\",\"isPartOf\":{\"@id\":\"https:\/\/www.visit-ulcinj.com\/blog\/#website\"},\"primaryImageOfPage\":{\"@id\":\"https:\/\/www.visit-ulcinj.com\/blog\/2009\/12\/18\/soni-malaj-tashme-edhe-kercimtare\/#primaryimage\"},\"datePublished\":\"2009-12-18T04:11:55+00:00\",\"dateModified\":\"2009-12-18T04:11:56+00:00\",\"author\":{\"@id\":\"https:\/\/www.visit-ulcinj.com\/blog\/#\/schema\/person\/dcab619c614d3038751c63bc2aadc06d\"},\"description\":\"Ka mjaft talent, por kjo nuk ndodh vet\u00ebm kur b\u00ebhet fjal\u00eb p\u00ebr k\u00ebng\u00ebn. Soni Malaj k\u00ebto dit\u00eb po p\u00ebrgatitet intensivisht dhe ushtrimet fizike po z\u00ebn\u00eb pjes\u00ebn\",\"breadcrumb\":{\"@id\":\"https:\/\/www.visit-ulcinj.com\/blog\/2009\/12\/18\/soni-malaj-tashme-edhe-kercimtare\/#breadcrumb\"},\"inLanguage\":\"en-US\",\"potentialAction\":[{\"@type\":\"ReadAction\",\"target\":[\"https:\/\/www.visit-ulcinj.com\/blog\/2009\/12\/18\/soni-malaj-tashme-edhe-kercimtare\/\"]}]},{\"@type\":\"BreadcrumbList\",\"@id\":\"https:\/\/www.visit-ulcinj.com\/blog\/2009\/12\/18\/soni-malaj-tashme-edhe-kercimtare\/#breadcrumb\",\"itemListElement\":[{\"@type\":\"ListItem\",\"position\":1,\"name\":\"Soni Malaj, tashm\u00eb edhe k\u00ebrcimtare\"}]},{\"@type\":\"Person\",\"@id\":\"https:\/\/www.visit-ulcinj.com\/blog\/#\/schema\/person\/dcab619c614d3038751c63bc2aadc06d\",\"name\":\"ulqini\",\"sameAs\":[\"http:\/\/www.visit-ulcinj.com\"],\"url\":\"https:\/\/www.visit-ulcinj.com\/blog\/author\/admin\/\"}]}<\/script>\n<!-- \/ Yoast SEO plugin. -->","yoast_head_json":{"title":"Soni Malaj, tashm\u00eb edhe k\u00ebrcimtare - Lajme nga Ulqini","description":"Ka mjaft talent, por kjo nuk ndodh vet\u00ebm kur b\u00ebhet fjal\u00eb p\u00ebr k\u00ebng\u00ebn. Soni Malaj k\u00ebto dit\u00eb po p\u00ebrgatitet intensivisht dhe ushtrimet fizike po z\u00ebn\u00eb pjes\u00ebn","robots":{"index":"index","follow":"follow","max-snippet":"max-snippet:-1","max-image-preview":"max-image-preview:large","max-video-preview":"max-video-preview:-1"},"canonical":"https:\/\/www.visit-ulcinj.com\/blog\/2009\/12\/18\/soni-malaj-tashme-edhe-kercimtare\/","og_locale":"en_US","og_type":"article","og_title":"Soni Malaj, tashm\u00eb edhe k\u00ebrcimtare - Lajme nga Ulqini","og_description":"Ka mjaft talent, por kjo nuk ndodh vet\u00ebm kur b\u00ebhet fjal\u00eb p\u00ebr k\u00ebng\u00ebn. Soni Malaj k\u00ebto dit\u00eb po p\u00ebrgatitet intensivisht dhe ushtrimet fizike po z\u00ebn\u00eb pjes\u00ebn","og_url":"https:\/\/www.visit-ulcinj.com\/blog\/2009\/12\/18\/soni-malaj-tashme-edhe-kercimtare\/","og_site_name":"Lajme nga Ulqini","article_published_time":"2009-12-18T04:11:55+00:00","article_modified_time":"2009-12-18T04:11:56+00:00","og_image":[{"url":"http:\/\/www.visit-ulcinj.com\/blog\/wp-content\/uploads\/2009\/12\/Soni-Malaj.jpg"}],"twitter_misc":{"Written by":"ulqini","Est. reading time":"1 minute"},"schema":{"@context":"https:\/\/schema.org","@graph":[{"@type":"WebSite","@id":"https:\/\/www.visit-ulcinj.com\/blog\/#website","url":"https:\/\/www.visit-ulcinj.com\/blog\/","name":"Lajme nga Ulqini","description":"Lajme,Vijesti,Ulqini,Ulqin,Crna Gora,Mali i Zi","potentialAction":[{"@type":"SearchAction","target":{"@type":"EntryPoint","urlTemplate":"https:\/\/www.visit-ulcinj.com\/blog\/?s={search_term_string}"},"query-input":"required name=search_term_string"}],"inLanguage":"en-US"},{"@type":"ImageObject","inLanguage":"en-US","@id":"https:\/\/www.visit-ulcinj.com\/blog\/2009\/12\/18\/soni-malaj-tashme-edhe-kercimtare\/#primaryimage","url":"http:\/\/www.visit-ulcinj.com\/blog\/wp-content\/uploads\/2009\/12\/Soni-Malaj.jpg","contentUrl":"http:\/\/www.visit-ulcinj.com\/blog\/wp-content\/uploads\/2009\/12\/Soni-Malaj.jpg"},{"@type":"WebPage","@id":"https:\/\/www.visit-ulcinj.com\/blog\/2009\/12\/18\/soni-malaj-tashme-edhe-kercimtare\/#webpage","url":"https:\/\/www.visit-ulcinj.com\/blog\/2009\/12\/18\/soni-malaj-tashme-edhe-kercimtare\/","name":"Soni Malaj, tashm\u00eb edhe k\u00ebrcimtare - Lajme nga Ulqini","isPartOf":{"@id":"https:\/\/www.visit-ulcinj.com\/blog\/#website"},"primaryImageOfPage":{"@id":"https:\/\/www.visit-ulcinj.com\/blog\/2009\/12\/18\/soni-malaj-tashme-edhe-kercimtare\/#primaryimage"},"datePublished":"2009-12-18T04:11:55+00:00","dateModified":"2009-12-18T04:11:56+00:00","author":{"@id":"https:\/\/www.visit-ulcinj.com\/blog\/#\/schema\/person\/dcab619c614d3038751c63bc2aadc06d"},"description":"Ka mjaft talent, por kjo nuk ndodh vet\u00ebm kur b\u00ebhet fjal\u00eb p\u00ebr k\u00ebng\u00ebn. Soni Malaj k\u00ebto dit\u00eb po p\u00ebrgatitet intensivisht dhe ushtrimet fizike po z\u00ebn\u00eb pjes\u00ebn","breadcrumb":{"@id":"https:\/\/www.visit-ulcinj.com\/blog\/2009\/12\/18\/soni-malaj-tashme-edhe-kercimtare\/#breadcrumb"},"inLanguage":"en-US","potentialAction":[{"@type":"ReadAction","target":["https:\/\/www.visit-ulcinj.com\/blog\/2009\/12\/18\/soni-malaj-tashme-edhe-kercimtare\/"]}]},{"@type":"BreadcrumbList","@id":"https:\/\/www.visit-ulcinj.com\/blog\/2009\/12\/18\/soni-malaj-tashme-edhe-kercimtare\/#breadcrumb","itemListElement":[{"@type":"ListItem","position":1,"name":"Soni Malaj, tashm\u00eb edhe k\u00ebrcimtare"}]},{"@type":"Person","@id":"https:\/\/www.visit-ulcinj.com\/blog\/#\/schema\/person\/dcab619c614d3038751c63bc2aadc06d","name":"ulqini","sameAs":["http:\/\/www.visit-ulcinj.com"],"url":"https:\/\/www.visit-ulcinj.com\/blog\/author\/admin\/"}]}},"jetpack_featured_media_url":"","jetpack_sharing_enabled":true,"jetpack_shortlink":"https:\/\/wp.me\/pe6lTn-7nb","_links":{"self":[{"href":"https:\/\/www.visit-ulcinj.com\/blog\/wp-json\/wp\/v2\/posts\/28345"}],"collection":[{"href":"https:\/\/www.visit-ulcinj.com\/blog\/wp-json\/wp\/v2\/posts"}],"about":[{"href":"https:\/\/www.visit-ulcinj.com\/blog\/wp-json\/wp\/v2\/types\/post"}],"author":[{"embeddable":true,"href":"https:\/\/www.visit-ulcinj.com\/blog\/wp-json\/wp\/v2\/users\/1"}],"replies":[{"embeddable":true,"href":"https:\/\/www.visit-ulcinj.com\/blog\/wp-json\/wp\/v2\/comments?post=28345"}],"version-history":[{"count":0,"href":"https:\/\/www.visit-ulcinj.com\/blog\/wp-json\/wp\/v2\/posts\/28345\/revisions"}],"wp:attachment":[{"href":"https:\/\/www.visit-ulcinj.com\/blog\/wp-json\/wp\/v2\/media?parent=28345"}],"wp:term":[{"taxonomy":"category","embeddable":true,"href":"https:\/\/www.visit-ulcinj.com\/blog\/wp-json\/wp\/v2\/categories?post=28345"},{"taxonomy":"post_tag","embeddable":true,"href":"https:\/\/www.visit-ulcinj.com\/blog\/wp-json\/wp\/v2\/tags?post=28345"}],"curies":[{"name":"wp","href":"https:\/\/api.w.org\/{rel}","templated":true}]}}