{"id":28349,"date":"2009-12-18T06:31:30","date_gmt":"2009-12-18T04:31:30","guid":{"rendered":"http:\/\/www.visit-ulcinj.com\/blog\/?p=28349"},"modified":"2009-12-18T06:31:30","modified_gmt":"2009-12-18T04:31:30","slug":"rovena-stefa-shperblen-publikun-me-kalendar","status":"publish","type":"post","link":"https:\/\/www.visit-ulcinj.com\/blog\/2009\/12\/18\/rovena-stefa-shperblen-publikun-me-kalendar\/","title":{"rendered":"Rovena Stefa shp\u00ebrblen publikun me kalendar"},"content":{"rendered":"<p><a href=\"http:\/\/www.visit-ulcinj.com\/blog\/wp-content\/uploads\/2009\/12\/Rovena-Stefa.jpg\"><img loading=\"lazy\" class=\"size-full wp-image-28351 alignright\" title=\"Rovena Stefa\" src=\"http:\/\/www.visit-ulcinj.com\/blog\/wp-content\/uploads\/2009\/12\/Rovena-Stefa.jpg\" alt=\"Rovena Stefa\" width=\"330\" height=\"496\" \/><\/a>\u00cbsht\u00eb gjithmon\u00eb pran\u00eb publikut shqiptar me hitet e saj t\u00eb suksesshme. Pasi ka eksperimentuar mjaftuesh\u00ebm n\u00eb zhanret e muzik\u00ebs q\u00eb k\u00ebndon, Rovena Stefa sjell p\u00ebr publikun shqiptar nj\u00eb risi n\u00eb prag t\u00eb k\u00ebtij fundviti. Nj\u00eb kalendar artistik do t\u00eb jet\u00eb prurja m\u00eb e re e k\u00ebng\u00ebtares Stefa p\u00ebr t\u2019i q\u00ebndruar sa m\u00eb pran\u00eb shqiptar\u00ebve n\u00eb t\u00eb dymb\u00ebdhjet\u00eb muajt e vitit, por jo vet\u00ebm kaq, nj\u00eb k\u00ebng\u00eb e re e kompozuar nga vet\u00eb ajo si edhe shum\u00eb e shum\u00eb projekte t\u00eb tjera e presin Roven\u00ebn ton\u00eb. \u201c\u00cbsht\u00eb nj\u00eb d\u00ebshir\u00eb e hershme e imja p\u00ebr t\u00eb pasur nj\u00eb p\u00ebrmbledhje t\u00eb fotografive t\u00eb mia m\u00eb t\u00eb mira, t\u00eb realizuara nga fotograf\u00ebt m\u00eb t\u00eb mir\u00eb shqiptar\u00eb dhe t\u00eb huaj, foto t\u00eb cilat tashm\u00eb jan\u00eb n\u00eb portofolin tim dhe q\u00eb p\u00ebr pak dit\u00eb do t\u00eb jen\u00eb edhe n\u00eb duart e publikut shqiptar, n\u00eb Shqip\u00ebri, Kosov\u00eb e Maqedoni. Mendoj se kemi b\u00ebr\u00eb nj\u00eb pun\u00eb t\u00eb mir\u00eb dhe me vlera dhe q\u00eb do t\u00eb l\u00ebr\u00eb p\u00ebrshtypje t\u00eb mir\u00eb tek kritik\u00ebt e fotografis\u00eb dhe tek publiku i gjer\u00eb\u201d, ka th\u00ebn\u00eb ajo, p\u00ebr t\u00eb sqaruar m\u00eb tej natyr\u00ebn e fotove: \u201c\u00cbsht\u00eb nj\u00eb Roven\u00eb mjaft origjinale, tep\u00ebr natyrale dhe e pa ndikuar apo e pa imponuar nga asgj\u00eb dhe askush. Jam vet\u00eb un\u00eb aty, n\u00eb t\u00eb gjitha format e mia, m\u00ebnyrat dhe shprehjet. Kur e shfletoj grupin e p\u00ebrzgjedhur prej 12 fotografish p\u00ebr kalendarin e vitit q\u00eb po vjen, them se \u00ebsht\u00eb p\u00ebrshkrimi m\u00eb i plot\u00eb i karakterit tim, imazhit q\u00eb kam p\u00ebr veten, i d\u00ebshirave dhe pasioneve t\u00eb mia. Jam e lumtur p\u00ebr k\u00ebt\u00eb realizim t\u00eb fundit, p\u00ebr k\u00ebt\u00eb projekt q\u00eb do t\u00eb m\u00eb jap\u00eb nj\u00eb kuad\u00ebr m\u00eb t\u00eb plot\u00eb si artiste dhe si performante e fotografis\u00eb. Aty n\u00eb shum\u00eb prej fotove jam n\u00eb ndjesi t\u00eb ndryshme q\u00eb lirisht mund t\u00eb lidhen me disa nga k\u00ebng\u00ebt e mia, t\u00eb albumeve t\u00eb deritanishme. Jan\u00eb gjendje t\u00eb cilat m\u00eb shpjegojn\u00eb mua n\u00eb m\u00ebnyr\u00eb perfekt\u00eb\u201d. Ajo ka folur edhe p\u00ebr planet p\u00ebr t\u00eb ardhmen. \u201cSi zakonisht do t\u00eb jem prezent n\u00ebp\u00ebr evenimente muzikore t\u00eb ndryshme n\u00eb Shqip\u00ebri edhe jasht\u00eb saj, do t\u00eb jem gati me produkte t\u00eb reja p\u00ebr pranver\u00ebn, edhe pse t\u00eb tjera risi m\u00eb presin k\u00ebt\u00eb muaj, por le t\u00eb presim edhe pak q\u00eb t\u2019i shohim ato\u201d, ka th\u00ebn\u00eb ajo, p\u00ebr t\u00eb shtuar se p\u00ebr festat e fundvitit do t\u00eb jet\u00eb e angazhuar n\u00eb koncerte.<\/p>\n<p><strong>Kosova Sot<\/strong><\/p>\n<p><strong><\/p>\n<p><\/strong><\/p>\n<p><strong><!--YouTube Error: bad URL entered--><br \/>\n<\/strong><\/p>\n","protected":false},"excerpt":{"rendered":"<p>\u00cbsht\u00eb gjithmon\u00eb pran\u00eb publikut shqiptar me hitet e saj t\u00eb suksesshme. Pasi ka eksperimentuar mjaftuesh\u00ebm n\u00eb zhanret e muzik\u00ebs q\u00eb k\u00ebndon, Rovena Stefa sjell p\u00ebr publikun shqiptar nj\u00eb risi n\u00eb prag t\u00eb k\u00ebtij fundviti. Nj\u00eb kalendar artistik do t\u00eb jet\u00eb prurja m\u00eb e re e k\u00ebng\u00ebtares Stefa p\u00ebr t\u2019i q\u00ebndruar sa m\u00eb pran\u00eb shqiptar\u00ebve n\u00eb [&hellip;]<\/p>\n","protected":false},"author":1,"featured_media":0,"comment_status":"open","ping_status":"closed","sticky":false,"template":"","format":"standard","meta":{"spay_email":"","jetpack_publicize_message":"","jetpack_is_tweetstorm":false,"jetpack_publicize_feature_enabled":true},"categories":[1],"tags":[4869],"jetpack_publicize_connections":[],"yoast_head":"<!-- This site is optimized with the Yoast SEO plugin v19.1 - https:\/\/yoast.com\/wordpress\/plugins\/seo\/ -->\n<title>Rovena Stefa shp\u00ebrblen publikun me kalendar - Lajme nga Ulqini<\/title>\n<meta name=\"description\" content=\"\u00cbsht\u00eb gjithmon\u00eb pran\u00eb publikut shqiptar me hitet e saj t\u00eb suksesshme. Pasi ka eksperimentuar mjaftuesh\u00ebm n\u00eb zhanret e muzik\u00ebs q\u00eb k\u00ebndon, Rovena Stefa\" \/>\n<meta name=\"robots\" content=\"index, follow, max-snippet:-1, max-image-preview:large, max-video-preview:-1\" \/>\n<link rel=\"canonical\" href=\"https:\/\/www.visit-ulcinj.com\/blog\/2009\/12\/18\/rovena-stefa-shperblen-publikun-me-kalendar\/\" \/>\n<meta property=\"og:locale\" content=\"en_US\" \/>\n<meta property=\"og:type\" content=\"article\" \/>\n<meta property=\"og:title\" content=\"Rovena Stefa shp\u00ebrblen publikun me kalendar - Lajme nga Ulqini\" \/>\n<meta property=\"og:description\" content=\"\u00cbsht\u00eb gjithmon\u00eb pran\u00eb publikut shqiptar me hitet e saj t\u00eb suksesshme. Pasi ka eksperimentuar mjaftuesh\u00ebm n\u00eb zhanret e muzik\u00ebs q\u00eb k\u00ebndon, Rovena Stefa\" \/>\n<meta property=\"og:url\" content=\"https:\/\/www.visit-ulcinj.com\/blog\/2009\/12\/18\/rovena-stefa-shperblen-publikun-me-kalendar\/\" \/>\n<meta property=\"og:site_name\" content=\"Lajme nga Ulqini\" \/>\n<meta property=\"article:published_time\" content=\"2009-12-18T04:31:30+00:00\" \/>\n<meta property=\"og:image\" content=\"https:\/\/www.visit-ulcinj.com\/blog\/wp-content\/uploads\/2009\/12\/Rovena-Stefa-150x150.jpg\" \/>\n<meta name=\"twitter:label1\" content=\"Written by\" \/>\n\t<meta name=\"twitter:data1\" content=\"ulqini\" \/>\n\t<meta name=\"twitter:label2\" content=\"Est. reading time\" \/>\n\t<meta name=\"twitter:data2\" content=\"2 minutes\" \/>\n<script type=\"application\/ld+json\" class=\"yoast-schema-graph\">{\"@context\":\"https:\/\/schema.org\",\"@graph\":[{\"@type\":\"WebSite\",\"@id\":\"https:\/\/www.visit-ulcinj.com\/blog\/#website\",\"url\":\"https:\/\/www.visit-ulcinj.com\/blog\/\",\"name\":\"Lajme nga Ulqini\",\"description\":\"Lajme,Vijesti,Ulqini,Ulqin,Crna Gora,Mali i Zi\",\"potentialAction\":[{\"@type\":\"SearchAction\",\"target\":{\"@type\":\"EntryPoint\",\"urlTemplate\":\"https:\/\/www.visit-ulcinj.com\/blog\/?s={search_term_string}\"},\"query-input\":\"required name=search_term_string\"}],\"inLanguage\":\"en-US\"},{\"@type\":\"ImageObject\",\"inLanguage\":\"en-US\",\"@id\":\"https:\/\/www.visit-ulcinj.com\/blog\/2009\/12\/18\/rovena-stefa-shperblen-publikun-me-kalendar\/#primaryimage\",\"url\":\"http:\/\/www.visit-ulcinj.com\/blog\/wp-content\/uploads\/2009\/12\/Rovena-Stefa.jpg\",\"contentUrl\":\"http:\/\/www.visit-ulcinj.com\/blog\/wp-content\/uploads\/2009\/12\/Rovena-Stefa.jpg\"},{\"@type\":\"WebPage\",\"@id\":\"https:\/\/www.visit-ulcinj.com\/blog\/2009\/12\/18\/rovena-stefa-shperblen-publikun-me-kalendar\/#webpage\",\"url\":\"https:\/\/www.visit-ulcinj.com\/blog\/2009\/12\/18\/rovena-stefa-shperblen-publikun-me-kalendar\/\",\"name\":\"Rovena Stefa shp\u00ebrblen publikun me kalendar - Lajme nga Ulqini\",\"isPartOf\":{\"@id\":\"https:\/\/www.visit-ulcinj.com\/blog\/#website\"},\"primaryImageOfPage\":{\"@id\":\"https:\/\/www.visit-ulcinj.com\/blog\/2009\/12\/18\/rovena-stefa-shperblen-publikun-me-kalendar\/#primaryimage\"},\"datePublished\":\"2009-12-18T04:31:30+00:00\",\"dateModified\":\"2009-12-18T04:31:30+00:00\",\"author\":{\"@id\":\"https:\/\/www.visit-ulcinj.com\/blog\/#\/schema\/person\/dcab619c614d3038751c63bc2aadc06d\"},\"description\":\"\u00cbsht\u00eb gjithmon\u00eb pran\u00eb publikut shqiptar me hitet e saj t\u00eb suksesshme. Pasi ka eksperimentuar mjaftuesh\u00ebm n\u00eb zhanret e muzik\u00ebs q\u00eb k\u00ebndon, Rovena Stefa\",\"breadcrumb\":{\"@id\":\"https:\/\/www.visit-ulcinj.com\/blog\/2009\/12\/18\/rovena-stefa-shperblen-publikun-me-kalendar\/#breadcrumb\"},\"inLanguage\":\"en-US\",\"potentialAction\":[{\"@type\":\"ReadAction\",\"target\":[\"https:\/\/www.visit-ulcinj.com\/blog\/2009\/12\/18\/rovena-stefa-shperblen-publikun-me-kalendar\/\"]}]},{\"@type\":\"BreadcrumbList\",\"@id\":\"https:\/\/www.visit-ulcinj.com\/blog\/2009\/12\/18\/rovena-stefa-shperblen-publikun-me-kalendar\/#breadcrumb\",\"itemListElement\":[{\"@type\":\"ListItem\",\"position\":1,\"name\":\"Rovena Stefa shp\u00ebrblen publikun me kalendar\"}]},{\"@type\":\"Person\",\"@id\":\"https:\/\/www.visit-ulcinj.com\/blog\/#\/schema\/person\/dcab619c614d3038751c63bc2aadc06d\",\"name\":\"ulqini\",\"sameAs\":[\"http:\/\/www.visit-ulcinj.com\"],\"url\":\"https:\/\/www.visit-ulcinj.com\/blog\/author\/admin\/\"}]}<\/script>\n<!-- \/ Yoast SEO plugin. -->","yoast_head_json":{"title":"Rovena Stefa shp\u00ebrblen publikun me kalendar - Lajme nga Ulqini","description":"\u00cbsht\u00eb gjithmon\u00eb pran\u00eb publikut shqiptar me hitet e saj t\u00eb suksesshme. Pasi ka eksperimentuar mjaftuesh\u00ebm n\u00eb zhanret e muzik\u00ebs q\u00eb k\u00ebndon, Rovena Stefa","robots":{"index":"index","follow":"follow","max-snippet":"max-snippet:-1","max-image-preview":"max-image-preview:large","max-video-preview":"max-video-preview:-1"},"canonical":"https:\/\/www.visit-ulcinj.com\/blog\/2009\/12\/18\/rovena-stefa-shperblen-publikun-me-kalendar\/","og_locale":"en_US","og_type":"article","og_title":"Rovena Stefa shp\u00ebrblen publikun me kalendar - Lajme nga Ulqini","og_description":"\u00cbsht\u00eb gjithmon\u00eb pran\u00eb publikut shqiptar me hitet e saj t\u00eb suksesshme. Pasi ka eksperimentuar mjaftuesh\u00ebm n\u00eb zhanret e muzik\u00ebs q\u00eb k\u00ebndon, Rovena Stefa","og_url":"https:\/\/www.visit-ulcinj.com\/blog\/2009\/12\/18\/rovena-stefa-shperblen-publikun-me-kalendar\/","og_site_name":"Lajme nga Ulqini","article_published_time":"2009-12-18T04:31:30+00:00","og_image":[{"url":"https:\/\/www.visit-ulcinj.com\/blog\/wp-content\/uploads\/2009\/12\/Rovena-Stefa-150x150.jpg"}],"twitter_misc":{"Written by":"ulqini","Est. reading time":"2 minutes"},"schema":{"@context":"https:\/\/schema.org","@graph":[{"@type":"WebSite","@id":"https:\/\/www.visit-ulcinj.com\/blog\/#website","url":"https:\/\/www.visit-ulcinj.com\/blog\/","name":"Lajme nga Ulqini","description":"Lajme,Vijesti,Ulqini,Ulqin,Crna Gora,Mali i Zi","potentialAction":[{"@type":"SearchAction","target":{"@type":"EntryPoint","urlTemplate":"https:\/\/www.visit-ulcinj.com\/blog\/?s={search_term_string}"},"query-input":"required name=search_term_string"}],"inLanguage":"en-US"},{"@type":"ImageObject","inLanguage":"en-US","@id":"https:\/\/www.visit-ulcinj.com\/blog\/2009\/12\/18\/rovena-stefa-shperblen-publikun-me-kalendar\/#primaryimage","url":"http:\/\/www.visit-ulcinj.com\/blog\/wp-content\/uploads\/2009\/12\/Rovena-Stefa.jpg","contentUrl":"http:\/\/www.visit-ulcinj.com\/blog\/wp-content\/uploads\/2009\/12\/Rovena-Stefa.jpg"},{"@type":"WebPage","@id":"https:\/\/www.visit-ulcinj.com\/blog\/2009\/12\/18\/rovena-stefa-shperblen-publikun-me-kalendar\/#webpage","url":"https:\/\/www.visit-ulcinj.com\/blog\/2009\/12\/18\/rovena-stefa-shperblen-publikun-me-kalendar\/","name":"Rovena Stefa shp\u00ebrblen publikun me kalendar - Lajme nga Ulqini","isPartOf":{"@id":"https:\/\/www.visit-ulcinj.com\/blog\/#website"},"primaryImageOfPage":{"@id":"https:\/\/www.visit-ulcinj.com\/blog\/2009\/12\/18\/rovena-stefa-shperblen-publikun-me-kalendar\/#primaryimage"},"datePublished":"2009-12-18T04:31:30+00:00","dateModified":"2009-12-18T04:31:30+00:00","author":{"@id":"https:\/\/www.visit-ulcinj.com\/blog\/#\/schema\/person\/dcab619c614d3038751c63bc2aadc06d"},"description":"\u00cbsht\u00eb gjithmon\u00eb pran\u00eb publikut shqiptar me hitet e saj t\u00eb suksesshme. Pasi ka eksperimentuar mjaftuesh\u00ebm n\u00eb zhanret e muzik\u00ebs q\u00eb k\u00ebndon, Rovena Stefa","breadcrumb":{"@id":"https:\/\/www.visit-ulcinj.com\/blog\/2009\/12\/18\/rovena-stefa-shperblen-publikun-me-kalendar\/#breadcrumb"},"inLanguage":"en-US","potentialAction":[{"@type":"ReadAction","target":["https:\/\/www.visit-ulcinj.com\/blog\/2009\/12\/18\/rovena-stefa-shperblen-publikun-me-kalendar\/"]}]},{"@type":"BreadcrumbList","@id":"https:\/\/www.visit-ulcinj.com\/blog\/2009\/12\/18\/rovena-stefa-shperblen-publikun-me-kalendar\/#breadcrumb","itemListElement":[{"@type":"ListItem","position":1,"name":"Rovena Stefa shp\u00ebrblen publikun me kalendar"}]},{"@type":"Person","@id":"https:\/\/www.visit-ulcinj.com\/blog\/#\/schema\/person\/dcab619c614d3038751c63bc2aadc06d","name":"ulqini","sameAs":["http:\/\/www.visit-ulcinj.com"],"url":"https:\/\/www.visit-ulcinj.com\/blog\/author\/admin\/"}]}},"jetpack_featured_media_url":"","jetpack_sharing_enabled":true,"jetpack_shortlink":"https:\/\/wp.me\/pe6lTn-7nf","_links":{"self":[{"href":"https:\/\/www.visit-ulcinj.com\/blog\/wp-json\/wp\/v2\/posts\/28349"}],"collection":[{"href":"https:\/\/www.visit-ulcinj.com\/blog\/wp-json\/wp\/v2\/posts"}],"about":[{"href":"https:\/\/www.visit-ulcinj.com\/blog\/wp-json\/wp\/v2\/types\/post"}],"author":[{"embeddable":true,"href":"https:\/\/www.visit-ulcinj.com\/blog\/wp-json\/wp\/v2\/users\/1"}],"replies":[{"embeddable":true,"href":"https:\/\/www.visit-ulcinj.com\/blog\/wp-json\/wp\/v2\/comments?post=28349"}],"version-history":[{"count":0,"href":"https:\/\/www.visit-ulcinj.com\/blog\/wp-json\/wp\/v2\/posts\/28349\/revisions"}],"wp:attachment":[{"href":"https:\/\/www.visit-ulcinj.com\/blog\/wp-json\/wp\/v2\/media?parent=28349"}],"wp:term":[{"taxonomy":"category","embeddable":true,"href":"https:\/\/www.visit-ulcinj.com\/blog\/wp-json\/wp\/v2\/categories?post=28349"},{"taxonomy":"post_tag","embeddable":true,"href":"https:\/\/www.visit-ulcinj.com\/blog\/wp-json\/wp\/v2\/tags?post=28349"}],"curies":[{"name":"wp","href":"https:\/\/api.w.org\/{rel}","templated":true}]}}