{"id":28383,"date":"2009-12-18T08:39:18","date_gmt":"2009-12-18T06:39:18","guid":{"rendered":"http:\/\/www.visit-ulcinj.com\/blog\/?p=28383"},"modified":"2009-12-18T08:39:18","modified_gmt":"2009-12-18T06:39:18","slug":"podgorica-respekton-gjnd%e2%80%99ne","status":"publish","type":"post","link":"https:\/\/www.visit-ulcinj.com\/blog\/2009\/12\/18\/podgorica-respekton-gjnd%e2%80%99ne\/","title":{"rendered":"Podgorica respekton GJND\u2019n\u00eb"},"content":{"rendered":"<p><a href=\"http:\/\/www.visit-ulcinj.com\/blog\/wp-content\/uploads\/2009\/12\/Filip-Vujanovic_Dinosa.jpg\"><img loading=\"lazy\" class=\"alignleft size-full wp-image-28384\" title=\"MONTENEGRO-ELECTIONS\/\" src=\"http:\/\/www.visit-ulcinj.com\/blog\/wp-content\/uploads\/2009\/12\/Filip-Vujanovic_Dinosa.jpg\" alt=\"MONTENEGRO-ELECTIONS\/\" width=\"580\" height=\"400\" \/><\/a>Presidenti malazez, Filip Vujanovic, ka deklaruar se Mali i Zi do t\u00eb respektoj\u00eb vendimet e institucioneve nd\u00ebrkomb\u00ebtare, pra edhe ato q\u00eb kan\u00eb t\u00eb b\u00ebjn\u00eb me Kosov\u00ebn.<br \/>\n\u201cGjithsesi do t\u00eb respektojm\u00eb edhe vendimet e Gjykat\u00ebs Nd\u00ebrkomb\u00ebtare t\u00eb Drejt\u00ebsis\u00eb, por dhe at\u00eb q\u00eb ka t\u00eb b\u00ebj\u00eb me statusin e Kosov\u00ebs. N\u00ebse ai vendim n\u00eb m\u00ebnyr\u00eb eksplicite adreson mesazhin e qart\u00eb, do t\u00eb kemi nj\u00eb q\u00ebndrim t\u00eb p\u00ebrgjegjsh\u00ebm ndaj tij\u201d, tha Vujanovic, n\u00eb nj\u00eb intervist\u00eb p\u00ebr gazet\u00ebn &#8220;Vecernje Novosti\u201d t\u00eb Beogradit.<br \/>\nN\u00eb pritje t\u00eb vendimit t\u00eb Gjykat\u00ebs, se a do ta shtyj\u00eb Podgorica vendosjen e marr\u00ebdh\u00ebnieve diplomatike me Prishtin\u00ebn, Vujanovic tha se Mali i Zi duhet t\u00eb ket\u00eb parasysh interesat e fqinj\u00ebve t\u00eb tij, posa\u00e7\u00ebrisht t\u00eb Serbis\u00eb.<\/p>\n<p><strong>Gazeta Express<\/strong><\/p>\n","protected":false},"excerpt":{"rendered":"<p>Presidenti malazez, Filip Vujanovic, ka deklaruar se Mali i Zi do t\u00eb respektoj\u00eb vendimet e institucioneve nd\u00ebrkomb\u00ebtare, pra edhe ato q\u00eb kan\u00eb t\u00eb b\u00ebjn\u00eb me Kosov\u00ebn. \u201cGjithsesi do t\u00eb respektojm\u00eb edhe vendimet e Gjykat\u00ebs Nd\u00ebrkomb\u00ebtare t\u00eb Drejt\u00ebsis\u00eb, por dhe at\u00eb q\u00eb ka t\u00eb b\u00ebj\u00eb me statusin e Kosov\u00ebs. N\u00ebse ai vendim n\u00eb m\u00ebnyr\u00eb eksplicite adreson [&hellip;]<\/p>\n","protected":false},"author":1,"featured_media":0,"comment_status":"open","ping_status":"closed","sticky":false,"template":"","format":"standard","meta":{"spay_email":"","jetpack_publicize_message":"","jetpack_is_tweetstorm":false,"jetpack_publicize_feature_enabled":true},"categories":[14],"tags":[93],"jetpack_publicize_connections":[],"yoast_head":"<!-- This site is optimized with the Yoast SEO plugin v19.1 - https:\/\/yoast.com\/wordpress\/plugins\/seo\/ -->\n<title>Podgorica respekton GJND\u2019n\u00eb - Lajme nga Ulqini<\/title>\n<meta name=\"description\" content=\"Presidenti malazez, Filip Vujanovic, ka deklaruar se Mali i Zi do t\u00eb respektoj\u00eb vendimet e institucioneve nd\u00ebrkomb\u00ebtare, pra edhe ato q\u00eb kan\u00eb t\u00eb b\u00ebjn\u00eb me\" \/>\n<meta name=\"robots\" content=\"index, follow, max-snippet:-1, max-image-preview:large, max-video-preview:-1\" \/>\n<link rel=\"canonical\" href=\"https:\/\/www.visit-ulcinj.com\/blog\/2009\/12\/18\/podgorica-respekton-gjnd\u2019ne\/\" \/>\n<meta property=\"og:locale\" content=\"en_US\" \/>\n<meta property=\"og:type\" content=\"article\" \/>\n<meta property=\"og:title\" content=\"Podgorica respekton GJND\u2019n\u00eb - Lajme nga Ulqini\" \/>\n<meta property=\"og:description\" content=\"Presidenti malazez, Filip Vujanovic, ka deklaruar se Mali i Zi do t\u00eb respektoj\u00eb vendimet e institucioneve nd\u00ebrkomb\u00ebtare, pra edhe ato q\u00eb kan\u00eb t\u00eb b\u00ebjn\u00eb me\" \/>\n<meta property=\"og:url\" content=\"https:\/\/www.visit-ulcinj.com\/blog\/2009\/12\/18\/podgorica-respekton-gjnd\u2019ne\/\" \/>\n<meta property=\"og:site_name\" content=\"Lajme nga Ulqini\" \/>\n<meta property=\"article:published_time\" content=\"2009-12-18T06:39:18+00:00\" \/>\n<meta property=\"og:image\" content=\"http:\/\/www.visit-ulcinj.com\/blog\/wp-content\/uploads\/2009\/12\/Filip-Vujanovic_Dinosa.jpg\" \/>\n<meta name=\"twitter:label1\" content=\"Written by\" \/>\n\t<meta name=\"twitter:data1\" content=\"ulqini\" \/>\n\t<meta name=\"twitter:label2\" content=\"Est. reading time\" \/>\n\t<meta name=\"twitter:data2\" content=\"1 minute\" \/>\n<script type=\"application\/ld+json\" class=\"yoast-schema-graph\">{\"@context\":\"https:\/\/schema.org\",\"@graph\":[{\"@type\":\"WebSite\",\"@id\":\"https:\/\/www.visit-ulcinj.com\/blog\/#website\",\"url\":\"https:\/\/www.visit-ulcinj.com\/blog\/\",\"name\":\"Lajme nga Ulqini\",\"description\":\"Lajme,Vijesti,Ulqini,Ulqin,Crna Gora,Mali i Zi\",\"potentialAction\":[{\"@type\":\"SearchAction\",\"target\":{\"@type\":\"EntryPoint\",\"urlTemplate\":\"https:\/\/www.visit-ulcinj.com\/blog\/?s={search_term_string}\"},\"query-input\":\"required name=search_term_string\"}],\"inLanguage\":\"en-US\"},{\"@type\":\"ImageObject\",\"inLanguage\":\"en-US\",\"@id\":\"https:\/\/www.visit-ulcinj.com\/blog\/2009\/12\/18\/podgorica-respekton-gjnd%e2%80%99ne\/#primaryimage\",\"url\":\"https:\/\/www.visit-ulcinj.com\/blog\/wp-content\/uploads\/2009\/12\/Filip-Vujanovic_Dinosa.jpg\",\"contentUrl\":\"https:\/\/www.visit-ulcinj.com\/blog\/wp-content\/uploads\/2009\/12\/Filip-Vujanovic_Dinosa.jpg\",\"width\":\"610\",\"height\":\"417\"},{\"@type\":\"WebPage\",\"@id\":\"https:\/\/www.visit-ulcinj.com\/blog\/2009\/12\/18\/podgorica-respekton-gjnd%e2%80%99ne\/#webpage\",\"url\":\"https:\/\/www.visit-ulcinj.com\/blog\/2009\/12\/18\/podgorica-respekton-gjnd%e2%80%99ne\/\",\"name\":\"Podgorica respekton GJND\u2019n\u00eb - Lajme nga Ulqini\",\"isPartOf\":{\"@id\":\"https:\/\/www.visit-ulcinj.com\/blog\/#website\"},\"primaryImageOfPage\":{\"@id\":\"https:\/\/www.visit-ulcinj.com\/blog\/2009\/12\/18\/podgorica-respekton-gjnd%e2%80%99ne\/#primaryimage\"},\"datePublished\":\"2009-12-18T06:39:18+00:00\",\"dateModified\":\"2009-12-18T06:39:18+00:00\",\"author\":{\"@id\":\"https:\/\/www.visit-ulcinj.com\/blog\/#\/schema\/person\/dcab619c614d3038751c63bc2aadc06d\"},\"description\":\"Presidenti malazez, Filip Vujanovic, ka deklaruar se Mali i Zi do t\u00eb respektoj\u00eb vendimet e institucioneve nd\u00ebrkomb\u00ebtare, pra edhe ato q\u00eb kan\u00eb t\u00eb b\u00ebjn\u00eb me\",\"breadcrumb\":{\"@id\":\"https:\/\/www.visit-ulcinj.com\/blog\/2009\/12\/18\/podgorica-respekton-gjnd%e2%80%99ne\/#breadcrumb\"},\"inLanguage\":\"en-US\",\"potentialAction\":[{\"@type\":\"ReadAction\",\"target\":[\"https:\/\/www.visit-ulcinj.com\/blog\/2009\/12\/18\/podgorica-respekton-gjnd%e2%80%99ne\/\"]}]},{\"@type\":\"BreadcrumbList\",\"@id\":\"https:\/\/www.visit-ulcinj.com\/blog\/2009\/12\/18\/podgorica-respekton-gjnd%e2%80%99ne\/#breadcrumb\",\"itemListElement\":[{\"@type\":\"ListItem\",\"position\":1,\"name\":\"Podgorica respekton GJND\u2019n\u00eb\"}]},{\"@type\":\"Person\",\"@id\":\"https:\/\/www.visit-ulcinj.com\/blog\/#\/schema\/person\/dcab619c614d3038751c63bc2aadc06d\",\"name\":\"ulqini\",\"sameAs\":[\"http:\/\/www.visit-ulcinj.com\"],\"url\":\"https:\/\/www.visit-ulcinj.com\/blog\/author\/admin\/\"}]}<\/script>\n<!-- \/ Yoast SEO plugin. -->","yoast_head_json":{"title":"Podgorica respekton GJND\u2019n\u00eb - Lajme nga Ulqini","description":"Presidenti malazez, Filip Vujanovic, ka deklaruar se Mali i Zi do t\u00eb respektoj\u00eb vendimet e institucioneve nd\u00ebrkomb\u00ebtare, pra edhe ato q\u00eb kan\u00eb t\u00eb b\u00ebjn\u00eb me","robots":{"index":"index","follow":"follow","max-snippet":"max-snippet:-1","max-image-preview":"max-image-preview:large","max-video-preview":"max-video-preview:-1"},"canonical":"https:\/\/www.visit-ulcinj.com\/blog\/2009\/12\/18\/podgorica-respekton-gjnd\u2019ne\/","og_locale":"en_US","og_type":"article","og_title":"Podgorica respekton GJND\u2019n\u00eb - Lajme nga Ulqini","og_description":"Presidenti malazez, Filip Vujanovic, ka deklaruar se Mali i Zi do t\u00eb respektoj\u00eb vendimet e institucioneve nd\u00ebrkomb\u00ebtare, pra edhe ato q\u00eb kan\u00eb t\u00eb b\u00ebjn\u00eb me","og_url":"https:\/\/www.visit-ulcinj.com\/blog\/2009\/12\/18\/podgorica-respekton-gjnd\u2019ne\/","og_site_name":"Lajme nga Ulqini","article_published_time":"2009-12-18T06:39:18+00:00","og_image":[{"url":"http:\/\/www.visit-ulcinj.com\/blog\/wp-content\/uploads\/2009\/12\/Filip-Vujanovic_Dinosa.jpg"}],"twitter_misc":{"Written by":"ulqini","Est. reading time":"1 minute"},"schema":{"@context":"https:\/\/schema.org","@graph":[{"@type":"WebSite","@id":"https:\/\/www.visit-ulcinj.com\/blog\/#website","url":"https:\/\/www.visit-ulcinj.com\/blog\/","name":"Lajme nga Ulqini","description":"Lajme,Vijesti,Ulqini,Ulqin,Crna Gora,Mali i Zi","potentialAction":[{"@type":"SearchAction","target":{"@type":"EntryPoint","urlTemplate":"https:\/\/www.visit-ulcinj.com\/blog\/?s={search_term_string}"},"query-input":"required name=search_term_string"}],"inLanguage":"en-US"},{"@type":"ImageObject","inLanguage":"en-US","@id":"https:\/\/www.visit-ulcinj.com\/blog\/2009\/12\/18\/podgorica-respekton-gjnd%e2%80%99ne\/#primaryimage","url":"https:\/\/www.visit-ulcinj.com\/blog\/wp-content\/uploads\/2009\/12\/Filip-Vujanovic_Dinosa.jpg","contentUrl":"https:\/\/www.visit-ulcinj.com\/blog\/wp-content\/uploads\/2009\/12\/Filip-Vujanovic_Dinosa.jpg","width":"610","height":"417"},{"@type":"WebPage","@id":"https:\/\/www.visit-ulcinj.com\/blog\/2009\/12\/18\/podgorica-respekton-gjnd%e2%80%99ne\/#webpage","url":"https:\/\/www.visit-ulcinj.com\/blog\/2009\/12\/18\/podgorica-respekton-gjnd%e2%80%99ne\/","name":"Podgorica respekton GJND\u2019n\u00eb - Lajme nga Ulqini","isPartOf":{"@id":"https:\/\/www.visit-ulcinj.com\/blog\/#website"},"primaryImageOfPage":{"@id":"https:\/\/www.visit-ulcinj.com\/blog\/2009\/12\/18\/podgorica-respekton-gjnd%e2%80%99ne\/#primaryimage"},"datePublished":"2009-12-18T06:39:18+00:00","dateModified":"2009-12-18T06:39:18+00:00","author":{"@id":"https:\/\/www.visit-ulcinj.com\/blog\/#\/schema\/person\/dcab619c614d3038751c63bc2aadc06d"},"description":"Presidenti malazez, Filip Vujanovic, ka deklaruar se Mali i Zi do t\u00eb respektoj\u00eb vendimet e institucioneve nd\u00ebrkomb\u00ebtare, pra edhe ato q\u00eb kan\u00eb t\u00eb b\u00ebjn\u00eb me","breadcrumb":{"@id":"https:\/\/www.visit-ulcinj.com\/blog\/2009\/12\/18\/podgorica-respekton-gjnd%e2%80%99ne\/#breadcrumb"},"inLanguage":"en-US","potentialAction":[{"@type":"ReadAction","target":["https:\/\/www.visit-ulcinj.com\/blog\/2009\/12\/18\/podgorica-respekton-gjnd%e2%80%99ne\/"]}]},{"@type":"BreadcrumbList","@id":"https:\/\/www.visit-ulcinj.com\/blog\/2009\/12\/18\/podgorica-respekton-gjnd%e2%80%99ne\/#breadcrumb","itemListElement":[{"@type":"ListItem","position":1,"name":"Podgorica respekton GJND\u2019n\u00eb"}]},{"@type":"Person","@id":"https:\/\/www.visit-ulcinj.com\/blog\/#\/schema\/person\/dcab619c614d3038751c63bc2aadc06d","name":"ulqini","sameAs":["http:\/\/www.visit-ulcinj.com"],"url":"https:\/\/www.visit-ulcinj.com\/blog\/author\/admin\/"}]}},"jetpack_featured_media_url":"","jetpack_sharing_enabled":true,"jetpack_shortlink":"https:\/\/wp.me\/pe6lTn-7nN","_links":{"self":[{"href":"https:\/\/www.visit-ulcinj.com\/blog\/wp-json\/wp\/v2\/posts\/28383"}],"collection":[{"href":"https:\/\/www.visit-ulcinj.com\/blog\/wp-json\/wp\/v2\/posts"}],"about":[{"href":"https:\/\/www.visit-ulcinj.com\/blog\/wp-json\/wp\/v2\/types\/post"}],"author":[{"embeddable":true,"href":"https:\/\/www.visit-ulcinj.com\/blog\/wp-json\/wp\/v2\/users\/1"}],"replies":[{"embeddable":true,"href":"https:\/\/www.visit-ulcinj.com\/blog\/wp-json\/wp\/v2\/comments?post=28383"}],"version-history":[{"count":0,"href":"https:\/\/www.visit-ulcinj.com\/blog\/wp-json\/wp\/v2\/posts\/28383\/revisions"}],"wp:attachment":[{"href":"https:\/\/www.visit-ulcinj.com\/blog\/wp-json\/wp\/v2\/media?parent=28383"}],"wp:term":[{"taxonomy":"category","embeddable":true,"href":"https:\/\/www.visit-ulcinj.com\/blog\/wp-json\/wp\/v2\/categories?post=28383"},{"taxonomy":"post_tag","embeddable":true,"href":"https:\/\/www.visit-ulcinj.com\/blog\/wp-json\/wp\/v2\/tags?post=28383"}],"curies":[{"name":"wp","href":"https:\/\/api.w.org\/{rel}","templated":true}]}}