{"id":28410,"date":"2009-12-18T19:55:35","date_gmt":"2009-12-18T17:55:35","guid":{"rendered":"http:\/\/www.visit-ulcinj.com\/blog\/?p=28410"},"modified":"2009-12-19T17:15:33","modified_gmt":"2009-12-19T15:15:33","slug":"sef-ulcinjskog-dps-a-odgovorio-dakonovicu-i-perovicu","status":"publish","type":"post","link":"https:\/\/www.visit-ulcinj.com\/blog\/2009\/12\/18\/sef-ulcinjskog-dps-a-odgovorio-dakonovicu-i-perovicu\/","title":{"rendered":"\u0160ef Ulcinjskog Dps-a odgovorio ?akonovi?u i Perovi?u"},"content":{"rendered":"<p><strong><a href=\"http:\/\/www.visit-ulcinj.com\/blog\/wp-content\/uploads\/2009\/12\/Ljui?-\u0160krelja-ODGOVORIO-?AKONOVI?U-I-PEROVI?U.jpg\"><img loading=\"lazy\" class=\"alignleft size-full wp-image-28411\" title=\"Ljui? \u0160krelja  ODGOVORIO ?AKONOVI?U I PEROVI?U\" src=\"http:\/\/www.visit-ulcinj.com\/blog\/wp-content\/uploads\/2009\/12\/Ljui?-\u0160krelja-ODGOVORIO-?AKONOVI?U-I-PEROVI?U.jpg\" alt=\"Ljui? \u0160krelja  ODGOVORIO ?AKONOVI?U I PEROVI?U\" width=\"580\" height=\"329\" \/><\/a>U politici ste bili, pa ni\u0161ta<\/strong><br \/>\nUlcinj &#8211; \u0160ef ulcinjskog DPS-a i odbornik u lokalnoj Skup\u0161tini Ljui? \u0160krelja kazao je da ga ne tangiraju optu\u017ebe koje su na njegov ra?un na nedavnom protestu biv\u0161ih vlasnika maslinjaka u Valdanosu uputili organizatori Batko ?akonovi? i D\u017eemal Perovi?.<br \/>\nU reagovanju na tekst \u201cNi\u0161ta ne?e ostati skriveno\u201d i antrfile \u201cOrganizatori pozvali \u0160krelju na javni duel\u201d, objavljenim u prekju?era\u0161njim \u201cVijestima\u201d, on je pozvao ?akonovi?a da \u201cza u?injene grehove tokom svog mandata na funkciji predsjednika Op\u0161tine Ulcinj zatra\u017ei oprost pred Bogom i narodom\u201d, a Perovi?u poru?io \u201cda vjera ne podrazumijeva mr\u017enju i silu, ve? ljubav i toleranciju\u201d.<\/p>\n<p>\u201cUdba\u0161kom retorikom, prijetnjama i nekorektnom prozivanju pred gra?anima, biv\u0161i politi?ar ?akonovi? poku\u0161ava da se dodatno rehabilituje za ono \u0161to je, kao odlaze?i predsjednik Op\u0161tine u tada\u0161njem jednopartijskom sistemu, propustio da uradi. Nije valjda da je zaboravio kako je tada sa dnevnog reda u sali punoj mje\u0161tana, skinuo predlog odluke o vra?anju eksproprisane imovine u \u0160toju za poljoprivredno dobro \u2018Jadran\u2018 kada je Op\u0161tina bila u nadle\u017enosti da to uradi\u201d, navodi se u reagovanju \u0160krelje. Dodaje da \u201c?akonovi? i danas nastavlja sa gre\u0161kama\u201d.<br \/>\n\u201cAli, opet ima lo\u0161u taktiku jer se proba na terenu gdje se debelo okoristio za razliku od ve?ine ostalih gra?ana. Time ?ini medve?u uslugu onima koji nijesu uzeli ni jedan jedini dinar za nepravednu oduzetu imovinu\u201d, pi\u0161e u reagovanju.<br \/>\n\u0160krelja je ponovio da nije rekao neistinu kada je kazao da je ?akonovi? za oduzetu imovinu uzeo 5-6 puta vi\u0161e od ostalih.<\/p>\n<p>\u201cSamo sam citirao njegovu javno izre?enu konstataciju u prisustvu potpredsjednika Vlade, ministra turizma, predsjednika Op\u0161tine Ulcinj i kompletne politi?ke elite grada na zajedni?kom sastanku podno biv\u0161eg motela \u2018\u0160as\u2018, koji dijeli sudbinu Valdanosa\u201d, pi\u0161e u reagovanju.<br \/>\n\u0160krelja je Perovi?u, koga je nazvao \u201cmirnim i tolerantnim vjernikom i do\u017eivotnim predsjednikom nepostoje?e partije\u201d, poru?io da umjesto mr\u017enje izabere ljubav.<br \/>\n\u201cUva\u017eenog borca za slobodu Crnogoraca i Crne Gore nigdje nijesam pomenuo, ali je za njega izgleda po\u017eeljno i afirmativno da me proziva za sve i sva\u0161ta, i javno i tajno. Pozvati me na javni duel, a prethodno re?i da nemam hrabrosti, vjerovatno je dokaz Perovi?eve mo?i i neprikosnovenosti. Prvo mi utjera strah u kosti, a potom zove na su?eljavanje\u201d, naveo je \u0160krelja.<br \/>\nOn je podsjetio ?akonovi?a i Perovi?a \u201cda su imali priliku da sa dr\u017eavnih funkcija u kojima su u\u017eivali, isprave nepravde o kojima sada sa toliko emocija govore i optu\u017euju druge ili makar pokrenu bilo kakvu inicijativu u tom pravcu\u201d.<br \/>\n\u201cPrvi kao dugogodi\u0161nji privredni rukovodilac tada\u0161nje Jugoslavije i predsjednik Op\u0161tine Ulcinj, a drugi kao potpredsjednik Skup\u0161tine Crne Gore, odbornik i dio vlasti u lokalnom parlamentu\u201d, zaklju?uje se u saop\u0161tenju.<\/p>\n<p><strong>S.A.<br \/>\n<a href=\"http:\/\/www.vijesti.me\/index.php?id_pre=325301&amp;godina=2009\" target=\"_blank\">Vijesti<\/a><\/strong><\/p>\n<!--YouTube Error: bad URL entered-->\n","protected":false},"excerpt":{"rendered":"<p>U politici ste bili, pa ni\u0161ta Ulcinj &#8211; \u0160ef ulcinjskog DPS-a i odbornik u lokalnoj Skup\u0161tini Ljui? \u0160krelja kazao je da ga ne tangiraju optu\u017ebe koje su na njegov ra?un na nedavnom protestu biv\u0161ih vlasnika maslinjaka u Valdanosu uputili organizatori Batko ?akonovi? i D\u017eemal Perovi?. U reagovanju na tekst \u201cNi\u0161ta ne?e ostati skriveno\u201d i antrfile [&hellip;]<\/p>\n","protected":false},"author":1,"featured_media":0,"comment_status":"open","ping_status":"closed","sticky":false,"template":"","format":"standard","meta":{"spay_email":"","jetpack_publicize_message":"","jetpack_is_tweetstorm":false,"jetpack_publicize_feature_enabled":true},"categories":[8337],"tags":[13059,2367,13058],"jetpack_publicize_connections":[],"yoast_head":"<!-- This site is optimized with the Yoast SEO plugin v19.1 - https:\/\/yoast.com\/wordpress\/plugins\/seo\/ -->\n<title>\u0160ef Ulcinjskog Dps-a odgovorio ?akonovi?u i Perovi?u - Lajme nga Ulqini<\/title>\n<meta name=\"description\" content=\"U politici ste bili, pa ni\u0161ta Ulcinj - \u0160ef ulcinjskog DPS-a i odbornik u lokalnoj Skup\u0161tini Ljui? \u0160krelja kazao je da ga ne tangiraju optu\u017ebe koje su na\" \/>\n<meta name=\"robots\" content=\"index, follow, max-snippet:-1, max-image-preview:large, max-video-preview:-1\" \/>\n<link rel=\"canonical\" href=\"https:\/\/www.visit-ulcinj.com\/blog\/2009\/12\/18\/sef-ulcinjskog-dps-a-odgovorio-dakonovicu-i-perovicu\/\" \/>\n<meta property=\"og:locale\" content=\"en_US\" \/>\n<meta property=\"og:type\" content=\"article\" \/>\n<meta property=\"og:title\" content=\"\u0160ef Ulcinjskog Dps-a odgovorio ?akonovi?u i Perovi?u - Lajme nga Ulqini\" \/>\n<meta property=\"og:description\" content=\"U politici ste bili, pa ni\u0161ta Ulcinj - \u0160ef ulcinjskog DPS-a i odbornik u lokalnoj Skup\u0161tini Ljui? \u0160krelja kazao je da ga ne tangiraju optu\u017ebe koje su na\" \/>\n<meta property=\"og:url\" content=\"https:\/\/www.visit-ulcinj.com\/blog\/2009\/12\/18\/sef-ulcinjskog-dps-a-odgovorio-dakonovicu-i-perovicu\/\" \/>\n<meta property=\"og:site_name\" content=\"Lajme nga Ulqini\" \/>\n<meta property=\"article:published_time\" content=\"2009-12-18T17:55:35+00:00\" \/>\n<meta property=\"article:modified_time\" content=\"2009-12-19T15:15:33+00:00\" \/>\n<meta name=\"twitter:label1\" content=\"Written by\" \/>\n\t<meta name=\"twitter:data1\" content=\"ulqini\" \/>\n\t<meta name=\"twitter:label2\" content=\"Est. reading time\" \/>\n\t<meta name=\"twitter:data2\" content=\"3 minutes\" \/>\n<script type=\"application\/ld+json\" class=\"yoast-schema-graph\">{\"@context\":\"https:\/\/schema.org\",\"@graph\":[{\"@type\":\"WebSite\",\"@id\":\"https:\/\/www.visit-ulcinj.com\/blog\/#website\",\"url\":\"https:\/\/www.visit-ulcinj.com\/blog\/\",\"name\":\"Lajme nga Ulqini\",\"description\":\"Lajme,Vijesti,Ulqini,Ulqin,Crna Gora,Mali i Zi\",\"potentialAction\":[{\"@type\":\"SearchAction\",\"target\":{\"@type\":\"EntryPoint\",\"urlTemplate\":\"https:\/\/www.visit-ulcinj.com\/blog\/?s={search_term_string}\"},\"query-input\":\"required name=search_term_string\"}],\"inLanguage\":\"en-US\"},{\"@type\":\"WebPage\",\"@id\":\"https:\/\/www.visit-ulcinj.com\/blog\/2009\/12\/18\/sef-ulcinjskog-dps-a-odgovorio-dakonovicu-i-perovicu\/#webpage\",\"url\":\"https:\/\/www.visit-ulcinj.com\/blog\/2009\/12\/18\/sef-ulcinjskog-dps-a-odgovorio-dakonovicu-i-perovicu\/\",\"name\":\"\u0160ef Ulcinjskog Dps-a odgovorio ?akonovi?u i Perovi?u - Lajme nga Ulqini\",\"isPartOf\":{\"@id\":\"https:\/\/www.visit-ulcinj.com\/blog\/#website\"},\"datePublished\":\"2009-12-18T17:55:35+00:00\",\"dateModified\":\"2009-12-19T15:15:33+00:00\",\"author\":{\"@id\":\"https:\/\/www.visit-ulcinj.com\/blog\/#\/schema\/person\/dcab619c614d3038751c63bc2aadc06d\"},\"description\":\"U politici ste bili, pa ni\u0161ta Ulcinj - \u0160ef ulcinjskog DPS-a i odbornik u lokalnoj Skup\u0161tini Ljui? \u0160krelja kazao je da ga ne tangiraju optu\u017ebe koje su na\",\"breadcrumb\":{\"@id\":\"https:\/\/www.visit-ulcinj.com\/blog\/2009\/12\/18\/sef-ulcinjskog-dps-a-odgovorio-dakonovicu-i-perovicu\/#breadcrumb\"},\"inLanguage\":\"en-US\",\"potentialAction\":[{\"@type\":\"ReadAction\",\"target\":[\"https:\/\/www.visit-ulcinj.com\/blog\/2009\/12\/18\/sef-ulcinjskog-dps-a-odgovorio-dakonovicu-i-perovicu\/\"]}]},{\"@type\":\"BreadcrumbList\",\"@id\":\"https:\/\/www.visit-ulcinj.com\/blog\/2009\/12\/18\/sef-ulcinjskog-dps-a-odgovorio-dakonovicu-i-perovicu\/#breadcrumb\",\"itemListElement\":[{\"@type\":\"ListItem\",\"position\":1,\"name\":\"\u0160ef Ulcinjskog Dps-a odgovorio ?akonovi?u i Perovi?u\"}]},{\"@type\":\"Person\",\"@id\":\"https:\/\/www.visit-ulcinj.com\/blog\/#\/schema\/person\/dcab619c614d3038751c63bc2aadc06d\",\"name\":\"ulqini\",\"sameAs\":[\"http:\/\/www.visit-ulcinj.com\"],\"url\":\"https:\/\/www.visit-ulcinj.com\/blog\/author\/admin\/\"}]}<\/script>\n<!-- \/ Yoast SEO plugin. -->","yoast_head_json":{"title":"\u0160ef Ulcinjskog Dps-a odgovorio ?akonovi?u i Perovi?u - Lajme nga Ulqini","description":"U politici ste bili, pa ni\u0161ta Ulcinj - \u0160ef ulcinjskog DPS-a i odbornik u lokalnoj Skup\u0161tini Ljui? \u0160krelja kazao je da ga ne tangiraju optu\u017ebe koje su na","robots":{"index":"index","follow":"follow","max-snippet":"max-snippet:-1","max-image-preview":"max-image-preview:large","max-video-preview":"max-video-preview:-1"},"canonical":"https:\/\/www.visit-ulcinj.com\/blog\/2009\/12\/18\/sef-ulcinjskog-dps-a-odgovorio-dakonovicu-i-perovicu\/","og_locale":"en_US","og_type":"article","og_title":"\u0160ef Ulcinjskog Dps-a odgovorio ?akonovi?u i Perovi?u - Lajme nga Ulqini","og_description":"U politici ste bili, pa ni\u0161ta Ulcinj - \u0160ef ulcinjskog DPS-a i odbornik u lokalnoj Skup\u0161tini Ljui? \u0160krelja kazao je da ga ne tangiraju optu\u017ebe koje su na","og_url":"https:\/\/www.visit-ulcinj.com\/blog\/2009\/12\/18\/sef-ulcinjskog-dps-a-odgovorio-dakonovicu-i-perovicu\/","og_site_name":"Lajme nga Ulqini","article_published_time":"2009-12-18T17:55:35+00:00","article_modified_time":"2009-12-19T15:15:33+00:00","twitter_misc":{"Written by":"ulqini","Est. reading time":"3 minutes"},"schema":{"@context":"https:\/\/schema.org","@graph":[{"@type":"WebSite","@id":"https:\/\/www.visit-ulcinj.com\/blog\/#website","url":"https:\/\/www.visit-ulcinj.com\/blog\/","name":"Lajme nga Ulqini","description":"Lajme,Vijesti,Ulqini,Ulqin,Crna Gora,Mali i Zi","potentialAction":[{"@type":"SearchAction","target":{"@type":"EntryPoint","urlTemplate":"https:\/\/www.visit-ulcinj.com\/blog\/?s={search_term_string}"},"query-input":"required name=search_term_string"}],"inLanguage":"en-US"},{"@type":"WebPage","@id":"https:\/\/www.visit-ulcinj.com\/blog\/2009\/12\/18\/sef-ulcinjskog-dps-a-odgovorio-dakonovicu-i-perovicu\/#webpage","url":"https:\/\/www.visit-ulcinj.com\/blog\/2009\/12\/18\/sef-ulcinjskog-dps-a-odgovorio-dakonovicu-i-perovicu\/","name":"\u0160ef Ulcinjskog Dps-a odgovorio ?akonovi?u i Perovi?u - Lajme nga Ulqini","isPartOf":{"@id":"https:\/\/www.visit-ulcinj.com\/blog\/#website"},"datePublished":"2009-12-18T17:55:35+00:00","dateModified":"2009-12-19T15:15:33+00:00","author":{"@id":"https:\/\/www.visit-ulcinj.com\/blog\/#\/schema\/person\/dcab619c614d3038751c63bc2aadc06d"},"description":"U politici ste bili, pa ni\u0161ta Ulcinj - \u0160ef ulcinjskog DPS-a i odbornik u lokalnoj Skup\u0161tini Ljui? \u0160krelja kazao je da ga ne tangiraju optu\u017ebe koje su na","breadcrumb":{"@id":"https:\/\/www.visit-ulcinj.com\/blog\/2009\/12\/18\/sef-ulcinjskog-dps-a-odgovorio-dakonovicu-i-perovicu\/#breadcrumb"},"inLanguage":"en-US","potentialAction":[{"@type":"ReadAction","target":["https:\/\/www.visit-ulcinj.com\/blog\/2009\/12\/18\/sef-ulcinjskog-dps-a-odgovorio-dakonovicu-i-perovicu\/"]}]},{"@type":"BreadcrumbList","@id":"https:\/\/www.visit-ulcinj.com\/blog\/2009\/12\/18\/sef-ulcinjskog-dps-a-odgovorio-dakonovicu-i-perovicu\/#breadcrumb","itemListElement":[{"@type":"ListItem","position":1,"name":"\u0160ef Ulcinjskog Dps-a odgovorio ?akonovi?u i Perovi?u"}]},{"@type":"Person","@id":"https:\/\/www.visit-ulcinj.com\/blog\/#\/schema\/person\/dcab619c614d3038751c63bc2aadc06d","name":"ulqini","sameAs":["http:\/\/www.visit-ulcinj.com"],"url":"https:\/\/www.visit-ulcinj.com\/blog\/author\/admin\/"}]}},"jetpack_featured_media_url":"","jetpack_sharing_enabled":true,"jetpack_shortlink":"https:\/\/wp.me\/pe6lTn-7oe","_links":{"self":[{"href":"https:\/\/www.visit-ulcinj.com\/blog\/wp-json\/wp\/v2\/posts\/28410"}],"collection":[{"href":"https:\/\/www.visit-ulcinj.com\/blog\/wp-json\/wp\/v2\/posts"}],"about":[{"href":"https:\/\/www.visit-ulcinj.com\/blog\/wp-json\/wp\/v2\/types\/post"}],"author":[{"embeddable":true,"href":"https:\/\/www.visit-ulcinj.com\/blog\/wp-json\/wp\/v2\/users\/1"}],"replies":[{"embeddable":true,"href":"https:\/\/www.visit-ulcinj.com\/blog\/wp-json\/wp\/v2\/comments?post=28410"}],"version-history":[{"count":0,"href":"https:\/\/www.visit-ulcinj.com\/blog\/wp-json\/wp\/v2\/posts\/28410\/revisions"}],"wp:attachment":[{"href":"https:\/\/www.visit-ulcinj.com\/blog\/wp-json\/wp\/v2\/media?parent=28410"}],"wp:term":[{"taxonomy":"category","embeddable":true,"href":"https:\/\/www.visit-ulcinj.com\/blog\/wp-json\/wp\/v2\/categories?post=28410"},{"taxonomy":"post_tag","embeddable":true,"href":"https:\/\/www.visit-ulcinj.com\/blog\/wp-json\/wp\/v2\/tags?post=28410"}],"curies":[{"name":"wp","href":"https:\/\/api.w.org\/{rel}","templated":true}]}}