{"id":28415,"date":"2009-12-19T00:13:18","date_gmt":"2009-12-18T22:13:18","guid":{"rendered":"http:\/\/www.visit-ulcinj.com\/blog\/?p=28415"},"modified":"2009-12-19T00:13:18","modified_gmt":"2009-12-18T22:13:18","slug":"rovena-dilo-kengetare-valltare-dhe-poete","status":"publish","type":"post","link":"https:\/\/www.visit-ulcinj.com\/blog\/2009\/12\/19\/rovena-dilo-kengetare-valltare-dhe-poete\/","title":{"rendered":"Rovena Dilo k\u00ebng\u00ebtare, valltare dhe poete"},"content":{"rendered":"<p><a href=\"http:\/\/www.visit-ulcinj.com\/blog\/wp-content\/uploads\/2009\/12\/Rovena-Dilo.jpg\"><img loading=\"lazy\" class=\"alignleft size-full wp-image-28416\" title=\"Rovena Dilo\" src=\"http:\/\/www.visit-ulcinj.com\/blog\/wp-content\/uploads\/2009\/12\/Rovena-Dilo.jpg\" alt=\"Rovena Dilo\" width=\"400\" height=\"507\" \/><\/a>Magjia e saj n\u00eb sken\u00eb \u00ebsht\u00eb e hershme, sa edhe talenti i lindur. \u00cbsht\u00eb nj\u00ebri nga z\u00ebrat m\u00eb t\u00eb spikatur t\u00eb muzik\u00ebs s\u00eb lehte shqiptare. B\u00ebhet fajl\u00eb p\u00ebr Rovena Dilon, e cila ka ngjitur sken\u00ebn shqiptare n\u00eb vitin 1993 n\u00eb &#8220;K\u00ebng\u00ebt e Stin\u00ebs&#8221;\u009d. Aty ajo fitoi suksesin n\u00eb bot\u00ebn muzikore, \u00e7ka do t\u00eb ishte edhe garancia p\u00ebr nj\u00eb karrier\u00eb t\u00eb gjate, n\u00eb fush\u00ebn e k\u00ebng\u00ebs.<br \/>\nRovena \u00ebsht\u00eb diplomuar p\u00ebr gjuh\u00eb-let\u00ebrsi, mir\u00ebpo pasioni i fshehur p\u00ebr k\u00ebng\u00ebn ishte mbizot\u00ebrues. Megjithat\u00eb si nj\u00eb artiste e kompletuar, k\u00ebng\u00ebtarja m\u00eb z\u00eb potent ka edhe nj\u00eb dhunti tjet\u00ebr artistike, k\u00ebrcimin.<br \/>\n\u201cN\u00eb aktivitetet private n\u00eb at\u00eb koh\u00eb p\u00ebr ne ishte nj\u00eb spektak\u00ebl ta shikonim si k\u00ebndonte dhe si k\u00ebrcente. N\u00ebse do t&#8217;i b\u00ebnte t\u00eb dyja, do ishte v\u00ebrtet\u00eb nj\u00eb &#8220;show girl&#8221;\u201d, thot\u00eb shoqja e saj, Jeta Bardhi.<br \/>\nKarakteristik\u00eb e hershme e k\u00ebng\u00ebtares ende t\u00eb pa afirmuar, sipas shoqes s\u00eb saj, ka qen\u00eb, thjesht\u00ebsia. Nd\u00ebrsa duke dashur t\u00eb mbetet gjithnj\u00eb nj\u00eb artiste e kompletuar, Rovena zgjedh shpeshher\u00eb t&#8217;i b\u00ebj\u00eb vet\u00eb tekstet e k\u00ebng\u00ebve t\u00eb saj.<br \/>\n\u201cQ\u00eb n\u00eb mosh\u00eb t\u00eb re, rra n\u00eb sy pasioni p\u00ebr muzik\u00ebn dhe let\u00ebrsin\u00eb. Poezit\u00eb e saj spikasin edhe n\u00eb tekstet q\u00eb ndryshojn\u00eb nga banalitetet q\u00eb jan\u00eb n\u00eb treg\u201d, shton Jeta.<br \/>\nLarg pasionit dhe suksesit n\u00eb sken\u00eb, n\u00eb jet\u00ebn e saj t\u00eb p\u00ebrditshme, Roven\u00ebn e gjejm\u00eb t\u00eb angazhuar n\u00eb menaxhimin e nj\u00eb lokali n\u00eb Tiran\u00eb, q\u00eb ajo ka n\u00eb zot\u00ebrim.<\/p>\n<p><strong>Top Channel<\/strong><\/p>\n<p><strong><!--YouTube Error: bad URL entered--><br \/>\n<\/strong><\/p>\n","protected":false},"excerpt":{"rendered":"<p>Magjia e saj n\u00eb sken\u00eb \u00ebsht\u00eb e hershme, sa edhe talenti i lindur. \u00cbsht\u00eb nj\u00ebri nga z\u00ebrat m\u00eb t\u00eb spikatur t\u00eb muzik\u00ebs s\u00eb lehte shqiptare. B\u00ebhet fajl\u00eb p\u00ebr Rovena Dilon, e cila ka ngjitur sken\u00ebn shqiptare n\u00eb vitin 1993 n\u00eb &#8220;K\u00ebng\u00ebt e Stin\u00ebs&#8221;\u009d. Aty ajo fitoi suksesin n\u00eb bot\u00ebn muzikore, \u00e7ka do t\u00eb ishte edhe [&hellip;]<\/p>\n","protected":false},"author":1,"featured_media":0,"comment_status":"open","ping_status":"closed","sticky":false,"template":"","format":"standard","meta":{"spay_email":"","jetpack_publicize_message":"","jetpack_is_tweetstorm":false,"jetpack_publicize_feature_enabled":true},"categories":[1],"tags":[7741],"jetpack_publicize_connections":[],"yoast_head":"<!-- This site is optimized with the Yoast SEO plugin v19.1 - https:\/\/yoast.com\/wordpress\/plugins\/seo\/ -->\n<title>Rovena Dilo k\u00ebng\u00ebtare, valltare dhe poete - Lajme nga Ulqini<\/title>\n<meta name=\"description\" content=\"Magjia e saj n\u00eb sken\u00eb \u00ebsht\u00eb e hershme, sa edhe talenti i lindur. \u00cbsht\u00eb nj\u00ebri nga z\u00ebrat m\u00eb t\u00eb spikatur t\u00eb muzik\u00ebs s\u00eb lehte shqiptare. B\u00ebhet fajl\u00eb p\u00ebr\" \/>\n<meta name=\"robots\" content=\"index, follow, max-snippet:-1, max-image-preview:large, max-video-preview:-1\" \/>\n<link rel=\"canonical\" href=\"https:\/\/www.visit-ulcinj.com\/blog\/2009\/12\/19\/rovena-dilo-kengetare-valltare-dhe-poete\/\" \/>\n<meta property=\"og:locale\" content=\"en_US\" \/>\n<meta property=\"og:type\" content=\"article\" \/>\n<meta property=\"og:title\" content=\"Rovena Dilo k\u00ebng\u00ebtare, valltare dhe poete - Lajme nga Ulqini\" \/>\n<meta property=\"og:description\" content=\"Magjia e saj n\u00eb sken\u00eb \u00ebsht\u00eb e hershme, sa edhe talenti i lindur. \u00cbsht\u00eb nj\u00ebri nga z\u00ebrat m\u00eb t\u00eb spikatur t\u00eb muzik\u00ebs s\u00eb lehte shqiptare. B\u00ebhet fajl\u00eb p\u00ebr\" \/>\n<meta property=\"og:url\" content=\"https:\/\/www.visit-ulcinj.com\/blog\/2009\/12\/19\/rovena-dilo-kengetare-valltare-dhe-poete\/\" \/>\n<meta property=\"og:site_name\" content=\"Lajme nga Ulqini\" \/>\n<meta property=\"article:published_time\" content=\"2009-12-18T22:13:18+00:00\" \/>\n<meta property=\"og:image\" content=\"http:\/\/www.visit-ulcinj.com\/blog\/wp-content\/uploads\/2009\/12\/Rovena-Dilo.jpg\" \/>\n<meta name=\"twitter:label1\" content=\"Written by\" \/>\n\t<meta name=\"twitter:data1\" content=\"ulqini\" \/>\n\t<meta name=\"twitter:label2\" content=\"Est. reading time\" \/>\n\t<meta name=\"twitter:data2\" content=\"1 minute\" \/>\n<script type=\"application\/ld+json\" class=\"yoast-schema-graph\">{\"@context\":\"https:\/\/schema.org\",\"@graph\":[{\"@type\":\"WebSite\",\"@id\":\"https:\/\/www.visit-ulcinj.com\/blog\/#website\",\"url\":\"https:\/\/www.visit-ulcinj.com\/blog\/\",\"name\":\"Lajme nga Ulqini\",\"description\":\"Lajme,Vijesti,Ulqini,Ulqin,Crna Gora,Mali i Zi\",\"potentialAction\":[{\"@type\":\"SearchAction\",\"target\":{\"@type\":\"EntryPoint\",\"urlTemplate\":\"https:\/\/www.visit-ulcinj.com\/blog\/?s={search_term_string}\"},\"query-input\":\"required name=search_term_string\"}],\"inLanguage\":\"en-US\"},{\"@type\":\"ImageObject\",\"inLanguage\":\"en-US\",\"@id\":\"https:\/\/www.visit-ulcinj.com\/blog\/2009\/12\/19\/rovena-dilo-kengetare-valltare-dhe-poete\/#primaryimage\",\"url\":\"http:\/\/www.visit-ulcinj.com\/blog\/wp-content\/uploads\/2009\/12\/Rovena-Dilo.jpg\",\"contentUrl\":\"http:\/\/www.visit-ulcinj.com\/blog\/wp-content\/uploads\/2009\/12\/Rovena-Dilo.jpg\"},{\"@type\":\"WebPage\",\"@id\":\"https:\/\/www.visit-ulcinj.com\/blog\/2009\/12\/19\/rovena-dilo-kengetare-valltare-dhe-poete\/#webpage\",\"url\":\"https:\/\/www.visit-ulcinj.com\/blog\/2009\/12\/19\/rovena-dilo-kengetare-valltare-dhe-poete\/\",\"name\":\"Rovena Dilo k\u00ebng\u00ebtare, valltare dhe poete - Lajme nga Ulqini\",\"isPartOf\":{\"@id\":\"https:\/\/www.visit-ulcinj.com\/blog\/#website\"},\"primaryImageOfPage\":{\"@id\":\"https:\/\/www.visit-ulcinj.com\/blog\/2009\/12\/19\/rovena-dilo-kengetare-valltare-dhe-poete\/#primaryimage\"},\"datePublished\":\"2009-12-18T22:13:18+00:00\",\"dateModified\":\"2009-12-18T22:13:18+00:00\",\"author\":{\"@id\":\"https:\/\/www.visit-ulcinj.com\/blog\/#\/schema\/person\/dcab619c614d3038751c63bc2aadc06d\"},\"description\":\"Magjia e saj n\u00eb sken\u00eb \u00ebsht\u00eb e hershme, sa edhe talenti i lindur. \u00cbsht\u00eb nj\u00ebri nga z\u00ebrat m\u00eb t\u00eb spikatur t\u00eb muzik\u00ebs s\u00eb lehte shqiptare. B\u00ebhet fajl\u00eb p\u00ebr\",\"breadcrumb\":{\"@id\":\"https:\/\/www.visit-ulcinj.com\/blog\/2009\/12\/19\/rovena-dilo-kengetare-valltare-dhe-poete\/#breadcrumb\"},\"inLanguage\":\"en-US\",\"potentialAction\":[{\"@type\":\"ReadAction\",\"target\":[\"https:\/\/www.visit-ulcinj.com\/blog\/2009\/12\/19\/rovena-dilo-kengetare-valltare-dhe-poete\/\"]}]},{\"@type\":\"BreadcrumbList\",\"@id\":\"https:\/\/www.visit-ulcinj.com\/blog\/2009\/12\/19\/rovena-dilo-kengetare-valltare-dhe-poete\/#breadcrumb\",\"itemListElement\":[{\"@type\":\"ListItem\",\"position\":1,\"name\":\"Rovena Dilo k\u00ebng\u00ebtare, valltare dhe poete\"}]},{\"@type\":\"Person\",\"@id\":\"https:\/\/www.visit-ulcinj.com\/blog\/#\/schema\/person\/dcab619c614d3038751c63bc2aadc06d\",\"name\":\"ulqini\",\"sameAs\":[\"http:\/\/www.visit-ulcinj.com\"],\"url\":\"https:\/\/www.visit-ulcinj.com\/blog\/author\/admin\/\"}]}<\/script>\n<!-- \/ Yoast SEO plugin. -->","yoast_head_json":{"title":"Rovena Dilo k\u00ebng\u00ebtare, valltare dhe poete - Lajme nga Ulqini","description":"Magjia e saj n\u00eb sken\u00eb \u00ebsht\u00eb e hershme, sa edhe talenti i lindur. \u00cbsht\u00eb nj\u00ebri nga z\u00ebrat m\u00eb t\u00eb spikatur t\u00eb muzik\u00ebs s\u00eb lehte shqiptare. B\u00ebhet fajl\u00eb p\u00ebr","robots":{"index":"index","follow":"follow","max-snippet":"max-snippet:-1","max-image-preview":"max-image-preview:large","max-video-preview":"max-video-preview:-1"},"canonical":"https:\/\/www.visit-ulcinj.com\/blog\/2009\/12\/19\/rovena-dilo-kengetare-valltare-dhe-poete\/","og_locale":"en_US","og_type":"article","og_title":"Rovena Dilo k\u00ebng\u00ebtare, valltare dhe poete - Lajme nga Ulqini","og_description":"Magjia e saj n\u00eb sken\u00eb \u00ebsht\u00eb e hershme, sa edhe talenti i lindur. \u00cbsht\u00eb nj\u00ebri nga z\u00ebrat m\u00eb t\u00eb spikatur t\u00eb muzik\u00ebs s\u00eb lehte shqiptare. B\u00ebhet fajl\u00eb p\u00ebr","og_url":"https:\/\/www.visit-ulcinj.com\/blog\/2009\/12\/19\/rovena-dilo-kengetare-valltare-dhe-poete\/","og_site_name":"Lajme nga Ulqini","article_published_time":"2009-12-18T22:13:18+00:00","og_image":[{"url":"http:\/\/www.visit-ulcinj.com\/blog\/wp-content\/uploads\/2009\/12\/Rovena-Dilo.jpg"}],"twitter_misc":{"Written by":"ulqini","Est. reading time":"1 minute"},"schema":{"@context":"https:\/\/schema.org","@graph":[{"@type":"WebSite","@id":"https:\/\/www.visit-ulcinj.com\/blog\/#website","url":"https:\/\/www.visit-ulcinj.com\/blog\/","name":"Lajme nga Ulqini","description":"Lajme,Vijesti,Ulqini,Ulqin,Crna Gora,Mali i Zi","potentialAction":[{"@type":"SearchAction","target":{"@type":"EntryPoint","urlTemplate":"https:\/\/www.visit-ulcinj.com\/blog\/?s={search_term_string}"},"query-input":"required name=search_term_string"}],"inLanguage":"en-US"},{"@type":"ImageObject","inLanguage":"en-US","@id":"https:\/\/www.visit-ulcinj.com\/blog\/2009\/12\/19\/rovena-dilo-kengetare-valltare-dhe-poete\/#primaryimage","url":"http:\/\/www.visit-ulcinj.com\/blog\/wp-content\/uploads\/2009\/12\/Rovena-Dilo.jpg","contentUrl":"http:\/\/www.visit-ulcinj.com\/blog\/wp-content\/uploads\/2009\/12\/Rovena-Dilo.jpg"},{"@type":"WebPage","@id":"https:\/\/www.visit-ulcinj.com\/blog\/2009\/12\/19\/rovena-dilo-kengetare-valltare-dhe-poete\/#webpage","url":"https:\/\/www.visit-ulcinj.com\/blog\/2009\/12\/19\/rovena-dilo-kengetare-valltare-dhe-poete\/","name":"Rovena Dilo k\u00ebng\u00ebtare, valltare dhe poete - Lajme nga Ulqini","isPartOf":{"@id":"https:\/\/www.visit-ulcinj.com\/blog\/#website"},"primaryImageOfPage":{"@id":"https:\/\/www.visit-ulcinj.com\/blog\/2009\/12\/19\/rovena-dilo-kengetare-valltare-dhe-poete\/#primaryimage"},"datePublished":"2009-12-18T22:13:18+00:00","dateModified":"2009-12-18T22:13:18+00:00","author":{"@id":"https:\/\/www.visit-ulcinj.com\/blog\/#\/schema\/person\/dcab619c614d3038751c63bc2aadc06d"},"description":"Magjia e saj n\u00eb sken\u00eb \u00ebsht\u00eb e hershme, sa edhe talenti i lindur. \u00cbsht\u00eb nj\u00ebri nga z\u00ebrat m\u00eb t\u00eb spikatur t\u00eb muzik\u00ebs s\u00eb lehte shqiptare. B\u00ebhet fajl\u00eb p\u00ebr","breadcrumb":{"@id":"https:\/\/www.visit-ulcinj.com\/blog\/2009\/12\/19\/rovena-dilo-kengetare-valltare-dhe-poete\/#breadcrumb"},"inLanguage":"en-US","potentialAction":[{"@type":"ReadAction","target":["https:\/\/www.visit-ulcinj.com\/blog\/2009\/12\/19\/rovena-dilo-kengetare-valltare-dhe-poete\/"]}]},{"@type":"BreadcrumbList","@id":"https:\/\/www.visit-ulcinj.com\/blog\/2009\/12\/19\/rovena-dilo-kengetare-valltare-dhe-poete\/#breadcrumb","itemListElement":[{"@type":"ListItem","position":1,"name":"Rovena Dilo k\u00ebng\u00ebtare, valltare dhe poete"}]},{"@type":"Person","@id":"https:\/\/www.visit-ulcinj.com\/blog\/#\/schema\/person\/dcab619c614d3038751c63bc2aadc06d","name":"ulqini","sameAs":["http:\/\/www.visit-ulcinj.com"],"url":"https:\/\/www.visit-ulcinj.com\/blog\/author\/admin\/"}]}},"jetpack_featured_media_url":"","jetpack_sharing_enabled":true,"jetpack_shortlink":"https:\/\/wp.me\/pe6lTn-7oj","_links":{"self":[{"href":"https:\/\/www.visit-ulcinj.com\/blog\/wp-json\/wp\/v2\/posts\/28415"}],"collection":[{"href":"https:\/\/www.visit-ulcinj.com\/blog\/wp-json\/wp\/v2\/posts"}],"about":[{"href":"https:\/\/www.visit-ulcinj.com\/blog\/wp-json\/wp\/v2\/types\/post"}],"author":[{"embeddable":true,"href":"https:\/\/www.visit-ulcinj.com\/blog\/wp-json\/wp\/v2\/users\/1"}],"replies":[{"embeddable":true,"href":"https:\/\/www.visit-ulcinj.com\/blog\/wp-json\/wp\/v2\/comments?post=28415"}],"version-history":[{"count":0,"href":"https:\/\/www.visit-ulcinj.com\/blog\/wp-json\/wp\/v2\/posts\/28415\/revisions"}],"wp:attachment":[{"href":"https:\/\/www.visit-ulcinj.com\/blog\/wp-json\/wp\/v2\/media?parent=28415"}],"wp:term":[{"taxonomy":"category","embeddable":true,"href":"https:\/\/www.visit-ulcinj.com\/blog\/wp-json\/wp\/v2\/categories?post=28415"},{"taxonomy":"post_tag","embeddable":true,"href":"https:\/\/www.visit-ulcinj.com\/blog\/wp-json\/wp\/v2\/tags?post=28415"}],"curies":[{"name":"wp","href":"https:\/\/api.w.org\/{rel}","templated":true}]}}