{"id":28419,"date":"2009-12-19T00:25:36","date_gmt":"2009-12-18T22:25:36","guid":{"rendered":"http:\/\/www.visit-ulcinj.com\/blog\/?p=28419"},"modified":"2009-12-23T14:13:02","modified_gmt":"2009-12-23T12:13:02","slug":"nga-mesnata-pa-viza-ne-be-serbia-mali-i-zi-maqedonia","status":"publish","type":"post","link":"https:\/\/www.visit-ulcinj.com\/blog\/2009\/12\/19\/nga-mesnata-pa-viza-ne-be-serbia-mali-i-zi-maqedonia\/","title":{"rendered":"Nga mesnata pa viza n\u00eb BE, Serbia, Mali i Zi, Maqedonia"},"content":{"rendered":"<p><a href=\"http:\/\/www.visit-ulcinj.com\/blog\/wp-content\/uploads\/2009\/12\/konfirmohet_heqja_e_vizave_siv.jpg\"><img loading=\"lazy\" class=\"alignleft size-full wp-image-28420\" title=\"konfirmohet_heqja_e_vizave_siv\" src=\"http:\/\/www.visit-ulcinj.com\/blog\/wp-content\/uploads\/2009\/12\/konfirmohet_heqja_e_vizave_siv.jpg\" alt=\"konfirmohet_heqja_e_vizave_siv\" width=\"366\" height=\"235\" \/><\/a>Nga mesnata e sotme qytetar\u00ebt e Serbis\u00eb, Malit t\u00eb Zi dhe Maqedonis\u00eb do t\u00eb udh\u00ebtojn\u00eb pa viza n\u00eb shumic\u00ebn e vendeve t\u00eb Bashkimit Evropian.<br \/>\nBanor\u00ebt e tre shteteve ballkanike mund t\u00eb q\u00ebndrojn\u00eb deri n\u00eb 90 dit\u00eb n\u00eb gjasht\u00eb muaj n\u00eb vendet e zon\u00ebs s\u00eb Shengenit. Udh\u00ebtimi pa viza nuk parashikon edhe t\u00eb drejt\u00ebn e pun\u00ebs n\u00eb vendet per\u00ebndimore.<br \/>\nHap\u00ebsira evropiane e Shengenit me 500 milion\u00eb banor\u00eb dhe me nj\u00eb territor prej 4,3 milion\u00eb kilometrash katror\u00eb prej mesnat\u00ebs s\u00eb sotme b\u00ebhet m\u00eb e afrueshme p\u00ebr udh\u00ebtim pa viza edhe p\u00ebr qytetar\u00ebt e Maqedonis\u00eb, Serbis\u00eb dhe Malit t\u00eb Zi.<br \/>\nMe vendimin q\u00eb miratoi K\u00ebshilli i Ministrave i Pun\u00ebve t\u00eb Jashtme dhe t\u00eb Drejt\u00ebsis\u00eb t\u00eb vendeve an\u00ebtare t\u00eb BE-s\u00eb n\u00eb fund t\u00eb n\u00ebntorit, qytetar\u00ebt maqedonas, serb\u00eb dhe malazez\u00eb lirohen nga nxjerrja e vizave p\u00ebr q\u00ebndrim afatshkurt\u00ebr n\u00eb hap\u00ebsir\u00ebn Shengen.<br \/>\nPa viza do t\u00eb mund t\u00eb udh\u00ebtojn\u00eb vet\u00ebm personat q\u00eb posedojn\u00eb pasaport\u00eb biometrike.<br \/>\nP\u00ebr qytetar\u00ebt me pasaporta t\u00eb vjetra do t\u00eb vazhdojn\u00eb kushtet p\u00ebr leht\u00ebsimin e regjimit t\u00eb vizave.<br \/>\nLiberalizimi i vizave mund\u00ebson udh\u00ebtim n\u00eb 25 vende an\u00ebtare t\u00eb BE-s\u00eb me p\u00ebrjashtim t\u00eb Britanis\u00eb s\u00eb Madhe dhe Irland\u00ebs dhe tre vendeve tjera evropiane, Norvegjis\u00eb, Zvicr\u00ebs dhe Island\u00ebs.<br \/>\nP\u00ebr hyrjen n\u00eb k\u00ebto vende do t\u00eb zbatohen procedura standarde p\u00ebr udh\u00ebtar\u00ebt e vendeve t\u00eb treta gjat\u00eb t\u00eb cil\u00ebs n\u00ebpun\u00ebsi kufitar mund t\u00eb k\u00ebrkoj\u00eb arsyen e udh\u00ebtimit, vendq\u00ebndrimin dhe mund\u00ebsin\u00eb e mbulimit t\u00eb shpenzimeve financiare p\u00ebr udh\u00ebtim.<br \/>\nP\u00ebr ata persona, t\u00eb cil\u00ebt nuk kan\u00eb mund\u00ebsi t\u00eb financojn\u00eb q\u00ebndrimin e tyre, do t\u00eb k\u00ebrkohet t\u00eb tregojn\u00eb let\u00ebr-garanci nga personi ku do t\u00eb q\u00ebndrojn\u00eb.<br \/>\nE detyrueshme p\u00ebr t\u00eb gjith\u00eb qytetar\u00ebt \u00ebsht\u00eb sigurimi sh\u00ebndet\u00ebsor.<br \/>\nNd\u00ebrkoh\u00eb, qeveria e Maqedonis\u00eb organizon udh\u00ebtim nj\u00ebditor falas n\u00eb Paris p\u00ebr 100 qytetar\u00eb, t\u00eb p\u00ebrzgjedhur rast\u00ebsisht, t\u00eb cil\u00ebt do t\u00eb jen\u00eb shtetasit e par\u00eb t\u00eb Maqedonis\u00eb q\u00eb do t\u00eb ndiejn\u00eb p\u00ebrfitimet nga udh\u00ebtimi pa viza.<br \/>\nAta do t\u00eb kryesohen nga z\u00ebvend\u00ebskryeministri p\u00ebr \u00c7\u00ebshtjet Evropiane, Vasko Naumovski dhe ministrja e Pun\u00ebve t\u00eb Brendshme Gordana Jankuloska, t\u00eb shoq\u00ebruar nga 20 student\u00ebt m\u00eb t\u00eb mir\u00eb nga universitetet shtet\u00ebrore dhe private n\u00eb vend dhe nga nj\u00eb grup gazetar\u00ebsh.<\/p>\n<p>BE pezulloi vizat p\u00ebr qytetar\u00ebt e Maqedonis\u00eb, Serbis\u00eb dhe Malit t\u00eb Zi, pasi misionet e ekspert\u00ebve konfirmuan se tri vendet i kan\u00eb plot\u00ebsuar kushtet nga udh\u00ebrr\u00ebfyesi p\u00ebr liberalizimin e vizave.<br \/>\nMe propozimin e Sllovenis\u00eb, vendimi hyn n\u00eb fuqi prej sonte n\u00eb mesnat\u00eb.<br \/>\nMe k\u00ebt\u00eb mund\u00ebsohet q\u00eb qytetar\u00ebt e tri vendeve t&#8217;i kalojn\u00eb festat e Krishtlindjeve dhe t\u00eb Vitit t\u00eb Ri me familjar\u00ebt dhe miqt\u00eb e tyre n\u00eb vendet e BE-s\u00eb.<\/p>\n<p><strong>Balkanweb<br \/>\n<!--YouTube Error: bad URL entered--><\/strong><\/p>\n","protected":false},"excerpt":{"rendered":"<p>Nga mesnata e sotme qytetar\u00ebt e Serbis\u00eb, Malit t\u00eb Zi dhe Maqedonis\u00eb do t\u00eb udh\u00ebtojn\u00eb pa viza n\u00eb shumic\u00ebn e vendeve t\u00eb Bashkimit Evropian. Banor\u00ebt e tre shteteve ballkanike mund t\u00eb q\u00ebndrojn\u00eb deri n\u00eb 90 dit\u00eb n\u00eb gjasht\u00eb muaj n\u00eb vendet e zon\u00ebs s\u00eb Shengenit. Udh\u00ebtimi pa viza nuk parashikon edhe t\u00eb drejt\u00ebn e pun\u00ebs [&hellip;]<\/p>\n","protected":false},"author":1,"featured_media":0,"comment_status":"open","ping_status":"closed","sticky":false,"template":"","format":"standard","meta":{"spay_email":"","jetpack_publicize_message":"","jetpack_is_tweetstorm":false,"jetpack_publicize_feature_enabled":true},"categories":[14],"tags":[95,2754,13060,235],"jetpack_publicize_connections":[],"yoast_head":"<!-- This site is optimized with the Yoast SEO plugin v19.1 - https:\/\/yoast.com\/wordpress\/plugins\/seo\/ -->\n<title>Nga mesnata pa viza n\u00eb BE, Serbia, Mali i Zi, Maqedonia - Lajme nga Ulqini<\/title>\n<meta name=\"description\" content=\"Nga mesnata e sotme qytetar\u00ebt e Serbis\u00eb, Malit t\u00eb Zi dhe Maqedonis\u00eb do t\u00eb udh\u00ebtojn\u00eb pa viza n\u00eb shumic\u00ebn e vendeve t\u00eb Bashkimit Evropian. Banor\u00ebt e tre\" \/>\n<meta name=\"robots\" content=\"index, follow, max-snippet:-1, max-image-preview:large, max-video-preview:-1\" \/>\n<link rel=\"canonical\" href=\"https:\/\/www.visit-ulcinj.com\/blog\/2009\/12\/19\/nga-mesnata-pa-viza-ne-be-serbia-mali-i-zi-maqedonia\/\" \/>\n<meta property=\"og:locale\" content=\"en_US\" \/>\n<meta property=\"og:type\" content=\"article\" \/>\n<meta property=\"og:title\" content=\"Nga mesnata pa viza n\u00eb BE, Serbia, Mali i Zi, Maqedonia - Lajme nga Ulqini\" \/>\n<meta property=\"og:description\" content=\"Nga mesnata e sotme qytetar\u00ebt e Serbis\u00eb, Malit t\u00eb Zi dhe Maqedonis\u00eb do t\u00eb udh\u00ebtojn\u00eb pa viza n\u00eb shumic\u00ebn e vendeve t\u00eb Bashkimit Evropian. Banor\u00ebt e tre\" \/>\n<meta property=\"og:url\" content=\"https:\/\/www.visit-ulcinj.com\/blog\/2009\/12\/19\/nga-mesnata-pa-viza-ne-be-serbia-mali-i-zi-maqedonia\/\" \/>\n<meta property=\"og:site_name\" content=\"Lajme nga Ulqini\" \/>\n<meta property=\"article:published_time\" content=\"2009-12-18T22:25:36+00:00\" \/>\n<meta property=\"article:modified_time\" content=\"2009-12-23T12:13:02+00:00\" \/>\n<meta property=\"og:image\" content=\"http:\/\/www.visit-ulcinj.com\/blog\/wp-content\/uploads\/2009\/12\/konfirmohet_heqja_e_vizave_siv.jpg\" \/>\n<meta name=\"twitter:label1\" content=\"Written by\" \/>\n\t<meta name=\"twitter:data1\" content=\"ulqini\" \/>\n\t<meta name=\"twitter:label2\" content=\"Est. reading time\" \/>\n\t<meta name=\"twitter:data2\" content=\"3 minutes\" \/>\n<script type=\"application\/ld+json\" class=\"yoast-schema-graph\">{\"@context\":\"https:\/\/schema.org\",\"@graph\":[{\"@type\":\"WebSite\",\"@id\":\"https:\/\/www.visit-ulcinj.com\/blog\/#website\",\"url\":\"https:\/\/www.visit-ulcinj.com\/blog\/\",\"name\":\"Lajme nga Ulqini\",\"description\":\"Lajme,Vijesti,Ulqini,Ulqin,Crna Gora,Mali i Zi\",\"potentialAction\":[{\"@type\":\"SearchAction\",\"target\":{\"@type\":\"EntryPoint\",\"urlTemplate\":\"https:\/\/www.visit-ulcinj.com\/blog\/?s={search_term_string}\"},\"query-input\":\"required name=search_term_string\"}],\"inLanguage\":\"en-US\"},{\"@type\":\"ImageObject\",\"inLanguage\":\"en-US\",\"@id\":\"https:\/\/www.visit-ulcinj.com\/blog\/2009\/12\/19\/nga-mesnata-pa-viza-ne-be-serbia-mali-i-zi-maqedonia\/#primaryimage\",\"url\":\"http:\/\/www.visit-ulcinj.com\/blog\/wp-content\/uploads\/2009\/12\/konfirmohet_heqja_e_vizave_siv.jpg\",\"contentUrl\":\"http:\/\/www.visit-ulcinj.com\/blog\/wp-content\/uploads\/2009\/12\/konfirmohet_heqja_e_vizave_siv.jpg\"},{\"@type\":\"WebPage\",\"@id\":\"https:\/\/www.visit-ulcinj.com\/blog\/2009\/12\/19\/nga-mesnata-pa-viza-ne-be-serbia-mali-i-zi-maqedonia\/#webpage\",\"url\":\"https:\/\/www.visit-ulcinj.com\/blog\/2009\/12\/19\/nga-mesnata-pa-viza-ne-be-serbia-mali-i-zi-maqedonia\/\",\"name\":\"Nga mesnata pa viza n\u00eb BE, Serbia, Mali i Zi, Maqedonia - Lajme nga Ulqini\",\"isPartOf\":{\"@id\":\"https:\/\/www.visit-ulcinj.com\/blog\/#website\"},\"primaryImageOfPage\":{\"@id\":\"https:\/\/www.visit-ulcinj.com\/blog\/2009\/12\/19\/nga-mesnata-pa-viza-ne-be-serbia-mali-i-zi-maqedonia\/#primaryimage\"},\"datePublished\":\"2009-12-18T22:25:36+00:00\",\"dateModified\":\"2009-12-23T12:13:02+00:00\",\"author\":{\"@id\":\"https:\/\/www.visit-ulcinj.com\/blog\/#\/schema\/person\/dcab619c614d3038751c63bc2aadc06d\"},\"description\":\"Nga mesnata e sotme qytetar\u00ebt e Serbis\u00eb, Malit t\u00eb Zi dhe Maqedonis\u00eb do t\u00eb udh\u00ebtojn\u00eb pa viza n\u00eb shumic\u00ebn e vendeve t\u00eb Bashkimit Evropian. Banor\u00ebt e tre\",\"breadcrumb\":{\"@id\":\"https:\/\/www.visit-ulcinj.com\/blog\/2009\/12\/19\/nga-mesnata-pa-viza-ne-be-serbia-mali-i-zi-maqedonia\/#breadcrumb\"},\"inLanguage\":\"en-US\",\"potentialAction\":[{\"@type\":\"ReadAction\",\"target\":[\"https:\/\/www.visit-ulcinj.com\/blog\/2009\/12\/19\/nga-mesnata-pa-viza-ne-be-serbia-mali-i-zi-maqedonia\/\"]}]},{\"@type\":\"BreadcrumbList\",\"@id\":\"https:\/\/www.visit-ulcinj.com\/blog\/2009\/12\/19\/nga-mesnata-pa-viza-ne-be-serbia-mali-i-zi-maqedonia\/#breadcrumb\",\"itemListElement\":[{\"@type\":\"ListItem\",\"position\":1,\"name\":\"Nga mesnata pa viza n\u00eb BE, Serbia, Mali i Zi, Maqedonia\"}]},{\"@type\":\"Person\",\"@id\":\"https:\/\/www.visit-ulcinj.com\/blog\/#\/schema\/person\/dcab619c614d3038751c63bc2aadc06d\",\"name\":\"ulqini\",\"sameAs\":[\"http:\/\/www.visit-ulcinj.com\"],\"url\":\"https:\/\/www.visit-ulcinj.com\/blog\/author\/admin\/\"}]}<\/script>\n<!-- \/ Yoast SEO plugin. -->","yoast_head_json":{"title":"Nga mesnata pa viza n\u00eb BE, Serbia, Mali i Zi, Maqedonia - Lajme nga Ulqini","description":"Nga mesnata e sotme qytetar\u00ebt e Serbis\u00eb, Malit t\u00eb Zi dhe Maqedonis\u00eb do t\u00eb udh\u00ebtojn\u00eb pa viza n\u00eb shumic\u00ebn e vendeve t\u00eb Bashkimit Evropian. Banor\u00ebt e tre","robots":{"index":"index","follow":"follow","max-snippet":"max-snippet:-1","max-image-preview":"max-image-preview:large","max-video-preview":"max-video-preview:-1"},"canonical":"https:\/\/www.visit-ulcinj.com\/blog\/2009\/12\/19\/nga-mesnata-pa-viza-ne-be-serbia-mali-i-zi-maqedonia\/","og_locale":"en_US","og_type":"article","og_title":"Nga mesnata pa viza n\u00eb BE, Serbia, Mali i Zi, Maqedonia - Lajme nga Ulqini","og_description":"Nga mesnata e sotme qytetar\u00ebt e Serbis\u00eb, Malit t\u00eb Zi dhe Maqedonis\u00eb do t\u00eb udh\u00ebtojn\u00eb pa viza n\u00eb shumic\u00ebn e vendeve t\u00eb Bashkimit Evropian. Banor\u00ebt e tre","og_url":"https:\/\/www.visit-ulcinj.com\/blog\/2009\/12\/19\/nga-mesnata-pa-viza-ne-be-serbia-mali-i-zi-maqedonia\/","og_site_name":"Lajme nga Ulqini","article_published_time":"2009-12-18T22:25:36+00:00","article_modified_time":"2009-12-23T12:13:02+00:00","og_image":[{"url":"http:\/\/www.visit-ulcinj.com\/blog\/wp-content\/uploads\/2009\/12\/konfirmohet_heqja_e_vizave_siv.jpg"}],"twitter_misc":{"Written by":"ulqini","Est. reading time":"3 minutes"},"schema":{"@context":"https:\/\/schema.org","@graph":[{"@type":"WebSite","@id":"https:\/\/www.visit-ulcinj.com\/blog\/#website","url":"https:\/\/www.visit-ulcinj.com\/blog\/","name":"Lajme nga Ulqini","description":"Lajme,Vijesti,Ulqini,Ulqin,Crna Gora,Mali i Zi","potentialAction":[{"@type":"SearchAction","target":{"@type":"EntryPoint","urlTemplate":"https:\/\/www.visit-ulcinj.com\/blog\/?s={search_term_string}"},"query-input":"required name=search_term_string"}],"inLanguage":"en-US"},{"@type":"ImageObject","inLanguage":"en-US","@id":"https:\/\/www.visit-ulcinj.com\/blog\/2009\/12\/19\/nga-mesnata-pa-viza-ne-be-serbia-mali-i-zi-maqedonia\/#primaryimage","url":"http:\/\/www.visit-ulcinj.com\/blog\/wp-content\/uploads\/2009\/12\/konfirmohet_heqja_e_vizave_siv.jpg","contentUrl":"http:\/\/www.visit-ulcinj.com\/blog\/wp-content\/uploads\/2009\/12\/konfirmohet_heqja_e_vizave_siv.jpg"},{"@type":"WebPage","@id":"https:\/\/www.visit-ulcinj.com\/blog\/2009\/12\/19\/nga-mesnata-pa-viza-ne-be-serbia-mali-i-zi-maqedonia\/#webpage","url":"https:\/\/www.visit-ulcinj.com\/blog\/2009\/12\/19\/nga-mesnata-pa-viza-ne-be-serbia-mali-i-zi-maqedonia\/","name":"Nga mesnata pa viza n\u00eb BE, Serbia, Mali i Zi, Maqedonia - Lajme nga Ulqini","isPartOf":{"@id":"https:\/\/www.visit-ulcinj.com\/blog\/#website"},"primaryImageOfPage":{"@id":"https:\/\/www.visit-ulcinj.com\/blog\/2009\/12\/19\/nga-mesnata-pa-viza-ne-be-serbia-mali-i-zi-maqedonia\/#primaryimage"},"datePublished":"2009-12-18T22:25:36+00:00","dateModified":"2009-12-23T12:13:02+00:00","author":{"@id":"https:\/\/www.visit-ulcinj.com\/blog\/#\/schema\/person\/dcab619c614d3038751c63bc2aadc06d"},"description":"Nga mesnata e sotme qytetar\u00ebt e Serbis\u00eb, Malit t\u00eb Zi dhe Maqedonis\u00eb do t\u00eb udh\u00ebtojn\u00eb pa viza n\u00eb shumic\u00ebn e vendeve t\u00eb Bashkimit Evropian. Banor\u00ebt e tre","breadcrumb":{"@id":"https:\/\/www.visit-ulcinj.com\/blog\/2009\/12\/19\/nga-mesnata-pa-viza-ne-be-serbia-mali-i-zi-maqedonia\/#breadcrumb"},"inLanguage":"en-US","potentialAction":[{"@type":"ReadAction","target":["https:\/\/www.visit-ulcinj.com\/blog\/2009\/12\/19\/nga-mesnata-pa-viza-ne-be-serbia-mali-i-zi-maqedonia\/"]}]},{"@type":"BreadcrumbList","@id":"https:\/\/www.visit-ulcinj.com\/blog\/2009\/12\/19\/nga-mesnata-pa-viza-ne-be-serbia-mali-i-zi-maqedonia\/#breadcrumb","itemListElement":[{"@type":"ListItem","position":1,"name":"Nga mesnata pa viza n\u00eb BE, Serbia, Mali i Zi, Maqedonia"}]},{"@type":"Person","@id":"https:\/\/www.visit-ulcinj.com\/blog\/#\/schema\/person\/dcab619c614d3038751c63bc2aadc06d","name":"ulqini","sameAs":["http:\/\/www.visit-ulcinj.com"],"url":"https:\/\/www.visit-ulcinj.com\/blog\/author\/admin\/"}]}},"jetpack_featured_media_url":"","jetpack_sharing_enabled":true,"jetpack_shortlink":"https:\/\/wp.me\/pe6lTn-7on","_links":{"self":[{"href":"https:\/\/www.visit-ulcinj.com\/blog\/wp-json\/wp\/v2\/posts\/28419"}],"collection":[{"href":"https:\/\/www.visit-ulcinj.com\/blog\/wp-json\/wp\/v2\/posts"}],"about":[{"href":"https:\/\/www.visit-ulcinj.com\/blog\/wp-json\/wp\/v2\/types\/post"}],"author":[{"embeddable":true,"href":"https:\/\/www.visit-ulcinj.com\/blog\/wp-json\/wp\/v2\/users\/1"}],"replies":[{"embeddable":true,"href":"https:\/\/www.visit-ulcinj.com\/blog\/wp-json\/wp\/v2\/comments?post=28419"}],"version-history":[{"count":0,"href":"https:\/\/www.visit-ulcinj.com\/blog\/wp-json\/wp\/v2\/posts\/28419\/revisions"}],"wp:attachment":[{"href":"https:\/\/www.visit-ulcinj.com\/blog\/wp-json\/wp\/v2\/media?parent=28419"}],"wp:term":[{"taxonomy":"category","embeddable":true,"href":"https:\/\/www.visit-ulcinj.com\/blog\/wp-json\/wp\/v2\/categories?post=28419"},{"taxonomy":"post_tag","embeddable":true,"href":"https:\/\/www.visit-ulcinj.com\/blog\/wp-json\/wp\/v2\/tags?post=28419"}],"curies":[{"name":"wp","href":"https:\/\/api.w.org\/{rel}","templated":true}]}}