{"id":2844,"date":"2008-08-30T13:39:35","date_gmt":"2008-08-30T18:39:35","guid":{"rendered":"http:\/\/www.visit-ulcinj.com\/blog\/?p=2844"},"modified":"2008-08-30T13:39:35","modified_gmt":"2008-08-30T18:39:35","slug":"ne-odricemo-se-gostiju-iz-srbije","status":"publish","type":"post","link":"https:\/\/www.visit-ulcinj.com\/blog\/2008\/08\/30\/ne-odricemo-se-gostiju-iz-srbije\/","title":{"rendered":"Ne odri?emo se gostiju iz Srbije"},"content":{"rendered":"<p><a href=\"http:\/\/www.gom.cg.yu\/img\/1220010684.JPG\"><img loading=\"lazy\" class=\"alignleft\" title=\"Turisti?ka organizacija Crne Gore\" src=\"http:\/\/www.gom.cg.yu\/img\/1220010684.JPG\" alt=\"\" width=\"283\" height=\"229\" \/><\/a><strong>O?ekuje se beri?etan i septembar<br \/>\n<\/strong>Elitni turizam jeste cilj, ali ?e uvek biti mesta za slabije plate\u017enu klijentelu i u hotelima i u privatnim ku?ama i apartmanima, tvrde u Turisti?koj organizaciji Crne Gore<br \/>\nBudva \u2013 Nikada se ne?emo odre?i gostiju iz Srbije kao ni onih iz drugih zemalja u okru\u017eenju. Nismo to ?inili ni ove godine ni na koji na?in. Naprotiv, predstavili smo u predsezoni na\u0161u ponudu u Srbiji i BiH u okviru \u201eroad show\u201d kampanje. Ta podru?ja predstavljaju 40 odsto na\u0161eg tr\u017ei\u0161ta i veoma nam je jasno \u0161ta to zna?i. Sa\u0161a Radovi?, direktor Nacionalne turisti?ke organizacije Crne Gore, isti?u?i ovo povodom napisa stranih izve\u0161ta?a o lo\u0161oj sezoni na Crnogorskom primorju, posebno onih iznetih na sajtu londonskog \u201eErtajmsa\u201d u kojima se ka\u017ee da su \u201ezaobi?eni gosti iz Srbije\u201d, nagla\u0161ava:<br \/>\n&#8220;Da nam je izuzetno stalo do tr\u017ei\u0161ta Srbije govori i na\u0161a namera da ve? slede?e godine otvorimo predstavni\u0161tvo Turisti?ke organizacije u Beogradu, kako bi potencijalni gosti dobijali pravovremene i prave informacije o svemu \u0161ta nudi Crna Gora. Kona?no, gosti iz Srbije su stizali tokom jula i avgusta u velikom broju. Bi?e ih, dakako, i narednog meseca.&#8221; Radovi? ne krije da je orijentacija Crne Gore da se promovi\u0161e kao visokokvalitetna turisti?ka destinacija.<\/p>\n<div id=\"attachment_805\" style=\"width: 310px\" class=\"wp-caption alignright\"><a href=\"http:\/\/www.visit-ulcinj.com\/blog\/wp-content\/uploads\/2008\/03\/budva3.jpg\"><img aria-describedby=\"caption-attachment-805\" loading=\"lazy\" class=\"size-medium wp-image-805\" title=\"Budva_mali i zi\" src=\"http:\/\/www.visit-ulcinj.com\/blog\/wp-content\/uploads\/2008\/03\/budva3.jpg\" alt=\"Budva\" width=\"300\" height=\"199\" \/><\/a><p id=\"caption-attachment-805\" class=\"wp-caption-text\">Budva<\/p><\/div>\n<p>&#8220;To je proces koji je po?eo, koji ?e dobiti na intenzitetu u narednih tri do pet godina. Na to nas opredeljuje jedinstvena priroda, kulturno-istorijsko nasle?e, interesovanje stranih investitora za gradnju novih, superluksuznih hotela. No, to se ne posti\u017ee deklarisanjem, ostaje nam mnogo rada na pobolj\u0161anju infrastrukture, gradnji novih objekata sa sadr\u017eajima koje savremeni turisti tra\u017ee,&#8221; kazao je Radovi?.<br \/>\nPrvi ?ovek TO Crne Gore ka\u017ee da ?e uvek na jadranskoj obali, ali i u kontinentalnom delu Crne Gore biti mesta za one koji su sa manje novca, kako u hotelima sa dve, tri zvezdice kojih je prili?no, tako i u privatnim ku?ama i apartmanima. \u0160to se, pak, ovogodi\u0161nje sezone ti?e, Radovi? se ne sla\u017ee s onima koji ka\u017eu da je propala. On iznosi i podatke koji demantuju takve ocene. Za sedam meseci Crnu Goru je posetilo 610.000 turista, \u0161to je pet odsto vi\u0161e nego u istom periodu lane. Oni su ostvarili 3,7 miliona no?enja \u0161to je ?ak 7,9 procenata bolje nego u uporednom periodu.<br \/>\n&#8220;Avgust je bio veoma dobar, o?ekujemo solidnu posetu tokom septembra pa i u prvoj polovini oktobra. Sezona je po?ela u martu, \u0161to zna?i da je produ\u017eena u odnosu na 2007. godinu. O?ekujemo i znatno bolje finansijske rezultate nego lane,&#8221; istakao je Sa\u0161a Radovi?.<br \/>\n<strong>Izvor \/ Politika.co.yu<\/strong><\/p>\n","protected":false},"excerpt":{"rendered":"<p><img loading=\"lazy\" class=\"alignleft\" title=\"Turisti?ka organizacija Crne Gore\" src=\"http:\/\/www.gom.cg.yu\/img\/1220010684.JPG\" alt=\"\" width=\"140\" height=\"140\" \/><\/p>\n","protected":false},"author":1,"featured_media":0,"comment_status":"open","ping_status":"closed","sticky":false,"template":"","format":"standard","meta":{"spay_email":"","jetpack_publicize_message":"","jetpack_is_tweetstorm":false,"jetpack_publicize_feature_enabled":true},"categories":[15],"tags":[20],"jetpack_publicize_connections":[],"yoast_head":"<!-- This site is optimized with the Yoast SEO plugin v19.1 - https:\/\/yoast.com\/wordpress\/plugins\/seo\/ -->\n<title>Ne odri?emo se gostiju iz Srbije - Lajme nga Ulqini<\/title>\n<meta name=\"robots\" content=\"index, follow, max-snippet:-1, max-image-preview:large, max-video-preview:-1\" \/>\n<link rel=\"canonical\" href=\"https:\/\/www.visit-ulcinj.com\/blog\/2008\/08\/30\/ne-odricemo-se-gostiju-iz-srbije\/\" \/>\n<meta property=\"og:locale\" content=\"en_US\" \/>\n<meta property=\"og:type\" content=\"article\" \/>\n<meta property=\"og:title\" content=\"Ne odri?emo se gostiju iz Srbije - Lajme nga Ulqini\" \/>\n<meta property=\"og:url\" content=\"https:\/\/www.visit-ulcinj.com\/blog\/2008\/08\/30\/ne-odricemo-se-gostiju-iz-srbije\/\" \/>\n<meta property=\"og:site_name\" content=\"Lajme nga Ulqini\" \/>\n<meta property=\"article:published_time\" content=\"2008-08-30T18:39:35+00:00\" \/>\n<meta property=\"og:image\" content=\"http:\/\/www.gom.cg.yu\/img\/1220010684.JPG\" \/>\n<meta name=\"twitter:label1\" content=\"Written by\" \/>\n\t<meta name=\"twitter:data1\" content=\"ulqini\" \/>\n\t<meta name=\"twitter:label2\" content=\"Est. reading time\" \/>\n\t<meta name=\"twitter:data2\" content=\"2 minutes\" \/>\n<script type=\"application\/ld+json\" class=\"yoast-schema-graph\">{\"@context\":\"https:\/\/schema.org\",\"@graph\":[{\"@type\":\"WebSite\",\"@id\":\"https:\/\/www.visit-ulcinj.com\/blog\/#website\",\"url\":\"https:\/\/www.visit-ulcinj.com\/blog\/\",\"name\":\"Lajme nga Ulqini\",\"description\":\"Lajme,Vijesti,Ulqini,Ulqin,Crna Gora,Mali i Zi\",\"potentialAction\":[{\"@type\":\"SearchAction\",\"target\":{\"@type\":\"EntryPoint\",\"urlTemplate\":\"https:\/\/www.visit-ulcinj.com\/blog\/?s={search_term_string}\"},\"query-input\":\"required name=search_term_string\"}],\"inLanguage\":\"en-US\"},{\"@type\":\"ImageObject\",\"inLanguage\":\"en-US\",\"@id\":\"https:\/\/www.visit-ulcinj.com\/blog\/2008\/08\/30\/ne-odricemo-se-gostiju-iz-srbije\/#primaryimage\",\"url\":\"http:\/\/www.gom.cg.yu\/img\/1220010684.JPG\",\"contentUrl\":\"http:\/\/www.gom.cg.yu\/img\/1220010684.JPG\"},{\"@type\":\"WebPage\",\"@id\":\"https:\/\/www.visit-ulcinj.com\/blog\/2008\/08\/30\/ne-odricemo-se-gostiju-iz-srbije\/#webpage\",\"url\":\"https:\/\/www.visit-ulcinj.com\/blog\/2008\/08\/30\/ne-odricemo-se-gostiju-iz-srbije\/\",\"name\":\"Ne odri?emo se gostiju iz Srbije - Lajme nga Ulqini\",\"isPartOf\":{\"@id\":\"https:\/\/www.visit-ulcinj.com\/blog\/#website\"},\"primaryImageOfPage\":{\"@id\":\"https:\/\/www.visit-ulcinj.com\/blog\/2008\/08\/30\/ne-odricemo-se-gostiju-iz-srbije\/#primaryimage\"},\"datePublished\":\"2008-08-30T18:39:35+00:00\",\"dateModified\":\"2008-08-30T18:39:35+00:00\",\"author\":{\"@id\":\"https:\/\/www.visit-ulcinj.com\/blog\/#\/schema\/person\/dcab619c614d3038751c63bc2aadc06d\"},\"breadcrumb\":{\"@id\":\"https:\/\/www.visit-ulcinj.com\/blog\/2008\/08\/30\/ne-odricemo-se-gostiju-iz-srbije\/#breadcrumb\"},\"inLanguage\":\"en-US\",\"potentialAction\":[{\"@type\":\"ReadAction\",\"target\":[\"https:\/\/www.visit-ulcinj.com\/blog\/2008\/08\/30\/ne-odricemo-se-gostiju-iz-srbije\/\"]}]},{\"@type\":\"BreadcrumbList\",\"@id\":\"https:\/\/www.visit-ulcinj.com\/blog\/2008\/08\/30\/ne-odricemo-se-gostiju-iz-srbije\/#breadcrumb\",\"itemListElement\":[{\"@type\":\"ListItem\",\"position\":1,\"name\":\"Ne odri?emo se gostiju iz Srbije\"}]},{\"@type\":\"Person\",\"@id\":\"https:\/\/www.visit-ulcinj.com\/blog\/#\/schema\/person\/dcab619c614d3038751c63bc2aadc06d\",\"name\":\"ulqini\",\"sameAs\":[\"http:\/\/www.visit-ulcinj.com\"],\"url\":\"https:\/\/www.visit-ulcinj.com\/blog\/author\/admin\/\"}]}<\/script>\n<!-- \/ Yoast SEO plugin. -->","yoast_head_json":{"title":"Ne odri?emo se gostiju iz Srbije - Lajme nga Ulqini","robots":{"index":"index","follow":"follow","max-snippet":"max-snippet:-1","max-image-preview":"max-image-preview:large","max-video-preview":"max-video-preview:-1"},"canonical":"https:\/\/www.visit-ulcinj.com\/blog\/2008\/08\/30\/ne-odricemo-se-gostiju-iz-srbije\/","og_locale":"en_US","og_type":"article","og_title":"Ne odri?emo se gostiju iz Srbije - Lajme nga Ulqini","og_url":"https:\/\/www.visit-ulcinj.com\/blog\/2008\/08\/30\/ne-odricemo-se-gostiju-iz-srbije\/","og_site_name":"Lajme nga Ulqini","article_published_time":"2008-08-30T18:39:35+00:00","og_image":[{"url":"http:\/\/www.gom.cg.yu\/img\/1220010684.JPG"}],"twitter_misc":{"Written by":"ulqini","Est. reading time":"2 minutes"},"schema":{"@context":"https:\/\/schema.org","@graph":[{"@type":"WebSite","@id":"https:\/\/www.visit-ulcinj.com\/blog\/#website","url":"https:\/\/www.visit-ulcinj.com\/blog\/","name":"Lajme nga Ulqini","description":"Lajme,Vijesti,Ulqini,Ulqin,Crna Gora,Mali i Zi","potentialAction":[{"@type":"SearchAction","target":{"@type":"EntryPoint","urlTemplate":"https:\/\/www.visit-ulcinj.com\/blog\/?s={search_term_string}"},"query-input":"required name=search_term_string"}],"inLanguage":"en-US"},{"@type":"ImageObject","inLanguage":"en-US","@id":"https:\/\/www.visit-ulcinj.com\/blog\/2008\/08\/30\/ne-odricemo-se-gostiju-iz-srbije\/#primaryimage","url":"http:\/\/www.gom.cg.yu\/img\/1220010684.JPG","contentUrl":"http:\/\/www.gom.cg.yu\/img\/1220010684.JPG"},{"@type":"WebPage","@id":"https:\/\/www.visit-ulcinj.com\/blog\/2008\/08\/30\/ne-odricemo-se-gostiju-iz-srbije\/#webpage","url":"https:\/\/www.visit-ulcinj.com\/blog\/2008\/08\/30\/ne-odricemo-se-gostiju-iz-srbije\/","name":"Ne odri?emo se gostiju iz Srbije - Lajme nga Ulqini","isPartOf":{"@id":"https:\/\/www.visit-ulcinj.com\/blog\/#website"},"primaryImageOfPage":{"@id":"https:\/\/www.visit-ulcinj.com\/blog\/2008\/08\/30\/ne-odricemo-se-gostiju-iz-srbije\/#primaryimage"},"datePublished":"2008-08-30T18:39:35+00:00","dateModified":"2008-08-30T18:39:35+00:00","author":{"@id":"https:\/\/www.visit-ulcinj.com\/blog\/#\/schema\/person\/dcab619c614d3038751c63bc2aadc06d"},"breadcrumb":{"@id":"https:\/\/www.visit-ulcinj.com\/blog\/2008\/08\/30\/ne-odricemo-se-gostiju-iz-srbije\/#breadcrumb"},"inLanguage":"en-US","potentialAction":[{"@type":"ReadAction","target":["https:\/\/www.visit-ulcinj.com\/blog\/2008\/08\/30\/ne-odricemo-se-gostiju-iz-srbije\/"]}]},{"@type":"BreadcrumbList","@id":"https:\/\/www.visit-ulcinj.com\/blog\/2008\/08\/30\/ne-odricemo-se-gostiju-iz-srbije\/#breadcrumb","itemListElement":[{"@type":"ListItem","position":1,"name":"Ne odri?emo se gostiju iz Srbije"}]},{"@type":"Person","@id":"https:\/\/www.visit-ulcinj.com\/blog\/#\/schema\/person\/dcab619c614d3038751c63bc2aadc06d","name":"ulqini","sameAs":["http:\/\/www.visit-ulcinj.com"],"url":"https:\/\/www.visit-ulcinj.com\/blog\/author\/admin\/"}]}},"jetpack_featured_media_url":"","jetpack_sharing_enabled":true,"jetpack_shortlink":"https:\/\/wp.me\/pe6lTn-JS","_links":{"self":[{"href":"https:\/\/www.visit-ulcinj.com\/blog\/wp-json\/wp\/v2\/posts\/2844"}],"collection":[{"href":"https:\/\/www.visit-ulcinj.com\/blog\/wp-json\/wp\/v2\/posts"}],"about":[{"href":"https:\/\/www.visit-ulcinj.com\/blog\/wp-json\/wp\/v2\/types\/post"}],"author":[{"embeddable":true,"href":"https:\/\/www.visit-ulcinj.com\/blog\/wp-json\/wp\/v2\/users\/1"}],"replies":[{"embeddable":true,"href":"https:\/\/www.visit-ulcinj.com\/blog\/wp-json\/wp\/v2\/comments?post=2844"}],"version-history":[{"count":0,"href":"https:\/\/www.visit-ulcinj.com\/blog\/wp-json\/wp\/v2\/posts\/2844\/revisions"}],"wp:attachment":[{"href":"https:\/\/www.visit-ulcinj.com\/blog\/wp-json\/wp\/v2\/media?parent=2844"}],"wp:term":[{"taxonomy":"category","embeddable":true,"href":"https:\/\/www.visit-ulcinj.com\/blog\/wp-json\/wp\/v2\/categories?post=2844"},{"taxonomy":"post_tag","embeddable":true,"href":"https:\/\/www.visit-ulcinj.com\/blog\/wp-json\/wp\/v2\/tags?post=2844"}],"curies":[{"name":"wp","href":"https:\/\/api.w.org\/{rel}","templated":true}]}}