{"id":2846,"date":"2008-08-31T04:20:54","date_gmt":"2008-08-31T09:20:54","guid":{"rendered":"http:\/\/www.visit-ulcinj.com\/blog\/?p=2846"},"modified":"2008-08-31T05:54:36","modified_gmt":"2008-08-31T10:54:36","slug":"qendra-e-arteve-dhe-sporteve-luftarake-albulena-angazhon-menaxher-veteranin-e-sportit-rifat-stankoviq","status":"publish","type":"post","link":"https:\/\/www.visit-ulcinj.com\/blog\/2008\/08\/31\/qendra-e-arteve-dhe-sporteve-luftarake-albulena-angazhon-menaxher-veteranin-e-sportit-rifat-stankoviq\/","title":{"rendered":"Qendra e arteve dhe sporteve luftarake &#8220;Albulena&#8221; angazhon menaxher veteranin e sportit Rifat Stankoviq"},"content":{"rendered":"<p><a href=\"http:\/\/www.ulqini.de\/Kultura_koha_e_lire\/KarateKlubi1.jpg\"><img loading=\"lazy\" class=\"alignleft\" title=\"ALBULENA ANGAZHON MENAXHER VETERANIN E SPORTIT RIFAT STANKOVIQ \" src=\"http:\/\/www.ulqini.de\/Kultura_koha_e_lire\/KarateKlubi1.jpg\" alt=\"\" width=\"232\" height=\"253\" \/><\/a><strong>Nxitje p\u00ebr suksese edhe m\u00eb t\u00eb m\u00ebdha<\/strong><br \/>\nUlqin &#8211; Me q\u00ebllim t\u00eb promovimit sa m\u00eb t\u00eb mir\u00eb dhe arritjen e rezultateve edhe m\u00eb t\u00eb m\u00ebdha n\u00eb t\u00eb ardhmen, Qendra e Arteve dhe Sporteve Luftarake &#8220;Albulena&#8221; nga Ulqini ka angazhuar veteranin e sportit, Rifat Stankoviq, si menaxher t\u00eb k\u00ebsaj qendre.<br \/>\nVendimi \u00ebsht\u00eb marr\u00eb nj\u00ebz\u00ebri nga t\u00eb gjith\u00eb kryetar\u00ebt e klubeve q\u00eb veprojn\u00eb n\u00eb kuad\u00ebr t\u00eb k\u00ebsaj qendre pas shqyrtimit t\u00eb rezultateve p\u00ebr sezonin e par\u00eb garues t\u00eb k\u00ebtij viti.<br \/>\nMenaxheri i sapoem\u00ebruar Stankoviq shprehet optimist p\u00ebr menaxhimin e Qendr\u00ebs s\u00eb Arteve dhe Sporteve Luftarake &#8220;Albulena&#8221;.<br \/>\nAi thot\u00eb se k\u00ebt\u00eb klub nuk \u00ebsht\u00eb v\u00ebshtir\u00eb ta menaxhosh sepse edhe deri tani ka arritur mjaft suksese pa shum\u00eb mb\u00ebshtetje financiare.<br \/>\n&#8220;Un\u00eb do t\u00eb mundohem q\u00eb k\u00ebto talent\u00eb mos t\u00eb mbeten t\u00eb njohur vet\u00ebm n\u00eb nivelin lokal&#8221;, thot\u00eb Stankoviq.<br \/>\nMenaxheri i &#8220;Albulena&#8221;-s si hap t\u00eb par\u00eb n\u00eb k\u00ebt\u00eb drejtim planifikon organizimin e nj\u00eb seminari ku do t\u00eb ftohet klubi &#8220;Lotus&#8221; nga Gjermania, nj\u00eb nd\u00ebr klubet m\u00eb t\u00eb njohura n\u00eb k\u00ebt\u00eb sport.<br \/>\nNga ana tjet\u00ebr, &#8220;disa an\u00ebtar\u00eb t\u00eb &#8220;Albulena&#8221;-s do t\u00eb jen\u00eb t\u00eb ftuar n\u00eb nj\u00eb gar\u00eb tradicionale n\u00eb Gjermani, t\u00eb quajtur &#8220;Nikolaus Cup&#8221;, thot\u00eb ai.<br \/>\nN\u00eb plan \u00ebsht\u00eb po ashtu edhe organizimi i nj\u00eb turneu n\u00eb karate dhe kik boks.<br \/>\n&#8220;M\u00eb 9 shtator do t\u00eb organizohet nj\u00eb gar\u00eb n\u00eb karate, kurse m\u00eb 10 shtator nj\u00eb turne n\u00eb kik boks, q\u00eb do t\u00eb mbahen n\u00eb hotelin &#8220;La rosa negra&#8221;, thot\u00eb Stankoviq.<br \/>\nSipas tij, an\u00ebtar\u00ebt e Klubit &#8220;Albulena&#8221; nuk kan\u00eb arsye t\u00eb largohen m\u00eb nga Ulqini dhe t\u00eb shkojn\u00eb n\u00eb klube t\u00eb tjera me buxhet m\u00eb t\u00eb madh.<br \/>\n&#8220;Ne do t\u00eb mundohemi q\u00eb t`i mbajm\u00eb ata n\u00eb Ulqin sepse me k\u00ebto rezultate sportive duhet t\u00eb krenohet qyteti yn\u00eb&#8221;, shprehet ai.<br \/>\n<strong>Burimi \/ Kohapress<br \/>\n<!--YouTube Error: bad URL entered--><\/strong><\/p>\n<p style=\"text-align: center;\"><a href=\"http:\/\/www.visit-ulcinj.com\/?rub=taxicobi\"><img loading=\"lazy\" class=\"aligncenter size-full wp-image-2798\" title=\"taxi-cobi-ulqintaxi-cobi-ulcinjcrna-goramontenegromali-i-ziulqini\" src=\"http:\/\/www.visit-ulcinj.com\/blog\/wp-content\/uploads\/2008\/08\/taxi-cobi-ulqintaxi-cobi-ulcinjcrna-goramontenegromali-i-ziulqini.jpg\" alt=\"\" width=\"320\" height=\"150\" srcset=\"https:\/\/www.visit-ulcinj.com\/blog\/wp-content\/uploads\/2008\/08\/taxi-cobi-ulqintaxi-cobi-ulcinjcrna-goramontenegromali-i-ziulqini.jpg 320w, https:\/\/www.visit-ulcinj.com\/blog\/wp-content\/uploads\/2008\/08\/taxi-cobi-ulqintaxi-cobi-ulcinjcrna-goramontenegromali-i-ziulqini-300x140.jpg 300w\" sizes=\"(max-width: 320px) 100vw, 320px\" \/><\/a><\/p>\n","protected":false},"excerpt":{"rendered":"<p><img loading=\"lazy\" class=\"alignleft\" title=\"ALBULENA ANGAZHON MENAXHER VETERANIN E SPORTIT RIFAT STANKOVIQ \" src=\"http:\/\/www.ulqini.de\/Kultura_koha_e_lire\/KarateKlubi1.jpg\" alt=\"\" width=\"140\" height=\"140\" \/><\/p>\n","protected":false},"author":1,"featured_media":0,"comment_status":"open","ping_status":"closed","sticky":false,"template":"","format":"standard","meta":{"spay_email":"","jetpack_publicize_message":"","jetpack_is_tweetstorm":false,"jetpack_publicize_feature_enabled":true},"categories":[12,3],"tags":[4448,4447,4436],"jetpack_publicize_connections":[],"yoast_head":"<!-- This site is optimized with the Yoast SEO plugin v19.1 - https:\/\/yoast.com\/wordpress\/plugins\/seo\/ -->\n<title>Qendra e arteve dhe sporteve luftarake &quot;Albulena&quot; angazhon menaxher veteranin e sportit Rifat Stankoviq - Lajme nga Ulqini<\/title>\n<meta name=\"robots\" content=\"index, follow, max-snippet:-1, max-image-preview:large, max-video-preview:-1\" \/>\n<link rel=\"canonical\" href=\"https:\/\/www.visit-ulcinj.com\/blog\/2008\/08\/31\/qendra-e-arteve-dhe-sporteve-luftarake-albulena-angazhon-menaxher-veteranin-e-sportit-rifat-stankoviq\/\" \/>\n<meta property=\"og:locale\" content=\"en_US\" \/>\n<meta property=\"og:type\" content=\"article\" \/>\n<meta property=\"og:title\" content=\"Qendra e arteve dhe sporteve luftarake &quot;Albulena&quot; angazhon menaxher veteranin e sportit Rifat Stankoviq - Lajme nga Ulqini\" \/>\n<meta property=\"og:url\" content=\"https:\/\/www.visit-ulcinj.com\/blog\/2008\/08\/31\/qendra-e-arteve-dhe-sporteve-luftarake-albulena-angazhon-menaxher-veteranin-e-sportit-rifat-stankoviq\/\" \/>\n<meta property=\"og:site_name\" content=\"Lajme nga Ulqini\" \/>\n<meta property=\"article:published_time\" content=\"2008-08-31T09:20:54+00:00\" \/>\n<meta property=\"article:modified_time\" content=\"2008-08-31T10:54:36+00:00\" \/>\n<meta property=\"og:image\" content=\"http:\/\/www.ulqini.de\/Kultura_koha_e_lire\/KarateKlubi1.jpg\" \/>\n<meta name=\"twitter:label1\" content=\"Written by\" \/>\n\t<meta name=\"twitter:data1\" content=\"ulqini\" \/>\n\t<meta name=\"twitter:label2\" content=\"Est. reading time\" \/>\n\t<meta name=\"twitter:data2\" content=\"2 minutes\" \/>\n<script type=\"application\/ld+json\" class=\"yoast-schema-graph\">{\"@context\":\"https:\/\/schema.org\",\"@graph\":[{\"@type\":\"WebSite\",\"@id\":\"https:\/\/www.visit-ulcinj.com\/blog\/#website\",\"url\":\"https:\/\/www.visit-ulcinj.com\/blog\/\",\"name\":\"Lajme nga Ulqini\",\"description\":\"Lajme,Vijesti,Ulqini,Ulqin,Crna Gora,Mali i Zi\",\"potentialAction\":[{\"@type\":\"SearchAction\",\"target\":{\"@type\":\"EntryPoint\",\"urlTemplate\":\"https:\/\/www.visit-ulcinj.com\/blog\/?s={search_term_string}\"},\"query-input\":\"required name=search_term_string\"}],\"inLanguage\":\"en-US\"},{\"@type\":\"ImageObject\",\"inLanguage\":\"en-US\",\"@id\":\"https:\/\/www.visit-ulcinj.com\/blog\/2008\/08\/31\/qendra-e-arteve-dhe-sporteve-luftarake-albulena-angazhon-menaxher-veteranin-e-sportit-rifat-stankoviq\/#primaryimage\",\"url\":\"http:\/\/www.ulqini.de\/Kultura_koha_e_lire\/KarateKlubi1.jpg\",\"contentUrl\":\"http:\/\/www.ulqini.de\/Kultura_koha_e_lire\/KarateKlubi1.jpg\"},{\"@type\":\"WebPage\",\"@id\":\"https:\/\/www.visit-ulcinj.com\/blog\/2008\/08\/31\/qendra-e-arteve-dhe-sporteve-luftarake-albulena-angazhon-menaxher-veteranin-e-sportit-rifat-stankoviq\/#webpage\",\"url\":\"https:\/\/www.visit-ulcinj.com\/blog\/2008\/08\/31\/qendra-e-arteve-dhe-sporteve-luftarake-albulena-angazhon-menaxher-veteranin-e-sportit-rifat-stankoviq\/\",\"name\":\"Qendra e arteve dhe sporteve luftarake \\\"Albulena\\\" angazhon menaxher veteranin e sportit Rifat Stankoviq - Lajme nga Ulqini\",\"isPartOf\":{\"@id\":\"https:\/\/www.visit-ulcinj.com\/blog\/#website\"},\"primaryImageOfPage\":{\"@id\":\"https:\/\/www.visit-ulcinj.com\/blog\/2008\/08\/31\/qendra-e-arteve-dhe-sporteve-luftarake-albulena-angazhon-menaxher-veteranin-e-sportit-rifat-stankoviq\/#primaryimage\"},\"datePublished\":\"2008-08-31T09:20:54+00:00\",\"dateModified\":\"2008-08-31T10:54:36+00:00\",\"author\":{\"@id\":\"https:\/\/www.visit-ulcinj.com\/blog\/#\/schema\/person\/dcab619c614d3038751c63bc2aadc06d\"},\"breadcrumb\":{\"@id\":\"https:\/\/www.visit-ulcinj.com\/blog\/2008\/08\/31\/qendra-e-arteve-dhe-sporteve-luftarake-albulena-angazhon-menaxher-veteranin-e-sportit-rifat-stankoviq\/#breadcrumb\"},\"inLanguage\":\"en-US\",\"potentialAction\":[{\"@type\":\"ReadAction\",\"target\":[\"https:\/\/www.visit-ulcinj.com\/blog\/2008\/08\/31\/qendra-e-arteve-dhe-sporteve-luftarake-albulena-angazhon-menaxher-veteranin-e-sportit-rifat-stankoviq\/\"]}]},{\"@type\":\"BreadcrumbList\",\"@id\":\"https:\/\/www.visit-ulcinj.com\/blog\/2008\/08\/31\/qendra-e-arteve-dhe-sporteve-luftarake-albulena-angazhon-menaxher-veteranin-e-sportit-rifat-stankoviq\/#breadcrumb\",\"itemListElement\":[{\"@type\":\"ListItem\",\"position\":1,\"name\":\"Qendra e arteve dhe sporteve luftarake &#8220;Albulena&#8221; angazhon menaxher veteranin e sportit Rifat Stankoviq\"}]},{\"@type\":\"Person\",\"@id\":\"https:\/\/www.visit-ulcinj.com\/blog\/#\/schema\/person\/dcab619c614d3038751c63bc2aadc06d\",\"name\":\"ulqini\",\"sameAs\":[\"http:\/\/www.visit-ulcinj.com\"],\"url\":\"https:\/\/www.visit-ulcinj.com\/blog\/author\/admin\/\"}]}<\/script>\n<!-- \/ Yoast SEO plugin. -->","yoast_head_json":{"title":"Qendra e arteve dhe sporteve luftarake \"Albulena\" angazhon menaxher veteranin e sportit Rifat Stankoviq - Lajme nga Ulqini","robots":{"index":"index","follow":"follow","max-snippet":"max-snippet:-1","max-image-preview":"max-image-preview:large","max-video-preview":"max-video-preview:-1"},"canonical":"https:\/\/www.visit-ulcinj.com\/blog\/2008\/08\/31\/qendra-e-arteve-dhe-sporteve-luftarake-albulena-angazhon-menaxher-veteranin-e-sportit-rifat-stankoviq\/","og_locale":"en_US","og_type":"article","og_title":"Qendra e arteve dhe sporteve luftarake \"Albulena\" angazhon menaxher veteranin e sportit Rifat Stankoviq - Lajme nga Ulqini","og_url":"https:\/\/www.visit-ulcinj.com\/blog\/2008\/08\/31\/qendra-e-arteve-dhe-sporteve-luftarake-albulena-angazhon-menaxher-veteranin-e-sportit-rifat-stankoviq\/","og_site_name":"Lajme nga Ulqini","article_published_time":"2008-08-31T09:20:54+00:00","article_modified_time":"2008-08-31T10:54:36+00:00","og_image":[{"url":"http:\/\/www.ulqini.de\/Kultura_koha_e_lire\/KarateKlubi1.jpg"}],"twitter_misc":{"Written by":"ulqini","Est. reading time":"2 minutes"},"schema":{"@context":"https:\/\/schema.org","@graph":[{"@type":"WebSite","@id":"https:\/\/www.visit-ulcinj.com\/blog\/#website","url":"https:\/\/www.visit-ulcinj.com\/blog\/","name":"Lajme nga Ulqini","description":"Lajme,Vijesti,Ulqini,Ulqin,Crna Gora,Mali i Zi","potentialAction":[{"@type":"SearchAction","target":{"@type":"EntryPoint","urlTemplate":"https:\/\/www.visit-ulcinj.com\/blog\/?s={search_term_string}"},"query-input":"required name=search_term_string"}],"inLanguage":"en-US"},{"@type":"ImageObject","inLanguage":"en-US","@id":"https:\/\/www.visit-ulcinj.com\/blog\/2008\/08\/31\/qendra-e-arteve-dhe-sporteve-luftarake-albulena-angazhon-menaxher-veteranin-e-sportit-rifat-stankoviq\/#primaryimage","url":"http:\/\/www.ulqini.de\/Kultura_koha_e_lire\/KarateKlubi1.jpg","contentUrl":"http:\/\/www.ulqini.de\/Kultura_koha_e_lire\/KarateKlubi1.jpg"},{"@type":"WebPage","@id":"https:\/\/www.visit-ulcinj.com\/blog\/2008\/08\/31\/qendra-e-arteve-dhe-sporteve-luftarake-albulena-angazhon-menaxher-veteranin-e-sportit-rifat-stankoviq\/#webpage","url":"https:\/\/www.visit-ulcinj.com\/blog\/2008\/08\/31\/qendra-e-arteve-dhe-sporteve-luftarake-albulena-angazhon-menaxher-veteranin-e-sportit-rifat-stankoviq\/","name":"Qendra e arteve dhe sporteve luftarake \"Albulena\" angazhon menaxher veteranin e sportit Rifat Stankoviq - Lajme nga Ulqini","isPartOf":{"@id":"https:\/\/www.visit-ulcinj.com\/blog\/#website"},"primaryImageOfPage":{"@id":"https:\/\/www.visit-ulcinj.com\/blog\/2008\/08\/31\/qendra-e-arteve-dhe-sporteve-luftarake-albulena-angazhon-menaxher-veteranin-e-sportit-rifat-stankoviq\/#primaryimage"},"datePublished":"2008-08-31T09:20:54+00:00","dateModified":"2008-08-31T10:54:36+00:00","author":{"@id":"https:\/\/www.visit-ulcinj.com\/blog\/#\/schema\/person\/dcab619c614d3038751c63bc2aadc06d"},"breadcrumb":{"@id":"https:\/\/www.visit-ulcinj.com\/blog\/2008\/08\/31\/qendra-e-arteve-dhe-sporteve-luftarake-albulena-angazhon-menaxher-veteranin-e-sportit-rifat-stankoviq\/#breadcrumb"},"inLanguage":"en-US","potentialAction":[{"@type":"ReadAction","target":["https:\/\/www.visit-ulcinj.com\/blog\/2008\/08\/31\/qendra-e-arteve-dhe-sporteve-luftarake-albulena-angazhon-menaxher-veteranin-e-sportit-rifat-stankoviq\/"]}]},{"@type":"BreadcrumbList","@id":"https:\/\/www.visit-ulcinj.com\/blog\/2008\/08\/31\/qendra-e-arteve-dhe-sporteve-luftarake-albulena-angazhon-menaxher-veteranin-e-sportit-rifat-stankoviq\/#breadcrumb","itemListElement":[{"@type":"ListItem","position":1,"name":"Qendra e arteve dhe sporteve luftarake &#8220;Albulena&#8221; angazhon menaxher veteranin e sportit Rifat Stankoviq"}]},{"@type":"Person","@id":"https:\/\/www.visit-ulcinj.com\/blog\/#\/schema\/person\/dcab619c614d3038751c63bc2aadc06d","name":"ulqini","sameAs":["http:\/\/www.visit-ulcinj.com"],"url":"https:\/\/www.visit-ulcinj.com\/blog\/author\/admin\/"}]}},"jetpack_featured_media_url":"","jetpack_sharing_enabled":true,"jetpack_shortlink":"https:\/\/wp.me\/pe6lTn-JU","_links":{"self":[{"href":"https:\/\/www.visit-ulcinj.com\/blog\/wp-json\/wp\/v2\/posts\/2846"}],"collection":[{"href":"https:\/\/www.visit-ulcinj.com\/blog\/wp-json\/wp\/v2\/posts"}],"about":[{"href":"https:\/\/www.visit-ulcinj.com\/blog\/wp-json\/wp\/v2\/types\/post"}],"author":[{"embeddable":true,"href":"https:\/\/www.visit-ulcinj.com\/blog\/wp-json\/wp\/v2\/users\/1"}],"replies":[{"embeddable":true,"href":"https:\/\/www.visit-ulcinj.com\/blog\/wp-json\/wp\/v2\/comments?post=2846"}],"version-history":[{"count":0,"href":"https:\/\/www.visit-ulcinj.com\/blog\/wp-json\/wp\/v2\/posts\/2846\/revisions"}],"wp:attachment":[{"href":"https:\/\/www.visit-ulcinj.com\/blog\/wp-json\/wp\/v2\/media?parent=2846"}],"wp:term":[{"taxonomy":"category","embeddable":true,"href":"https:\/\/www.visit-ulcinj.com\/blog\/wp-json\/wp\/v2\/categories?post=2846"},{"taxonomy":"post_tag","embeddable":true,"href":"https:\/\/www.visit-ulcinj.com\/blog\/wp-json\/wp\/v2\/tags?post=2846"}],"curies":[{"name":"wp","href":"https:\/\/api.w.org\/{rel}","templated":true}]}}