{"id":28483,"date":"2009-12-20T19:16:37","date_gmt":"2009-12-20T17:16:37","guid":{"rendered":"http:\/\/www.visit-ulcinj.com\/blog\/?p=28483"},"modified":"2009-12-20T20:58:23","modified_gmt":"2009-12-20T18:58:23","slug":"grbovicvitin-e-ardheshem-2010-nis-ndertimi-i-ures-se-port-milenes","status":"publish","type":"post","link":"https:\/\/www.visit-ulcinj.com\/blog\/2009\/12\/20\/grbovicvitin-e-ardheshem-2010-nis-ndertimi-i-ures-se-port-milenes\/","title":{"rendered":"Grbovi?: Vitin e ardh\u00ebshem 2010 nis ndertimi i ures se Port Milen\u00ebs"},"content":{"rendered":"<p><a href=\"http:\/\/www.visit-ulcinj.com\/blog\/wp-content\/uploads\/2009\/12\/ndertimi-i-ures-se-Port-Milenes.jpg\"><img loading=\"lazy\" class=\"alignleft size-full wp-image-28484\" title=\"ndertimi i ures se Port Milenes\" src=\"http:\/\/www.visit-ulcinj.com\/blog\/wp-content\/uploads\/2009\/12\/ndertimi-i-ures-se-Port-Milenes.jpg\" alt=\"ndertimi i ures se Port Milenes\" width=\"580\" height=\"400\" \/><\/a>Duke amalizuar te thenat e drejtorit per komunikacion t\u00eb Malit te Zi Veselin Grbovic se pritet qe ne fillim te muajve te 2010 te nisin punimet per ndertimin e ures se re n\u00eb Port Milen. Ndertimi i ures se re t\u00eb Port Milenes eshte nje veper jetike per banoret e rrethit te Ulqinit dhe gjth\u00eb rajonit.<br \/>\nPunimet p\u00ebr nd\u00ebrtimin e Ur\u00ebs s\u00eb Port Milen\u00ebs pritet t\u00eb fillojn\u00eb n\u00eb muajt q\u00eb vijojn te 2010, ka paralajm\u00ebruar drejtori per komunikacion t\u00eb Malit te Zi Veselin Grbovic,n\u00eb prezantimin e k\u00ebtij projekti ne brifingun e tij te regullt.<br \/>\nNd\u00ebrtimi i ur\u00ebs parashikohet t\u00eb kushtoj\u00eb 18 milion\u00eb euro dhe parat\u00eb p\u00ebr nd\u00ebrtimin e saj jan\u00eb siguruar,kurse per projekt jan ndar ne realizim 5,8 milion.<br \/>\n\u201cNj\u00eb pjes\u00eb e parave jan\u00eb siguruar nga Qeveria e Malit t\u00eb Zi, kurse pjesa tjet\u00ebr p\u00ebrmes kredis\u00eb nga Banka Evropiane p\u00ebr Investime\u201d, ka sqaruar drejtori per komunikacion t\u00eb Malit te Zi Veselin Grbovic,N\u00eb baz\u00eb t\u00eb projektit, Ura e Port Milen\u00ebs parashikohet t\u00eb jet\u00eb e gjat\u00eb 600 metra, nga t\u00eb cilat 330 metra \u00ebsht\u00eb vet\u00ebm ura, si dhe 50 metra pjesa e hapur e ur\u00ebs q\u00eb lejon kalimin e mjeteve lundruese.<br \/>\nKryetari i Komun\u00ebs s\u00eb Ulqinit, G\u00ebzim Hajdinaga, ka th\u00ebn\u00eb se pik\u00ebrisht ndryshimi i projektit me q\u00ebllim p\u00ebrmir\u00ebsimin e tij ka qen\u00eb arsyeja kryesore p\u00ebr shtyrjen e fillimit t\u00eb punimeve p\u00ebr nd\u00ebrtimin e ur\u00ebs.<br \/>\n\u201cVlera e investimit \u00ebsht\u00eb pes\u00eb her\u00eb m\u00eb e lart\u00eb sesa q\u00eb \u00ebsht\u00eb parashikuar me projektin q\u00eb ne kemi gjetur kur kemi ardhur n\u00eb pushtet. Po ashtu, lart\u00ebsia e ur\u00ebs nga 2.5 metra sa ka qen\u00eb e parashikuar me projektin e m\u00ebparsh\u00ebm \u00ebsht\u00eb rritur n\u00eb shtat\u00eb metra\u201d, ka th\u00ebn\u00eb ai.<br \/>\nHajdinaga ka shpjeguar se nd\u00ebrtimi i Ur\u00ebs s\u00eb Port Milen\u00ebs ka hyr\u00eb nd\u00ebr kat\u00ebr projektet kapitale me prioritet t\u00eb Qeveris\u00eb s\u00eb Malit t\u00eb Zi.<br \/>\nAi ka th\u00ebn\u00eb se e g\u00ebzon fakti q\u00eb me nd\u00ebrtimin e Ur\u00ebs do t\u00eb valorizohet kjo zon\u00eb dhe se Port Milena edhe pas nd\u00ebrtimit t\u00eb ur\u00ebs do t\u00eb jet\u00eb e lundrueshme.<br \/>\nProjekti p\u00ebr nd\u00ebrtimin e Ur\u00ebs s\u00eb Port Milen\u00ebs \u00ebsht\u00eb punuar nga Sht\u00ebpia Projektuese DB \u201cInxhinjering\u201d nga Beogradi.<br \/>\nPritet njisoj vitin e ardh\u00ebshem 2010 realizimi i ndertimit te\u00a0 rruges Katerkoll\u00eb &#8211; Sukubin ku rruga do t\u00eb kushtoje af\u00ebr 100.000,00 \u20ac,ku nd\u00ebrtimi i saj do t\u00eb financohet nga Qeveria e Malit t\u00eb Zi.<\/p>\n<p>Hartimi i projektit t\u00eb Ur\u00ebs s\u00eb Port Milen\u00ebs \u00ebsht\u00eb financuar nga Drejtoria e Komunikacionit, nd\u00ebrsa nd\u00ebrtimi i saj do t\u00eb financohet nga Qeveria e Malit t\u00eb Zi.tha drejtori per komunikacion t\u00eb Malit te Zi Veselin Grbovic.<\/p>\n<p>T\u00eb dh\u00ebnat e ktyre lajmeve jan t\u00eb bazuara nga <strong><a href=\"http:\/\/www.vijesti.me\/index.php?id_pre=325359&amp;godina=2009\" target=\"_blank\">Gazeta Vijesti<\/a><\/strong>,<a href=\"http:\/\/www.mnnews.net\/\" target=\"_blank\"><strong>Mina<\/strong> <\/a>dhe Drejtoria e Komunikacionit t\u00eb Malit t\u00eb Zi.<br \/>\n\n\t\t<style type=\"text\/css\">\n\t\t\t#gallery-1 {\n\t\t\t\tmargin: auto;\n\t\t\t}\n\t\t\t#gallery-1 .gallery-item {\n\t\t\t\tfloat: left;\n\t\t\t\tmargin-top: 10px;\n\t\t\t\ttext-align: center;\n\t\t\t\twidth: 33%;\n\t\t\t}\n\t\t\t#gallery-1 img {\n\t\t\t\tborder: 2px solid #cfcfcf;\n\t\t\t}\n\t\t\t#gallery-1 .gallery-caption {\n\t\t\t\tmargin-left: 0;\n\t\t\t}\n\t\t\t\/* see gallery_shortcode() in wp-includes\/media.php *\/\n\t\t<\/style>\n\t\t<div id='gallery-1' class='gallery galleryid-28483 gallery-columns-3 gallery-size-thumbnail'><dl class='gallery-item'>\n\t\t\t<dt class='gallery-icon landscape'>\n\t\t\t\t<a href='https:\/\/www.visit-ulcinj.com\/blog\/wp-content\/uploads\/2009\/12\/ndertimi-i-ures-se-Port-Milenes.jpg'><img width=\"150\" height=\"150\" src=\"https:\/\/www.visit-ulcinj.com\/blog\/wp-content\/uploads\/2009\/12\/ndertimi-i-ures-se-Port-Milenes-150x150.jpg\" class=\"attachment-thumbnail size-thumbnail\" alt=\"\" loading=\"lazy\" \/><\/a>\n\t\t\t<\/dt><\/dl><dl class='gallery-item'>\n\t\t\t<dt class='gallery-icon '>\n\t\t\t\t<a href='https:\/\/www.visit-ulcinj.com\/blog\/wp-content\/uploads\/2009\/12\/direktor-za-saobracaj-Veselin-Grbovi\u00c4\u2021.jpg'><img width=\"1\" height=\"1\" src=\"https:\/\/www.visit-ulcinj.com\/blog\/wp-content\/uploads\/2009\/12\/direktor-za-saobracaj-Veselin-Grbovi\u00c4\u2021.jpg\" class=\"attachment-thumbnail size-thumbnail\" alt=\"\" loading=\"lazy\" \/><\/a>\n\t\t\t<\/dt><\/dl><dl class='gallery-item'>\n\t\t\t<dt class='gallery-icon '>\n\t\t\t\t<a href='https:\/\/www.visit-ulcinj.com\/blog\/wp-content\/uploads\/2009\/12\/ndertimi-i-Ures-s\u00c3\u00ab-Port-Milenes.1.jpg'><img width=\"1\" height=\"1\" src=\"https:\/\/www.visit-ulcinj.com\/blog\/wp-content\/uploads\/2009\/12\/ndertimi-i-Ures-s\u00c3\u00ab-Port-Milenes.1.jpg\" class=\"attachment-thumbnail size-thumbnail\" alt=\"\" loading=\"lazy\" \/><\/a>\n\t\t\t<\/dt><\/dl><br style=\"clear: both\" \/>\n\t\t<\/div>\n<br \/>\n<!--YouTube Error: bad URL entered--><\/p>\n","protected":false},"excerpt":{"rendered":"<p>Duke amalizuar te thenat e drejtorit per komunikacion t\u00eb Malit te Zi Veselin Grbovic se pritet qe ne fillim te muajve te 2010 te nisin punimet per ndertimin e ures se re n\u00eb Port Milen. Ndertimi i ures se re t\u00eb Port Milenes eshte nje veper jetike per banoret e rrethit te Ulqinit dhe gjth\u00eb [&hellip;]<\/p>\n","protected":false},"author":1,"featured_media":0,"comment_status":"open","ping_status":"closed","sticky":false,"template":"","format":"standard","meta":{"spay_email":"","jetpack_publicize_message":"","jetpack_is_tweetstorm":false,"jetpack_publicize_feature_enabled":true},"categories":[1],"tags":[214,95,12228,213,200,13068],"jetpack_publicize_connections":[],"yoast_head":"<!-- This site is optimized with the Yoast SEO plugin v19.1 - https:\/\/yoast.com\/wordpress\/plugins\/seo\/ -->\n<title>Grbovi?: Vitin e ardh\u00ebshem 2010 nis ndertimi i ures se Port Milen\u00ebs - Lajme nga Ulqini<\/title>\n<meta name=\"description\" content=\"Duke amalizuar te thenat e drejtorit per komunikacion t\u00eb Malit te Zi Veselin Grbovic se pritet qe ne fillim te muajve te 2010 te nisin punimet per\" \/>\n<meta name=\"robots\" content=\"index, follow, max-snippet:-1, max-image-preview:large, max-video-preview:-1\" \/>\n<link rel=\"canonical\" href=\"https:\/\/www.visit-ulcinj.com\/blog\/2009\/12\/20\/grbovicvitin-e-ardheshem-2010-nis-ndertimi-i-ures-se-port-milenes\/\" \/>\n<meta property=\"og:locale\" content=\"en_US\" \/>\n<meta property=\"og:type\" content=\"article\" \/>\n<meta property=\"og:title\" content=\"Grbovi?: Vitin e ardh\u00ebshem 2010 nis ndertimi i ures se Port Milen\u00ebs - Lajme nga Ulqini\" \/>\n<meta property=\"og:description\" content=\"Duke amalizuar te thenat e drejtorit per komunikacion t\u00eb Malit te Zi Veselin Grbovic se pritet qe ne fillim te muajve te 2010 te nisin punimet per\" \/>\n<meta property=\"og:url\" content=\"https:\/\/www.visit-ulcinj.com\/blog\/2009\/12\/20\/grbovicvitin-e-ardheshem-2010-nis-ndertimi-i-ures-se-port-milenes\/\" \/>\n<meta property=\"og:site_name\" content=\"Lajme nga Ulqini\" \/>\n<meta property=\"article:published_time\" content=\"2009-12-20T17:16:37+00:00\" \/>\n<meta property=\"article:modified_time\" content=\"2009-12-20T18:58:23+00:00\" \/>\n<meta property=\"og:image\" content=\"https:\/\/www.visit-ulcinj.com\/blog\/wp-content\/uploads\/2009\/12\/ndertimi-i-ures-se-Port-Milenes-150x150.jpg\" \/>\n<meta name=\"twitter:label1\" content=\"Written by\" \/>\n\t<meta name=\"twitter:data1\" content=\"ulqini\" \/>\n\t<meta name=\"twitter:label2\" content=\"Est. reading time\" \/>\n\t<meta name=\"twitter:data2\" content=\"2 minutes\" \/>\n<script type=\"application\/ld+json\" class=\"yoast-schema-graph\">{\"@context\":\"https:\/\/schema.org\",\"@graph\":[{\"@type\":\"WebSite\",\"@id\":\"https:\/\/www.visit-ulcinj.com\/blog\/#website\",\"url\":\"https:\/\/www.visit-ulcinj.com\/blog\/\",\"name\":\"Lajme nga Ulqini\",\"description\":\"Lajme,Vijesti,Ulqini,Ulqin,Crna Gora,Mali i Zi\",\"potentialAction\":[{\"@type\":\"SearchAction\",\"target\":{\"@type\":\"EntryPoint\",\"urlTemplate\":\"https:\/\/www.visit-ulcinj.com\/blog\/?s={search_term_string}\"},\"query-input\":\"required name=search_term_string\"}],\"inLanguage\":\"en-US\"},{\"@type\":\"ImageObject\",\"inLanguage\":\"en-US\",\"@id\":\"https:\/\/www.visit-ulcinj.com\/blog\/2009\/12\/20\/grbovicvitin-e-ardheshem-2010-nis-ndertimi-i-ures-se-port-milenes\/#primaryimage\",\"url\":\"https:\/\/www.visit-ulcinj.com\/blog\/wp-content\/uploads\/2009\/12\/ndertimi-i-ures-se-Port-Milenes.jpg\",\"contentUrl\":\"https:\/\/www.visit-ulcinj.com\/blog\/wp-content\/uploads\/2009\/12\/ndertimi-i-ures-se-Port-Milenes.jpg\",\"width\":\"1024\",\"height\":\"768\"},{\"@type\":\"WebPage\",\"@id\":\"https:\/\/www.visit-ulcinj.com\/blog\/2009\/12\/20\/grbovicvitin-e-ardheshem-2010-nis-ndertimi-i-ures-se-port-milenes\/#webpage\",\"url\":\"https:\/\/www.visit-ulcinj.com\/blog\/2009\/12\/20\/grbovicvitin-e-ardheshem-2010-nis-ndertimi-i-ures-se-port-milenes\/\",\"name\":\"Grbovi?: Vitin e ardh\u00ebshem 2010 nis ndertimi i ures se Port Milen\u00ebs - Lajme nga Ulqini\",\"isPartOf\":{\"@id\":\"https:\/\/www.visit-ulcinj.com\/blog\/#website\"},\"primaryImageOfPage\":{\"@id\":\"https:\/\/www.visit-ulcinj.com\/blog\/2009\/12\/20\/grbovicvitin-e-ardheshem-2010-nis-ndertimi-i-ures-se-port-milenes\/#primaryimage\"},\"datePublished\":\"2009-12-20T17:16:37+00:00\",\"dateModified\":\"2009-12-20T18:58:23+00:00\",\"author\":{\"@id\":\"https:\/\/www.visit-ulcinj.com\/blog\/#\/schema\/person\/dcab619c614d3038751c63bc2aadc06d\"},\"description\":\"Duke amalizuar te thenat e drejtorit per komunikacion t\u00eb Malit te Zi Veselin Grbovic se pritet qe ne fillim te muajve te 2010 te nisin punimet per\",\"breadcrumb\":{\"@id\":\"https:\/\/www.visit-ulcinj.com\/blog\/2009\/12\/20\/grbovicvitin-e-ardheshem-2010-nis-ndertimi-i-ures-se-port-milenes\/#breadcrumb\"},\"inLanguage\":\"en-US\",\"potentialAction\":[{\"@type\":\"ReadAction\",\"target\":[\"https:\/\/www.visit-ulcinj.com\/blog\/2009\/12\/20\/grbovicvitin-e-ardheshem-2010-nis-ndertimi-i-ures-se-port-milenes\/\"]}]},{\"@type\":\"BreadcrumbList\",\"@id\":\"https:\/\/www.visit-ulcinj.com\/blog\/2009\/12\/20\/grbovicvitin-e-ardheshem-2010-nis-ndertimi-i-ures-se-port-milenes\/#breadcrumb\",\"itemListElement\":[{\"@type\":\"ListItem\",\"position\":1,\"name\":\"Grbovi?: Vitin e ardh\u00ebshem 2010 nis ndertimi i ures se Port Milen\u00ebs\"}]},{\"@type\":\"Person\",\"@id\":\"https:\/\/www.visit-ulcinj.com\/blog\/#\/schema\/person\/dcab619c614d3038751c63bc2aadc06d\",\"name\":\"ulqini\",\"sameAs\":[\"http:\/\/www.visit-ulcinj.com\"],\"url\":\"https:\/\/www.visit-ulcinj.com\/blog\/author\/admin\/\"}]}<\/script>\n<!-- \/ Yoast SEO plugin. -->","yoast_head_json":{"title":"Grbovi?: Vitin e ardh\u00ebshem 2010 nis ndertimi i ures se Port Milen\u00ebs - Lajme nga Ulqini","description":"Duke amalizuar te thenat e drejtorit per komunikacion t\u00eb Malit te Zi Veselin Grbovic se pritet qe ne fillim te muajve te 2010 te nisin punimet per","robots":{"index":"index","follow":"follow","max-snippet":"max-snippet:-1","max-image-preview":"max-image-preview:large","max-video-preview":"max-video-preview:-1"},"canonical":"https:\/\/www.visit-ulcinj.com\/blog\/2009\/12\/20\/grbovicvitin-e-ardheshem-2010-nis-ndertimi-i-ures-se-port-milenes\/","og_locale":"en_US","og_type":"article","og_title":"Grbovi?: Vitin e ardh\u00ebshem 2010 nis ndertimi i ures se Port Milen\u00ebs - Lajme nga Ulqini","og_description":"Duke amalizuar te thenat e drejtorit per komunikacion t\u00eb Malit te Zi Veselin Grbovic se pritet qe ne fillim te muajve te 2010 te nisin punimet per","og_url":"https:\/\/www.visit-ulcinj.com\/blog\/2009\/12\/20\/grbovicvitin-e-ardheshem-2010-nis-ndertimi-i-ures-se-port-milenes\/","og_site_name":"Lajme nga Ulqini","article_published_time":"2009-12-20T17:16:37+00:00","article_modified_time":"2009-12-20T18:58:23+00:00","og_image":[{"url":"https:\/\/www.visit-ulcinj.com\/blog\/wp-content\/uploads\/2009\/12\/ndertimi-i-ures-se-Port-Milenes-150x150.jpg"}],"twitter_misc":{"Written by":"ulqini","Est. reading time":"2 minutes"},"schema":{"@context":"https:\/\/schema.org","@graph":[{"@type":"WebSite","@id":"https:\/\/www.visit-ulcinj.com\/blog\/#website","url":"https:\/\/www.visit-ulcinj.com\/blog\/","name":"Lajme nga Ulqini","description":"Lajme,Vijesti,Ulqini,Ulqin,Crna Gora,Mali i Zi","potentialAction":[{"@type":"SearchAction","target":{"@type":"EntryPoint","urlTemplate":"https:\/\/www.visit-ulcinj.com\/blog\/?s={search_term_string}"},"query-input":"required name=search_term_string"}],"inLanguage":"en-US"},{"@type":"ImageObject","inLanguage":"en-US","@id":"https:\/\/www.visit-ulcinj.com\/blog\/2009\/12\/20\/grbovicvitin-e-ardheshem-2010-nis-ndertimi-i-ures-se-port-milenes\/#primaryimage","url":"https:\/\/www.visit-ulcinj.com\/blog\/wp-content\/uploads\/2009\/12\/ndertimi-i-ures-se-Port-Milenes.jpg","contentUrl":"https:\/\/www.visit-ulcinj.com\/blog\/wp-content\/uploads\/2009\/12\/ndertimi-i-ures-se-Port-Milenes.jpg","width":"1024","height":"768"},{"@type":"WebPage","@id":"https:\/\/www.visit-ulcinj.com\/blog\/2009\/12\/20\/grbovicvitin-e-ardheshem-2010-nis-ndertimi-i-ures-se-port-milenes\/#webpage","url":"https:\/\/www.visit-ulcinj.com\/blog\/2009\/12\/20\/grbovicvitin-e-ardheshem-2010-nis-ndertimi-i-ures-se-port-milenes\/","name":"Grbovi?: Vitin e ardh\u00ebshem 2010 nis ndertimi i ures se Port Milen\u00ebs - Lajme nga Ulqini","isPartOf":{"@id":"https:\/\/www.visit-ulcinj.com\/blog\/#website"},"primaryImageOfPage":{"@id":"https:\/\/www.visit-ulcinj.com\/blog\/2009\/12\/20\/grbovicvitin-e-ardheshem-2010-nis-ndertimi-i-ures-se-port-milenes\/#primaryimage"},"datePublished":"2009-12-20T17:16:37+00:00","dateModified":"2009-12-20T18:58:23+00:00","author":{"@id":"https:\/\/www.visit-ulcinj.com\/blog\/#\/schema\/person\/dcab619c614d3038751c63bc2aadc06d"},"description":"Duke amalizuar te thenat e drejtorit per komunikacion t\u00eb Malit te Zi Veselin Grbovic se pritet qe ne fillim te muajve te 2010 te nisin punimet per","breadcrumb":{"@id":"https:\/\/www.visit-ulcinj.com\/blog\/2009\/12\/20\/grbovicvitin-e-ardheshem-2010-nis-ndertimi-i-ures-se-port-milenes\/#breadcrumb"},"inLanguage":"en-US","potentialAction":[{"@type":"ReadAction","target":["https:\/\/www.visit-ulcinj.com\/blog\/2009\/12\/20\/grbovicvitin-e-ardheshem-2010-nis-ndertimi-i-ures-se-port-milenes\/"]}]},{"@type":"BreadcrumbList","@id":"https:\/\/www.visit-ulcinj.com\/blog\/2009\/12\/20\/grbovicvitin-e-ardheshem-2010-nis-ndertimi-i-ures-se-port-milenes\/#breadcrumb","itemListElement":[{"@type":"ListItem","position":1,"name":"Grbovi?: Vitin e ardh\u00ebshem 2010 nis ndertimi i ures se Port Milen\u00ebs"}]},{"@type":"Person","@id":"https:\/\/www.visit-ulcinj.com\/blog\/#\/schema\/person\/dcab619c614d3038751c63bc2aadc06d","name":"ulqini","sameAs":["http:\/\/www.visit-ulcinj.com"],"url":"https:\/\/www.visit-ulcinj.com\/blog\/author\/admin\/"}]}},"jetpack_featured_media_url":"","jetpack_sharing_enabled":true,"jetpack_shortlink":"https:\/\/wp.me\/pe6lTn-7pp","_links":{"self":[{"href":"https:\/\/www.visit-ulcinj.com\/blog\/wp-json\/wp\/v2\/posts\/28483"}],"collection":[{"href":"https:\/\/www.visit-ulcinj.com\/blog\/wp-json\/wp\/v2\/posts"}],"about":[{"href":"https:\/\/www.visit-ulcinj.com\/blog\/wp-json\/wp\/v2\/types\/post"}],"author":[{"embeddable":true,"href":"https:\/\/www.visit-ulcinj.com\/blog\/wp-json\/wp\/v2\/users\/1"}],"replies":[{"embeddable":true,"href":"https:\/\/www.visit-ulcinj.com\/blog\/wp-json\/wp\/v2\/comments?post=28483"}],"version-history":[{"count":0,"href":"https:\/\/www.visit-ulcinj.com\/blog\/wp-json\/wp\/v2\/posts\/28483\/revisions"}],"wp:attachment":[{"href":"https:\/\/www.visit-ulcinj.com\/blog\/wp-json\/wp\/v2\/media?parent=28483"}],"wp:term":[{"taxonomy":"category","embeddable":true,"href":"https:\/\/www.visit-ulcinj.com\/blog\/wp-json\/wp\/v2\/categories?post=28483"},{"taxonomy":"post_tag","embeddable":true,"href":"https:\/\/www.visit-ulcinj.com\/blog\/wp-json\/wp\/v2\/tags?post=28483"}],"curies":[{"name":"wp","href":"https:\/\/api.w.org\/{rel}","templated":true}]}}