{"id":285,"date":"2008-01-25T15:15:18","date_gmt":"2008-01-25T20:15:18","guid":{"rendered":"http:\/\/www.visit-ulcinj.com\/blog\/2008\/01\/25\/albanci-pominju-svog-kandidata\/"},"modified":"2008-02-12T19:50:01","modified_gmt":"2008-02-13T00:50:01","slug":"albanci-pominju-svog-kandidata","status":"publish","type":"post","link":"https:\/\/www.visit-ulcinj.com\/blog\/2008\/01\/25\/albanci-pominju-svog-kandidata\/","title":{"rendered":"Albanci pominju svog kandidata"},"content":{"rendered":"<p><a href=\"http:\/\/www.visit-ulcinj.com\/blog\/2008\/01\/18\/trosili-bez-pokrica-i-znanja-naroda-ulcinja\/forca-e-re-demokratike\/\" rel=\"attachment wp-att-191\" title=\"Forca e re demokratike\"><img loading=\"lazy\" src=\"http:\/\/www.visit-ulcinj.com\/blog\/wp-content\/uploads\/2008\/01\/forca-e-re-demokratike.gif\" alt=\"Forca e re demokratike\" align=\"left\" height=\"126\" hspace=\"2\" vspace=\"2\" width=\"126\" \/><\/a>Ulcinj\/Podgorica &#8211; Postoji mogu?nost da albanske partije imaju svog predsjedni?kog kandidata i od te odluke zavisi koga ?e one podr\u017eati na izborima, re?eno je &#8220;Vijestima&#8221; nakon sino?njeg sastanka rukovodstva Nove demokratske snage Forca i lidera Pokreta za promjene Neboj\u0161e Medojevi?a.<br \/>\nIzvor iz Force, koji je prisustvovao sastanku u Ulcinju, rekao je<!--more--> ?Vijestima&#8221; da ?e se o tome raspravljati tokom naredne sedmice.<br \/>\nMedojevi? je nakon sino?njeg sastanka rekao da je optimista kada je rije? o tome da ga Forca podr\u017ei na predsjedni?kim izborima, ali je dodao da ne \u017eeli da se mije\u0161a u njihove odluke.<br \/>\n&#8220;Mislim da je napravljen prvi korak i da Forca i Pokret za promjene u Ulcinju mogu da o?ekuju dobre politi?ke rezultate&#8221;, rekao je Medojevi? &#8220;Vijestima&#8221;.<br \/>\nOn je konstatovao da je &#8220;po?ela ozbiljna saradnja&#8221; i da se stvara &#8220;\u0161iri front partija koje zajedno ulaze u predstoje?e politi?ke procese&#8221;.<br \/>\n&#8220;Pokret za promjene i ja mo\u017eemo da ra?unamo na veliki broj glasova u Ulcinju, to su mi rekli kolege iz Force, imaju?i u vidu ?itavu moju politi?ku biografiju i zalaganje za manjinska prava, kao i moje pona\u0161anje po?etkom devedesetih, zalaganje za reformu lokalne samouprave, \u0161to su ljudi u Ulcinju pa\u017eljivo pratili. Tako da bi Ulcinj na predsjedni?kim izborima mogao da bude veliko iznena?enje, u pozitivnom smislu za mene&#8221;, rekao je Medojevi?.<br \/>\nIzvor &#8220;Vijesti&#8221; koji je prisustvovao sino?njem sastanku kazao je da je rukovodstvo Force upoznalo Medojevi?a sa inicijativom albanskih partija da imaju svog predsjedni?kog kandidata.<br \/>\n&#8220;Postoji inicijativa da albanske partije imaju svog kandidata na izborima za predsjednika Crne Gore i to je re?eno Medojevi?u. U svakom slu?aju tokom naredne sedmice ima?emo ?istiju situaciju kada ?emo i raspravljati o tome koga ?e Forca podr\u017eati&#8221;, kazao je izvor iz vrha Force koji nije htio da otkrije ko bi mogao biti albanski kandidat.<br \/>\nForca i PzP imaju sli?ne politi?ke programe, \u0161to je u pro\u0161logodi\u0161njem gostovanju na lokalnoj televiziji &#8220;Teuta&#8221; potvrdio i sam Medojevi?. <a href=\"http:\/\/www.visit-ulcinj.com\/blog\/2008\/01\/25\/albanci-pominju-svog-kandidata\/nebojsa-medojevic\/\" rel=\"attachment wp-att-286\" title=\"Neboj\u0161a Medojevic\"><img loading=\"lazy\" src=\"http:\/\/www.visit-ulcinj.com\/blog\/wp-content\/uploads\/2008\/01\/nebojsa-medojevic-press.gif\" alt=\"Neboj\u0161a Medojevic\" align=\"right\" height=\"114\" hspace=\"2\" vspace=\"2\" width=\"141\" \/><\/a><br \/>\n&#8220;Posebno smo iskazali spremnost da sa takvim strankama gradimo saradnju na lokalnom nivou. Ima ozbiljnih \u0161ansi da PzP i Forca na nekim lokalnim izborima koji bi bili vrlo brzo formiraju vlast&#8221;, ocijenio je sino? Medojevi?.<br \/>\nForca je na posljednjim lokalnim izborima u Ulcinju osvojila oko 2.600 glasova i sa osam odborni?kih mjesta pojedina?no je najja?a partija na lokalnom nivou.<br \/>\nMedojevi? je rekao da je sino?nji sastanak &#8220;po?etak formalne saradnje&#8221; dviju stranaka, dok su iz Force &#8220;Vijestima&#8221; kazali da je sastanak bio &#8220;neformalan&#8221;.<br \/>\n&#8220;Predsjedni?ki izbori su prvi ozbiljan politi?ki proces u kome se mo\u017ee potvrditi saradnja. Ipak, u sve ove razgovore ulazim sa punim uva\u017eavanjem kredibiliteta i integriteta stranaka, ne \u017eele?i da se mije\u0161am u njihove odluke&#8221;, rekao je Medojevi?.<\/p>\n<p>Br.M.-S.A.<\/p>\n","protected":false},"excerpt":{"rendered":"<p><img loading=\"lazy\" src=\"http:\/\/www.visit-ulcinj.com\/blog\/wp-content\/uploads\/2008\/01\/forca-e-re-demokratike.gif\" alt=\"Forca e re demokratike\" height=\"140\" width=\"140\" \/><\/p>\n","protected":false},"author":1,"featured_media":0,"comment_status":"open","ping_status":"closed","sticky":false,"template":"","format":"standard","meta":{"spay_email":"","jetpack_publicize_message":"","jetpack_is_tweetstorm":false,"jetpack_publicize_feature_enabled":true},"categories":[1],"tags":[1243,117,118,794,795,19],"jetpack_publicize_connections":[],"yoast_head":"<!-- This site is optimized with the Yoast SEO plugin v19.1 - https:\/\/yoast.com\/wordpress\/plugins\/seo\/ -->\n<title>Albanci pominju svog kandidata - Lajme nga Ulqini<\/title>\n<meta name=\"robots\" content=\"index, follow, max-snippet:-1, max-image-preview:large, max-video-preview:-1\" \/>\n<link rel=\"canonical\" href=\"https:\/\/www.visit-ulcinj.com\/blog\/2008\/01\/25\/albanci-pominju-svog-kandidata\/\" \/>\n<meta property=\"og:locale\" content=\"en_US\" \/>\n<meta property=\"og:type\" content=\"article\" \/>\n<meta property=\"og:title\" content=\"Albanci pominju svog kandidata - Lajme nga Ulqini\" \/>\n<meta property=\"og:url\" content=\"https:\/\/www.visit-ulcinj.com\/blog\/2008\/01\/25\/albanci-pominju-svog-kandidata\/\" \/>\n<meta property=\"og:site_name\" content=\"Lajme nga Ulqini\" \/>\n<meta property=\"article:published_time\" content=\"2008-01-25T20:15:18+00:00\" \/>\n<meta property=\"article:modified_time\" content=\"2008-02-13T00:50:01+00:00\" \/>\n<meta property=\"og:image\" content=\"http:\/\/www.visit-ulcinj.com\/blog\/wp-content\/uploads\/2008\/01\/forca-e-re-demokratike.gif\" \/>\n<meta name=\"twitter:label1\" content=\"Written by\" \/>\n\t<meta name=\"twitter:data1\" content=\"ulqini\" \/>\n\t<meta name=\"twitter:label2\" content=\"Est. reading time\" \/>\n\t<meta name=\"twitter:data2\" content=\"2 minutes\" \/>\n<script type=\"application\/ld+json\" class=\"yoast-schema-graph\">{\"@context\":\"https:\/\/schema.org\",\"@graph\":[{\"@type\":\"WebSite\",\"@id\":\"https:\/\/www.visit-ulcinj.com\/blog\/#website\",\"url\":\"https:\/\/www.visit-ulcinj.com\/blog\/\",\"name\":\"Lajme nga Ulqini\",\"description\":\"Lajme,Vijesti,Ulqini,Ulqin,Crna Gora,Mali i Zi\",\"potentialAction\":[{\"@type\":\"SearchAction\",\"target\":{\"@type\":\"EntryPoint\",\"urlTemplate\":\"https:\/\/www.visit-ulcinj.com\/blog\/?s={search_term_string}\"},\"query-input\":\"required name=search_term_string\"}],\"inLanguage\":\"en-US\"},{\"@type\":\"ImageObject\",\"inLanguage\":\"en-US\",\"@id\":\"https:\/\/www.visit-ulcinj.com\/blog\/2008\/01\/25\/albanci-pominju-svog-kandidata\/#primaryimage\",\"url\":\"http:\/\/www.visit-ulcinj.com\/blog\/wp-content\/uploads\/2008\/01\/forca-e-re-demokratike.gif\",\"contentUrl\":\"http:\/\/www.visit-ulcinj.com\/blog\/wp-content\/uploads\/2008\/01\/forca-e-re-demokratike.gif\"},{\"@type\":\"WebPage\",\"@id\":\"https:\/\/www.visit-ulcinj.com\/blog\/2008\/01\/25\/albanci-pominju-svog-kandidata\/#webpage\",\"url\":\"https:\/\/www.visit-ulcinj.com\/blog\/2008\/01\/25\/albanci-pominju-svog-kandidata\/\",\"name\":\"Albanci pominju svog kandidata - Lajme nga Ulqini\",\"isPartOf\":{\"@id\":\"https:\/\/www.visit-ulcinj.com\/blog\/#website\"},\"primaryImageOfPage\":{\"@id\":\"https:\/\/www.visit-ulcinj.com\/blog\/2008\/01\/25\/albanci-pominju-svog-kandidata\/#primaryimage\"},\"datePublished\":\"2008-01-25T20:15:18+00:00\",\"dateModified\":\"2008-02-13T00:50:01+00:00\",\"author\":{\"@id\":\"https:\/\/www.visit-ulcinj.com\/blog\/#\/schema\/person\/dcab619c614d3038751c63bc2aadc06d\"},\"breadcrumb\":{\"@id\":\"https:\/\/www.visit-ulcinj.com\/blog\/2008\/01\/25\/albanci-pominju-svog-kandidata\/#breadcrumb\"},\"inLanguage\":\"en-US\",\"potentialAction\":[{\"@type\":\"ReadAction\",\"target\":[\"https:\/\/www.visit-ulcinj.com\/blog\/2008\/01\/25\/albanci-pominju-svog-kandidata\/\"]}]},{\"@type\":\"BreadcrumbList\",\"@id\":\"https:\/\/www.visit-ulcinj.com\/blog\/2008\/01\/25\/albanci-pominju-svog-kandidata\/#breadcrumb\",\"itemListElement\":[{\"@type\":\"ListItem\",\"position\":1,\"name\":\"Albanci pominju svog kandidata\"}]},{\"@type\":\"Person\",\"@id\":\"https:\/\/www.visit-ulcinj.com\/blog\/#\/schema\/person\/dcab619c614d3038751c63bc2aadc06d\",\"name\":\"ulqini\",\"sameAs\":[\"http:\/\/www.visit-ulcinj.com\"],\"url\":\"https:\/\/www.visit-ulcinj.com\/blog\/author\/admin\/\"}]}<\/script>\n<!-- \/ Yoast SEO plugin. -->","yoast_head_json":{"title":"Albanci pominju svog kandidata - Lajme nga Ulqini","robots":{"index":"index","follow":"follow","max-snippet":"max-snippet:-1","max-image-preview":"max-image-preview:large","max-video-preview":"max-video-preview:-1"},"canonical":"https:\/\/www.visit-ulcinj.com\/blog\/2008\/01\/25\/albanci-pominju-svog-kandidata\/","og_locale":"en_US","og_type":"article","og_title":"Albanci pominju svog kandidata - Lajme nga Ulqini","og_url":"https:\/\/www.visit-ulcinj.com\/blog\/2008\/01\/25\/albanci-pominju-svog-kandidata\/","og_site_name":"Lajme nga Ulqini","article_published_time":"2008-01-25T20:15:18+00:00","article_modified_time":"2008-02-13T00:50:01+00:00","og_image":[{"url":"http:\/\/www.visit-ulcinj.com\/blog\/wp-content\/uploads\/2008\/01\/forca-e-re-demokratike.gif"}],"twitter_misc":{"Written by":"ulqini","Est. reading time":"2 minutes"},"schema":{"@context":"https:\/\/schema.org","@graph":[{"@type":"WebSite","@id":"https:\/\/www.visit-ulcinj.com\/blog\/#website","url":"https:\/\/www.visit-ulcinj.com\/blog\/","name":"Lajme nga Ulqini","description":"Lajme,Vijesti,Ulqini,Ulqin,Crna Gora,Mali i Zi","potentialAction":[{"@type":"SearchAction","target":{"@type":"EntryPoint","urlTemplate":"https:\/\/www.visit-ulcinj.com\/blog\/?s={search_term_string}"},"query-input":"required name=search_term_string"}],"inLanguage":"en-US"},{"@type":"ImageObject","inLanguage":"en-US","@id":"https:\/\/www.visit-ulcinj.com\/blog\/2008\/01\/25\/albanci-pominju-svog-kandidata\/#primaryimage","url":"http:\/\/www.visit-ulcinj.com\/blog\/wp-content\/uploads\/2008\/01\/forca-e-re-demokratike.gif","contentUrl":"http:\/\/www.visit-ulcinj.com\/blog\/wp-content\/uploads\/2008\/01\/forca-e-re-demokratike.gif"},{"@type":"WebPage","@id":"https:\/\/www.visit-ulcinj.com\/blog\/2008\/01\/25\/albanci-pominju-svog-kandidata\/#webpage","url":"https:\/\/www.visit-ulcinj.com\/blog\/2008\/01\/25\/albanci-pominju-svog-kandidata\/","name":"Albanci pominju svog kandidata - Lajme nga Ulqini","isPartOf":{"@id":"https:\/\/www.visit-ulcinj.com\/blog\/#website"},"primaryImageOfPage":{"@id":"https:\/\/www.visit-ulcinj.com\/blog\/2008\/01\/25\/albanci-pominju-svog-kandidata\/#primaryimage"},"datePublished":"2008-01-25T20:15:18+00:00","dateModified":"2008-02-13T00:50:01+00:00","author":{"@id":"https:\/\/www.visit-ulcinj.com\/blog\/#\/schema\/person\/dcab619c614d3038751c63bc2aadc06d"},"breadcrumb":{"@id":"https:\/\/www.visit-ulcinj.com\/blog\/2008\/01\/25\/albanci-pominju-svog-kandidata\/#breadcrumb"},"inLanguage":"en-US","potentialAction":[{"@type":"ReadAction","target":["https:\/\/www.visit-ulcinj.com\/blog\/2008\/01\/25\/albanci-pominju-svog-kandidata\/"]}]},{"@type":"BreadcrumbList","@id":"https:\/\/www.visit-ulcinj.com\/blog\/2008\/01\/25\/albanci-pominju-svog-kandidata\/#breadcrumb","itemListElement":[{"@type":"ListItem","position":1,"name":"Albanci pominju svog kandidata"}]},{"@type":"Person","@id":"https:\/\/www.visit-ulcinj.com\/blog\/#\/schema\/person\/dcab619c614d3038751c63bc2aadc06d","name":"ulqini","sameAs":["http:\/\/www.visit-ulcinj.com"],"url":"https:\/\/www.visit-ulcinj.com\/blog\/author\/admin\/"}]}},"jetpack_featured_media_url":"","jetpack_sharing_enabled":true,"jetpack_shortlink":"https:\/\/wp.me\/pe6lTn-4B","_links":{"self":[{"href":"https:\/\/www.visit-ulcinj.com\/blog\/wp-json\/wp\/v2\/posts\/285"}],"collection":[{"href":"https:\/\/www.visit-ulcinj.com\/blog\/wp-json\/wp\/v2\/posts"}],"about":[{"href":"https:\/\/www.visit-ulcinj.com\/blog\/wp-json\/wp\/v2\/types\/post"}],"author":[{"embeddable":true,"href":"https:\/\/www.visit-ulcinj.com\/blog\/wp-json\/wp\/v2\/users\/1"}],"replies":[{"embeddable":true,"href":"https:\/\/www.visit-ulcinj.com\/blog\/wp-json\/wp\/v2\/comments?post=285"}],"version-history":[{"count":0,"href":"https:\/\/www.visit-ulcinj.com\/blog\/wp-json\/wp\/v2\/posts\/285\/revisions"}],"wp:attachment":[{"href":"https:\/\/www.visit-ulcinj.com\/blog\/wp-json\/wp\/v2\/media?parent=285"}],"wp:term":[{"taxonomy":"category","embeddable":true,"href":"https:\/\/www.visit-ulcinj.com\/blog\/wp-json\/wp\/v2\/categories?post=285"},{"taxonomy":"post_tag","embeddable":true,"href":"https:\/\/www.visit-ulcinj.com\/blog\/wp-json\/wp\/v2\/tags?post=285"}],"curies":[{"name":"wp","href":"https:\/\/api.w.org\/{rel}","templated":true}]}}