{"id":28515,"date":"2009-12-21T20:04:19","date_gmt":"2009-12-21T18:04:19","guid":{"rendered":"http:\/\/www.visit-ulcinj.com\/blog\/?p=28515"},"modified":"2009-12-21T20:04:19","modified_gmt":"2009-12-21T18:04:19","slug":"ne-kuvend-te-malit-te-zi-ora-e-kryemnistrit-millo-gjukanoviq","status":"publish","type":"post","link":"https:\/\/www.visit-ulcinj.com\/blog\/2009\/12\/21\/ne-kuvend-te-malit-te-zi-ora-e-kryemnistrit-millo-gjukanoviq\/","title":{"rendered":"N\u00eb Kuvend t\u00eb Malit t\u00eb Zi ora e kryemnistrit Millo Gjukanoviq"},"content":{"rendered":"<p><a href=\"http:\/\/www.visit-ulcinj.com\/blog\/wp-content\/uploads\/2009\/12\/Predsjednik-Vlade-Crne-Gore-Milu-?ukanovi?.2.jpg\"><img loading=\"lazy\" class=\"alignleft size-full wp-image-28517\" title=\"Predsjednik Vlade Crne Gore Milu ?ukanovi?.2\" src=\"http:\/\/www.visit-ulcinj.com\/blog\/wp-content\/uploads\/2009\/12\/Predsjednik-Vlade-Crne-Gore-Milu-?ukanovi?.2.jpg\" alt=\"Predsjednik Vlade Crne Gore Milu ?ukanovi?.2\" width=\"580\" height=\"400\" \/><\/a>P\u00ebrparimi i madh n\u00eb integrimet evropiane dhe euroatlantike \u00ebsht\u00eb v\u00ebrtetim se Mali i Zi \u00ebsht\u00eb n\u00eb rrug\u00eb t\u00eb v\u00ebrtet, por edhe demant m\u00eb i mir\u00eb i vler\u00ebsimeve opozitare se vendi yn\u00eb \u00ebsht\u00eb sht\u00ebpi e sigurt p\u00ebr kriminalitet t\u00eb organizuar, tha kryeministri i Malit t\u00eb Zi Millo Gjukanoviq n\u00eb or\u00ebn e kryeministrit n\u00eb Kuvendin e Malit t\u00eb Zi.<br \/>\nPo t\u00eb ishte Mali i Zi sht\u00ebpi e sigurt e kriminalitetit, nuk do t\u00eb kishim heqjen e vizave, nuk do t\u00eb ndodheshim nj\u00eb hap larg statusit t\u00eb kandidatit p\u00ebr an\u00ebtar\u00ebsim n\u00eb Bashkimin Evropian dhe n\u00eb NATO Pakt, tha Gjukanoviq duke shtuar se qeveria e Malit t\u00eb Zi p\u00ebrballet me akuza t\u00eb pabaza.<br \/>\nLideri i demokracis\u00eb s\u00eb re serbe dhe ai i L\u00ebvizjes p\u00ebr ndryshime Andrija Mandiq dhe Nebojsha Medojeviq, m\u00eb par\u00eb vler\u00ebsuan se Mali i Zi njihet si sht\u00ebpi e sigurt p\u00ebr kriminalitetin e organizuar.<\/p>\n<p>Kjo \u00ebsht\u00eb e drejt\u00eb e juaja ta shihni shtetin n\u00eb t\u00eb cilin jetoni.<\/p>\n<p>E kuptoj nevoj\u00ebn tuaj p\u00ebr t\u00eb kritikuar pushtetin aktual, por askurr\u00eb nuk do ta kuptoj\u00eb nevoj\u00ebn tuaj q\u00eb n\u00eb at\u00eb m\u00ebnyr\u00eb ta p\u00ebrdhosni sht\u00ebpin\u00eb n\u00eb t\u00eb cil\u00ebn jetojm\u00eb s\u00eb bashku edhe p\u00ebr kund\u00ebr vler\u00ebsimeve pozitive t\u00eb faktor\u00ebve relevant\u00eb nd\u00ebrkomb\u00ebtar, tha Gjukanoviq.<br \/>\nDuke u p\u00ebrgjigjur n\u00eb pyetjen e Andrija Mandiqit, n\u00ebse qeveria ka b\u00ebr\u00eb vler\u00ebsimin e pron\u00ebs s\u00eb l\u00ebvizshme dhe t\u00eb patundshme, e cila krijuar p\u00ebrmes kriminalitetit t\u00eb organizuar, kryeministri tha se pushteti ekzekutiv nuk merret me k\u00ebto \u00e7\u00ebshtje, sepse ato nuk jan\u00eb n\u00eb kompetenc\u00ebn e saj.<br \/>\nAi p\u00ebrkujtoi n\u00ebse ekziston dyshimi n\u00ebse dikush ka fituar n\u00eb m\u00ebnyr\u00eb jolegale, at\u00ebher\u00eb duhet t\u00eb iniciohet procedura penale. Ai vuri n\u00eb pah se lufta kund\u00ebr kriminalitetit t\u00eb organizuar \u00ebsht\u00eb jo vet\u00ebm interes nacional, por edhe nd\u00ebrkomb\u00ebtar.<\/p>\n<p>Kryeministri Gjukanoviq nj\u00ebkoh\u00ebsisht mohoi vler\u00ebsimet e deputetit Medojeviq se problemi kryesor n\u00eb Mal t\u00eb Zi \u00ebsht\u00eb monopoli shum\u00ebvje\u00e7ar i pushtetit t\u00eb nj\u00ebjt\u00eb.<\/p>\n<p>N\u00eb fund kryeministri Gjukanoviq rekomandoi se qeveria do t\u00eb vazhdoj\u00eb t\u00eb zhvilloj\u00eb politik p\u00ebrgjegj\u00ebse dhe aktive sociale dhe se kujdes i ve\u00e7ant\u00eb edhe n\u00eb t\u00eb ardhmen do t&#8217;i kushtoj\u00eb sh\u00ebndet\u00ebsis\u00eb dhe arsimit.<br \/>\nN\u00eb rend t\u00eb dit\u00ebs t\u00eb mbledhjes s\u00eb sotme jan\u00eb edhe pyetjet e deputet\u00ebve. Kuvendi i Malit t\u00eb Zi nes\u00ebr do t\u00eb filloj\u00eb mbledhjen e re n\u00eb t\u00eb cil\u00ebn do t\u00eb shqyrtohen propozimligjet mbi ushtrin\u00eb, mbrojtjen, policin\u00eb dhe vet\u00ebqeverisjen lokale.<\/p>\n<p><strong>TVCG<\/strong><\/p>\n<p><strong>\n\t\t<style type=\"text\/css\">\n\t\t\t#gallery-1 {\n\t\t\t\tmargin: auto;\n\t\t\t}\n\t\t\t#gallery-1 .gallery-item {\n\t\t\t\tfloat: left;\n\t\t\t\tmargin-top: 10px;\n\t\t\t\ttext-align: center;\n\t\t\t\twidth: 33%;\n\t\t\t}\n\t\t\t#gallery-1 img {\n\t\t\t\tborder: 2px solid #cfcfcf;\n\t\t\t}\n\t\t\t#gallery-1 .gallery-caption {\n\t\t\t\tmargin-left: 0;\n\t\t\t}\n\t\t\t\/* see gallery_shortcode() in wp-includes\/media.php *\/\n\t\t<\/style>\n\t\t<div id='gallery-1' class='gallery galleryid-28515 gallery-columns-3 gallery-size-thumbnail'><dl class='gallery-item'>\n\t\t\t<dt class='gallery-icon '>\n\t\t\t\t<a href='https:\/\/www.visit-ulcinj.com\/blog\/wp-content\/uploads\/2009\/12\/Predsjednik-Vlade-Crne-Gore-Milu-\u00c4\u0090ukanovi\u00c4\u2021.1.jpg'><img width=\"1\" height=\"1\" src=\"https:\/\/www.visit-ulcinj.com\/blog\/wp-content\/uploads\/2009\/12\/Predsjednik-Vlade-Crne-Gore-Milu-\u00c4\u0090ukanovi\u00c4\u2021.1.jpg\" class=\"attachment-thumbnail size-thumbnail\" alt=\"\" loading=\"lazy\" \/><\/a>\n\t\t\t<\/dt><\/dl><dl class='gallery-item'>\n\t\t\t<dt class='gallery-icon '>\n\t\t\t\t<a href='https:\/\/www.visit-ulcinj.com\/blog\/wp-content\/uploads\/2009\/12\/Predsjednik-Vlade-Crne-Gore-Milu-\u00c4\u0090ukanovi\u00c4\u2021.2.jpg'><img width=\"1\" height=\"1\" src=\"https:\/\/www.visit-ulcinj.com\/blog\/wp-content\/uploads\/2009\/12\/Predsjednik-Vlade-Crne-Gore-Milu-\u00c4\u0090ukanovi\u00c4\u2021.2.jpg\" class=\"attachment-thumbnail size-thumbnail\" alt=\"\" loading=\"lazy\" \/><\/a>\n\t\t\t<\/dt><\/dl><dl class='gallery-item'>\n\t\t\t<dt class='gallery-icon '>\n\t\t\t\t<a href='https:\/\/www.visit-ulcinj.com\/blog\/wp-content\/uploads\/2009\/12\/Predsjednik-Vlade-Crne-Gore-Milu-\u00c4\u0090ukanovi\u00c4\u2021.jpg'><img width=\"1\" height=\"1\" src=\"https:\/\/www.visit-ulcinj.com\/blog\/wp-content\/uploads\/2009\/12\/Predsjednik-Vlade-Crne-Gore-Milu-\u00c4\u0090ukanovi\u00c4\u2021.jpg\" class=\"attachment-thumbnail size-thumbnail\" alt=\"\" loading=\"lazy\" \/><\/a>\n\t\t\t<\/dt><\/dl><br style=\"clear: both\" \/>\n\t\t<\/div>\n<br \/>\n<\/strong><\/p>\n","protected":false},"excerpt":{"rendered":"<p>P\u00ebrparimi i madh n\u00eb integrimet evropiane dhe euroatlantike \u00ebsht\u00eb v\u00ebrtetim se Mali i Zi \u00ebsht\u00eb n\u00eb rrug\u00eb t\u00eb v\u00ebrtet, por edhe demant m\u00eb i mir\u00eb i vler\u00ebsimeve opozitare se vendi yn\u00eb \u00ebsht\u00eb sht\u00ebpi e sigurt p\u00ebr kriminalitet t\u00eb organizuar, tha kryeministri i Malit t\u00eb Zi Millo Gjukanoviq n\u00eb or\u00ebn e kryeministrit n\u00eb Kuvendin e Malit [&hellip;]<\/p>\n","protected":false},"author":1,"featured_media":0,"comment_status":"open","ping_status":"closed","sticky":false,"template":"","format":"standard","meta":{"spay_email":"","jetpack_publicize_message":"","jetpack_is_tweetstorm":false,"jetpack_publicize_feature_enabled":true},"categories":[14],"tags":[13071],"jetpack_publicize_connections":[],"yoast_head":"<!-- This site is optimized with the Yoast SEO plugin v19.1 - https:\/\/yoast.com\/wordpress\/plugins\/seo\/ -->\n<title>N\u00eb Kuvend t\u00eb Malit t\u00eb Zi ora e kryemnistrit Millo Gjukanoviq - Lajme nga Ulqini<\/title>\n<meta name=\"description\" content=\"P\u00ebrparimi i madh n\u00eb integrimet evropiane dhe euroatlantike \u00ebsht\u00eb v\u00ebrtetim se Mali i Zi \u00ebsht\u00eb n\u00eb rrug\u00eb t\u00eb v\u00ebrtet, por edhe demant m\u00eb i mir\u00eb i vler\u00ebsimeve\" \/>\n<meta name=\"robots\" content=\"index, follow, max-snippet:-1, max-image-preview:large, max-video-preview:-1\" \/>\n<link rel=\"canonical\" href=\"https:\/\/www.visit-ulcinj.com\/blog\/2009\/12\/21\/ne-kuvend-te-malit-te-zi-ora-e-kryemnistrit-millo-gjukanoviq\/\" \/>\n<meta property=\"og:locale\" content=\"en_US\" \/>\n<meta property=\"og:type\" content=\"article\" \/>\n<meta property=\"og:title\" content=\"N\u00eb Kuvend t\u00eb Malit t\u00eb Zi ora e kryemnistrit Millo Gjukanoviq - Lajme nga Ulqini\" \/>\n<meta property=\"og:description\" content=\"P\u00ebrparimi i madh n\u00eb integrimet evropiane dhe euroatlantike \u00ebsht\u00eb v\u00ebrtetim se Mali i Zi \u00ebsht\u00eb n\u00eb rrug\u00eb t\u00eb v\u00ebrtet, por edhe demant m\u00eb i mir\u00eb i vler\u00ebsimeve\" \/>\n<meta property=\"og:url\" content=\"https:\/\/www.visit-ulcinj.com\/blog\/2009\/12\/21\/ne-kuvend-te-malit-te-zi-ora-e-kryemnistrit-millo-gjukanoviq\/\" \/>\n<meta property=\"og:site_name\" content=\"Lajme nga Ulqini\" \/>\n<meta property=\"article:published_time\" content=\"2009-12-21T18:04:19+00:00\" \/>\n<meta property=\"og:image\" content=\"https:\/\/www.visit-ulcinj.com\/blog\/wp-content\/uploads\/2009\/12\/Predsjednik-Vlade-Crne-Gore-Milu-\u00c4\u0090ukanovi\u00c4\u2021.1.jpg\" \/>\n<meta name=\"twitter:label1\" content=\"Written by\" \/>\n\t<meta name=\"twitter:data1\" content=\"ulqini\" \/>\n\t<meta name=\"twitter:label2\" content=\"Est. reading time\" \/>\n\t<meta name=\"twitter:data2\" content=\"2 minutes\" \/>\n<script type=\"application\/ld+json\" class=\"yoast-schema-graph\">{\"@context\":\"https:\/\/schema.org\",\"@graph\":[{\"@type\":\"WebSite\",\"@id\":\"https:\/\/www.visit-ulcinj.com\/blog\/#website\",\"url\":\"https:\/\/www.visit-ulcinj.com\/blog\/\",\"name\":\"Lajme nga Ulqini\",\"description\":\"Lajme,Vijesti,Ulqini,Ulqin,Crna Gora,Mali i Zi\",\"potentialAction\":[{\"@type\":\"SearchAction\",\"target\":{\"@type\":\"EntryPoint\",\"urlTemplate\":\"https:\/\/www.visit-ulcinj.com\/blog\/?s={search_term_string}\"},\"query-input\":\"required name=search_term_string\"}],\"inLanguage\":\"en-US\"},{\"@type\":\"ImageObject\",\"inLanguage\":\"en-US\",\"@id\":\"https:\/\/www.visit-ulcinj.com\/blog\/2009\/12\/21\/ne-kuvend-te-malit-te-zi-ora-e-kryemnistrit-millo-gjukanoviq\/#primaryimage\",\"url\":\"http:\/\/www.visit-ulcinj.com\/blog\/wp-content\/uploads\/2009\/12\/Predsjednik-Vlade-Crne-Gore-Milu-?ukanovi?.2.jpg\",\"contentUrl\":\"http:\/\/www.visit-ulcinj.com\/blog\/wp-content\/uploads\/2009\/12\/Predsjednik-Vlade-Crne-Gore-Milu-?ukanovi?.2.jpg\"},{\"@type\":\"WebPage\",\"@id\":\"https:\/\/www.visit-ulcinj.com\/blog\/2009\/12\/21\/ne-kuvend-te-malit-te-zi-ora-e-kryemnistrit-millo-gjukanoviq\/#webpage\",\"url\":\"https:\/\/www.visit-ulcinj.com\/blog\/2009\/12\/21\/ne-kuvend-te-malit-te-zi-ora-e-kryemnistrit-millo-gjukanoviq\/\",\"name\":\"N\u00eb Kuvend t\u00eb Malit t\u00eb Zi ora e kryemnistrit Millo Gjukanoviq - Lajme nga Ulqini\",\"isPartOf\":{\"@id\":\"https:\/\/www.visit-ulcinj.com\/blog\/#website\"},\"primaryImageOfPage\":{\"@id\":\"https:\/\/www.visit-ulcinj.com\/blog\/2009\/12\/21\/ne-kuvend-te-malit-te-zi-ora-e-kryemnistrit-millo-gjukanoviq\/#primaryimage\"},\"datePublished\":\"2009-12-21T18:04:19+00:00\",\"dateModified\":\"2009-12-21T18:04:19+00:00\",\"author\":{\"@id\":\"https:\/\/www.visit-ulcinj.com\/blog\/#\/schema\/person\/dcab619c614d3038751c63bc2aadc06d\"},\"description\":\"P\u00ebrparimi i madh n\u00eb integrimet evropiane dhe euroatlantike \u00ebsht\u00eb v\u00ebrtetim se Mali i Zi \u00ebsht\u00eb n\u00eb rrug\u00eb t\u00eb v\u00ebrtet, por edhe demant m\u00eb i mir\u00eb i vler\u00ebsimeve\",\"breadcrumb\":{\"@id\":\"https:\/\/www.visit-ulcinj.com\/blog\/2009\/12\/21\/ne-kuvend-te-malit-te-zi-ora-e-kryemnistrit-millo-gjukanoviq\/#breadcrumb\"},\"inLanguage\":\"en-US\",\"potentialAction\":[{\"@type\":\"ReadAction\",\"target\":[\"https:\/\/www.visit-ulcinj.com\/blog\/2009\/12\/21\/ne-kuvend-te-malit-te-zi-ora-e-kryemnistrit-millo-gjukanoviq\/\"]}]},{\"@type\":\"BreadcrumbList\",\"@id\":\"https:\/\/www.visit-ulcinj.com\/blog\/2009\/12\/21\/ne-kuvend-te-malit-te-zi-ora-e-kryemnistrit-millo-gjukanoviq\/#breadcrumb\",\"itemListElement\":[{\"@type\":\"ListItem\",\"position\":1,\"name\":\"N\u00eb Kuvend t\u00eb Malit t\u00eb Zi ora e kryemnistrit Millo Gjukanoviq\"}]},{\"@type\":\"Person\",\"@id\":\"https:\/\/www.visit-ulcinj.com\/blog\/#\/schema\/person\/dcab619c614d3038751c63bc2aadc06d\",\"name\":\"ulqini\",\"sameAs\":[\"http:\/\/www.visit-ulcinj.com\"],\"url\":\"https:\/\/www.visit-ulcinj.com\/blog\/author\/admin\/\"}]}<\/script>\n<!-- \/ Yoast SEO plugin. -->","yoast_head_json":{"title":"N\u00eb Kuvend t\u00eb Malit t\u00eb Zi ora e kryemnistrit Millo Gjukanoviq - Lajme nga Ulqini","description":"P\u00ebrparimi i madh n\u00eb integrimet evropiane dhe euroatlantike \u00ebsht\u00eb v\u00ebrtetim se Mali i Zi \u00ebsht\u00eb n\u00eb rrug\u00eb t\u00eb v\u00ebrtet, por edhe demant m\u00eb i mir\u00eb i vler\u00ebsimeve","robots":{"index":"index","follow":"follow","max-snippet":"max-snippet:-1","max-image-preview":"max-image-preview:large","max-video-preview":"max-video-preview:-1"},"canonical":"https:\/\/www.visit-ulcinj.com\/blog\/2009\/12\/21\/ne-kuvend-te-malit-te-zi-ora-e-kryemnistrit-millo-gjukanoviq\/","og_locale":"en_US","og_type":"article","og_title":"N\u00eb Kuvend t\u00eb Malit t\u00eb Zi ora e kryemnistrit Millo Gjukanoviq - Lajme nga Ulqini","og_description":"P\u00ebrparimi i madh n\u00eb integrimet evropiane dhe euroatlantike \u00ebsht\u00eb v\u00ebrtetim se Mali i Zi \u00ebsht\u00eb n\u00eb rrug\u00eb t\u00eb v\u00ebrtet, por edhe demant m\u00eb i mir\u00eb i vler\u00ebsimeve","og_url":"https:\/\/www.visit-ulcinj.com\/blog\/2009\/12\/21\/ne-kuvend-te-malit-te-zi-ora-e-kryemnistrit-millo-gjukanoviq\/","og_site_name":"Lajme nga Ulqini","article_published_time":"2009-12-21T18:04:19+00:00","og_image":[{"url":"https:\/\/www.visit-ulcinj.com\/blog\/wp-content\/uploads\/2009\/12\/Predsjednik-Vlade-Crne-Gore-Milu-\u00c4\u0090ukanovi\u00c4\u2021.1.jpg"}],"twitter_misc":{"Written by":"ulqini","Est. reading time":"2 minutes"},"schema":{"@context":"https:\/\/schema.org","@graph":[{"@type":"WebSite","@id":"https:\/\/www.visit-ulcinj.com\/blog\/#website","url":"https:\/\/www.visit-ulcinj.com\/blog\/","name":"Lajme nga Ulqini","description":"Lajme,Vijesti,Ulqini,Ulqin,Crna Gora,Mali i Zi","potentialAction":[{"@type":"SearchAction","target":{"@type":"EntryPoint","urlTemplate":"https:\/\/www.visit-ulcinj.com\/blog\/?s={search_term_string}"},"query-input":"required name=search_term_string"}],"inLanguage":"en-US"},{"@type":"ImageObject","inLanguage":"en-US","@id":"https:\/\/www.visit-ulcinj.com\/blog\/2009\/12\/21\/ne-kuvend-te-malit-te-zi-ora-e-kryemnistrit-millo-gjukanoviq\/#primaryimage","url":"http:\/\/www.visit-ulcinj.com\/blog\/wp-content\/uploads\/2009\/12\/Predsjednik-Vlade-Crne-Gore-Milu-?ukanovi?.2.jpg","contentUrl":"http:\/\/www.visit-ulcinj.com\/blog\/wp-content\/uploads\/2009\/12\/Predsjednik-Vlade-Crne-Gore-Milu-?ukanovi?.2.jpg"},{"@type":"WebPage","@id":"https:\/\/www.visit-ulcinj.com\/blog\/2009\/12\/21\/ne-kuvend-te-malit-te-zi-ora-e-kryemnistrit-millo-gjukanoviq\/#webpage","url":"https:\/\/www.visit-ulcinj.com\/blog\/2009\/12\/21\/ne-kuvend-te-malit-te-zi-ora-e-kryemnistrit-millo-gjukanoviq\/","name":"N\u00eb Kuvend t\u00eb Malit t\u00eb Zi ora e kryemnistrit Millo Gjukanoviq - Lajme nga Ulqini","isPartOf":{"@id":"https:\/\/www.visit-ulcinj.com\/blog\/#website"},"primaryImageOfPage":{"@id":"https:\/\/www.visit-ulcinj.com\/blog\/2009\/12\/21\/ne-kuvend-te-malit-te-zi-ora-e-kryemnistrit-millo-gjukanoviq\/#primaryimage"},"datePublished":"2009-12-21T18:04:19+00:00","dateModified":"2009-12-21T18:04:19+00:00","author":{"@id":"https:\/\/www.visit-ulcinj.com\/blog\/#\/schema\/person\/dcab619c614d3038751c63bc2aadc06d"},"description":"P\u00ebrparimi i madh n\u00eb integrimet evropiane dhe euroatlantike \u00ebsht\u00eb v\u00ebrtetim se Mali i Zi \u00ebsht\u00eb n\u00eb rrug\u00eb t\u00eb v\u00ebrtet, por edhe demant m\u00eb i mir\u00eb i vler\u00ebsimeve","breadcrumb":{"@id":"https:\/\/www.visit-ulcinj.com\/blog\/2009\/12\/21\/ne-kuvend-te-malit-te-zi-ora-e-kryemnistrit-millo-gjukanoviq\/#breadcrumb"},"inLanguage":"en-US","potentialAction":[{"@type":"ReadAction","target":["https:\/\/www.visit-ulcinj.com\/blog\/2009\/12\/21\/ne-kuvend-te-malit-te-zi-ora-e-kryemnistrit-millo-gjukanoviq\/"]}]},{"@type":"BreadcrumbList","@id":"https:\/\/www.visit-ulcinj.com\/blog\/2009\/12\/21\/ne-kuvend-te-malit-te-zi-ora-e-kryemnistrit-millo-gjukanoviq\/#breadcrumb","itemListElement":[{"@type":"ListItem","position":1,"name":"N\u00eb Kuvend t\u00eb Malit t\u00eb Zi ora e kryemnistrit Millo Gjukanoviq"}]},{"@type":"Person","@id":"https:\/\/www.visit-ulcinj.com\/blog\/#\/schema\/person\/dcab619c614d3038751c63bc2aadc06d","name":"ulqini","sameAs":["http:\/\/www.visit-ulcinj.com"],"url":"https:\/\/www.visit-ulcinj.com\/blog\/author\/admin\/"}]}},"jetpack_featured_media_url":"","jetpack_sharing_enabled":true,"jetpack_shortlink":"https:\/\/wp.me\/pe6lTn-7pV","_links":{"self":[{"href":"https:\/\/www.visit-ulcinj.com\/blog\/wp-json\/wp\/v2\/posts\/28515"}],"collection":[{"href":"https:\/\/www.visit-ulcinj.com\/blog\/wp-json\/wp\/v2\/posts"}],"about":[{"href":"https:\/\/www.visit-ulcinj.com\/blog\/wp-json\/wp\/v2\/types\/post"}],"author":[{"embeddable":true,"href":"https:\/\/www.visit-ulcinj.com\/blog\/wp-json\/wp\/v2\/users\/1"}],"replies":[{"embeddable":true,"href":"https:\/\/www.visit-ulcinj.com\/blog\/wp-json\/wp\/v2\/comments?post=28515"}],"version-history":[{"count":0,"href":"https:\/\/www.visit-ulcinj.com\/blog\/wp-json\/wp\/v2\/posts\/28515\/revisions"}],"wp:attachment":[{"href":"https:\/\/www.visit-ulcinj.com\/blog\/wp-json\/wp\/v2\/media?parent=28515"}],"wp:term":[{"taxonomy":"category","embeddable":true,"href":"https:\/\/www.visit-ulcinj.com\/blog\/wp-json\/wp\/v2\/categories?post=28515"},{"taxonomy":"post_tag","embeddable":true,"href":"https:\/\/www.visit-ulcinj.com\/blog\/wp-json\/wp\/v2\/tags?post=28515"}],"curies":[{"name":"wp","href":"https:\/\/api.w.org\/{rel}","templated":true}]}}