{"id":28528,"date":"2009-12-21T20:38:05","date_gmt":"2009-12-21T18:38:05","guid":{"rendered":"http:\/\/www.visit-ulcinj.com\/blog\/?p=28528"},"modified":"2009-12-21T21:55:39","modified_gmt":"2009-12-21T19:55:39","slug":"nuk-ka-shkelje-te-drejtave-te-njeriut","status":"publish","type":"post","link":"https:\/\/www.visit-ulcinj.com\/blog\/2009\/12\/21\/nuk-ka-shkelje-te-drejtave-te-njeriut\/","title":{"rendered":"Nuk ka shkelje te drejtave te njeriut"},"content":{"rendered":"<p><a href=\"http:\/\/www.visit-ulcinj.com\/blog\/wp-content\/uploads\/2009\/12\/Boris-Raonic.jpg\"><img loading=\"lazy\" class=\"alignleft size-full wp-image-28529\" title=\"Boris Raonic\" src=\"http:\/\/www.visit-ulcinj.com\/blog\/wp-content\/uploads\/2009\/12\/Boris-Raonic.jpg\" alt=\"Boris Raonic\" width=\"580\" height=\"400\" \/><\/a>N\u00eb Mal t\u00eb Zi nuk ka shkelje sistematike t\u00eb drejtave t\u00eb njeriut por ende ekzistojn\u00eb disa fusha n\u00eb t\u00eb cilat gjendja \u00ebsht\u00eb shqet\u00ebsuese, vler\u00ebsohet n\u00eb raportin p\u00ebr k\u00ebt\u00eb viti t\u00eb iniciativ\u00ebs s\u00eb t\u00eb rinjve p\u00ebr t\u00eb drejtat e njeriut.<br \/>\nHulumtimet n\u00eb baz\u00eb t\u00eb cilit \u00ebsht\u00eb hartuar edhe raporti i ka b\u00ebr\u00eb ekipi 6 an\u00ebtar\u00ebsh prej 1 janarit deri m\u00eb 15 t\u00eb k\u00ebtij muaji me mb\u00ebshtetje t\u00eb Organizat\u00ebs nd\u00ebrkomb\u00ebtare Civil Rajts Defenders.<br \/>\nDrejtori i programit t\u00eb k\u00ebsaj organizate Boris Raoniq tha se n\u00eb fokus t\u00eb raportit p\u00ebr k\u00ebt\u00eb vit ishin diskriminimi, tortura ,dhuna e motivuar politikisht dhe ndihm\u00eb juridike falas.<br \/>\nAi n\u00eb konferenc\u00ebn p\u00ebr gazetar tha se gjendja e t\u00eb drejtave t\u00eb njeriut e cila para pak vitesh ishte n\u00eb nivele shqet\u00ebsuese, sot \u00ebsht\u00eb p\u00ebrmir\u00ebsuar duksh\u00ebm. Megjithat\u00eb ka l\u00ebmi q\u00eb ende jan\u00eb n\u00eb nivele shqet\u00ebsuese, si\u00e7 \u00ebsht\u00eb diskriminimi, statusi i refugjat\u00ebve, liria e t\u00eb shprehurit, shtoi Raoniq.<\/p>\n<p><strong>TVCG<\/strong><\/p>\n<p><strong>Video RTV IN<br \/>\n<\/strong>[flv width=&#8221;580&#8243; height=&#8221;400&#8243;]http:\/\/www.rtvin.me\/flv\/18_12_post_odbor.flv[\/flv]<\/p>\n","protected":false},"excerpt":{"rendered":"<p>N\u00eb Mal t\u00eb Zi nuk ka shkelje sistematike t\u00eb drejtave t\u00eb njeriut por ende ekzistojn\u00eb disa fusha n\u00eb t\u00eb cilat gjendja \u00ebsht\u00eb shqet\u00ebsuese, vler\u00ebsohet n\u00eb raportin p\u00ebr k\u00ebt\u00eb viti t\u00eb iniciativ\u00ebs s\u00eb t\u00eb rinjve p\u00ebr t\u00eb drejtat e njeriut. Hulumtimet n\u00eb baz\u00eb t\u00eb cilit \u00ebsht\u00eb hartuar edhe raporti i ka b\u00ebr\u00eb ekipi 6 an\u00ebtar\u00ebsh prej [&hellip;]<\/p>\n","protected":false},"author":1,"featured_media":0,"comment_status":"open","ping_status":"closed","sticky":false,"template":"","format":"standard","meta":{"spay_email":"","jetpack_publicize_message":"","jetpack_is_tweetstorm":false,"jetpack_publicize_feature_enabled":true},"categories":[12],"tags":[13073,13072,13074],"jetpack_publicize_connections":[],"yoast_head":"<!-- This site is optimized with the Yoast SEO plugin v19.1 - https:\/\/yoast.com\/wordpress\/plugins\/seo\/ -->\n<title>Nuk ka shkelje te drejtave te njeriut - Lajme nga Ulqini<\/title>\n<meta name=\"description\" content=\"N\u00eb Mal t\u00eb Zi nuk ka shkelje sistematike t\u00eb drejtave t\u00eb njeriut por ende ekzistojn\u00eb disa fusha n\u00eb t\u00eb cilat gjendja \u00ebsht\u00eb shqet\u00ebsuese, vler\u00ebsohet n\u00eb\" \/>\n<meta name=\"robots\" content=\"index, follow, max-snippet:-1, max-image-preview:large, max-video-preview:-1\" \/>\n<link rel=\"canonical\" href=\"https:\/\/www.visit-ulcinj.com\/blog\/2009\/12\/21\/nuk-ka-shkelje-te-drejtave-te-njeriut\/\" \/>\n<meta property=\"og:locale\" content=\"en_US\" \/>\n<meta property=\"og:type\" content=\"article\" \/>\n<meta property=\"og:title\" content=\"Nuk ka shkelje te drejtave te njeriut - Lajme nga Ulqini\" \/>\n<meta property=\"og:description\" content=\"N\u00eb Mal t\u00eb Zi nuk ka shkelje sistematike t\u00eb drejtave t\u00eb njeriut por ende ekzistojn\u00eb disa fusha n\u00eb t\u00eb cilat gjendja \u00ebsht\u00eb shqet\u00ebsuese, vler\u00ebsohet n\u00eb\" \/>\n<meta property=\"og:url\" content=\"https:\/\/www.visit-ulcinj.com\/blog\/2009\/12\/21\/nuk-ka-shkelje-te-drejtave-te-njeriut\/\" \/>\n<meta property=\"og:site_name\" content=\"Lajme nga Ulqini\" \/>\n<meta property=\"article:published_time\" content=\"2009-12-21T18:38:05+00:00\" \/>\n<meta property=\"article:modified_time\" content=\"2009-12-21T19:55:39+00:00\" \/>\n<meta property=\"og:image\" content=\"http:\/\/www.visit-ulcinj.com\/blog\/wp-content\/uploads\/2009\/12\/Boris-Raonic.jpg\" \/>\n<meta name=\"twitter:label1\" content=\"Written by\" \/>\n\t<meta name=\"twitter:data1\" content=\"ulqini\" \/>\n\t<meta name=\"twitter:label2\" content=\"Est. reading time\" \/>\n\t<meta name=\"twitter:data2\" content=\"1 minute\" \/>\n<script type=\"application\/ld+json\" class=\"yoast-schema-graph\">{\"@context\":\"https:\/\/schema.org\",\"@graph\":[{\"@type\":\"WebSite\",\"@id\":\"https:\/\/www.visit-ulcinj.com\/blog\/#website\",\"url\":\"https:\/\/www.visit-ulcinj.com\/blog\/\",\"name\":\"Lajme nga Ulqini\",\"description\":\"Lajme,Vijesti,Ulqini,Ulqin,Crna Gora,Mali i Zi\",\"potentialAction\":[{\"@type\":\"SearchAction\",\"target\":{\"@type\":\"EntryPoint\",\"urlTemplate\":\"https:\/\/www.visit-ulcinj.com\/blog\/?s={search_term_string}\"},\"query-input\":\"required name=search_term_string\"}],\"inLanguage\":\"en-US\"},{\"@type\":\"ImageObject\",\"inLanguage\":\"en-US\",\"@id\":\"https:\/\/www.visit-ulcinj.com\/blog\/2009\/12\/21\/nuk-ka-shkelje-te-drejtave-te-njeriut\/#primaryimage\",\"url\":\"https:\/\/www.visit-ulcinj.com\/blog\/wp-content\/uploads\/2009\/12\/Boris-Raonic.jpg\",\"contentUrl\":\"https:\/\/www.visit-ulcinj.com\/blog\/wp-content\/uploads\/2009\/12\/Boris-Raonic.jpg\",\"width\":\"604\",\"height\":\"453\"},{\"@type\":\"WebPage\",\"@id\":\"https:\/\/www.visit-ulcinj.com\/blog\/2009\/12\/21\/nuk-ka-shkelje-te-drejtave-te-njeriut\/#webpage\",\"url\":\"https:\/\/www.visit-ulcinj.com\/blog\/2009\/12\/21\/nuk-ka-shkelje-te-drejtave-te-njeriut\/\",\"name\":\"Nuk ka shkelje te drejtave te njeriut - Lajme nga Ulqini\",\"isPartOf\":{\"@id\":\"https:\/\/www.visit-ulcinj.com\/blog\/#website\"},\"primaryImageOfPage\":{\"@id\":\"https:\/\/www.visit-ulcinj.com\/blog\/2009\/12\/21\/nuk-ka-shkelje-te-drejtave-te-njeriut\/#primaryimage\"},\"datePublished\":\"2009-12-21T18:38:05+00:00\",\"dateModified\":\"2009-12-21T19:55:39+00:00\",\"author\":{\"@id\":\"https:\/\/www.visit-ulcinj.com\/blog\/#\/schema\/person\/dcab619c614d3038751c63bc2aadc06d\"},\"description\":\"N\u00eb Mal t\u00eb Zi nuk ka shkelje sistematike t\u00eb drejtave t\u00eb njeriut por ende ekzistojn\u00eb disa fusha n\u00eb t\u00eb cilat gjendja \u00ebsht\u00eb shqet\u00ebsuese, vler\u00ebsohet n\u00eb\",\"breadcrumb\":{\"@id\":\"https:\/\/www.visit-ulcinj.com\/blog\/2009\/12\/21\/nuk-ka-shkelje-te-drejtave-te-njeriut\/#breadcrumb\"},\"inLanguage\":\"en-US\",\"potentialAction\":[{\"@type\":\"ReadAction\",\"target\":[\"https:\/\/www.visit-ulcinj.com\/blog\/2009\/12\/21\/nuk-ka-shkelje-te-drejtave-te-njeriut\/\"]}]},{\"@type\":\"BreadcrumbList\",\"@id\":\"https:\/\/www.visit-ulcinj.com\/blog\/2009\/12\/21\/nuk-ka-shkelje-te-drejtave-te-njeriut\/#breadcrumb\",\"itemListElement\":[{\"@type\":\"ListItem\",\"position\":1,\"name\":\"Nuk ka shkelje te drejtave te njeriut\"}]},{\"@type\":\"Person\",\"@id\":\"https:\/\/www.visit-ulcinj.com\/blog\/#\/schema\/person\/dcab619c614d3038751c63bc2aadc06d\",\"name\":\"ulqini\",\"sameAs\":[\"http:\/\/www.visit-ulcinj.com\"],\"url\":\"https:\/\/www.visit-ulcinj.com\/blog\/author\/admin\/\"}]}<\/script>\n<!-- \/ Yoast SEO plugin. -->","yoast_head_json":{"title":"Nuk ka shkelje te drejtave te njeriut - Lajme nga Ulqini","description":"N\u00eb Mal t\u00eb Zi nuk ka shkelje sistematike t\u00eb drejtave t\u00eb njeriut por ende ekzistojn\u00eb disa fusha n\u00eb t\u00eb cilat gjendja \u00ebsht\u00eb shqet\u00ebsuese, vler\u00ebsohet n\u00eb","robots":{"index":"index","follow":"follow","max-snippet":"max-snippet:-1","max-image-preview":"max-image-preview:large","max-video-preview":"max-video-preview:-1"},"canonical":"https:\/\/www.visit-ulcinj.com\/blog\/2009\/12\/21\/nuk-ka-shkelje-te-drejtave-te-njeriut\/","og_locale":"en_US","og_type":"article","og_title":"Nuk ka shkelje te drejtave te njeriut - Lajme nga Ulqini","og_description":"N\u00eb Mal t\u00eb Zi nuk ka shkelje sistematike t\u00eb drejtave t\u00eb njeriut por ende ekzistojn\u00eb disa fusha n\u00eb t\u00eb cilat gjendja \u00ebsht\u00eb shqet\u00ebsuese, vler\u00ebsohet n\u00eb","og_url":"https:\/\/www.visit-ulcinj.com\/blog\/2009\/12\/21\/nuk-ka-shkelje-te-drejtave-te-njeriut\/","og_site_name":"Lajme nga Ulqini","article_published_time":"2009-12-21T18:38:05+00:00","article_modified_time":"2009-12-21T19:55:39+00:00","og_image":[{"url":"http:\/\/www.visit-ulcinj.com\/blog\/wp-content\/uploads\/2009\/12\/Boris-Raonic.jpg"}],"twitter_misc":{"Written by":"ulqini","Est. reading time":"1 minute"},"schema":{"@context":"https:\/\/schema.org","@graph":[{"@type":"WebSite","@id":"https:\/\/www.visit-ulcinj.com\/blog\/#website","url":"https:\/\/www.visit-ulcinj.com\/blog\/","name":"Lajme nga Ulqini","description":"Lajme,Vijesti,Ulqini,Ulqin,Crna Gora,Mali i Zi","potentialAction":[{"@type":"SearchAction","target":{"@type":"EntryPoint","urlTemplate":"https:\/\/www.visit-ulcinj.com\/blog\/?s={search_term_string}"},"query-input":"required name=search_term_string"}],"inLanguage":"en-US"},{"@type":"ImageObject","inLanguage":"en-US","@id":"https:\/\/www.visit-ulcinj.com\/blog\/2009\/12\/21\/nuk-ka-shkelje-te-drejtave-te-njeriut\/#primaryimage","url":"https:\/\/www.visit-ulcinj.com\/blog\/wp-content\/uploads\/2009\/12\/Boris-Raonic.jpg","contentUrl":"https:\/\/www.visit-ulcinj.com\/blog\/wp-content\/uploads\/2009\/12\/Boris-Raonic.jpg","width":"604","height":"453"},{"@type":"WebPage","@id":"https:\/\/www.visit-ulcinj.com\/blog\/2009\/12\/21\/nuk-ka-shkelje-te-drejtave-te-njeriut\/#webpage","url":"https:\/\/www.visit-ulcinj.com\/blog\/2009\/12\/21\/nuk-ka-shkelje-te-drejtave-te-njeriut\/","name":"Nuk ka shkelje te drejtave te njeriut - Lajme nga Ulqini","isPartOf":{"@id":"https:\/\/www.visit-ulcinj.com\/blog\/#website"},"primaryImageOfPage":{"@id":"https:\/\/www.visit-ulcinj.com\/blog\/2009\/12\/21\/nuk-ka-shkelje-te-drejtave-te-njeriut\/#primaryimage"},"datePublished":"2009-12-21T18:38:05+00:00","dateModified":"2009-12-21T19:55:39+00:00","author":{"@id":"https:\/\/www.visit-ulcinj.com\/blog\/#\/schema\/person\/dcab619c614d3038751c63bc2aadc06d"},"description":"N\u00eb Mal t\u00eb Zi nuk ka shkelje sistematike t\u00eb drejtave t\u00eb njeriut por ende ekzistojn\u00eb disa fusha n\u00eb t\u00eb cilat gjendja \u00ebsht\u00eb shqet\u00ebsuese, vler\u00ebsohet n\u00eb","breadcrumb":{"@id":"https:\/\/www.visit-ulcinj.com\/blog\/2009\/12\/21\/nuk-ka-shkelje-te-drejtave-te-njeriut\/#breadcrumb"},"inLanguage":"en-US","potentialAction":[{"@type":"ReadAction","target":["https:\/\/www.visit-ulcinj.com\/blog\/2009\/12\/21\/nuk-ka-shkelje-te-drejtave-te-njeriut\/"]}]},{"@type":"BreadcrumbList","@id":"https:\/\/www.visit-ulcinj.com\/blog\/2009\/12\/21\/nuk-ka-shkelje-te-drejtave-te-njeriut\/#breadcrumb","itemListElement":[{"@type":"ListItem","position":1,"name":"Nuk ka shkelje te drejtave te njeriut"}]},{"@type":"Person","@id":"https:\/\/www.visit-ulcinj.com\/blog\/#\/schema\/person\/dcab619c614d3038751c63bc2aadc06d","name":"ulqini","sameAs":["http:\/\/www.visit-ulcinj.com"],"url":"https:\/\/www.visit-ulcinj.com\/blog\/author\/admin\/"}]}},"jetpack_featured_media_url":"","jetpack_sharing_enabled":true,"jetpack_shortlink":"https:\/\/wp.me\/pe6lTn-7q8","_links":{"self":[{"href":"https:\/\/www.visit-ulcinj.com\/blog\/wp-json\/wp\/v2\/posts\/28528"}],"collection":[{"href":"https:\/\/www.visit-ulcinj.com\/blog\/wp-json\/wp\/v2\/posts"}],"about":[{"href":"https:\/\/www.visit-ulcinj.com\/blog\/wp-json\/wp\/v2\/types\/post"}],"author":[{"embeddable":true,"href":"https:\/\/www.visit-ulcinj.com\/blog\/wp-json\/wp\/v2\/users\/1"}],"replies":[{"embeddable":true,"href":"https:\/\/www.visit-ulcinj.com\/blog\/wp-json\/wp\/v2\/comments?post=28528"}],"version-history":[{"count":0,"href":"https:\/\/www.visit-ulcinj.com\/blog\/wp-json\/wp\/v2\/posts\/28528\/revisions"}],"wp:attachment":[{"href":"https:\/\/www.visit-ulcinj.com\/blog\/wp-json\/wp\/v2\/media?parent=28528"}],"wp:term":[{"taxonomy":"category","embeddable":true,"href":"https:\/\/www.visit-ulcinj.com\/blog\/wp-json\/wp\/v2\/categories?post=28528"},{"taxonomy":"post_tag","embeddable":true,"href":"https:\/\/www.visit-ulcinj.com\/blog\/wp-json\/wp\/v2\/tags?post=28528"}],"curies":[{"name":"wp","href":"https:\/\/api.w.org\/{rel}","templated":true}]}}