{"id":28534,"date":"2009-12-21T21:32:47","date_gmt":"2009-12-21T19:32:47","guid":{"rendered":"http:\/\/www.visit-ulcinj.com\/blog\/?p=28534"},"modified":"2009-12-23T12:11:38","modified_gmt":"2009-12-23T10:11:38","slug":"perovic-odgovorio-skrelji-krivi-ste-sto-je-grad-poharan","status":"publish","type":"post","link":"https:\/\/www.visit-ulcinj.com\/blog\/2009\/12\/21\/perovic-odgovorio-skrelji-krivi-ste-sto-je-grad-poharan\/","title":{"rendered":"Perovi? odgovorio \u0160krelji: Krivi ste \u0161to je grad poharan"},"content":{"rendered":"<p><a href=\"http:\/\/www.visit-ulcinj.com\/blog\/wp-content\/uploads\/2009\/12\/Dzemal-Perovic_Ljui?-\u0160krelja.1.jpg\"><\/a><a href=\"http:\/\/www.visit-ulcinj.com\/blog\/wp-content\/uploads\/2009\/12\/Dzemal-Perovic_Ljui?-\u0160krelja.1.jpg\"><img loading=\"lazy\" class=\"alignleft size-full wp-image-28537\" title=\"Dzemal Perovic_Ljui? \u0160krelja.1\" src=\"http:\/\/www.visit-ulcinj.com\/blog\/wp-content\/uploads\/2009\/12\/Dzemal-Perovic_Ljui?-\u0160krelja.1.jpg\" alt=\"Dzemal Perovic_Ljui? \u0160krelja.1\" width=\"580\" height=\"400\" \/><\/a>Ulcinj \u2013 Organizator protesta za povra?aj maslinjaka u Valdanosu D\u017eemal Perovi? rekao je da je \u0161ef ulcinjskog DPS-a Ljui? \u0160krelja odgovoran \u0161to je Ulcinj \u201cpoharan i zaustavljen u vremenu i prostoru\u201d.<br \/>\nPerovi? je reagovao na tekst \u201cU politici ste bili, pa ni\u0161ta\u201d objavljen u \u201cVijestima\u201d pro\u0161log petka.<br \/>\nU tom tekstu \u0160krelja je podsjetio Perovi?a da je, kao potpredsjednik Skup\u0161tine Crne Gore, odbornik i dio vlasti, mogao da ispravi nepravde \u201co kojima sada sa toliko emocija govori i optu\u017euje druge ili makar pokrene bilo kakvu inicijatuvu u tom pravcu\u201d.<br \/>\n\u201cZa\u0161to \u0160krelja od aktuelnih tema bje\u017eite u pro\u0161lost kada je tamo jo\u0161 ru\u017enije i bolnije po vas\u201d, uzvratio je Perovi?.<br \/>\nOn je kazao da liberali i gra?ani Ulcinja pamte i znaju \u201cda ste bili vjerni ?lan stranke koja je juri\u0161ala na Dubrovnik\u201d.<br \/>\n\u201cSada ste visoki funkcioner te iste partije, ?iji su ?elnici pod istragama me?unarodnih i doma?ih istra\u017eitelja i koja je Ulcinj poharala i zaustavila u vremenu i prostoru. Vi ste izvr\u0161ilac te politike u na\u0161em gradu i ho?ete jo\u0161. Dokle\u201d, naveo je Perovi?. Dodao je da \u0160kreljinoj \u201cdemagogiji i praznoj retorici nikad kraja\u201d.<br \/>\n\u201cZa razliku od vas, ja imam miran san. Volim ovaj grad i poku\u0161avam da ga odbranim zajedno sa savjesnim i odva\u017enim gra?anima. Uostalom, Ulcinj je mali grad i ima jednu ulicu, kao i \u0160toj. Mediji prenose, ali se i bez njih sve zna, tragovi ostaju i bog sve vidi\u201d, poru?io je Perovi?.<br \/>\nOn je optu\u017eio \u0160krelju da zajedno sa koalicijom na ?ijem je ?elu, \u017eeli da \u201cUlcinj gazdi isporu?i na tacni\u201d.<br \/>\n\u201cNiko iz koalicije koju predvodite ne?e da se suo?i i raspravi ni sa kim ko ih ne tap\u0161e \u2018po juna?kim ramenima\u2018, ni u SO Ulcinj, ali ni u medijima. Da razgovaramo o svim tim stra\u0161nim tenderima koji ?e nam nad glavom visiti naredne godine. Razumijem ih jer brane neodbranjivo\u201d, ocijenio je Perovi?. Dodao je da je iz cjelokupnog reagovanja \u0160krelje, \u201csamo jasno da ne?e da iza?e na javni duel i govori o pitanju imovine u Valdanosu, za koju i on ka\u017ee da je nepravedno oduzeta\u201d.<br \/>\n\u201cAko je na\u0161e nesmotreno predvi?anje da ne?ete smjeti da iza?ete na duel jedini razlog da ne iza?ete, preformulisa?emo poziv. Vi ste hrabar ?ovjek i imate sve argumente, logistiku i slu\u017ebe. Samo iza?ite da vas gra?ani ?uju i dovedite, molim vas, potpredsjednika Vlade Vujicu Lazovi?a. Da i njega ?ujemo\u201d, poru?io je Perovi?.<\/p>\n<p><a href=\"http:\/\/www.vijesti.me\/index.php?id_pre=325560&amp;godina=2009\" target=\"_blank\"><strong>Vijesti<\/strong><\/a><\/p>\n\n\t\t<style type=\"text\/css\">\n\t\t\t#gallery-1 {\n\t\t\t\tmargin: auto;\n\t\t\t}\n\t\t\t#gallery-1 .gallery-item {\n\t\t\t\tfloat: left;\n\t\t\t\tmargin-top: 10px;\n\t\t\t\ttext-align: center;\n\t\t\t\twidth: 33%;\n\t\t\t}\n\t\t\t#gallery-1 img {\n\t\t\t\tborder: 2px solid #cfcfcf;\n\t\t\t}\n\t\t\t#gallery-1 .gallery-caption {\n\t\t\t\tmargin-left: 0;\n\t\t\t}\n\t\t\t\/* see gallery_shortcode() in wp-includes\/media.php *\/\n\t\t<\/style>\n\t\t<div id='gallery-1' class='gallery galleryid-28534 gallery-columns-3 gallery-size-thumbnail'><dl class='gallery-item'>\n\t\t\t<dt class='gallery-icon '>\n\t\t\t\t<a href='https:\/\/www.visit-ulcinj.com\/blog\/wp-content\/uploads\/2009\/12\/Dzemal-Perovic_Ljui\u00c4\u2018-\u00c5\u00a0krelja.1.jpg'><img width=\"1\" height=\"1\" src=\"https:\/\/www.visit-ulcinj.com\/blog\/wp-content\/uploads\/2009\/12\/Dzemal-Perovic_Ljui\u00c4\u2018-\u00c5\u00a0krelja.1.jpg\" class=\"attachment-thumbnail size-thumbnail\" alt=\"\" loading=\"lazy\" \/><\/a>\n\t\t\t<\/dt><\/dl><dl class='gallery-item'>\n\t\t\t<dt class='gallery-icon landscape'>\n\t\t\t\t<a href='https:\/\/www.visit-ulcinj.com\/blog\/wp-content\/uploads\/2009\/12\/Ne-damo-Valdanos-Nuk-e-dorezojme-Valdanosin.jpg'><img width=\"150\" height=\"150\" src=\"https:\/\/www.visit-ulcinj.com\/blog\/wp-content\/uploads\/2009\/12\/Ne-damo-Valdanos-Nuk-e-dorezojme-Valdanosin-150x150.jpg\" class=\"attachment-thumbnail size-thumbnail\" alt=\"\" loading=\"lazy\" \/><\/a>\n\t\t\t<\/dt><\/dl><dl class='gallery-item'>\n\t\t\t<dt class='gallery-icon landscape'>\n\t\t\t\t<a href='https:\/\/www.visit-ulcinj.com\/blog\/wp-content\/uploads\/2009\/12\/Ne-damo-Valdanos-Nuk-e-dorezojme-Valdanosin.1.jpg'><img width=\"150\" height=\"150\" src=\"https:\/\/www.visit-ulcinj.com\/blog\/wp-content\/uploads\/2009\/12\/Ne-damo-Valdanos-Nuk-e-dorezojme-Valdanosin.1-150x150.jpg\" class=\"attachment-thumbnail size-thumbnail\" alt=\"\" loading=\"lazy\" \/><\/a>\n\t\t\t<\/dt><\/dl><br style=\"clear: both\" \/><dl class='gallery-item'>\n\t\t\t<dt class='gallery-icon landscape'>\n\t\t\t\t<a href='https:\/\/www.visit-ulcinj.com\/blog\/wp-content\/uploads\/2009\/12\/Ne-damo-Valdanos-Nuk-e-dorezojme-Valdanosin.2.jpg'><img width=\"150\" height=\"150\" src=\"https:\/\/www.visit-ulcinj.com\/blog\/wp-content\/uploads\/2009\/12\/Ne-damo-Valdanos-Nuk-e-dorezojme-Valdanosin.2-150x150.jpg\" class=\"attachment-thumbnail size-thumbnail\" alt=\"\" loading=\"lazy\" \/><\/a>\n\t\t\t<\/dt><\/dl><dl class='gallery-item'>\n\t\t\t<dt class='gallery-icon landscape'>\n\t\t\t\t<a href='https:\/\/www.visit-ulcinj.com\/blog\/wp-content\/uploads\/2009\/12\/Ne-damo-Valdanos-Nuk-e-dorezojme-Valdanosin.3.jpg'><img width=\"150\" height=\"150\" src=\"https:\/\/www.visit-ulcinj.com\/blog\/wp-content\/uploads\/2009\/12\/Ne-damo-Valdanos-Nuk-e-dorezojme-Valdanosin.3-150x150.jpg\" class=\"attachment-thumbnail size-thumbnail\" alt=\"\" loading=\"lazy\" \/><\/a>\n\t\t\t<\/dt><\/dl><dl class='gallery-item'>\n\t\t\t<dt class='gallery-icon landscape'>\n\t\t\t\t<a href='https:\/\/www.visit-ulcinj.com\/blog\/wp-content\/uploads\/2009\/12\/Ne-damo-Valdanos-Nuk-e-dorezojme-Valdanosin.4.jpg'><img width=\"150\" height=\"150\" src=\"https:\/\/www.visit-ulcinj.com\/blog\/wp-content\/uploads\/2009\/12\/Ne-damo-Valdanos-Nuk-e-dorezojme-Valdanosin.4-150x150.jpg\" class=\"attachment-thumbnail size-thumbnail\" alt=\"\" loading=\"lazy\" \/><\/a>\n\t\t\t<\/dt><\/dl><br style=\"clear: both\" \/><dl class='gallery-item'>\n\t\t\t<dt class='gallery-icon landscape'>\n\t\t\t\t<a href='https:\/\/www.visit-ulcinj.com\/blog\/wp-content\/uploads\/2009\/12\/Ne-damo-Valdanos-Nuk-e-dorezojme-Valdanosin.5.jpg'><img width=\"150\" height=\"150\" src=\"https:\/\/www.visit-ulcinj.com\/blog\/wp-content\/uploads\/2009\/12\/Ne-damo-Valdanos-Nuk-e-dorezojme-Valdanosin.5-150x150.jpg\" class=\"attachment-thumbnail size-thumbnail\" alt=\"\" loading=\"lazy\" \/><\/a>\n\t\t\t<\/dt><\/dl><dl class='gallery-item'>\n\t\t\t<dt class='gallery-icon landscape'>\n\t\t\t\t<a href='https:\/\/www.visit-ulcinj.com\/blog\/wp-content\/uploads\/2009\/12\/Ne-damo-Valdanos-Nuk-e-dorezojme-Valdanosin.6.jpg'><img width=\"150\" height=\"150\" src=\"https:\/\/www.visit-ulcinj.com\/blog\/wp-content\/uploads\/2009\/12\/Ne-damo-Valdanos-Nuk-e-dorezojme-Valdanosin.6-150x150.jpg\" class=\"attachment-thumbnail size-thumbnail\" alt=\"\" loading=\"lazy\" \/><\/a>\n\t\t\t<\/dt><\/dl><dl class='gallery-item'>\n\t\t\t<dt class='gallery-icon landscape'>\n\t\t\t\t<a href='https:\/\/www.visit-ulcinj.com\/blog\/wp-content\/uploads\/2009\/12\/Ne-damo-Valdanos-Nuk-e-dorezojme-Valdanosin.7.jpg'><img width=\"150\" height=\"150\" src=\"https:\/\/www.visit-ulcinj.com\/blog\/wp-content\/uploads\/2009\/12\/Ne-damo-Valdanos-Nuk-e-dorezojme-Valdanosin.7-150x150.jpg\" class=\"attachment-thumbnail size-thumbnail\" alt=\"\" loading=\"lazy\" \/><\/a>\n\t\t\t<\/dt><\/dl><br style=\"clear: both\" \/><dl class='gallery-item'>\n\t\t\t<dt class='gallery-icon landscape'>\n\t\t\t\t<a href='https:\/\/www.visit-ulcinj.com\/blog\/wp-content\/uploads\/2009\/12\/Ne-damo-Valdanos-Nuk-e-dorezojme-Valdanosin.8.jpg'><img width=\"150\" height=\"150\" src=\"https:\/\/www.visit-ulcinj.com\/blog\/wp-content\/uploads\/2009\/12\/Ne-damo-Valdanos-Nuk-e-dorezojme-Valdanosin.8-150x150.jpg\" class=\"attachment-thumbnail size-thumbnail\" alt=\"\" loading=\"lazy\" \/><\/a>\n\t\t\t<\/dt><\/dl><dl class='gallery-item'>\n\t\t\t<dt class='gallery-icon landscape'>\n\t\t\t\t<a href='https:\/\/www.visit-ulcinj.com\/blog\/wp-content\/uploads\/2009\/12\/Ne-damo-Valdanos-Nuk-e-dorezojme-Valdanosin.9.jpg'><img width=\"150\" height=\"150\" src=\"https:\/\/www.visit-ulcinj.com\/blog\/wp-content\/uploads\/2009\/12\/Ne-damo-Valdanos-Nuk-e-dorezojme-Valdanosin.9-150x150.jpg\" class=\"attachment-thumbnail size-thumbnail\" alt=\"\" loading=\"lazy\" \/><\/a>\n\t\t\t<\/dt><\/dl><dl class='gallery-item'>\n\t\t\t<dt class='gallery-icon landscape'>\n\t\t\t\t<a href='https:\/\/www.visit-ulcinj.com\/blog\/wp-content\/uploads\/2009\/12\/Ne-damo-Valdanos-Nuk-e-dorezojme-Valdanosin.10.jpg'><img width=\"150\" height=\"150\" src=\"https:\/\/www.visit-ulcinj.com\/blog\/wp-content\/uploads\/2009\/12\/Ne-damo-Valdanos-Nuk-e-dorezojme-Valdanosin.10-150x150.jpg\" class=\"attachment-thumbnail size-thumbnail\" alt=\"\" loading=\"lazy\" \/><\/a>\n\t\t\t<\/dt><\/dl><br style=\"clear: both\" \/><dl class='gallery-item'>\n\t\t\t<dt class='gallery-icon landscape'>\n\t\t\t\t<a href='https:\/\/www.visit-ulcinj.com\/blog\/wp-content\/uploads\/2009\/12\/Ne-damo-Valdanos-Nuk-e-dorezojme-Valdanosin.11.jpg'><img width=\"150\" height=\"150\" src=\"https:\/\/www.visit-ulcinj.com\/blog\/wp-content\/uploads\/2009\/12\/Ne-damo-Valdanos-Nuk-e-dorezojme-Valdanosin.11-150x150.jpg\" class=\"attachment-thumbnail size-thumbnail\" alt=\"\" loading=\"lazy\" \/><\/a>\n\t\t\t<\/dt><\/dl><dl class='gallery-item'>\n\t\t\t<dt class='gallery-icon landscape'>\n\t\t\t\t<a href='https:\/\/www.visit-ulcinj.com\/blog\/wp-content\/uploads\/2009\/12\/Ne-damo-Valdanos-Nuk-e-dorezojme-Valdanosin.12.jpg'><img width=\"150\" height=\"150\" src=\"https:\/\/www.visit-ulcinj.com\/blog\/wp-content\/uploads\/2009\/12\/Ne-damo-Valdanos-Nuk-e-dorezojme-Valdanosin.12-150x150.jpg\" class=\"attachment-thumbnail size-thumbnail\" alt=\"\" loading=\"lazy\" \/><\/a>\n\t\t\t<\/dt><\/dl><dl class='gallery-item'>\n\t\t\t<dt class='gallery-icon landscape'>\n\t\t\t\t<a href='https:\/\/www.visit-ulcinj.com\/blog\/wp-content\/uploads\/2009\/12\/Ne-damo-Valdanos-Nuk-e-dorezojme-Valdanosin.13.jpg'><img width=\"150\" height=\"150\" src=\"https:\/\/www.visit-ulcinj.com\/blog\/wp-content\/uploads\/2009\/12\/Ne-damo-Valdanos-Nuk-e-dorezojme-Valdanosin.13-150x150.jpg\" class=\"attachment-thumbnail size-thumbnail\" alt=\"\" loading=\"lazy\" \/><\/a>\n\t\t\t<\/dt><\/dl><br style=\"clear: both\" \/><dl class='gallery-item'>\n\t\t\t<dt class='gallery-icon landscape'>\n\t\t\t\t<a href='https:\/\/www.visit-ulcinj.com\/blog\/wp-content\/uploads\/2009\/12\/Ne-damo-Valdanos-Nuk-e-dorezojme-Valdanosin.14.jpg'><img width=\"150\" height=\"150\" src=\"https:\/\/www.visit-ulcinj.com\/blog\/wp-content\/uploads\/2009\/12\/Ne-damo-Valdanos-Nuk-e-dorezojme-Valdanosin.14-150x150.jpg\" class=\"attachment-thumbnail size-thumbnail\" alt=\"\" loading=\"lazy\" \/><\/a>\n\t\t\t<\/dt><\/dl><dl class='gallery-item'>\n\t\t\t<dt class='gallery-icon landscape'>\n\t\t\t\t<a href='https:\/\/www.visit-ulcinj.com\/blog\/wp-content\/uploads\/2009\/12\/Ne-damo-Valdanos-Nuk-e-dorezojme-Valdanosin.15.jpg'><img width=\"150\" height=\"150\" src=\"https:\/\/www.visit-ulcinj.com\/blog\/wp-content\/uploads\/2009\/12\/Ne-damo-Valdanos-Nuk-e-dorezojme-Valdanosin.15-150x150.jpg\" class=\"attachment-thumbnail size-thumbnail\" alt=\"\" loading=\"lazy\" \/><\/a>\n\t\t\t<\/dt><\/dl><dl class='gallery-item'>\n\t\t\t<dt class='gallery-icon landscape'>\n\t\t\t\t<a href='https:\/\/www.visit-ulcinj.com\/blog\/wp-content\/uploads\/2009\/12\/Ne-damo-Valdanos-Nuk-e-dorezojme-Valdanosin.16.jpg'><img width=\"150\" height=\"150\" src=\"https:\/\/www.visit-ulcinj.com\/blog\/wp-content\/uploads\/2009\/12\/Ne-damo-Valdanos-Nuk-e-dorezojme-Valdanosin.16-150x150.jpg\" class=\"attachment-thumbnail size-thumbnail\" alt=\"\" loading=\"lazy\" \/><\/a>\n\t\t\t<\/dt><\/dl><br style=\"clear: both\" \/><dl class='gallery-item'>\n\t\t\t<dt class='gallery-icon landscape'>\n\t\t\t\t<a href='https:\/\/www.visit-ulcinj.com\/blog\/wp-content\/uploads\/2009\/12\/Ne-damo-Valdanos-Nuk-e-dorezojme-Valdanosin.17.jpg'><img width=\"150\" height=\"150\" src=\"https:\/\/www.visit-ulcinj.com\/blog\/wp-content\/uploads\/2009\/12\/Ne-damo-Valdanos-Nuk-e-dorezojme-Valdanosin.17-150x150.jpg\" class=\"attachment-thumbnail size-thumbnail\" alt=\"\" loading=\"lazy\" \/><\/a>\n\t\t\t<\/dt><\/dl><dl class='gallery-item'>\n\t\t\t<dt class='gallery-icon landscape'>\n\t\t\t\t<a href='https:\/\/www.visit-ulcinj.com\/blog\/wp-content\/uploads\/2009\/12\/Ne-damo-Valdanos-Nuk-e-dorezojme-Valdanosin.18.jpg'><img width=\"150\" height=\"150\" src=\"https:\/\/www.visit-ulcinj.com\/blog\/wp-content\/uploads\/2009\/12\/Ne-damo-Valdanos-Nuk-e-dorezojme-Valdanosin.18-150x150.jpg\" class=\"attachment-thumbnail size-thumbnail\" alt=\"\" loading=\"lazy\" \/><\/a>\n\t\t\t<\/dt><\/dl><dl class='gallery-item'>\n\t\t\t<dt class='gallery-icon landscape'>\n\t\t\t\t<a href='https:\/\/www.visit-ulcinj.com\/blog\/wp-content\/uploads\/2009\/12\/Ne-damo-Valdanos-Nuk-e-dorezojme-Valdanosin.19.jpg'><img width=\"150\" height=\"150\" src=\"https:\/\/www.visit-ulcinj.com\/blog\/wp-content\/uploads\/2009\/12\/Ne-damo-Valdanos-Nuk-e-dorezojme-Valdanosin.19-150x150.jpg\" class=\"attachment-thumbnail size-thumbnail\" alt=\"\" loading=\"lazy\" \/><\/a>\n\t\t\t<\/dt><\/dl><br style=\"clear: both\" \/><dl class='gallery-item'>\n\t\t\t<dt class='gallery-icon landscape'>\n\t\t\t\t<a href='https:\/\/www.visit-ulcinj.com\/blog\/wp-content\/uploads\/2009\/12\/Ne-damo-Valdanos-Nuk-e-dorezojme-Valdanosin.21.jpg'><img width=\"150\" height=\"150\" src=\"https:\/\/www.visit-ulcinj.com\/blog\/wp-content\/uploads\/2009\/12\/Ne-damo-Valdanos-Nuk-e-dorezojme-Valdanosin.21-150x150.jpg\" class=\"attachment-thumbnail size-thumbnail\" alt=\"\" loading=\"lazy\" \/><\/a>\n\t\t\t<\/dt><\/dl><dl class='gallery-item'>\n\t\t\t<dt class='gallery-icon landscape'>\n\t\t\t\t<a href='https:\/\/www.visit-ulcinj.com\/blog\/wp-content\/uploads\/2009\/12\/Ne-damo-Valdanos-Nuk-e-dorezojme-Valdanosin1.jpg'><img width=\"150\" height=\"150\" src=\"https:\/\/www.visit-ulcinj.com\/blog\/wp-content\/uploads\/2009\/12\/Ne-damo-Valdanos-Nuk-e-dorezojme-Valdanosin1-150x150.jpg\" class=\"attachment-thumbnail size-thumbnail\" alt=\"\" loading=\"lazy\" \/><\/a>\n\t\t\t<\/dt><\/dl><dl class='gallery-item'>\n\t\t\t<dt class='gallery-icon landscape'>\n\t\t\t\t<a href='https:\/\/www.visit-ulcinj.com\/blog\/wp-content\/uploads\/2009\/12\/Ne-damo-Valdanos-Nuk-e-dorezojme-Valdanosin2.jpg'><img width=\"150\" height=\"150\" src=\"https:\/\/www.visit-ulcinj.com\/blog\/wp-content\/uploads\/2009\/12\/Ne-damo-Valdanos-Nuk-e-dorezojme-Valdanosin2-150x150.jpg\" class=\"attachment-thumbnail size-thumbnail\" alt=\"\" loading=\"lazy\" \/><\/a>\n\t\t\t<\/dt><\/dl><br style=\"clear: both\" \/><dl class='gallery-item'>\n\t\t\t<dt class='gallery-icon landscape'>\n\t\t\t\t<a href='https:\/\/www.visit-ulcinj.com\/blog\/wp-content\/uploads\/2009\/12\/Ne-damo-Valdanos-Nuk-e-dorezojme-Valdanosin3.jpg'><img width=\"150\" height=\"150\" src=\"https:\/\/www.visit-ulcinj.com\/blog\/wp-content\/uploads\/2009\/12\/Ne-damo-Valdanos-Nuk-e-dorezojme-Valdanosin3-150x150.jpg\" class=\"attachment-thumbnail size-thumbnail\" alt=\"\" loading=\"lazy\" \/><\/a>\n\t\t\t<\/dt><\/dl><dl class='gallery-item'>\n\t\t\t<dt class='gallery-icon landscape'>\n\t\t\t\t<a href='https:\/\/www.visit-ulcinj.com\/blog\/wp-content\/uploads\/2009\/12\/Ne-damo-Valdanos-Nuk-e-dorezojme-Valdanosin4.jpg'><img width=\"150\" height=\"150\" src=\"https:\/\/www.visit-ulcinj.com\/blog\/wp-content\/uploads\/2009\/12\/Ne-damo-Valdanos-Nuk-e-dorezojme-Valdanosin4-150x150.jpg\" class=\"attachment-thumbnail size-thumbnail\" alt=\"\" loading=\"lazy\" \/><\/a>\n\t\t\t<\/dt><\/dl><dl class='gallery-item'>\n\t\t\t<dt class='gallery-icon landscape'>\n\t\t\t\t<a href='https:\/\/www.visit-ulcinj.com\/blog\/wp-content\/uploads\/2009\/12\/Ne-damo-Valdanos-Nuk-e-dorezojme-Valdanosin5.jpg'><img width=\"150\" height=\"150\" src=\"https:\/\/www.visit-ulcinj.com\/blog\/wp-content\/uploads\/2009\/12\/Ne-damo-Valdanos-Nuk-e-dorezojme-Valdanosin5-150x150.jpg\" class=\"attachment-thumbnail size-thumbnail\" alt=\"\" loading=\"lazy\" \/><\/a>\n\t\t\t<\/dt><\/dl><br style=\"clear: both\" \/>\n\t\t<\/div>\n\n<!--YouTube Error: bad URL entered-->\n","protected":false},"excerpt":{"rendered":"<p>Ulcinj \u2013 Organizator protesta za povra?aj maslinjaka u Valdanosu D\u017eemal Perovi? rekao je da je \u0161ef ulcinjskog DPS-a Ljui? \u0160krelja odgovoran \u0161to je Ulcinj \u201cpoharan i zaustavljen u vremenu i prostoru\u201d. Perovi? je reagovao na tekst \u201cU politici ste bili, pa ni\u0161ta\u201d objavljen u \u201cVijestima\u201d pro\u0161log petka. U tom tekstu \u0160krelja je podsjetio Perovi?a da [&hellip;]<\/p>\n","protected":false},"author":1,"featured_media":0,"comment_status":"open","ping_status":"closed","sticky":false,"template":"","format":"standard","meta":{"spay_email":"","jetpack_publicize_message":"","jetpack_is_tweetstorm":false,"jetpack_publicize_feature_enabled":true},"categories":[8337],"tags":[2367,11408,941,136],"jetpack_publicize_connections":[],"yoast_head":"<!-- This site is optimized with the Yoast SEO plugin v19.1 - https:\/\/yoast.com\/wordpress\/plugins\/seo\/ -->\n<title>Perovi? odgovorio \u0160krelji: Krivi ste \u0161to je grad poharan - Lajme nga Ulqini<\/title>\n<meta name=\"description\" content=\"Ulcinj \u2013 Organizator protesta za povra?aj maslinjaka u Valdanosu D\u017eemal Perovi? rekao je da je \u0161ef ulcinjskog DPS-a Ljui? \u0160krelja odgovoran \u0161to je Ulcinj\" \/>\n<meta name=\"robots\" content=\"index, follow, max-snippet:-1, max-image-preview:large, max-video-preview:-1\" \/>\n<link rel=\"canonical\" href=\"https:\/\/www.visit-ulcinj.com\/blog\/2009\/12\/21\/perovic-odgovorio-skrelji-krivi-ste-sto-je-grad-poharan\/\" \/>\n<meta property=\"og:locale\" content=\"en_US\" \/>\n<meta property=\"og:type\" content=\"article\" \/>\n<meta property=\"og:title\" content=\"Perovi? odgovorio \u0160krelji: Krivi ste \u0161to je grad poharan - Lajme nga Ulqini\" \/>\n<meta property=\"og:description\" content=\"Ulcinj \u2013 Organizator protesta za povra?aj maslinjaka u Valdanosu D\u017eemal Perovi? rekao je da je \u0161ef ulcinjskog DPS-a Ljui? \u0160krelja odgovoran \u0161to je Ulcinj\" \/>\n<meta property=\"og:url\" content=\"https:\/\/www.visit-ulcinj.com\/blog\/2009\/12\/21\/perovic-odgovorio-skrelji-krivi-ste-sto-je-grad-poharan\/\" \/>\n<meta property=\"og:site_name\" content=\"Lajme nga Ulqini\" \/>\n<meta property=\"article:published_time\" content=\"2009-12-21T19:32:47+00:00\" \/>\n<meta property=\"article:modified_time\" content=\"2009-12-23T10:11:38+00:00\" \/>\n<meta property=\"og:image\" content=\"https:\/\/www.visit-ulcinj.com\/blog\/wp-content\/uploads\/2009\/12\/Dzemal-Perovic_Ljui\u00c4\u2018-\u00c5\u00a0krelja.1.jpg\" \/>\n<meta name=\"twitter:label1\" content=\"Written by\" \/>\n\t<meta name=\"twitter:data1\" content=\"ulqini\" \/>\n\t<meta name=\"twitter:label2\" content=\"Est. reading time\" \/>\n\t<meta name=\"twitter:data2\" content=\"2 minutes\" \/>\n<script type=\"application\/ld+json\" class=\"yoast-schema-graph\">{\"@context\":\"https:\/\/schema.org\",\"@graph\":[{\"@type\":\"WebSite\",\"@id\":\"https:\/\/www.visit-ulcinj.com\/blog\/#website\",\"url\":\"https:\/\/www.visit-ulcinj.com\/blog\/\",\"name\":\"Lajme nga Ulqini\",\"description\":\"Lajme,Vijesti,Ulqini,Ulqin,Crna Gora,Mali i Zi\",\"potentialAction\":[{\"@type\":\"SearchAction\",\"target\":{\"@type\":\"EntryPoint\",\"urlTemplate\":\"https:\/\/www.visit-ulcinj.com\/blog\/?s={search_term_string}\"},\"query-input\":\"required name=search_term_string\"}],\"inLanguage\":\"en-US\"},{\"@type\":\"WebPage\",\"@id\":\"https:\/\/www.visit-ulcinj.com\/blog\/2009\/12\/21\/perovic-odgovorio-skrelji-krivi-ste-sto-je-grad-poharan\/#webpage\",\"url\":\"https:\/\/www.visit-ulcinj.com\/blog\/2009\/12\/21\/perovic-odgovorio-skrelji-krivi-ste-sto-je-grad-poharan\/\",\"name\":\"Perovi? odgovorio \u0160krelji: Krivi ste \u0161to je grad poharan - Lajme nga Ulqini\",\"isPartOf\":{\"@id\":\"https:\/\/www.visit-ulcinj.com\/blog\/#website\"},\"datePublished\":\"2009-12-21T19:32:47+00:00\",\"dateModified\":\"2009-12-23T10:11:38+00:00\",\"author\":{\"@id\":\"https:\/\/www.visit-ulcinj.com\/blog\/#\/schema\/person\/dcab619c614d3038751c63bc2aadc06d\"},\"description\":\"Ulcinj \u2013 Organizator protesta za povra?aj maslinjaka u Valdanosu D\u017eemal Perovi? rekao je da je \u0161ef ulcinjskog DPS-a Ljui? \u0160krelja odgovoran \u0161to je Ulcinj\",\"breadcrumb\":{\"@id\":\"https:\/\/www.visit-ulcinj.com\/blog\/2009\/12\/21\/perovic-odgovorio-skrelji-krivi-ste-sto-je-grad-poharan\/#breadcrumb\"},\"inLanguage\":\"en-US\",\"potentialAction\":[{\"@type\":\"ReadAction\",\"target\":[\"https:\/\/www.visit-ulcinj.com\/blog\/2009\/12\/21\/perovic-odgovorio-skrelji-krivi-ste-sto-je-grad-poharan\/\"]}]},{\"@type\":\"BreadcrumbList\",\"@id\":\"https:\/\/www.visit-ulcinj.com\/blog\/2009\/12\/21\/perovic-odgovorio-skrelji-krivi-ste-sto-je-grad-poharan\/#breadcrumb\",\"itemListElement\":[{\"@type\":\"ListItem\",\"position\":1,\"name\":\"Perovi? odgovorio \u0160krelji: Krivi ste \u0161to je grad poharan\"}]},{\"@type\":\"Person\",\"@id\":\"https:\/\/www.visit-ulcinj.com\/blog\/#\/schema\/person\/dcab619c614d3038751c63bc2aadc06d\",\"name\":\"ulqini\",\"sameAs\":[\"http:\/\/www.visit-ulcinj.com\"],\"url\":\"https:\/\/www.visit-ulcinj.com\/blog\/author\/admin\/\"}]}<\/script>\n<!-- \/ Yoast SEO plugin. -->","yoast_head_json":{"title":"Perovi? odgovorio \u0160krelji: Krivi ste \u0161to je grad poharan - Lajme nga Ulqini","description":"Ulcinj \u2013 Organizator protesta za povra?aj maslinjaka u Valdanosu D\u017eemal Perovi? rekao je da je \u0161ef ulcinjskog DPS-a Ljui? \u0160krelja odgovoran \u0161to je Ulcinj","robots":{"index":"index","follow":"follow","max-snippet":"max-snippet:-1","max-image-preview":"max-image-preview:large","max-video-preview":"max-video-preview:-1"},"canonical":"https:\/\/www.visit-ulcinj.com\/blog\/2009\/12\/21\/perovic-odgovorio-skrelji-krivi-ste-sto-je-grad-poharan\/","og_locale":"en_US","og_type":"article","og_title":"Perovi? odgovorio \u0160krelji: Krivi ste \u0161to je grad poharan - Lajme nga Ulqini","og_description":"Ulcinj \u2013 Organizator protesta za povra?aj maslinjaka u Valdanosu D\u017eemal Perovi? rekao je da je \u0161ef ulcinjskog DPS-a Ljui? \u0160krelja odgovoran \u0161to je Ulcinj","og_url":"https:\/\/www.visit-ulcinj.com\/blog\/2009\/12\/21\/perovic-odgovorio-skrelji-krivi-ste-sto-je-grad-poharan\/","og_site_name":"Lajme nga Ulqini","article_published_time":"2009-12-21T19:32:47+00:00","article_modified_time":"2009-12-23T10:11:38+00:00","og_image":[{"url":"https:\/\/www.visit-ulcinj.com\/blog\/wp-content\/uploads\/2009\/12\/Dzemal-Perovic_Ljui\u00c4\u2018-\u00c5\u00a0krelja.1.jpg"}],"twitter_misc":{"Written by":"ulqini","Est. reading time":"2 minutes"},"schema":{"@context":"https:\/\/schema.org","@graph":[{"@type":"WebSite","@id":"https:\/\/www.visit-ulcinj.com\/blog\/#website","url":"https:\/\/www.visit-ulcinj.com\/blog\/","name":"Lajme nga Ulqini","description":"Lajme,Vijesti,Ulqini,Ulqin,Crna Gora,Mali i Zi","potentialAction":[{"@type":"SearchAction","target":{"@type":"EntryPoint","urlTemplate":"https:\/\/www.visit-ulcinj.com\/blog\/?s={search_term_string}"},"query-input":"required name=search_term_string"}],"inLanguage":"en-US"},{"@type":"WebPage","@id":"https:\/\/www.visit-ulcinj.com\/blog\/2009\/12\/21\/perovic-odgovorio-skrelji-krivi-ste-sto-je-grad-poharan\/#webpage","url":"https:\/\/www.visit-ulcinj.com\/blog\/2009\/12\/21\/perovic-odgovorio-skrelji-krivi-ste-sto-je-grad-poharan\/","name":"Perovi? odgovorio \u0160krelji: Krivi ste \u0161to je grad poharan - Lajme nga Ulqini","isPartOf":{"@id":"https:\/\/www.visit-ulcinj.com\/blog\/#website"},"datePublished":"2009-12-21T19:32:47+00:00","dateModified":"2009-12-23T10:11:38+00:00","author":{"@id":"https:\/\/www.visit-ulcinj.com\/blog\/#\/schema\/person\/dcab619c614d3038751c63bc2aadc06d"},"description":"Ulcinj \u2013 Organizator protesta za povra?aj maslinjaka u Valdanosu D\u017eemal Perovi? rekao je da je \u0161ef ulcinjskog DPS-a Ljui? \u0160krelja odgovoran \u0161to je Ulcinj","breadcrumb":{"@id":"https:\/\/www.visit-ulcinj.com\/blog\/2009\/12\/21\/perovic-odgovorio-skrelji-krivi-ste-sto-je-grad-poharan\/#breadcrumb"},"inLanguage":"en-US","potentialAction":[{"@type":"ReadAction","target":["https:\/\/www.visit-ulcinj.com\/blog\/2009\/12\/21\/perovic-odgovorio-skrelji-krivi-ste-sto-je-grad-poharan\/"]}]},{"@type":"BreadcrumbList","@id":"https:\/\/www.visit-ulcinj.com\/blog\/2009\/12\/21\/perovic-odgovorio-skrelji-krivi-ste-sto-je-grad-poharan\/#breadcrumb","itemListElement":[{"@type":"ListItem","position":1,"name":"Perovi? odgovorio \u0160krelji: Krivi ste \u0161to je grad poharan"}]},{"@type":"Person","@id":"https:\/\/www.visit-ulcinj.com\/blog\/#\/schema\/person\/dcab619c614d3038751c63bc2aadc06d","name":"ulqini","sameAs":["http:\/\/www.visit-ulcinj.com"],"url":"https:\/\/www.visit-ulcinj.com\/blog\/author\/admin\/"}]}},"jetpack_featured_media_url":"","jetpack_sharing_enabled":true,"jetpack_shortlink":"https:\/\/wp.me\/pe6lTn-7qe","_links":{"self":[{"href":"https:\/\/www.visit-ulcinj.com\/blog\/wp-json\/wp\/v2\/posts\/28534"}],"collection":[{"href":"https:\/\/www.visit-ulcinj.com\/blog\/wp-json\/wp\/v2\/posts"}],"about":[{"href":"https:\/\/www.visit-ulcinj.com\/blog\/wp-json\/wp\/v2\/types\/post"}],"author":[{"embeddable":true,"href":"https:\/\/www.visit-ulcinj.com\/blog\/wp-json\/wp\/v2\/users\/1"}],"replies":[{"embeddable":true,"href":"https:\/\/www.visit-ulcinj.com\/blog\/wp-json\/wp\/v2\/comments?post=28534"}],"version-history":[{"count":0,"href":"https:\/\/www.visit-ulcinj.com\/blog\/wp-json\/wp\/v2\/posts\/28534\/revisions"}],"wp:attachment":[{"href":"https:\/\/www.visit-ulcinj.com\/blog\/wp-json\/wp\/v2\/media?parent=28534"}],"wp:term":[{"taxonomy":"category","embeddable":true,"href":"https:\/\/www.visit-ulcinj.com\/blog\/wp-json\/wp\/v2\/categories?post=28534"},{"taxonomy":"post_tag","embeddable":true,"href":"https:\/\/www.visit-ulcinj.com\/blog\/wp-json\/wp\/v2\/tags?post=28534"}],"curies":[{"name":"wp","href":"https:\/\/api.w.org\/{rel}","templated":true}]}}