{"id":28545,"date":"2009-12-22T21:01:15","date_gmt":"2009-12-22T19:01:15","guid":{"rendered":"http:\/\/www.visit-ulcinj.com\/blog\/?p=28545"},"modified":"2010-10-03T08:39:27","modified_gmt":"2010-10-03T06:39:27","slug":"dakonovic-odgovorio-skrelji-budite-na-pravoj-strani","status":"publish","type":"post","link":"https:\/\/www.visit-ulcinj.com\/blog\/2009\/12\/22\/dakonovic-odgovorio-skrelji-budite-na-pravoj-strani\/","title":{"rendered":"\u0110akonovic Odgovorio \u0160krelji: Budite na pravoj strani"},"content":{"rendered":"<p><a href=\"http:\/\/www.visit-ulcinj.com\/blog\/wp-content\/uploads\/2009\/12\/Luka-?akonovi?_Ljui?-\u0160krelja.jpg\"><img loading=\"lazy\" class=\"alignleft size-full wp-image-28546\" title=\"Luka ?akonovi?_Ljui? \u0160krelja\" src=\"http:\/\/www.visit-ulcinj.com\/blog\/wp-content\/uploads\/2009\/12\/Luka-?akonovi?_Ljui?-\u0160krelja.jpg\" alt=\"Luka ?akonovi?_Ljui? \u0160krelja\" width=\"581\" height=\"400\" \/><\/a>Ulcinj \u2013 Predsjednik Udru\u017eenja za povra?aj imovine u Valdanosu Luka \u0110akonovic kazao je da nevoljno polemi\u0161e sa \u0161efom ulcinjskog DPS-a Ljui?om \u0160kreljom.<br \/>\n\u201c?inim to samo zato \u0161to sam na ?elu jednog ?asnog udru\u017eenja koje brani pravo na imovinu i dostojanstvo Ulcinjana. I zato \u0161to sam odgovoran prema njima, unucima i precima\u201d, navodi se u reagovanju ?akonovi?a na tekst \u201cU politici ste bili, pa ni\u0161ta\u201d objavljenom u \u201cVijestima\u201d pro\u0161log petka u kome ga je \u0160krelja optu\u017eio da svojevremeno, kao predsjednik Op\u0161tine Ulcinj, nije htio da vrati imovinu \u0160tojanima, \u201ciako je to bilo u ingerenciji lokalnog parlamenta\u201d.<br \/>\n\u0160krelja je kazao i da je ?akonovi? za imovinu u Valdanosu uzeo pet do \u0161est puta vi\u0161e od kom\u0161ija, te \u201cda ?ini medve?u uslugu onima koji nijesu uzeli nijedan dinar za neopravdano oduzetu imovinu\u201d.<br \/>\n\u201cGra?ani Ulcinja i Crne Gore poznaju i mene i njega. I znaju kao \u0161to i on odli?no zna da je neistina sve \u0161to je napisao o meni. Znam da je to u?inio da bi se dodvorio pretpostavljenima, ali \u0160krelja ne zna da oni mnogo vi\u0161e cijene mene, nego njega\u201d, naveo je ?akonovi?.<br \/>\nOn je poru?io \u0160krelji da pita \u0160tojane \u201cko je vazda bio za to da im se vrati imovina\u201d.<br \/>\n\u201cZbog toga sam na izborima za predsjednika Op\u0161tine u toj mjesnoj zajednici dva puta dobio preko 90 odsto glasova. Zato sada imamo njihovu podr\u0161ku da se i nama vrati imovina u Valdanosu\u201d, navodi se u reagovanju. Dodaje se da su ga \u201cupravo zato \u0161to je uvijek \u017eelio da svako ima i brani svoje pravo, maslinari izabrali za ?elnika udru\u017eenja za povra?aj imovine u Valdanosu\u201d.<br \/>\n\u201cA to ?e, zna \u0160krelja, uskoro biti na\u0161e, na ovaj ili onaj na?in. Ako to, na\u017ealost, ne u?ini Crna Gora uradi?e Strazbur. Vidje?ete i na ovom primjeru \u0161to su Evropa i evropski standardi. Stoga budite i vi bar jednom na pravoj strani jer ionako nikada ni\u0161ta nijeste korisno napravili za ove gra?ane\u201d, zaklju?uje se u reagovanju.<\/p>\n<p><a href=\"http:\/\/www.vijesti.me\/index.php?id_pre=325653&amp;godina=2009\" target=\"_blank\"><strong>Vijesti<\/strong><\/a><\/p>\n<!--YouTube Error: bad URL entered-->\n","protected":false},"excerpt":{"rendered":"<p>Ulcinj \u2013 Predsjednik Udru\u017eenja za povra?aj imovine u Valdanosu Luka \u0110akonovic kazao je da nevoljno polemi\u0161e sa \u0161efom ulcinjskog DPS-a Ljui?om \u0160kreljom. \u201c?inim to samo zato \u0161to sam na ?elu jednog ?asnog udru\u017eenja koje brani pravo na imovinu i dostojanstvo Ulcinjana. I zato \u0161to sam odgovoran prema njima, unucima i precima\u201d, navodi se u reagovanju [&hellip;]<\/p>\n","protected":false},"author":1,"featured_media":0,"comment_status":"open","ping_status":"closed","sticky":false,"template":"","format":"standard","meta":{"spay_email":"","jetpack_publicize_message":"","jetpack_is_tweetstorm":false,"jetpack_publicize_feature_enabled":true},"categories":[8337],"tags":[20,941,12244,264,9855,19,136,13075],"jetpack_publicize_connections":[],"yoast_head":"<!-- This site is optimized with the Yoast SEO plugin v19.1 - https:\/\/yoast.com\/wordpress\/plugins\/seo\/ -->\n<title>\u0110akonovic Odgovorio \u0160krelji: Budite na pravoj strani - Lajme nga Ulqini<\/title>\n<meta name=\"description\" content=\"Ulcinj \u2013 Predsjednik Udru\u017eenja za povra?aj imovine u Valdanosu Luka \u0110akonovic kazao je da nevoljno polemi\u0161e sa \u0161efom ulcinjskog DPS-a Ljui?om \u0160kreljom.\" \/>\n<meta name=\"robots\" content=\"index, follow, max-snippet:-1, max-image-preview:large, max-video-preview:-1\" \/>\n<link rel=\"canonical\" href=\"https:\/\/www.visit-ulcinj.com\/blog\/2009\/12\/22\/dakonovic-odgovorio-skrelji-budite-na-pravoj-strani\/\" \/>\n<meta property=\"og:locale\" content=\"en_US\" \/>\n<meta property=\"og:type\" content=\"article\" \/>\n<meta property=\"og:title\" content=\"\u0110akonovic Odgovorio \u0160krelji: Budite na pravoj strani - Lajme nga Ulqini\" \/>\n<meta property=\"og:description\" content=\"Ulcinj \u2013 Predsjednik Udru\u017eenja za povra?aj imovine u Valdanosu Luka \u0110akonovic kazao je da nevoljno polemi\u0161e sa \u0161efom ulcinjskog DPS-a Ljui?om \u0160kreljom.\" \/>\n<meta property=\"og:url\" content=\"https:\/\/www.visit-ulcinj.com\/blog\/2009\/12\/22\/dakonovic-odgovorio-skrelji-budite-na-pravoj-strani\/\" \/>\n<meta property=\"og:site_name\" content=\"Lajme nga Ulqini\" \/>\n<meta property=\"article:published_time\" content=\"2009-12-22T19:01:15+00:00\" \/>\n<meta property=\"article:modified_time\" content=\"2010-10-03T06:39:27+00:00\" \/>\n<meta name=\"twitter:label1\" content=\"Written by\" \/>\n\t<meta name=\"twitter:data1\" content=\"ulqini\" \/>\n\t<meta name=\"twitter:label2\" content=\"Est. reading time\" \/>\n\t<meta name=\"twitter:data2\" content=\"2 minutes\" \/>\n<script type=\"application\/ld+json\" class=\"yoast-schema-graph\">{\"@context\":\"https:\/\/schema.org\",\"@graph\":[{\"@type\":\"WebSite\",\"@id\":\"https:\/\/www.visit-ulcinj.com\/blog\/#website\",\"url\":\"https:\/\/www.visit-ulcinj.com\/blog\/\",\"name\":\"Lajme nga Ulqini\",\"description\":\"Lajme,Vijesti,Ulqini,Ulqin,Crna Gora,Mali i Zi\",\"potentialAction\":[{\"@type\":\"SearchAction\",\"target\":{\"@type\":\"EntryPoint\",\"urlTemplate\":\"https:\/\/www.visit-ulcinj.com\/blog\/?s={search_term_string}\"},\"query-input\":\"required name=search_term_string\"}],\"inLanguage\":\"en-US\"},{\"@type\":\"WebPage\",\"@id\":\"https:\/\/www.visit-ulcinj.com\/blog\/2009\/12\/22\/dakonovic-odgovorio-skrelji-budite-na-pravoj-strani\/#webpage\",\"url\":\"https:\/\/www.visit-ulcinj.com\/blog\/2009\/12\/22\/dakonovic-odgovorio-skrelji-budite-na-pravoj-strani\/\",\"name\":\"\u0110akonovic Odgovorio \u0160krelji: Budite na pravoj strani - Lajme nga Ulqini\",\"isPartOf\":{\"@id\":\"https:\/\/www.visit-ulcinj.com\/blog\/#website\"},\"datePublished\":\"2009-12-22T19:01:15+00:00\",\"dateModified\":\"2010-10-03T06:39:27+00:00\",\"author\":{\"@id\":\"https:\/\/www.visit-ulcinj.com\/blog\/#\/schema\/person\/dcab619c614d3038751c63bc2aadc06d\"},\"description\":\"Ulcinj \u2013 Predsjednik Udru\u017eenja za povra?aj imovine u Valdanosu Luka \u0110akonovic kazao je da nevoljno polemi\u0161e sa \u0161efom ulcinjskog DPS-a Ljui?om \u0160kreljom.\",\"breadcrumb\":{\"@id\":\"https:\/\/www.visit-ulcinj.com\/blog\/2009\/12\/22\/dakonovic-odgovorio-skrelji-budite-na-pravoj-strani\/#breadcrumb\"},\"inLanguage\":\"en-US\",\"potentialAction\":[{\"@type\":\"ReadAction\",\"target\":[\"https:\/\/www.visit-ulcinj.com\/blog\/2009\/12\/22\/dakonovic-odgovorio-skrelji-budite-na-pravoj-strani\/\"]}]},{\"@type\":\"BreadcrumbList\",\"@id\":\"https:\/\/www.visit-ulcinj.com\/blog\/2009\/12\/22\/dakonovic-odgovorio-skrelji-budite-na-pravoj-strani\/#breadcrumb\",\"itemListElement\":[{\"@type\":\"ListItem\",\"position\":1,\"name\":\"\u0110akonovic Odgovorio \u0160krelji: Budite na pravoj strani\"}]},{\"@type\":\"Person\",\"@id\":\"https:\/\/www.visit-ulcinj.com\/blog\/#\/schema\/person\/dcab619c614d3038751c63bc2aadc06d\",\"name\":\"ulqini\",\"sameAs\":[\"http:\/\/www.visit-ulcinj.com\"],\"url\":\"https:\/\/www.visit-ulcinj.com\/blog\/author\/admin\/\"}]}<\/script>\n<!-- \/ Yoast SEO plugin. -->","yoast_head_json":{"title":"\u0110akonovic Odgovorio \u0160krelji: Budite na pravoj strani - Lajme nga Ulqini","description":"Ulcinj \u2013 Predsjednik Udru\u017eenja za povra?aj imovine u Valdanosu Luka \u0110akonovic kazao je da nevoljno polemi\u0161e sa \u0161efom ulcinjskog DPS-a Ljui?om \u0160kreljom.","robots":{"index":"index","follow":"follow","max-snippet":"max-snippet:-1","max-image-preview":"max-image-preview:large","max-video-preview":"max-video-preview:-1"},"canonical":"https:\/\/www.visit-ulcinj.com\/blog\/2009\/12\/22\/dakonovic-odgovorio-skrelji-budite-na-pravoj-strani\/","og_locale":"en_US","og_type":"article","og_title":"\u0110akonovic Odgovorio \u0160krelji: Budite na pravoj strani - Lajme nga Ulqini","og_description":"Ulcinj \u2013 Predsjednik Udru\u017eenja za povra?aj imovine u Valdanosu Luka \u0110akonovic kazao je da nevoljno polemi\u0161e sa \u0161efom ulcinjskog DPS-a Ljui?om \u0160kreljom.","og_url":"https:\/\/www.visit-ulcinj.com\/blog\/2009\/12\/22\/dakonovic-odgovorio-skrelji-budite-na-pravoj-strani\/","og_site_name":"Lajme nga Ulqini","article_published_time":"2009-12-22T19:01:15+00:00","article_modified_time":"2010-10-03T06:39:27+00:00","twitter_misc":{"Written by":"ulqini","Est. reading time":"2 minutes"},"schema":{"@context":"https:\/\/schema.org","@graph":[{"@type":"WebSite","@id":"https:\/\/www.visit-ulcinj.com\/blog\/#website","url":"https:\/\/www.visit-ulcinj.com\/blog\/","name":"Lajme nga Ulqini","description":"Lajme,Vijesti,Ulqini,Ulqin,Crna Gora,Mali i Zi","potentialAction":[{"@type":"SearchAction","target":{"@type":"EntryPoint","urlTemplate":"https:\/\/www.visit-ulcinj.com\/blog\/?s={search_term_string}"},"query-input":"required name=search_term_string"}],"inLanguage":"en-US"},{"@type":"WebPage","@id":"https:\/\/www.visit-ulcinj.com\/blog\/2009\/12\/22\/dakonovic-odgovorio-skrelji-budite-na-pravoj-strani\/#webpage","url":"https:\/\/www.visit-ulcinj.com\/blog\/2009\/12\/22\/dakonovic-odgovorio-skrelji-budite-na-pravoj-strani\/","name":"\u0110akonovic Odgovorio \u0160krelji: Budite na pravoj strani - Lajme nga Ulqini","isPartOf":{"@id":"https:\/\/www.visit-ulcinj.com\/blog\/#website"},"datePublished":"2009-12-22T19:01:15+00:00","dateModified":"2010-10-03T06:39:27+00:00","author":{"@id":"https:\/\/www.visit-ulcinj.com\/blog\/#\/schema\/person\/dcab619c614d3038751c63bc2aadc06d"},"description":"Ulcinj \u2013 Predsjednik Udru\u017eenja za povra?aj imovine u Valdanosu Luka \u0110akonovic kazao je da nevoljno polemi\u0161e sa \u0161efom ulcinjskog DPS-a Ljui?om \u0160kreljom.","breadcrumb":{"@id":"https:\/\/www.visit-ulcinj.com\/blog\/2009\/12\/22\/dakonovic-odgovorio-skrelji-budite-na-pravoj-strani\/#breadcrumb"},"inLanguage":"en-US","potentialAction":[{"@type":"ReadAction","target":["https:\/\/www.visit-ulcinj.com\/blog\/2009\/12\/22\/dakonovic-odgovorio-skrelji-budite-na-pravoj-strani\/"]}]},{"@type":"BreadcrumbList","@id":"https:\/\/www.visit-ulcinj.com\/blog\/2009\/12\/22\/dakonovic-odgovorio-skrelji-budite-na-pravoj-strani\/#breadcrumb","itemListElement":[{"@type":"ListItem","position":1,"name":"\u0110akonovic Odgovorio \u0160krelji: Budite na pravoj strani"}]},{"@type":"Person","@id":"https:\/\/www.visit-ulcinj.com\/blog\/#\/schema\/person\/dcab619c614d3038751c63bc2aadc06d","name":"ulqini","sameAs":["http:\/\/www.visit-ulcinj.com"],"url":"https:\/\/www.visit-ulcinj.com\/blog\/author\/admin\/"}]}},"jetpack_featured_media_url":"","jetpack_sharing_enabled":true,"jetpack_shortlink":"https:\/\/wp.me\/pe6lTn-7qp","_links":{"self":[{"href":"https:\/\/www.visit-ulcinj.com\/blog\/wp-json\/wp\/v2\/posts\/28545"}],"collection":[{"href":"https:\/\/www.visit-ulcinj.com\/blog\/wp-json\/wp\/v2\/posts"}],"about":[{"href":"https:\/\/www.visit-ulcinj.com\/blog\/wp-json\/wp\/v2\/types\/post"}],"author":[{"embeddable":true,"href":"https:\/\/www.visit-ulcinj.com\/blog\/wp-json\/wp\/v2\/users\/1"}],"replies":[{"embeddable":true,"href":"https:\/\/www.visit-ulcinj.com\/blog\/wp-json\/wp\/v2\/comments?post=28545"}],"version-history":[{"count":0,"href":"https:\/\/www.visit-ulcinj.com\/blog\/wp-json\/wp\/v2\/posts\/28545\/revisions"}],"wp:attachment":[{"href":"https:\/\/www.visit-ulcinj.com\/blog\/wp-json\/wp\/v2\/media?parent=28545"}],"wp:term":[{"taxonomy":"category","embeddable":true,"href":"https:\/\/www.visit-ulcinj.com\/blog\/wp-json\/wp\/v2\/categories?post=28545"},{"taxonomy":"post_tag","embeddable":true,"href":"https:\/\/www.visit-ulcinj.com\/blog\/wp-json\/wp\/v2\/tags?post=28545"}],"curies":[{"name":"wp","href":"https:\/\/api.w.org\/{rel}","templated":true}]}}