{"id":28549,"date":"2009-12-22T22:17:23","date_gmt":"2009-12-22T20:17:23","guid":{"rendered":"http:\/\/www.visit-ulcinj.com\/blog\/?p=28549"},"modified":"2009-12-22T22:25:58","modified_gmt":"2009-12-22T20:25:58","slug":"dafina-realizon-foto-te-reja","status":"publish","type":"post","link":"https:\/\/www.visit-ulcinj.com\/blog\/2009\/12\/22\/dafina-realizon-foto-te-reja\/","title":{"rendered":"Dafina realizon foto t\u00eb reja"},"content":{"rendered":"<p><a href=\"http:\/\/www.visit-ulcinj.com\/blog\/wp-content\/uploads\/2009\/12\/Dafina-Zeqiri.13.jpg\"><img loading=\"lazy\" class=\"alignleft size-full wp-image-28550\" title=\"Dafina Zeqiri.13\" src=\"http:\/\/www.visit-ulcinj.com\/blog\/wp-content\/uploads\/2009\/12\/Dafina-Zeqiri.13.jpg\" alt=\"Dafina Zeqiri.13\" width=\"580\" height=\"400\" \/><\/a>K\u00ebng\u00ebtarja Dafina Zeqiri, pasi ka promovuar spotin e saj, ka realizuar edhe nj\u00eb sesion t\u00eb ri t\u00eb fotografive.<br \/>\nK\u00ebng\u00ebtarja koh\u00ebve t\u00eb fundit realizoi k\u00ebng\u00ebn \u201cAmazing Girl\u201d, e cila ishte shp\u00ebrblyer n\u00eb \u201cPolifest 2009\u201d.<br \/>\nPo ashtu, nj\u00eb burim ka th\u00ebn\u00eb se k\u00ebng\u00ebtarja \u00ebsht\u00eb shum\u00eb e z\u00ebn\u00eb me pun\u00eb koh\u00ebve t\u00eb fundit. Ajo pritet t\u00eb k\u00ebndoj\u00eb n\u00eb disa koncerte si brenda dhe jasht\u00eb Kosov\u00ebs gjat\u00eb fest\u00ebs s\u00eb Vitit t\u00eb Ri, por edhe Krishtlindjeve.<\/p>\n<p><strong>Gazeta Express<br \/>\n<br \/>\n<\/strong><!--YouTube Error: bad URL entered--><\/p>\n","protected":false},"excerpt":{"rendered":"<p>K\u00ebng\u00ebtarja Dafina Zeqiri, pasi ka promovuar spotin e saj, ka realizuar edhe nj\u00eb sesion t\u00eb ri t\u00eb fotografive. K\u00ebng\u00ebtarja koh\u00ebve t\u00eb fundit realizoi k\u00ebng\u00ebn \u201cAmazing Girl\u201d, e cila ishte shp\u00ebrblyer n\u00eb \u201cPolifest 2009\u201d. Po ashtu, nj\u00eb burim ka th\u00ebn\u00eb se k\u00ebng\u00ebtarja \u00ebsht\u00eb shum\u00eb e z\u00ebn\u00eb me pun\u00eb koh\u00ebve t\u00eb fundit. Ajo pritet t\u00eb k\u00ebndoj\u00eb n\u00eb [&hellip;]<\/p>\n","protected":false},"author":1,"featured_media":0,"comment_status":"open","ping_status":"closed","sticky":false,"template":"","format":"standard","meta":{"spay_email":"","jetpack_publicize_message":"","jetpack_is_tweetstorm":false,"jetpack_publicize_feature_enabled":true},"categories":[1],"tags":[4926,13076,13077],"jetpack_publicize_connections":[],"yoast_head":"<!-- This site is optimized with the Yoast SEO plugin v19.1 - https:\/\/yoast.com\/wordpress\/plugins\/seo\/ -->\n<title>Dafina realizon foto t\u00eb reja - Lajme nga Ulqini<\/title>\n<meta name=\"description\" content=\"K\u00ebng\u00ebtarja Dafina Zeqiri, pasi ka promovuar spotin e saj, ka realizuar edhe nj\u00eb sesion t\u00eb ri t\u00eb fotografive. K\u00ebng\u00ebtarja koh\u00ebve t\u00eb fundit realizoi k\u00ebng\u00ebn\" \/>\n<meta name=\"robots\" content=\"index, follow, max-snippet:-1, max-image-preview:large, max-video-preview:-1\" \/>\n<link rel=\"canonical\" href=\"https:\/\/www.visit-ulcinj.com\/blog\/2009\/12\/22\/dafina-realizon-foto-te-reja\/\" \/>\n<meta property=\"og:locale\" content=\"en_US\" \/>\n<meta property=\"og:type\" content=\"article\" \/>\n<meta property=\"og:title\" content=\"Dafina realizon foto t\u00eb reja - Lajme nga Ulqini\" \/>\n<meta property=\"og:description\" content=\"K\u00ebng\u00ebtarja Dafina Zeqiri, pasi ka promovuar spotin e saj, ka realizuar edhe nj\u00eb sesion t\u00eb ri t\u00eb fotografive. K\u00ebng\u00ebtarja koh\u00ebve t\u00eb fundit realizoi k\u00ebng\u00ebn\" \/>\n<meta property=\"og:url\" content=\"https:\/\/www.visit-ulcinj.com\/blog\/2009\/12\/22\/dafina-realizon-foto-te-reja\/\" \/>\n<meta property=\"og:site_name\" content=\"Lajme nga Ulqini\" \/>\n<meta property=\"article:published_time\" content=\"2009-12-22T20:17:23+00:00\" \/>\n<meta property=\"article:modified_time\" content=\"2009-12-22T20:25:58+00:00\" \/>\n<meta property=\"og:image\" content=\"https:\/\/www.visit-ulcinj.com\/blog\/wp-content\/uploads\/2009\/12\/Dafina-Zeqiri.13-150x150.jpg\" \/>\n<meta name=\"twitter:label1\" content=\"Written by\" \/>\n\t<meta name=\"twitter:data1\" content=\"ulqini\" \/>\n\t<meta name=\"twitter:label2\" content=\"Est. reading time\" \/>\n\t<meta name=\"twitter:data2\" content=\"1 minute\" \/>\n<script type=\"application\/ld+json\" class=\"yoast-schema-graph\">{\"@context\":\"https:\/\/schema.org\",\"@graph\":[{\"@type\":\"WebSite\",\"@id\":\"https:\/\/www.visit-ulcinj.com\/blog\/#website\",\"url\":\"https:\/\/www.visit-ulcinj.com\/blog\/\",\"name\":\"Lajme nga Ulqini\",\"description\":\"Lajme,Vijesti,Ulqini,Ulqin,Crna Gora,Mali i Zi\",\"potentialAction\":[{\"@type\":\"SearchAction\",\"target\":{\"@type\":\"EntryPoint\",\"urlTemplate\":\"https:\/\/www.visit-ulcinj.com\/blog\/?s={search_term_string}\"},\"query-input\":\"required name=search_term_string\"}],\"inLanguage\":\"en-US\"},{\"@type\":\"ImageObject\",\"inLanguage\":\"en-US\",\"@id\":\"https:\/\/www.visit-ulcinj.com\/blog\/2009\/12\/22\/dafina-realizon-foto-te-reja\/#primaryimage\",\"url\":\"http:\/\/www.visit-ulcinj.com\/blog\/wp-content\/uploads\/2009\/12\/Dafina-Zeqiri.13.jpg\",\"contentUrl\":\"http:\/\/www.visit-ulcinj.com\/blog\/wp-content\/uploads\/2009\/12\/Dafina-Zeqiri.13.jpg\"},{\"@type\":\"WebPage\",\"@id\":\"https:\/\/www.visit-ulcinj.com\/blog\/2009\/12\/22\/dafina-realizon-foto-te-reja\/#webpage\",\"url\":\"https:\/\/www.visit-ulcinj.com\/blog\/2009\/12\/22\/dafina-realizon-foto-te-reja\/\",\"name\":\"Dafina realizon foto t\u00eb reja - Lajme nga Ulqini\",\"isPartOf\":{\"@id\":\"https:\/\/www.visit-ulcinj.com\/blog\/#website\"},\"primaryImageOfPage\":{\"@id\":\"https:\/\/www.visit-ulcinj.com\/blog\/2009\/12\/22\/dafina-realizon-foto-te-reja\/#primaryimage\"},\"datePublished\":\"2009-12-22T20:17:23+00:00\",\"dateModified\":\"2009-12-22T20:25:58+00:00\",\"author\":{\"@id\":\"https:\/\/www.visit-ulcinj.com\/blog\/#\/schema\/person\/dcab619c614d3038751c63bc2aadc06d\"},\"description\":\"K\u00ebng\u00ebtarja Dafina Zeqiri, pasi ka promovuar spotin e saj, ka realizuar edhe nj\u00eb sesion t\u00eb ri t\u00eb fotografive. K\u00ebng\u00ebtarja koh\u00ebve t\u00eb fundit realizoi k\u00ebng\u00ebn\",\"breadcrumb\":{\"@id\":\"https:\/\/www.visit-ulcinj.com\/blog\/2009\/12\/22\/dafina-realizon-foto-te-reja\/#breadcrumb\"},\"inLanguage\":\"en-US\",\"potentialAction\":[{\"@type\":\"ReadAction\",\"target\":[\"https:\/\/www.visit-ulcinj.com\/blog\/2009\/12\/22\/dafina-realizon-foto-te-reja\/\"]}]},{\"@type\":\"BreadcrumbList\",\"@id\":\"https:\/\/www.visit-ulcinj.com\/blog\/2009\/12\/22\/dafina-realizon-foto-te-reja\/#breadcrumb\",\"itemListElement\":[{\"@type\":\"ListItem\",\"position\":1,\"name\":\"Dafina realizon foto t\u00eb reja\"}]},{\"@type\":\"Person\",\"@id\":\"https:\/\/www.visit-ulcinj.com\/blog\/#\/schema\/person\/dcab619c614d3038751c63bc2aadc06d\",\"name\":\"ulqini\",\"sameAs\":[\"http:\/\/www.visit-ulcinj.com\"],\"url\":\"https:\/\/www.visit-ulcinj.com\/blog\/author\/admin\/\"}]}<\/script>\n<!-- \/ Yoast SEO plugin. -->","yoast_head_json":{"title":"Dafina realizon foto t\u00eb reja - Lajme nga Ulqini","description":"K\u00ebng\u00ebtarja Dafina Zeqiri, pasi ka promovuar spotin e saj, ka realizuar edhe nj\u00eb sesion t\u00eb ri t\u00eb fotografive. K\u00ebng\u00ebtarja koh\u00ebve t\u00eb fundit realizoi k\u00ebng\u00ebn","robots":{"index":"index","follow":"follow","max-snippet":"max-snippet:-1","max-image-preview":"max-image-preview:large","max-video-preview":"max-video-preview:-1"},"canonical":"https:\/\/www.visit-ulcinj.com\/blog\/2009\/12\/22\/dafina-realizon-foto-te-reja\/","og_locale":"en_US","og_type":"article","og_title":"Dafina realizon foto t\u00eb reja - Lajme nga Ulqini","og_description":"K\u00ebng\u00ebtarja Dafina Zeqiri, pasi ka promovuar spotin e saj, ka realizuar edhe nj\u00eb sesion t\u00eb ri t\u00eb fotografive. K\u00ebng\u00ebtarja koh\u00ebve t\u00eb fundit realizoi k\u00ebng\u00ebn","og_url":"https:\/\/www.visit-ulcinj.com\/blog\/2009\/12\/22\/dafina-realizon-foto-te-reja\/","og_site_name":"Lajme nga Ulqini","article_published_time":"2009-12-22T20:17:23+00:00","article_modified_time":"2009-12-22T20:25:58+00:00","og_image":[{"url":"https:\/\/www.visit-ulcinj.com\/blog\/wp-content\/uploads\/2009\/12\/Dafina-Zeqiri.13-150x150.jpg"}],"twitter_misc":{"Written by":"ulqini","Est. reading time":"1 minute"},"schema":{"@context":"https:\/\/schema.org","@graph":[{"@type":"WebSite","@id":"https:\/\/www.visit-ulcinj.com\/blog\/#website","url":"https:\/\/www.visit-ulcinj.com\/blog\/","name":"Lajme nga Ulqini","description":"Lajme,Vijesti,Ulqini,Ulqin,Crna Gora,Mali i Zi","potentialAction":[{"@type":"SearchAction","target":{"@type":"EntryPoint","urlTemplate":"https:\/\/www.visit-ulcinj.com\/blog\/?s={search_term_string}"},"query-input":"required name=search_term_string"}],"inLanguage":"en-US"},{"@type":"ImageObject","inLanguage":"en-US","@id":"https:\/\/www.visit-ulcinj.com\/blog\/2009\/12\/22\/dafina-realizon-foto-te-reja\/#primaryimage","url":"http:\/\/www.visit-ulcinj.com\/blog\/wp-content\/uploads\/2009\/12\/Dafina-Zeqiri.13.jpg","contentUrl":"http:\/\/www.visit-ulcinj.com\/blog\/wp-content\/uploads\/2009\/12\/Dafina-Zeqiri.13.jpg"},{"@type":"WebPage","@id":"https:\/\/www.visit-ulcinj.com\/blog\/2009\/12\/22\/dafina-realizon-foto-te-reja\/#webpage","url":"https:\/\/www.visit-ulcinj.com\/blog\/2009\/12\/22\/dafina-realizon-foto-te-reja\/","name":"Dafina realizon foto t\u00eb reja - Lajme nga Ulqini","isPartOf":{"@id":"https:\/\/www.visit-ulcinj.com\/blog\/#website"},"primaryImageOfPage":{"@id":"https:\/\/www.visit-ulcinj.com\/blog\/2009\/12\/22\/dafina-realizon-foto-te-reja\/#primaryimage"},"datePublished":"2009-12-22T20:17:23+00:00","dateModified":"2009-12-22T20:25:58+00:00","author":{"@id":"https:\/\/www.visit-ulcinj.com\/blog\/#\/schema\/person\/dcab619c614d3038751c63bc2aadc06d"},"description":"K\u00ebng\u00ebtarja Dafina Zeqiri, pasi ka promovuar spotin e saj, ka realizuar edhe nj\u00eb sesion t\u00eb ri t\u00eb fotografive. K\u00ebng\u00ebtarja koh\u00ebve t\u00eb fundit realizoi k\u00ebng\u00ebn","breadcrumb":{"@id":"https:\/\/www.visit-ulcinj.com\/blog\/2009\/12\/22\/dafina-realizon-foto-te-reja\/#breadcrumb"},"inLanguage":"en-US","potentialAction":[{"@type":"ReadAction","target":["https:\/\/www.visit-ulcinj.com\/blog\/2009\/12\/22\/dafina-realizon-foto-te-reja\/"]}]},{"@type":"BreadcrumbList","@id":"https:\/\/www.visit-ulcinj.com\/blog\/2009\/12\/22\/dafina-realizon-foto-te-reja\/#breadcrumb","itemListElement":[{"@type":"ListItem","position":1,"name":"Dafina realizon foto t\u00eb reja"}]},{"@type":"Person","@id":"https:\/\/www.visit-ulcinj.com\/blog\/#\/schema\/person\/dcab619c614d3038751c63bc2aadc06d","name":"ulqini","sameAs":["http:\/\/www.visit-ulcinj.com"],"url":"https:\/\/www.visit-ulcinj.com\/blog\/author\/admin\/"}]}},"jetpack_featured_media_url":"","jetpack_sharing_enabled":true,"jetpack_shortlink":"https:\/\/wp.me\/pe6lTn-7qt","_links":{"self":[{"href":"https:\/\/www.visit-ulcinj.com\/blog\/wp-json\/wp\/v2\/posts\/28549"}],"collection":[{"href":"https:\/\/www.visit-ulcinj.com\/blog\/wp-json\/wp\/v2\/posts"}],"about":[{"href":"https:\/\/www.visit-ulcinj.com\/blog\/wp-json\/wp\/v2\/types\/post"}],"author":[{"embeddable":true,"href":"https:\/\/www.visit-ulcinj.com\/blog\/wp-json\/wp\/v2\/users\/1"}],"replies":[{"embeddable":true,"href":"https:\/\/www.visit-ulcinj.com\/blog\/wp-json\/wp\/v2\/comments?post=28549"}],"version-history":[{"count":0,"href":"https:\/\/www.visit-ulcinj.com\/blog\/wp-json\/wp\/v2\/posts\/28549\/revisions"}],"wp:attachment":[{"href":"https:\/\/www.visit-ulcinj.com\/blog\/wp-json\/wp\/v2\/media?parent=28549"}],"wp:term":[{"taxonomy":"category","embeddable":true,"href":"https:\/\/www.visit-ulcinj.com\/blog\/wp-json\/wp\/v2\/categories?post=28549"},{"taxonomy":"post_tag","embeddable":true,"href":"https:\/\/www.visit-ulcinj.com\/blog\/wp-json\/wp\/v2\/tags?post=28549"}],"curies":[{"name":"wp","href":"https:\/\/api.w.org\/{rel}","templated":true}]}}