{"id":28563,"date":"2009-12-22T23:13:08","date_gmt":"2009-12-22T21:13:08","guid":{"rendered":"http:\/\/www.visit-ulcinj.com\/blog\/?p=28563"},"modified":"2009-12-22T23:13:08","modified_gmt":"2009-12-22T21:13:08","slug":"ciljeta-ne-janar-ju-tregoj-se-cfare-behet-me-romeon","status":"publish","type":"post","link":"https:\/\/www.visit-ulcinj.com\/blog\/2009\/12\/22\/ciljeta-ne-janar-ju-tregoj-se-cfare-behet-me-romeon\/","title":{"rendered":"\u00c7iljeta: Ne janar ju tregoj se cfare behet me Romeon"},"content":{"rendered":"<p><strong><span style=\"font-size: 13px;\"><a href=\"http:\/\/www.visit-ulcinj.com\/blog\/wp-content\/uploads\/2009\/12\/Ciljeta-Xhilaga.jpg\"><img loading=\"lazy\" class=\"alignleft size-full wp-image-28564\" title=\"Ciljeta Xhilaga\" src=\"http:\/\/www.visit-ulcinj.com\/blog\/wp-content\/uploads\/2009\/12\/Ciljeta-Xhilaga.jpg\" alt=\"Ciljeta Xhilaga\" width=\"365\" height=\"512\" \/><\/a>E bukur, seksi, josh\u00ebse dhe prej mbi 10 vjet\u00ebsh nj\u00eb nga femrat m\u00eb t\u00eb mikluara t\u00eb ekranit. Por, uragani \u00c7iljeta nuk di t\u00eb ndalet. <\/span><\/strong><\/p>\n<p><span style=\"font-size: 13px;\">Ashtu si edhe ky vit i ngjeshur me koncerte t\u00eb pafundme, edhe nd\u00ebrrimi i viteve do ta gjej\u00eb n\u00eb shesh duke k\u00ebnduar. K\u00ebt\u00eb her\u00eb n\u00eb qytetin e Durr\u00ebsit. E nd\u00ebrkaq, festa do t\u00eb jet\u00eb pran\u00eb familjes. <\/span><\/p>\n<p><span style=\"font-size: 13px;\">Po Romeo? \u00c7ili k\u00ebt\u00eb her\u00eb ka vendosur t\u00eb mos flas\u00eb p\u00ebr t\u00eb. N\u00eb fakt, pas Vitit t\u00eb Ri ajo ka vendosur t\u00eb ndaj\u00eb shapin nga sheqeri. Megjithat\u00eb, ajo \u00ebsht\u00eb optimiste dhe entuziaste m\u00eb shum\u00eb se kurr\u00eb. P\u00ebr m\u00eb tep\u00ebr, le t\u00eb ndjekim rr\u00ebfimin e saj\u2026 <\/span><\/p>\n<p><span style=\"font-size: 13px;\"><strong>\u00c7iljeta, si ka qen\u00eb ky vit p\u00ebr ty?<\/strong><br \/>\nKa qen\u00eb nj\u00eb vit i mbushur me shum\u00eb angazhime, qoft\u00eb me muzik\u00eb, qoft\u00eb n\u00ebp\u00ebr koncerte t\u00eb shumta q\u00eb vazhdoj\u00eb ende t\u2019i kem.<\/span><\/p>\n<p><span style=\"font-size: 13px;\"><strong>Keni marr\u00eb pjes\u00eb n\u00eb fushat\u00eb elektorale dhe nd\u00ebrkoh\u00eb keni arritur t\u00eb b\u00ebni diferencime se \u00e7far\u00eb \u00ebsht\u00eb t\u00eb k\u00ebndosh p\u00ebrpara publikut t\u00eb fushat\u00ebs dhe atyre t\u00eb koncerteve. Si mendoni, cilat jan\u00eb emocionet, ndjesit\u00eb?<\/strong><br \/>\nUn\u00eb e kam shprehur dhe e shpreh prap\u00eb, q\u00eb koncertet m\u00eb t\u00eb bukura q\u00eb kam p\u00ebrjetuar n\u00eb jet\u00ebn time kan\u00eb qen\u00eb koncertet e fushat\u00ebs elektorale. P\u00ebrve\u00e7se e kam p\u00ebrjetuar shum\u00eb emocionalisht, ka qen\u00eb nj\u00eb publik shum\u00eb i gjer\u00eb, shum\u00eb i madh, kan\u00eb qen\u00eb emocione m\u00eb t\u00eb m\u00ebdha se sa p\u00ebr nj\u00eb koncert normal. <\/span><\/p>\n<p><span style=\"font-size: 13px;\"><strong>N\u00eb k\u00ebto momente jeni p\u00ebr nj\u00eb udh\u00ebtim?<\/strong><br \/>\nPo, s\u00eb bashku me kolegen time, Ingridin, do shkojm\u00eb t\u00eb dyja n\u00eb Zvic\u00ebr. <\/span><\/p>\n<p><span style=\"font-size: 13px;\"><strong>Do k\u00ebndoni atje p\u00ebr Vitin e Ri?<\/strong><br \/>\nJo, do k\u00ebndojm\u00eb deri n\u00eb dat\u00ebn 28 dhjetor dhe m\u00eb pas do t\u00eb jem n\u00eb Tiran\u00eb p\u00ebr Vitin e Ri. N\u00eb mbr\u00ebmjen e 31 dhjetorit do t\u00eb jem n\u00eb Durr\u00ebs, n\u00eb shesh dhe n\u00eb dy vende t\u00eb tjera, disko, p\u00ebr t\u00eb k\u00ebnduar. <\/span><\/p>\n<p><span style=\"font-size: 13px;\"><strong>Ju vjen keq q\u00eb nuk e festoni si t\u00eb gjith\u00eb njer\u00ebzit?<\/strong><br \/>\nDo e festoj mbas or\u00ebs 24:00, do jem me njer\u00ebzit e mi, para or\u00ebs 24:00 jam n\u00eb pun\u00eb. <\/span><\/p>\n<p><span style=\"font-size: 13px;\"><strong>\u00c7far\u00eb pret nga Viti i Ri?<\/strong><br \/>\nNga babagjyshi i Vitit t\u00eb Ri pres t\u00eb ma b\u00ebj\u00eb vitin t\u00eb mbar\u00eb, n\u00eb \u00e7do aspekt, por mbi t\u00eb gjitha t\u00eb jem e lumtur me veten time. <\/span><\/p>\n<p><span style=\"font-size: 13px;\"><strong>Keni b\u00ebr\u00eb ca plane konkrete p\u00ebr Vitin e Ri? Gj\u00ebra q\u00eb ju doni t\u2019i realizoni?<\/strong><br \/>\nSigurisht. P\u00ebr momentin jan\u00eb profesionale. Jan\u00eb k\u00ebng\u00ebt e mia m\u00eb t\u00eb reja q\u00eb jam duke i punuar me Florin, klipet q\u00eb do realizoj k\u00ebt\u00eb vit. Nuk diskutohet, jan\u00eb dhe shum\u00eb projekte t\u00eb reja q\u00eb p\u00ebr momentin nuk d\u00ebshiroj t\u2019i them, le t\u2019i l\u00ebm\u00eb pak surpriz\u00eb p\u00ebr vitin q\u00eb vjen. <\/span><\/p>\n<p><span style=\"font-size: 13px;\"><strong>Duke qen\u00eb se keni pasur mjaft koncerte k\u00ebt\u00eb vit, e keni menduar q\u00eb t\u00eb b\u00ebni nj\u00eb koncert tuajin recital?<\/strong><br \/>\nBesoj\u00eb se \u00ebsht\u00eb akoma her\u00ebt p\u00ebr karrier\u00ebn time p\u00ebr t\u00eb pasur un\u00eb nj\u00eb recital timin. M\u00eb duhen dhe nja tre vjet t\u00eb tjera q\u00eb ta b\u00ebj k\u00ebt\u00eb gj\u00eb. <\/span><\/p>\n<p><span style=\"font-size: 13px;\"><strong>Mendoni se nj\u00eb koncert recital mund ta b\u00ebj\u00eb nj\u00eb k\u00ebng\u00ebtar q\u00eb ka vite eksperienc\u00eb?<\/strong><br \/>\nSigurisht, q\u00eb t\u00eb b\u00ebsh nj\u00eb koncert recital duhet t\u00eb kesh vite eksperienc\u00eb. K\u00ebshtu q\u00eb, mua m\u00eb duhen disa vite t\u00eb tjera p\u00ebr t\u00eb realizuar nj\u00eb gj\u00eb t\u00eb till\u00eb. <\/span><\/p>\n<p><span style=\"font-size: 13px;\"><strong>Si ndiheni n\u00eb tregun muzikor dhe \u00e7far\u00eb ju dallon ju nga k\u00ebng\u00ebtaret e tjera?<\/strong><br \/>\nUn\u00eb b\u00ebra 10 vjet n\u00eb sken\u00eb, kam q\u00eb 14 vje\u00e7 dhe tani mbush 25, k\u00ebshtu q\u00eb nuk e kam ndier\u00eb shum\u00eb k\u00ebt\u00eb rivalitetin. Gjithmon\u00eb gj\u00ebrat e mia m\u00eb kan\u00eb shkuar mbar\u00eb dhe nuk ka pasur ndonj\u00ebher\u00eb ego p\u00ebr t\u00eb qen\u00eb m\u00eb mir\u00eb se t\u00eb tjerat. Un\u00eb gjithmon\u00eb e kam shprehur, \u00e7do artist \u00ebsht\u00eb unik n\u00eb stilin e vet, \u00e7far\u00eb dalin mbrapa nesh jan\u00eb thjesht kopjet tona. K\u00ebshtu q\u00eb nuk e kam ndier\u00eb shum\u00eb k\u00ebt\u00eb rivalitetin e k\u00ebng\u00ebtareve, gjithmon\u00eb gj\u00ebrat e mia i kam realizuar dhe kan\u00eb qen\u00eb t\u00eb suksesshme. <\/span><\/p>\n<p><span style=\"font-size: 13px;\"><strong>P\u00ebr sa i p\u00ebrket festivaleve, duket se jeni t\u00ebrhequr? Edhe tek i preferuari juaj \u201cK\u00ebnga Magjike\u201d nuk ju pam\u00eb?<\/strong><br \/>\nTek \u201cK\u00ebnga Magjike\u201d k\u00ebt\u00eb vit nuk mora pjes\u00eb p\u00ebr shkak se b\u00ebja tre vjet rresht aty dhe nuk kisha di\u00e7ka t\u00eb re, t\u00eb bukur p\u00ebr t\u00eb sjell\u00eb k\u00ebt\u00eb vit. Mua nuk m\u00eb p\u00eblqen t\u00eb marr\u00eb pjes\u00eb n\u00ebse s\u2019kam di\u00e7ka t\u00eb re dhe t\u00eb bukur, t\u00eb ndryshoj nga t\u00eb tjer\u00ebt. N\u00eb \u2018Top Fest\u2019 nuk e kam vendosur ende, t\u00eb shoh n\u00ebse do t\u00eb kem ndonj\u00eb material t\u00eb mir\u00eb. M\u00eb shum\u00eb k\u00ebt\u00eb vit do punoj me klipe dhe me k\u00ebng\u00eb t\u00eb reja se sa me festivale. <\/span><\/p>\n<p><span style=\"font-size: 13px;\"><strong>Pse nuk \u00ebsht\u00eb i r\u00ebnd\u00ebsish\u00ebm nj\u00eb \u00e7mim sa nj\u00eb klip?<\/strong><br \/>\nShiko, un\u00eb m\u00eb shum\u00eb kam \u00e7mime se sa videoklipe n\u00eb karrier\u00ebn time. Klipe kam shum\u00eb m\u00eb pak n\u00eb krahasim me performancat e mia skenike. Besoj se ka ardhur koha t\u00eb merrem pak m\u00eb shum\u00eb me klipe, dhe ndoshta pak m\u00eb pak me festivale. <\/span><\/p>\n<p><span style=\"font-size: 13px;\"><strong>Vitin e Ri do e pres\u00ebsh vet\u00ebm apo\u2026?<\/strong><br \/>\nDo e festoj\u00eb me familjen, nuk jam vet\u00ebm. <\/span><\/p>\n<p><span style=\"font-size: 13px;\"><strong>Me apo pa Romeon?<\/strong><br \/>\n\u00c7iljeta nuk \u00ebsht\u00eb asnj\u00ebher\u00eb vet\u00ebm n\u00eb zem\u00ebr, k\u00ebshtu q\u00eb t\u00eb tjerat pak r\u00ebnd\u00ebsi kan\u00eb. <\/span><\/p>\n<p><span style=\"font-size: 13px;\"><strong>Vitin e Ri do ta nisni vet\u00ebm apo\u2026?<\/strong><br \/>\nDo ta nis me koncertet e mia dhe me koleget e mia. <\/span><\/p>\n<p><span style=\"font-size: 13px;\"><strong>Pse vall\u00eb, keni b\u00ebr\u00eb ndonj\u00eb plan q\u00eb nuk do t\u00eb jeni m\u00eb me Romeon?<br \/>\n<\/strong>Jo, nuk kam b\u00ebr\u00eb asnj\u00eb plan, gj\u00ebrat i kam l\u00ebn\u00eb t\u00eb rrjedhin natyrsh\u00ebm, nuk dua t\u00eb deklarohem p\u00ebr jet\u00ebn time private.<\/span><br \/>\n<strong><br \/>\nRevista Bluetooth<br \/>\n<br \/>\n<!--YouTube Error: bad URL entered--><\/strong><\/p>\n<p><strong><br \/>\n<\/strong><\/p>\n","protected":false},"excerpt":{"rendered":"<p>E bukur, seksi, josh\u00ebse dhe prej mbi 10 vjet\u00ebsh nj\u00eb nga femrat m\u00eb t\u00eb mikluara t\u00eb ekranit. Por, uragani \u00c7iljeta nuk di t\u00eb ndalet. Ashtu si edhe ky vit i ngjeshur me koncerte t\u00eb pafundme, edhe nd\u00ebrrimi i viteve do ta gjej\u00eb n\u00eb shesh duke k\u00ebnduar. K\u00ebt\u00eb her\u00eb n\u00eb qytetin e Durr\u00ebsit. E nd\u00ebrkaq, festa [&hellip;]<\/p>\n","protected":false},"author":1,"featured_media":0,"comment_status":"open","ping_status":"closed","sticky":false,"template":"","format":"standard","meta":{"spay_email":"","jetpack_publicize_message":"","jetpack_is_tweetstorm":false,"jetpack_publicize_feature_enabled":true},"categories":[1],"tags":[5456],"jetpack_publicize_connections":[],"yoast_head":"<!-- This site is optimized with the Yoast SEO plugin v19.1 - https:\/\/yoast.com\/wordpress\/plugins\/seo\/ -->\n<title>\u00c7iljeta: Ne janar ju tregoj se cfare behet me Romeon - Lajme nga Ulqini<\/title>\n<meta name=\"description\" content=\"E bukur, seksi, josh\u00ebse dhe prej mbi 10 vjet\u00ebsh nj\u00eb nga femrat m\u00eb t\u00eb mikluara t\u00eb ekranit. Por, uragani \u00c7iljeta nuk di t\u00eb ndalet. Ashtu si edhe ky vit i\" \/>\n<meta name=\"robots\" content=\"index, follow, max-snippet:-1, max-image-preview:large, max-video-preview:-1\" \/>\n<link rel=\"canonical\" href=\"https:\/\/www.visit-ulcinj.com\/blog\/2009\/12\/22\/ciljeta-ne-janar-ju-tregoj-se-cfare-behet-me-romeon\/\" \/>\n<meta property=\"og:locale\" content=\"en_US\" \/>\n<meta property=\"og:type\" content=\"article\" \/>\n<meta property=\"og:title\" content=\"\u00c7iljeta: Ne janar ju tregoj se cfare behet me Romeon - Lajme nga Ulqini\" \/>\n<meta property=\"og:description\" content=\"E bukur, seksi, josh\u00ebse dhe prej mbi 10 vjet\u00ebsh nj\u00eb nga femrat m\u00eb t\u00eb mikluara t\u00eb ekranit. Por, uragani \u00c7iljeta nuk di t\u00eb ndalet. Ashtu si edhe ky vit i\" \/>\n<meta property=\"og:url\" content=\"https:\/\/www.visit-ulcinj.com\/blog\/2009\/12\/22\/ciljeta-ne-janar-ju-tregoj-se-cfare-behet-me-romeon\/\" \/>\n<meta property=\"og:site_name\" content=\"Lajme nga Ulqini\" \/>\n<meta property=\"article:published_time\" content=\"2009-12-22T21:13:08+00:00\" \/>\n<meta property=\"og:image\" content=\"https:\/\/www.visit-ulcinj.com\/blog\/wp-content\/uploads\/2009\/12\/Ciljeta-Xhilaga-150x150.jpg\" \/>\n<meta name=\"twitter:label1\" content=\"Written by\" \/>\n\t<meta name=\"twitter:data1\" content=\"ulqini\" \/>\n\t<meta name=\"twitter:label2\" content=\"Est. reading time\" \/>\n\t<meta name=\"twitter:data2\" content=\"5 minutes\" \/>\n<script type=\"application\/ld+json\" class=\"yoast-schema-graph\">{\"@context\":\"https:\/\/schema.org\",\"@graph\":[{\"@type\":\"WebSite\",\"@id\":\"https:\/\/www.visit-ulcinj.com\/blog\/#website\",\"url\":\"https:\/\/www.visit-ulcinj.com\/blog\/\",\"name\":\"Lajme nga Ulqini\",\"description\":\"Lajme,Vijesti,Ulqini,Ulqin,Crna Gora,Mali i Zi\",\"potentialAction\":[{\"@type\":\"SearchAction\",\"target\":{\"@type\":\"EntryPoint\",\"urlTemplate\":\"https:\/\/www.visit-ulcinj.com\/blog\/?s={search_term_string}\"},\"query-input\":\"required name=search_term_string\"}],\"inLanguage\":\"en-US\"},{\"@type\":\"ImageObject\",\"inLanguage\":\"en-US\",\"@id\":\"https:\/\/www.visit-ulcinj.com\/blog\/2009\/12\/22\/ciljeta-ne-janar-ju-tregoj-se-cfare-behet-me-romeon\/#primaryimage\",\"url\":\"http:\/\/www.visit-ulcinj.com\/blog\/wp-content\/uploads\/2009\/12\/Ciljeta-Xhilaga.jpg\",\"contentUrl\":\"http:\/\/www.visit-ulcinj.com\/blog\/wp-content\/uploads\/2009\/12\/Ciljeta-Xhilaga.jpg\"},{\"@type\":\"WebPage\",\"@id\":\"https:\/\/www.visit-ulcinj.com\/blog\/2009\/12\/22\/ciljeta-ne-janar-ju-tregoj-se-cfare-behet-me-romeon\/#webpage\",\"url\":\"https:\/\/www.visit-ulcinj.com\/blog\/2009\/12\/22\/ciljeta-ne-janar-ju-tregoj-se-cfare-behet-me-romeon\/\",\"name\":\"\u00c7iljeta: Ne janar ju tregoj se cfare behet me Romeon - Lajme nga Ulqini\",\"isPartOf\":{\"@id\":\"https:\/\/www.visit-ulcinj.com\/blog\/#website\"},\"primaryImageOfPage\":{\"@id\":\"https:\/\/www.visit-ulcinj.com\/blog\/2009\/12\/22\/ciljeta-ne-janar-ju-tregoj-se-cfare-behet-me-romeon\/#primaryimage\"},\"datePublished\":\"2009-12-22T21:13:08+00:00\",\"dateModified\":\"2009-12-22T21:13:08+00:00\",\"author\":{\"@id\":\"https:\/\/www.visit-ulcinj.com\/blog\/#\/schema\/person\/dcab619c614d3038751c63bc2aadc06d\"},\"description\":\"E bukur, seksi, josh\u00ebse dhe prej mbi 10 vjet\u00ebsh nj\u00eb nga femrat m\u00eb t\u00eb mikluara t\u00eb ekranit. Por, uragani \u00c7iljeta nuk di t\u00eb ndalet. Ashtu si edhe ky vit i\",\"breadcrumb\":{\"@id\":\"https:\/\/www.visit-ulcinj.com\/blog\/2009\/12\/22\/ciljeta-ne-janar-ju-tregoj-se-cfare-behet-me-romeon\/#breadcrumb\"},\"inLanguage\":\"en-US\",\"potentialAction\":[{\"@type\":\"ReadAction\",\"target\":[\"https:\/\/www.visit-ulcinj.com\/blog\/2009\/12\/22\/ciljeta-ne-janar-ju-tregoj-se-cfare-behet-me-romeon\/\"]}]},{\"@type\":\"BreadcrumbList\",\"@id\":\"https:\/\/www.visit-ulcinj.com\/blog\/2009\/12\/22\/ciljeta-ne-janar-ju-tregoj-se-cfare-behet-me-romeon\/#breadcrumb\",\"itemListElement\":[{\"@type\":\"ListItem\",\"position\":1,\"name\":\"\u00c7iljeta: Ne janar ju tregoj se cfare behet me Romeon\"}]},{\"@type\":\"Person\",\"@id\":\"https:\/\/www.visit-ulcinj.com\/blog\/#\/schema\/person\/dcab619c614d3038751c63bc2aadc06d\",\"name\":\"ulqini\",\"sameAs\":[\"http:\/\/www.visit-ulcinj.com\"],\"url\":\"https:\/\/www.visit-ulcinj.com\/blog\/author\/admin\/\"}]}<\/script>\n<!-- \/ Yoast SEO plugin. -->","yoast_head_json":{"title":"\u00c7iljeta: Ne janar ju tregoj se cfare behet me Romeon - Lajme nga Ulqini","description":"E bukur, seksi, josh\u00ebse dhe prej mbi 10 vjet\u00ebsh nj\u00eb nga femrat m\u00eb t\u00eb mikluara t\u00eb ekranit. Por, uragani \u00c7iljeta nuk di t\u00eb ndalet. Ashtu si edhe ky vit i","robots":{"index":"index","follow":"follow","max-snippet":"max-snippet:-1","max-image-preview":"max-image-preview:large","max-video-preview":"max-video-preview:-1"},"canonical":"https:\/\/www.visit-ulcinj.com\/blog\/2009\/12\/22\/ciljeta-ne-janar-ju-tregoj-se-cfare-behet-me-romeon\/","og_locale":"en_US","og_type":"article","og_title":"\u00c7iljeta: Ne janar ju tregoj se cfare behet me Romeon - Lajme nga Ulqini","og_description":"E bukur, seksi, josh\u00ebse dhe prej mbi 10 vjet\u00ebsh nj\u00eb nga femrat m\u00eb t\u00eb mikluara t\u00eb ekranit. Por, uragani \u00c7iljeta nuk di t\u00eb ndalet. Ashtu si edhe ky vit i","og_url":"https:\/\/www.visit-ulcinj.com\/blog\/2009\/12\/22\/ciljeta-ne-janar-ju-tregoj-se-cfare-behet-me-romeon\/","og_site_name":"Lajme nga Ulqini","article_published_time":"2009-12-22T21:13:08+00:00","og_image":[{"url":"https:\/\/www.visit-ulcinj.com\/blog\/wp-content\/uploads\/2009\/12\/Ciljeta-Xhilaga-150x150.jpg"}],"twitter_misc":{"Written by":"ulqini","Est. reading time":"5 minutes"},"schema":{"@context":"https:\/\/schema.org","@graph":[{"@type":"WebSite","@id":"https:\/\/www.visit-ulcinj.com\/blog\/#website","url":"https:\/\/www.visit-ulcinj.com\/blog\/","name":"Lajme nga Ulqini","description":"Lajme,Vijesti,Ulqini,Ulqin,Crna Gora,Mali i Zi","potentialAction":[{"@type":"SearchAction","target":{"@type":"EntryPoint","urlTemplate":"https:\/\/www.visit-ulcinj.com\/blog\/?s={search_term_string}"},"query-input":"required name=search_term_string"}],"inLanguage":"en-US"},{"@type":"ImageObject","inLanguage":"en-US","@id":"https:\/\/www.visit-ulcinj.com\/blog\/2009\/12\/22\/ciljeta-ne-janar-ju-tregoj-se-cfare-behet-me-romeon\/#primaryimage","url":"http:\/\/www.visit-ulcinj.com\/blog\/wp-content\/uploads\/2009\/12\/Ciljeta-Xhilaga.jpg","contentUrl":"http:\/\/www.visit-ulcinj.com\/blog\/wp-content\/uploads\/2009\/12\/Ciljeta-Xhilaga.jpg"},{"@type":"WebPage","@id":"https:\/\/www.visit-ulcinj.com\/blog\/2009\/12\/22\/ciljeta-ne-janar-ju-tregoj-se-cfare-behet-me-romeon\/#webpage","url":"https:\/\/www.visit-ulcinj.com\/blog\/2009\/12\/22\/ciljeta-ne-janar-ju-tregoj-se-cfare-behet-me-romeon\/","name":"\u00c7iljeta: Ne janar ju tregoj se cfare behet me Romeon - Lajme nga Ulqini","isPartOf":{"@id":"https:\/\/www.visit-ulcinj.com\/blog\/#website"},"primaryImageOfPage":{"@id":"https:\/\/www.visit-ulcinj.com\/blog\/2009\/12\/22\/ciljeta-ne-janar-ju-tregoj-se-cfare-behet-me-romeon\/#primaryimage"},"datePublished":"2009-12-22T21:13:08+00:00","dateModified":"2009-12-22T21:13:08+00:00","author":{"@id":"https:\/\/www.visit-ulcinj.com\/blog\/#\/schema\/person\/dcab619c614d3038751c63bc2aadc06d"},"description":"E bukur, seksi, josh\u00ebse dhe prej mbi 10 vjet\u00ebsh nj\u00eb nga femrat m\u00eb t\u00eb mikluara t\u00eb ekranit. Por, uragani \u00c7iljeta nuk di t\u00eb ndalet. Ashtu si edhe ky vit i","breadcrumb":{"@id":"https:\/\/www.visit-ulcinj.com\/blog\/2009\/12\/22\/ciljeta-ne-janar-ju-tregoj-se-cfare-behet-me-romeon\/#breadcrumb"},"inLanguage":"en-US","potentialAction":[{"@type":"ReadAction","target":["https:\/\/www.visit-ulcinj.com\/blog\/2009\/12\/22\/ciljeta-ne-janar-ju-tregoj-se-cfare-behet-me-romeon\/"]}]},{"@type":"BreadcrumbList","@id":"https:\/\/www.visit-ulcinj.com\/blog\/2009\/12\/22\/ciljeta-ne-janar-ju-tregoj-se-cfare-behet-me-romeon\/#breadcrumb","itemListElement":[{"@type":"ListItem","position":1,"name":"\u00c7iljeta: Ne janar ju tregoj se cfare behet me Romeon"}]},{"@type":"Person","@id":"https:\/\/www.visit-ulcinj.com\/blog\/#\/schema\/person\/dcab619c614d3038751c63bc2aadc06d","name":"ulqini","sameAs":["http:\/\/www.visit-ulcinj.com"],"url":"https:\/\/www.visit-ulcinj.com\/blog\/author\/admin\/"}]}},"jetpack_featured_media_url":"","jetpack_sharing_enabled":true,"jetpack_shortlink":"https:\/\/wp.me\/pe6lTn-7qH","_links":{"self":[{"href":"https:\/\/www.visit-ulcinj.com\/blog\/wp-json\/wp\/v2\/posts\/28563"}],"collection":[{"href":"https:\/\/www.visit-ulcinj.com\/blog\/wp-json\/wp\/v2\/posts"}],"about":[{"href":"https:\/\/www.visit-ulcinj.com\/blog\/wp-json\/wp\/v2\/types\/post"}],"author":[{"embeddable":true,"href":"https:\/\/www.visit-ulcinj.com\/blog\/wp-json\/wp\/v2\/users\/1"}],"replies":[{"embeddable":true,"href":"https:\/\/www.visit-ulcinj.com\/blog\/wp-json\/wp\/v2\/comments?post=28563"}],"version-history":[{"count":0,"href":"https:\/\/www.visit-ulcinj.com\/blog\/wp-json\/wp\/v2\/posts\/28563\/revisions"}],"wp:attachment":[{"href":"https:\/\/www.visit-ulcinj.com\/blog\/wp-json\/wp\/v2\/media?parent=28563"}],"wp:term":[{"taxonomy":"category","embeddable":true,"href":"https:\/\/www.visit-ulcinj.com\/blog\/wp-json\/wp\/v2\/categories?post=28563"},{"taxonomy":"post_tag","embeddable":true,"href":"https:\/\/www.visit-ulcinj.com\/blog\/wp-json\/wp\/v2\/tags?post=28563"}],"curies":[{"name":"wp","href":"https:\/\/api.w.org\/{rel}","templated":true}]}}