{"id":28580,"date":"2009-12-23T11:14:01","date_gmt":"2009-12-23T09:14:01","guid":{"rendered":"http:\/\/www.visit-ulcinj.com\/blog\/?p=28580"},"modified":"2009-12-23T14:59:35","modified_gmt":"2009-12-23T12:59:35","slug":"horizonti-i-ri-organizoi-seminarin-integrimet-evropiane-per-qytetin-tim","status":"publish","type":"post","link":"https:\/\/www.visit-ulcinj.com\/blog\/2009\/12\/23\/horizonti-i-ri-organizoi-seminarin-integrimet-evropiane-per-qytetin-tim\/","title":{"rendered":"Horizonti i ri organizoi seminarin Integrimet evropiane p\u00ebr qytetin tim &#8211; Video"},"content":{"rendered":"<p><a href=\"http:\/\/www.visit-ulcinj.com\/blog\/wp-content\/uploads\/2009\/12\/Horizonti-i-ri-organizoi-seminarin-Integrimet-evropiane-p\u00ebr-qytetin-tim.jpg\"><img loading=\"lazy\" class=\"alignleft size-full wp-image-28581\" title=\"Horizonti i ri organizoi seminarin Integrimet evropiane p\u00ebr qytetin tim\" src=\"http:\/\/www.visit-ulcinj.com\/blog\/wp-content\/uploads\/2009\/12\/Horizonti-i-ri-organizoi-seminarin-Integrimet-evropiane-p\u00ebr-qytetin-tim.jpg\" alt=\"Horizonti i ri organizoi seminarin Integrimet evropiane p\u00ebr qytetin tim\" width=\"580\" height=\"303\" \/><\/a>T\u00eb premten me 18 dhjetor 2009, n\u00eb Hotelin \u201cMediteran\u201d n\u00eb Ulqin, Organizata e Shoq\u00ebris\u00eb Civile HORIZONTI I RI organizoi seminarin me titull \u201cINTEGRIMET EVROPIANE P\u00cbR QYTETIN TIM\u201d.<br \/>\nNevoja e forcimit t\u00eb kapaciteteve t\u00eb administrat\u00ebs publike, q\u00eb me sukses t\u2019i p\u00ebrballoj\u00eb pun\u00ebt dhe obligimet q\u00eb sjellin proceset integruese, \u00ebsht\u00eb nj\u00eb prej prioriteteve edhe t\u00eb Planit Nacional t\u00eb integrimeve, por edhe nj\u00eb prej k\u00ebrkesave t\u00eb vazhdueshme t\u00eb Komisionit evropian. N\u00eb k\u00ebt\u00eb kontekst, OJQ \u201cHORIZONTI i RI\u201d ka konceptuar nj\u00eb program informativ dhe trajnues p\u00ebr zyrtar\u00ebt e Komun\u00ebs s\u00eb Ulqinit, p\u00ebr k\u00ebshilltar\u00ebt e Parlamentit lokal dhe drejtuesit e nd\u00ebrmarrjeve publike lokale. Seminari q\u00eb u realizua n\u00eb kuad\u00ebr t\u00eb k\u00ebtij programi, kishte p\u00ebr q\u00ebllim:<\/p>\n<ul>\n<li> informimin e zyrtar\u00ebve t\u00eb Komun\u00ebs s\u00eb Ulqinit p\u00ebr iden\u00eb, historikun dhe institucionet e BE-s\u00eb si\u00a0 dhe p\u00ebr pozit\u00ebn e Malit t\u00eb Zi n\u00eb procesin e integrimeve evropiane,si dhe<\/li>\n<\/ul>\n<ul>\n<li> forcimi i kapaciteteve t\u00eb Administrat\u00ebs vendore me q\u00ebllim t\u00eb p\u00ebrgatitjes sa m\u00eb t\u00eb mir\u00eb p\u00ebr procesin e an\u00ebtar\u00ebsimit n\u00eb BE, duke u njoftuar me rolin e vet\u00ebqeverisjes lokale n\u00eb k\u00ebt\u00eb proces<\/li>\n<\/ul>\n<p>Ligj\u00ebrues n\u00eb k\u00ebt\u00eb seminar ishin ekspert\u00eb t\u00eb dalluar n\u00eb fush\u00ebn e integrimeve evropiane dhe t\u00eb sistemit t\u00eb vet\u00ebqeverisjes lokale:<\/p>\n<ul>\n<li>Ratka Sekuloviq \u2013 ndihm\u00ebministre n\u00eb Ministrin\u00eb e integrimeve evropiane t\u00eb Malit t\u00eb Zi,<\/li>\n<\/ul>\n<ul>\n<li>Sasha Shqekiq nga Bashk\u00ebsia e komunave t\u00eb Malit t\u00eb Zi dhe<\/li>\n<\/ul>\n<ul>\n<li>Agron Camaj \u2013 menaxher i Programit t\u00eb bashk\u00ebpunimit nd\u00ebrkufitar Shqip\u00ebri \u2013 Mali i Zi.<\/li>\n<\/ul>\n<p>\u201cDuke pasur parasysh faktin q\u00eb procesi i integrimeve evropiane ka nj\u00eb r\u00ebnd\u00ebsi t\u00eb ve\u00e7ant\u00eb n\u00eb jet\u00ebn e qytetar\u00ebve dhe se rreth 75% e normave ligjore t\u00eb Bashkimit Evropian do t\u00eb implemetohen pik\u00ebrisht n\u00eb nivelin lokal, roli i vet\u00ebqeverisjes lokale n\u00eb k\u00ebt\u00eb proces merr nj\u00eb karakter fundamental. ULQINI si qytet bregdetar dhe qytet i brezit kufitar, g\u00ebzon mund\u00ebsin\u00eb e shfryt\u00ebzimit t\u00eb mjeteve t\u00eb konsiderueshme nga fondet evropiane. Nga k\u00ebto programe mund t\u00eb ket\u00eb p\u00ebrfitim direkt Administrata lokale, nd\u00ebrmarrjet publike, mbrojta e ambientit jet\u00ebsor, zhvillimi i kultur\u00ebs, turizmit, etj. Prandaj konsiderojm\u00eb se \u00ebsht\u00eb m\u00eb se e nevojshme q\u00eb t\u00eb p\u00ebrgatitemi sa m\u00eb mir\u00eb p\u00ebr proceset integruese dhe p\u00ebr hapat q\u00eb duhet t\u00eb nd\u00ebrmerren n\u00eb periudh\u00ebn e ardhshme\u201c \u2013 ishte nj\u00eb prej rekomandimeve t\u00eb k\u00ebtij seminari. Ky aktivitet u realizua n\u00eb bashk\u00ebpunim me Sh\u00ebrbimin e Kryeadministratorit t\u00eb Komun\u00ebs s\u00eb Ulqinit dhe me mjetet financiare nga buxheti i Komun\u00ebs s\u00eb Ulqinit.<\/p>\n<p><a href=\"http:\/\/www.ngo-horizonti.org\/index.php?option=com_content&amp;task=view&amp;id=53&amp;Itemid=1\" target=\"_blank\"><strong>Horizonti i ri<\/strong><\/a><br \/>\n\n\t\t<style type=\"text\/css\">\n\t\t\t#gallery-1 {\n\t\t\t\tmargin: auto;\n\t\t\t}\n\t\t\t#gallery-1 .gallery-item {\n\t\t\t\tfloat: left;\n\t\t\t\tmargin-top: 10px;\n\t\t\t\ttext-align: center;\n\t\t\t\twidth: 33%;\n\t\t\t}\n\t\t\t#gallery-1 img {\n\t\t\t\tborder: 2px solid #cfcfcf;\n\t\t\t}\n\t\t\t#gallery-1 .gallery-caption {\n\t\t\t\tmargin-left: 0;\n\t\t\t}\n\t\t\t\/* see gallery_shortcode() in wp-includes\/media.php *\/\n\t\t<\/style>\n\t\t<div id='gallery-1' class='gallery galleryid-28580 gallery-columns-3 gallery-size-thumbnail'><dl class='gallery-item'>\n\t\t\t<dt class='gallery-icon '>\n\t\t\t\t<a href='https:\/\/www.visit-ulcinj.com\/blog\/wp-content\/uploads\/2009\/12\/Horizonti-i-ri-organizoi-seminarin-Integrimet-evropiane-p\u00c3\u00abr-qytetin-tim.jpg'><img width=\"1\" height=\"1\" src=\"https:\/\/www.visit-ulcinj.com\/blog\/wp-content\/uploads\/2009\/12\/Horizonti-i-ri-organizoi-seminarin-Integrimet-evropiane-p\u00c3\u00abr-qytetin-tim.jpg\" class=\"attachment-thumbnail size-thumbnail\" alt=\"\" loading=\"lazy\" \/><\/a>\n\t\t\t<\/dt><\/dl><dl class='gallery-item'>\n\t\t\t<dt class='gallery-icon landscape'>\n\t\t\t\t<a href='https:\/\/www.visit-ulcinj.com\/blog\/wp-content\/uploads\/2009\/12\/Seminar_Ulqin_Integrimet-evropiane.jpg'><img width=\"150\" height=\"150\" src=\"https:\/\/www.visit-ulcinj.com\/blog\/wp-content\/uploads\/2009\/12\/Seminar_Ulqin_Integrimet-evropiane-150x150.jpg\" class=\"attachment-thumbnail size-thumbnail\" alt=\"\" loading=\"lazy\" \/><\/a>\n\t\t\t<\/dt><\/dl><dl class='gallery-item'>\n\t\t\t<dt class='gallery-icon landscape'>\n\t\t\t\t<a href='https:\/\/www.visit-ulcinj.com\/blog\/wp-content\/uploads\/2009\/12\/Seminar_Ulqin_Integrimet-evropiane.1.jpg'><img width=\"150\" height=\"150\" src=\"https:\/\/www.visit-ulcinj.com\/blog\/wp-content\/uploads\/2009\/12\/Seminar_Ulqin_Integrimet-evropiane.1-150x150.jpg\" class=\"attachment-thumbnail size-thumbnail\" alt=\"\" loading=\"lazy\" \/><\/a>\n\t\t\t<\/dt><\/dl><br style=\"clear: both\" \/><dl class='gallery-item'>\n\t\t\t<dt class='gallery-icon landscape'>\n\t\t\t\t<a href='https:\/\/www.visit-ulcinj.com\/blog\/wp-content\/uploads\/2009\/12\/Seminar_Ulqin_Integrimet-evropiane.3.jpg'><img width=\"150\" height=\"150\" src=\"https:\/\/www.visit-ulcinj.com\/blog\/wp-content\/uploads\/2009\/12\/Seminar_Ulqin_Integrimet-evropiane.3-150x150.jpg\" class=\"attachment-thumbnail size-thumbnail\" alt=\"\" loading=\"lazy\" \/><\/a>\n\t\t\t<\/dt><\/dl><dl class='gallery-item'>\n\t\t\t<dt class='gallery-icon landscape'>\n\t\t\t\t<a href='https:\/\/www.visit-ulcinj.com\/blog\/wp-content\/uploads\/2009\/12\/Seminar_Ulqin_Integrimet-evropiane.4.jpg'><img width=\"150\" height=\"150\" src=\"https:\/\/www.visit-ulcinj.com\/blog\/wp-content\/uploads\/2009\/12\/Seminar_Ulqin_Integrimet-evropiane.4-150x150.jpg\" class=\"attachment-thumbnail size-thumbnail\" alt=\"\" loading=\"lazy\" \/><\/a>\n\t\t\t<\/dt><\/dl><dl class='gallery-item'>\n\t\t\t<dt class='gallery-icon landscape'>\n\t\t\t\t<a href='https:\/\/www.visit-ulcinj.com\/blog\/wp-content\/uploads\/2009\/12\/Seminar_Ulqin_Integrimet-evropiane.5.jpg'><img width=\"150\" height=\"150\" src=\"https:\/\/www.visit-ulcinj.com\/blog\/wp-content\/uploads\/2009\/12\/Seminar_Ulqin_Integrimet-evropiane.5-150x150.jpg\" class=\"attachment-thumbnail size-thumbnail\" alt=\"\" loading=\"lazy\" \/><\/a>\n\t\t\t<\/dt><\/dl><br style=\"clear: both\" \/><dl class='gallery-item'>\n\t\t\t<dt class='gallery-icon '>\n\t\t\t\t<a href='https:\/\/www.visit-ulcinj.com\/blog\/wp-content\/uploads\/2009\/12\/Ratka-Sekulovi\u00c4\u2020.jpg'><img width=\"1\" height=\"1\" src=\"https:\/\/www.visit-ulcinj.com\/blog\/wp-content\/uploads\/2009\/12\/Ratka-Sekulovi\u00c4\u2020.jpg\" class=\"attachment-thumbnail size-thumbnail\" alt=\"\" loading=\"lazy\" \/><\/a>\n\t\t\t<\/dt><\/dl><dl class='gallery-item'>\n\t\t\t<dt class='gallery-icon '>\n\t\t\t\t<a href='https:\/\/www.visit-ulcinj.com\/blog\/wp-content\/uploads\/2009\/12\/Sa\u00c5\u00a1a-\u00c5\u00a0\u00c4\u2020eki\u00c4\u2020.jpg'><img width=\"1\" height=\"1\" src=\"https:\/\/www.visit-ulcinj.com\/blog\/wp-content\/uploads\/2009\/12\/Sa\u00c5\u00a1a-\u00c5\u00a0\u00c4\u2020eki\u00c4\u2020.jpg\" class=\"attachment-thumbnail size-thumbnail\" alt=\"\" loading=\"lazy\" \/><\/a>\n\t\t\t<\/dt><\/dl><dl class='gallery-item'>\n\t\t\t<dt class='gallery-icon landscape'>\n\t\t\t\t<a href='https:\/\/www.visit-ulcinj.com\/blog\/wp-content\/uploads\/2009\/12\/Agron-Camaj.jpg'><img width=\"150\" height=\"150\" src=\"https:\/\/www.visit-ulcinj.com\/blog\/wp-content\/uploads\/2009\/12\/Agron-Camaj-150x150.jpg\" class=\"attachment-thumbnail size-thumbnail\" alt=\"\" loading=\"lazy\" \/><\/a>\n\t\t\t<\/dt><\/dl><br style=\"clear: both\" \/>\n\t\t<\/div>\n<\/p>\n<!--YouTube Error: bad URL entered-->\n","protected":false},"excerpt":{"rendered":"<p>T\u00eb premten me 18 dhjetor 2009, n\u00eb Hotelin \u201cMediteran\u201d n\u00eb Ulqin, Organizata e Shoq\u00ebris\u00eb Civile HORIZONTI I RI organizoi seminarin me titull \u201cINTEGRIMET EVROPIANE P\u00cbR QYTETIN TIM\u201d. Nevoja e forcimit t\u00eb kapaciteteve t\u00eb administrat\u00ebs publike, q\u00eb me sukses t\u2019i p\u00ebrballoj\u00eb pun\u00ebt dhe obligimet q\u00eb sjellin proceset integruese, \u00ebsht\u00eb nj\u00eb prej prioriteteve edhe t\u00eb Planit Nacional [&hellip;]<\/p>\n","protected":false},"author":1,"featured_media":0,"comment_status":"open","ping_status":"closed","sticky":false,"template":"","format":"standard","meta":{"spay_email":"","jetpack_publicize_message":"","jetpack_is_tweetstorm":false,"jetpack_publicize_feature_enabled":true},"categories":[11],"tags":[13092,3212,854,2442,9954,13091,13088,13089,13090,13087,200,18],"jetpack_publicize_connections":[],"yoast_head":"<!-- This site is optimized with the Yoast SEO plugin v19.1 - https:\/\/yoast.com\/wordpress\/plugins\/seo\/ -->\n<title>Horizonti i ri organizoi seminarin Integrimet evropiane p\u00ebr qytetin tim - Video - Lajme nga Ulqini<\/title>\n<meta name=\"description\" content=\"T\u00eb premten me 18 dhjetor 2009, n\u00eb Hotelin \u201cMediteran\u201d n\u00eb Ulqin, Organizata e Shoq\u00ebris\u00eb Civile HORIZONTI I RI organizoi seminarin me titull \u201cINTEGRIMET\" \/>\n<meta name=\"robots\" content=\"index, follow, max-snippet:-1, max-image-preview:large, max-video-preview:-1\" \/>\n<link rel=\"canonical\" href=\"https:\/\/www.visit-ulcinj.com\/blog\/2009\/12\/23\/horizonti-i-ri-organizoi-seminarin-integrimet-evropiane-per-qytetin-tim\/\" \/>\n<meta property=\"og:locale\" content=\"en_US\" \/>\n<meta property=\"og:type\" content=\"article\" \/>\n<meta property=\"og:title\" content=\"Horizonti i ri organizoi seminarin Integrimet evropiane p\u00ebr qytetin tim - Video - Lajme nga Ulqini\" \/>\n<meta property=\"og:description\" content=\"T\u00eb premten me 18 dhjetor 2009, n\u00eb Hotelin \u201cMediteran\u201d n\u00eb Ulqin, Organizata e Shoq\u00ebris\u00eb Civile HORIZONTI I RI organizoi seminarin me titull \u201cINTEGRIMET\" \/>\n<meta property=\"og:url\" content=\"https:\/\/www.visit-ulcinj.com\/blog\/2009\/12\/23\/horizonti-i-ri-organizoi-seminarin-integrimet-evropiane-per-qytetin-tim\/\" \/>\n<meta property=\"og:site_name\" content=\"Lajme nga Ulqini\" \/>\n<meta property=\"article:published_time\" content=\"2009-12-23T09:14:01+00:00\" \/>\n<meta property=\"article:modified_time\" content=\"2009-12-23T12:59:35+00:00\" \/>\n<meta property=\"og:image\" content=\"https:\/\/www.visit-ulcinj.com\/blog\/wp-content\/uploads\/2009\/12\/Horizonti-i-ri-organizoi-seminarin-Integrimet-evropiane-p\u00c3\u00abr-qytetin-tim.jpg\" \/>\n<meta name=\"twitter:label1\" content=\"Written by\" \/>\n\t<meta name=\"twitter:data1\" content=\"ulqini\" \/>\n\t<meta name=\"twitter:label2\" content=\"Est. reading time\" \/>\n\t<meta name=\"twitter:data2\" content=\"2 minutes\" \/>\n<script type=\"application\/ld+json\" class=\"yoast-schema-graph\">{\"@context\":\"https:\/\/schema.org\",\"@graph\":[{\"@type\":\"WebSite\",\"@id\":\"https:\/\/www.visit-ulcinj.com\/blog\/#website\",\"url\":\"https:\/\/www.visit-ulcinj.com\/blog\/\",\"name\":\"Lajme nga Ulqini\",\"description\":\"Lajme,Vijesti,Ulqini,Ulqin,Crna Gora,Mali i Zi\",\"potentialAction\":[{\"@type\":\"SearchAction\",\"target\":{\"@type\":\"EntryPoint\",\"urlTemplate\":\"https:\/\/www.visit-ulcinj.com\/blog\/?s={search_term_string}\"},\"query-input\":\"required name=search_term_string\"}],\"inLanguage\":\"en-US\"},{\"@type\":\"WebPage\",\"@id\":\"https:\/\/www.visit-ulcinj.com\/blog\/2009\/12\/23\/horizonti-i-ri-organizoi-seminarin-integrimet-evropiane-per-qytetin-tim\/#webpage\",\"url\":\"https:\/\/www.visit-ulcinj.com\/blog\/2009\/12\/23\/horizonti-i-ri-organizoi-seminarin-integrimet-evropiane-per-qytetin-tim\/\",\"name\":\"Horizonti i ri organizoi seminarin Integrimet evropiane p\u00ebr qytetin tim - Video - Lajme nga Ulqini\",\"isPartOf\":{\"@id\":\"https:\/\/www.visit-ulcinj.com\/blog\/#website\"},\"datePublished\":\"2009-12-23T09:14:01+00:00\",\"dateModified\":\"2009-12-23T12:59:35+00:00\",\"author\":{\"@id\":\"https:\/\/www.visit-ulcinj.com\/blog\/#\/schema\/person\/dcab619c614d3038751c63bc2aadc06d\"},\"description\":\"T\u00eb premten me 18 dhjetor 2009, n\u00eb Hotelin \u201cMediteran\u201d n\u00eb Ulqin, Organizata e Shoq\u00ebris\u00eb Civile HORIZONTI I RI organizoi seminarin me titull \u201cINTEGRIMET\",\"breadcrumb\":{\"@id\":\"https:\/\/www.visit-ulcinj.com\/blog\/2009\/12\/23\/horizonti-i-ri-organizoi-seminarin-integrimet-evropiane-per-qytetin-tim\/#breadcrumb\"},\"inLanguage\":\"en-US\",\"potentialAction\":[{\"@type\":\"ReadAction\",\"target\":[\"https:\/\/www.visit-ulcinj.com\/blog\/2009\/12\/23\/horizonti-i-ri-organizoi-seminarin-integrimet-evropiane-per-qytetin-tim\/\"]}]},{\"@type\":\"BreadcrumbList\",\"@id\":\"https:\/\/www.visit-ulcinj.com\/blog\/2009\/12\/23\/horizonti-i-ri-organizoi-seminarin-integrimet-evropiane-per-qytetin-tim\/#breadcrumb\",\"itemListElement\":[{\"@type\":\"ListItem\",\"position\":1,\"name\":\"Horizonti i ri organizoi seminarin Integrimet evropiane p\u00ebr qytetin tim &#8211; Video\"}]},{\"@type\":\"Person\",\"@id\":\"https:\/\/www.visit-ulcinj.com\/blog\/#\/schema\/person\/dcab619c614d3038751c63bc2aadc06d\",\"name\":\"ulqini\",\"sameAs\":[\"http:\/\/www.visit-ulcinj.com\"],\"url\":\"https:\/\/www.visit-ulcinj.com\/blog\/author\/admin\/\"}]}<\/script>\n<!-- \/ Yoast SEO plugin. -->","yoast_head_json":{"title":"Horizonti i ri organizoi seminarin Integrimet evropiane p\u00ebr qytetin tim - Video - Lajme nga Ulqini","description":"T\u00eb premten me 18 dhjetor 2009, n\u00eb Hotelin \u201cMediteran\u201d n\u00eb Ulqin, Organizata e Shoq\u00ebris\u00eb Civile HORIZONTI I RI organizoi seminarin me titull \u201cINTEGRIMET","robots":{"index":"index","follow":"follow","max-snippet":"max-snippet:-1","max-image-preview":"max-image-preview:large","max-video-preview":"max-video-preview:-1"},"canonical":"https:\/\/www.visit-ulcinj.com\/blog\/2009\/12\/23\/horizonti-i-ri-organizoi-seminarin-integrimet-evropiane-per-qytetin-tim\/","og_locale":"en_US","og_type":"article","og_title":"Horizonti i ri organizoi seminarin Integrimet evropiane p\u00ebr qytetin tim - Video - Lajme nga Ulqini","og_description":"T\u00eb premten me 18 dhjetor 2009, n\u00eb Hotelin \u201cMediteran\u201d n\u00eb Ulqin, Organizata e Shoq\u00ebris\u00eb Civile HORIZONTI I RI organizoi seminarin me titull \u201cINTEGRIMET","og_url":"https:\/\/www.visit-ulcinj.com\/blog\/2009\/12\/23\/horizonti-i-ri-organizoi-seminarin-integrimet-evropiane-per-qytetin-tim\/","og_site_name":"Lajme nga Ulqini","article_published_time":"2009-12-23T09:14:01+00:00","article_modified_time":"2009-12-23T12:59:35+00:00","og_image":[{"url":"https:\/\/www.visit-ulcinj.com\/blog\/wp-content\/uploads\/2009\/12\/Horizonti-i-ri-organizoi-seminarin-Integrimet-evropiane-p\u00c3\u00abr-qytetin-tim.jpg"}],"twitter_misc":{"Written by":"ulqini","Est. reading time":"2 minutes"},"schema":{"@context":"https:\/\/schema.org","@graph":[{"@type":"WebSite","@id":"https:\/\/www.visit-ulcinj.com\/blog\/#website","url":"https:\/\/www.visit-ulcinj.com\/blog\/","name":"Lajme nga Ulqini","description":"Lajme,Vijesti,Ulqini,Ulqin,Crna Gora,Mali i Zi","potentialAction":[{"@type":"SearchAction","target":{"@type":"EntryPoint","urlTemplate":"https:\/\/www.visit-ulcinj.com\/blog\/?s={search_term_string}"},"query-input":"required name=search_term_string"}],"inLanguage":"en-US"},{"@type":"WebPage","@id":"https:\/\/www.visit-ulcinj.com\/blog\/2009\/12\/23\/horizonti-i-ri-organizoi-seminarin-integrimet-evropiane-per-qytetin-tim\/#webpage","url":"https:\/\/www.visit-ulcinj.com\/blog\/2009\/12\/23\/horizonti-i-ri-organizoi-seminarin-integrimet-evropiane-per-qytetin-tim\/","name":"Horizonti i ri organizoi seminarin Integrimet evropiane p\u00ebr qytetin tim - Video - Lajme nga Ulqini","isPartOf":{"@id":"https:\/\/www.visit-ulcinj.com\/blog\/#website"},"datePublished":"2009-12-23T09:14:01+00:00","dateModified":"2009-12-23T12:59:35+00:00","author":{"@id":"https:\/\/www.visit-ulcinj.com\/blog\/#\/schema\/person\/dcab619c614d3038751c63bc2aadc06d"},"description":"T\u00eb premten me 18 dhjetor 2009, n\u00eb Hotelin \u201cMediteran\u201d n\u00eb Ulqin, Organizata e Shoq\u00ebris\u00eb Civile HORIZONTI I RI organizoi seminarin me titull \u201cINTEGRIMET","breadcrumb":{"@id":"https:\/\/www.visit-ulcinj.com\/blog\/2009\/12\/23\/horizonti-i-ri-organizoi-seminarin-integrimet-evropiane-per-qytetin-tim\/#breadcrumb"},"inLanguage":"en-US","potentialAction":[{"@type":"ReadAction","target":["https:\/\/www.visit-ulcinj.com\/blog\/2009\/12\/23\/horizonti-i-ri-organizoi-seminarin-integrimet-evropiane-per-qytetin-tim\/"]}]},{"@type":"BreadcrumbList","@id":"https:\/\/www.visit-ulcinj.com\/blog\/2009\/12\/23\/horizonti-i-ri-organizoi-seminarin-integrimet-evropiane-per-qytetin-tim\/#breadcrumb","itemListElement":[{"@type":"ListItem","position":1,"name":"Horizonti i ri organizoi seminarin Integrimet evropiane p\u00ebr qytetin tim &#8211; Video"}]},{"@type":"Person","@id":"https:\/\/www.visit-ulcinj.com\/blog\/#\/schema\/person\/dcab619c614d3038751c63bc2aadc06d","name":"ulqini","sameAs":["http:\/\/www.visit-ulcinj.com"],"url":"https:\/\/www.visit-ulcinj.com\/blog\/author\/admin\/"}]}},"jetpack_featured_media_url":"","jetpack_sharing_enabled":true,"jetpack_shortlink":"https:\/\/wp.me\/pe6lTn-7qY","_links":{"self":[{"href":"https:\/\/www.visit-ulcinj.com\/blog\/wp-json\/wp\/v2\/posts\/28580"}],"collection":[{"href":"https:\/\/www.visit-ulcinj.com\/blog\/wp-json\/wp\/v2\/posts"}],"about":[{"href":"https:\/\/www.visit-ulcinj.com\/blog\/wp-json\/wp\/v2\/types\/post"}],"author":[{"embeddable":true,"href":"https:\/\/www.visit-ulcinj.com\/blog\/wp-json\/wp\/v2\/users\/1"}],"replies":[{"embeddable":true,"href":"https:\/\/www.visit-ulcinj.com\/blog\/wp-json\/wp\/v2\/comments?post=28580"}],"version-history":[{"count":0,"href":"https:\/\/www.visit-ulcinj.com\/blog\/wp-json\/wp\/v2\/posts\/28580\/revisions"}],"wp:attachment":[{"href":"https:\/\/www.visit-ulcinj.com\/blog\/wp-json\/wp\/v2\/media?parent=28580"}],"wp:term":[{"taxonomy":"category","embeddable":true,"href":"https:\/\/www.visit-ulcinj.com\/blog\/wp-json\/wp\/v2\/categories?post=28580"},{"taxonomy":"post_tag","embeddable":true,"href":"https:\/\/www.visit-ulcinj.com\/blog\/wp-json\/wp\/v2\/tags?post=28580"}],"curies":[{"name":"wp","href":"https:\/\/api.w.org\/{rel}","templated":true}]}}