{"id":28623,"date":"2009-12-23T12:46:08","date_gmt":"2009-12-23T10:46:08","guid":{"rendered":"http:\/\/www.visit-ulcinj.com\/blog\/?p=28623"},"modified":"2009-12-23T14:58:35","modified_gmt":"2009-12-23T12:58:35","slug":"sesion-shkencor-te-dymdhjete-vjetorit-pas-vdekjes-se-gjergj-gjokaj-t","status":"publish","type":"post","link":"https:\/\/www.visit-ulcinj.com\/blog\/2009\/12\/23\/sesion-shkencor-te-dymdhjete-vjetorit-pas-vdekjes-se-gjergj-gjokaj-t\/","title":{"rendered":"Sesion shkencor t\u00eb dymdhjet\u00eb vjetorit pas vdekjes s\u00eb Gjergj Gjokaj-t &#8211; Video"},"content":{"rendered":"<p><a href=\"http:\/\/www.visit-ulcinj.com\/blog\/wp-content\/uploads\/2009\/12\/Gjergj-Gjokaj.jpg\"><img loading=\"lazy\" class=\"alignleft size-full wp-image-28624\" title=\"Gjergj Gjokaj\" src=\"http:\/\/www.visit-ulcinj.com\/blog\/wp-content\/uploads\/2009\/12\/Gjergj-Gjokaj.jpg\" alt=\"Gjergj Gjokaj\" width=\"360\" height=\"563\" srcset=\"https:\/\/www.visit-ulcinj.com\/blog\/wp-content\/uploads\/2009\/12\/Gjergj-Gjokaj.jpg 360w, https:\/\/www.visit-ulcinj.com\/blog\/wp-content\/uploads\/2009\/12\/Gjergj-Gjokaj-191x300.jpg 191w\" sizes=\"(max-width: 360px) 100vw, 360px\" \/><\/a>Kaluan dhjete vjet prej qe se u nda prej nesh intelektuali, profesori,dhe me se miri te them njeriu i madh Gjergj Gjokaj. Nuk besoj se ka shqiptar ne Mal te Zi por edhe me gjer qe nuk din se kush ka qene Gjergj Gjokaj. Njeriu qe me fjale te bukura dhe te urta luftoi qe te ruhen gjuha dhe tradita, por edhe qe te shuhen gjera te prapambetura qe nuk i takonin kohes, si ajo per gjakmarrje. Njeriu i cili luftoi per te drejten e fjales shqipe ne radio Titograd ne vitin 1965. Njeriu qe i pari botoi revisten e pare shqipe ne Mal te Zi, pra ate me emrin KOHA. Meritat jane te shumta, por te them se Beslidhja e Malesise eshte me madhja. Gjergji fitoi sulm ne zemer ne mbremjen e 27 nentorit 1997, ku ne Tuz kremtonin 85 vjetorin e pavarsise. Jetoi edhe dy dite dhe u nda nga jeta. Fjalet e i tij i fundit ishin se sa i shqetesuar ishte per percarjet nderpartiake te shqiptaret e MZ.Ishte njeriu qe luftoi deri ne momentin e fundit per intereset shqiptare. Ky ne Malesi dhe Anton \u00c7eta ne Kosove, kan kryere vepra qe do te mbesin sa te jet jeta ne histori.Lavdi veprave te Gjergj Gjokaj!<br \/>\n<strong><br \/>\nEpisode kujtimi dhe bashk\u00ebpunimi<\/strong><\/p>\n<p><strong>Mr. Ismail Doda<\/strong><\/p>\n<p>Me mikun tim t\u00eb vjet\u00ebr Gjergj Dakun Gjokaj u njoftova pasi mbarova p\u00ebr arsimtar dhe po punoja n\u00eb Kraj\u00eb, nj\u00eb dit\u00eb marsi t\u00eb vitit 1966, n\u00eb zyr\u00ebn e tij si redaktor i Emisionit shqip (nga viti 1965) n\u00eb Radio Titogradin e at\u00ebhersh\u00ebm. Vazhdova t\u00eb jem korrespondent nga Kraja. Rreth vitit 1970, bashk\u00eb me t\u00eb, me Mirash Goj\u00e7ajn dhe me p\u00ebrkrahjen e ndonj\u00eb dashamiri t\u00eb rrall\u00eb t\u00eb kultur\u00ebs nga klasa politike shqiptare e koh\u00ebs k\u00ebrkuam dhe ia dol\u00ebm tzi bindnim strukturat e Radio Titogradit q\u00eb ky emision t\u00eb b\u00ebhej i p\u00ebrditsh\u00ebm. Gjegji kishte nj\u00eb z\u00eb t\u00eb bukur dhe prirje prej gazetari profesionist. Ishte nj\u00eb kuad\u00ebr i rrall\u00eb.<\/p>\n<p>Si p\u00ebrfaq\u00ebsues i Pleq\u00ebsis\u00eb s\u00eb Vendit nga Kraja, m\u00eb 28 qershor 1970 m\u00eb ftuan n\u00eb Tuz, n\u00eb Bes\u00eblidhjen e Mal\u00ebsis\u00eb, ku Gjergj Gjokaj ndri\u00e7oi si meteor. Meq\u00eb ndodhesha n\u00eb nj\u00eb provim n\u00eb Prishtin\u00eb, szpata mund\u00ebsi t\u00eb vij aty. Q\u00eb z\u00eb zanafill\u00eb, pas nj\u00eb rasti t\u00eb sh\u00ebmtuar dhe tragjik, q\u00eb ishte sprov\u00eb p\u00ebr t\u00eb gjith\u00eb n\u00eb Mal\u00ebsi, dikush tentoi q\u00eb n\u00eb gazeta ta sulmoj\u00eb Bes\u00eblidhjen. Gjergj Gjokaj me fakte t\u00eb pamohueshme e mbroi. Bes\u00eblidhja e dha provimin dhe koh\u00ebs i p\u00ebrballoi. Ajo u b\u00eb nj\u00eb shembull i mir\u00eb dhe model p\u00ebr krejt kombin si t\u00eb b\u00ebhet pajtimi dhe t\u00eb \u00e7rranjosen hakmarrja e gjakmarrja.<\/p>\n<p>Isha n\u00eb nj\u00ebzetvjetorin e k\u00ebtij jubileu (1 korrik 1990). Fest\u00eb e madhe, me p\u00ebrmasa komb\u00ebtare. Policia e Malit t\u00eb Zi ishte \u00e7ua n\u00eb k\u00ebmb\u00eb. Gjat\u00eb rrug\u00ebs na ndaluan dhe kontrolluan n\u00eb Shestan, Virpazar dhe n\u00eb Tuz.<br \/>\nN\u00eb rrug\u00eb kishin ndaluar kryepleqnarin e Kosov\u00ebs, Anton \u00c7ett\u00ebn dhe an\u00ebtar\u00ebt e tjer\u00eb t\u00eb Alternativ\u00ebs Kosovare.<br \/>\nN\u00eb qend\u00ebr t\u00eb Tuzit m\u00eb del para e motra e Gjergj Gjokajt dhe m\u00eb thot\u00eb \u201cRuajuni se sot ju p\u00ebrcjellin fort!\u201d<br \/>\n&#8211; \u201cMos kini frik\u00eb, oj mot\u00ebr, se szkan\u00eb \u00e7zt\u00eb b\u00ebjn\u00eb, ia pres un\u00eb.\u201d<br \/>\nTuzi ishte mbushur p\u00ebrplot me forcat e uniform\u00ebs blu, si\u00e7 thuhet n\u00eb Kraj\u00eb: miz\u00eb p\u00ebr k\u00ebrcu! Kishte m\u00eb shum\u00eb nga ata q miq t\u00eb ftuar. Shteti frik\u00ebsohej se di\u00e7ka do t\u00eb ndodh\u00eb, duke aluduar te fenomeni demokratik q\u00eb kishte filluar t\u00eb rrezatoj\u00eb. Te Gjimnazi tubimin e kan\u00eb hap bajraktari i Hotit n\u00eb em\u00ebr t\u00eb Mal\u00ebsis\u00eb, Liko Mani \u00c7unmulaj. Fjal\u00ebn e merr dhe flet kryetari i Bes\u00eblidhjes, Gjergj Gjokaj. Mal\u00ebsor\u00ebt trima, bujar\u00eb dhe mikprit\u00ebs shtrojn\u00eb sofrat te Kroni i Traboinit. Aty vijn\u00eb edhe sigurimcat e paftuar. Lugina ishte e rrethuar. Ky veprim arriti kund\u00ebrefekt. N\u00eb truall t\u00eb gjelb\u00ebr, plot hije, luhet vallja dhe jehon k\u00ebnga nga Shaban Gjekaj e Nikoll\u00eb Nikprelaj. Mark Krasniqi recitoi nj\u00eb vjersh\u00eb q\u00eb pasqyronte hijet q\u00eb na p\u00ebrcillnin.<\/p>\n<p>Me Gjergj Gjokajn, Luc\u00eb Lucajn dhe Gjergj Berishajn botuam doracakun &#8220;N\u00eb preh\u00ebr t\u00eb jet\u00ebs s\u00eb re&#8221; (1976). Punuam shum\u00eb n\u00eb zyra t\u00eb Entit Nd\u00ebrkomunal Pedagogjik, edhe t\u00ebr\u00eb nat\u00ebn pa mbyllur sy.<br \/>\nNj\u00eb grup krijuesish redaktuam revist\u00ebn &#8220;Koha&#8221; (1978 &#8211; 1989). Gjergj Gjokajn e pat\u00ebm n\u00eb krye t\u00eb saj, si promotor dhe kryeredaktor. Gjat\u00eb p\u00ebrpunimit, shtjellimit dhe redaktimit t\u00eb materialeve t\u00eb gjith\u00eb thelloheshin n\u00eb pun\u00eb. Por, dor\u00ebn n\u00eb zem\u00ebr, Gjergji disi m\u00eb shum\u00eb. Ai e ndizte cigaren e duhanit. Pasi e thithte dy-tri her\u00eb, e lente n\u00eb taketuke. Vazhdonte pun\u00ebn dhe asaj szi kthehej m\u00eb. K\u00ebshtu e p\u00ebsonin edhe cigaret q\u00eb aq shum\u00eb i pinte. Ishte zem\u00ebrgjer\u00eb: dhe i matur. Pun\u00ebt i organizonte mir\u00eb.<\/p>\n<p>Kemi qen\u00eb miq t\u00eb m\u00ebdhenj. N\u00eb ndonj\u00eb rast flisnim edhe p\u00ebr gj\u00ebra intime. \u00c7\u00ebshtja komb\u00ebtare ishte n\u00eb krye t\u00eb tyre. M\u00eb lexonte edhe ndonj\u00eb poezi t\u00eb shkruar me dor\u00eb n\u00eb ndonj\u00eb cop\u00eb letre. Ato m\u00eb von\u00eb iu botuan pas vdekje n\u00eb p\u00ebrmbledhjen &#8220;Me shemb\u00ebt folen\u00eb-poezi&#8221; (2000).<br \/>\nIu g\u00ebzua emrit Gjergj Kastrioti-Sk\u00ebnderbeu q\u00eb ia dham\u00eb shkoll\u00ebs fillore n\u00eb Ostros (2 mars 1968). E pat\u00ebm edhe n\u00eb kremtimin solemn. Ai iu g\u00ebzua edhe pjes\u00ebmarrjes sime n\u00eb Kongresin e Drejtshkrimit t\u00eb Gjuh\u00ebs Shqipe n\u00eb Tiran\u00eb tridhjet\u00eb e pes\u00eb vjet m\u00eb par\u00eb (20-25. XI. 172). I p\u00ebrkrahu vendimet e k\u00ebtij Kongresi. Sapo u ktheva n\u00eb sht\u00ebpi, d\u00ebrgoi gazetarin M. Goj\u00e7aj q\u00eb t\u00eb b\u00ebj\u00eb nj\u00eb intervist\u00eb me mua. K\u00ebshtu, i pari i dha publicitet n\u00eb Malin e Zi. K\u00ebto ishin momente g\u00ebzimi q\u00eb hyn\u00eb n\u00eb histori. Por, edhe n\u00eb \u00e7aste trishtimi, ku atyre (emrit t\u00eb shkoll\u00ebs dhe gjuh\u00ebs s\u00eb nj\u00ebsuar shqipe) iu kanosej rreziku, Gj. Gjokaj iu doli zot me diskutime dhe shkrime (shih, &#8220;Reagovanja (Malisori razumiju albanski)&#8221;, n\u00eb Borba, viti LXV. Beograd, e mart\u00eb, m\u00eb 24 mars 1987, f. 2). I<\/p>\n<p>Ishte mendjempreht\u00eb, guximtar dhe gjykonte drejt. Fjala i zinte vend.<br \/>\nAft\u00ebsit\u00eb prej nj\u00eb politikani i d\u00ebshmoi n\u00eb agimin e shum\u00ebparitiaksis\u00eb, kur nj\u00eb num\u00ebr shqiptar\u00ebsh i profileve t\u00eb ndryshme krijuan Forumin Demokratik t\u00eb Shqiptar\u00ebve n\u00eb Malin e Zi (Tuz, e diel\u00eb m\u00eb 12 gusht 1990; Ulqin, e diel\u00eb, m\u00eb 26 gusht 1990) dhe pruri Aktin p\u00ebr statusin special t\u00eb shqiptar\u00ebve n\u00eb Mal t\u00eb Zi (m\u00eb 22 gusht dhe m\u00eb 12 shtator 1992 n\u00eb Ulqin). Gj. Gjokaj ishte nj\u00ebri nga kat\u00ebr deputet e par\u00eb t\u00eb LD n\u00eb MZ n\u00eb Kuvendin e par\u00eb shum\u00ebpartiak t\u00eb Malit t\u00eb Zi (1990-1992).<\/p>\n<p>Fal\u00eb k\u00ebsaj veprimtarie t\u00eb bujshme, ku i takoi barra kryesore, sa ishte gjall\u00eb e siguroi vendin e merituar n\u00eb historin\u00eb komb\u00ebtare. Me q\u00ebllim q\u00eb tzi ndihmonte vendit t\u00eb vet, nuk shkoi t\u00eb punoj\u00eb n\u00eb Prishtin\u00eb, n\u00eb Fakultet. K\u00ebt\u00eb ma thonin atje mua (m\u00eb 1963) profesor\u00ebt e mi miqt\u00eb e tij. Andaj, p\u00ebr \u00e7do merit\u00eb t\u00eb tij i jemi mir\u00ebnjoh\u00ebs, e fal\u00ebnderojm\u00eb dhe e kujtojm\u00eb me mall\u00eb Gjergjin ton\u00eb t\u00eb madh q\u00eb tash nj\u00eb dekad\u00eb u nda prej nesh, me nder\u00eb dhe faqe t\u00eb bardh\u00eb.<br \/>\nLavdi! I ardht\u00eb e leht\u00eb toka n\u00eb Mal\u00ebsi! I p\u00ebrjetsh\u00ebm qoft\u00eb kujtimi i tij!<br \/>\n<!--YouTube Error: bad URL entered--><\/p>\n","protected":false},"excerpt":{"rendered":"<p>Kaluan dhjete vjet prej qe se u nda prej nesh intelektuali, profesori,dhe me se miri te them njeriu i madh Gjergj Gjokaj. Nuk besoj se ka shqiptar ne Mal te Zi por edhe me gjer qe nuk din se kush ka qene Gjergj Gjokaj. Njeriu qe me fjale te bukura dhe te urta luftoi qe [&hellip;]<\/p>\n","protected":false},"author":1,"featured_media":0,"comment_status":"open","ping_status":"closed","sticky":false,"template":"","format":"standard","meta":{"spay_email":"","jetpack_publicize_message":"","jetpack_is_tweetstorm":false,"jetpack_publicize_feature_enabled":true},"categories":[14],"tags":[124],"jetpack_publicize_connections":[],"yoast_head":"<!-- This site is optimized with the Yoast SEO plugin v19.1 - https:\/\/yoast.com\/wordpress\/plugins\/seo\/ -->\n<title>Sesion shkencor t\u00eb dymdhjet\u00eb vjetorit pas vdekjes s\u00eb Gjergj Gjokaj-t - Video - Lajme nga Ulqini<\/title>\n<meta name=\"description\" content=\"Kaluan dhjete vjet prej qe se u nda prej nesh intelektuali, profesori,dhe me se miri te them njeriu i madh Gjergj Gjokaj. Nuk besoj se ka shqiptar ne Mal\" \/>\n<meta name=\"robots\" content=\"index, follow, max-snippet:-1, max-image-preview:large, max-video-preview:-1\" \/>\n<link rel=\"canonical\" href=\"https:\/\/www.visit-ulcinj.com\/blog\/2009\/12\/23\/sesion-shkencor-te-dymdhjete-vjetorit-pas-vdekjes-se-gjergj-gjokaj-t\/\" \/>\n<meta property=\"og:locale\" content=\"en_US\" \/>\n<meta property=\"og:type\" content=\"article\" \/>\n<meta property=\"og:title\" content=\"Sesion shkencor t\u00eb dymdhjet\u00eb vjetorit pas vdekjes s\u00eb Gjergj Gjokaj-t - Video - Lajme nga Ulqini\" \/>\n<meta property=\"og:description\" content=\"Kaluan dhjete vjet prej qe se u nda prej nesh intelektuali, profesori,dhe me se miri te them njeriu i madh Gjergj Gjokaj. Nuk besoj se ka shqiptar ne Mal\" \/>\n<meta property=\"og:url\" content=\"https:\/\/www.visit-ulcinj.com\/blog\/2009\/12\/23\/sesion-shkencor-te-dymdhjete-vjetorit-pas-vdekjes-se-gjergj-gjokaj-t\/\" \/>\n<meta property=\"og:site_name\" content=\"Lajme nga Ulqini\" \/>\n<meta property=\"article:published_time\" content=\"2009-12-23T10:46:08+00:00\" \/>\n<meta property=\"article:modified_time\" content=\"2009-12-23T12:58:35+00:00\" \/>\n<meta property=\"og:image\" content=\"http:\/\/www.visit-ulcinj.com\/blog\/wp-content\/uploads\/2009\/12\/Gjergj-Gjokaj.jpg\" \/>\n<meta name=\"twitter:label1\" content=\"Written by\" \/>\n\t<meta name=\"twitter:data1\" content=\"ulqini\" \/>\n\t<meta name=\"twitter:label2\" content=\"Est. reading time\" \/>\n\t<meta name=\"twitter:data2\" content=\"6 minutes\" \/>\n<script type=\"application\/ld+json\" class=\"yoast-schema-graph\">{\"@context\":\"https:\/\/schema.org\",\"@graph\":[{\"@type\":\"WebSite\",\"@id\":\"https:\/\/www.visit-ulcinj.com\/blog\/#website\",\"url\":\"https:\/\/www.visit-ulcinj.com\/blog\/\",\"name\":\"Lajme nga Ulqini\",\"description\":\"Lajme,Vijesti,Ulqini,Ulqin,Crna Gora,Mali i Zi\",\"potentialAction\":[{\"@type\":\"SearchAction\",\"target\":{\"@type\":\"EntryPoint\",\"urlTemplate\":\"https:\/\/www.visit-ulcinj.com\/blog\/?s={search_term_string}\"},\"query-input\":\"required name=search_term_string\"}],\"inLanguage\":\"en-US\"},{\"@type\":\"ImageObject\",\"inLanguage\":\"en-US\",\"@id\":\"https:\/\/www.visit-ulcinj.com\/blog\/2009\/12\/23\/sesion-shkencor-te-dymdhjete-vjetorit-pas-vdekjes-se-gjergj-gjokaj-t\/#primaryimage\",\"url\":\"https:\/\/www.visit-ulcinj.com\/blog\/wp-content\/uploads\/2009\/12\/Gjergj-Gjokaj.jpg\",\"contentUrl\":\"https:\/\/www.visit-ulcinj.com\/blog\/wp-content\/uploads\/2009\/12\/Gjergj-Gjokaj.jpg\",\"width\":\"360\",\"height\":\"563\"},{\"@type\":\"WebPage\",\"@id\":\"https:\/\/www.visit-ulcinj.com\/blog\/2009\/12\/23\/sesion-shkencor-te-dymdhjete-vjetorit-pas-vdekjes-se-gjergj-gjokaj-t\/#webpage\",\"url\":\"https:\/\/www.visit-ulcinj.com\/blog\/2009\/12\/23\/sesion-shkencor-te-dymdhjete-vjetorit-pas-vdekjes-se-gjergj-gjokaj-t\/\",\"name\":\"Sesion shkencor t\u00eb dymdhjet\u00eb vjetorit pas vdekjes s\u00eb Gjergj Gjokaj-t - Video - Lajme nga Ulqini\",\"isPartOf\":{\"@id\":\"https:\/\/www.visit-ulcinj.com\/blog\/#website\"},\"primaryImageOfPage\":{\"@id\":\"https:\/\/www.visit-ulcinj.com\/blog\/2009\/12\/23\/sesion-shkencor-te-dymdhjete-vjetorit-pas-vdekjes-se-gjergj-gjokaj-t\/#primaryimage\"},\"datePublished\":\"2009-12-23T10:46:08+00:00\",\"dateModified\":\"2009-12-23T12:58:35+00:00\",\"author\":{\"@id\":\"https:\/\/www.visit-ulcinj.com\/blog\/#\/schema\/person\/dcab619c614d3038751c63bc2aadc06d\"},\"description\":\"Kaluan dhjete vjet prej qe se u nda prej nesh intelektuali, profesori,dhe me se miri te them njeriu i madh Gjergj Gjokaj. Nuk besoj se ka shqiptar ne Mal\",\"breadcrumb\":{\"@id\":\"https:\/\/www.visit-ulcinj.com\/blog\/2009\/12\/23\/sesion-shkencor-te-dymdhjete-vjetorit-pas-vdekjes-se-gjergj-gjokaj-t\/#breadcrumb\"},\"inLanguage\":\"en-US\",\"potentialAction\":[{\"@type\":\"ReadAction\",\"target\":[\"https:\/\/www.visit-ulcinj.com\/blog\/2009\/12\/23\/sesion-shkencor-te-dymdhjete-vjetorit-pas-vdekjes-se-gjergj-gjokaj-t\/\"]}]},{\"@type\":\"BreadcrumbList\",\"@id\":\"https:\/\/www.visit-ulcinj.com\/blog\/2009\/12\/23\/sesion-shkencor-te-dymdhjete-vjetorit-pas-vdekjes-se-gjergj-gjokaj-t\/#breadcrumb\",\"itemListElement\":[{\"@type\":\"ListItem\",\"position\":1,\"name\":\"Sesion shkencor t\u00eb dymdhjet\u00eb vjetorit pas vdekjes s\u00eb Gjergj Gjokaj-t &#8211; Video\"}]},{\"@type\":\"Person\",\"@id\":\"https:\/\/www.visit-ulcinj.com\/blog\/#\/schema\/person\/dcab619c614d3038751c63bc2aadc06d\",\"name\":\"ulqini\",\"sameAs\":[\"http:\/\/www.visit-ulcinj.com\"],\"url\":\"https:\/\/www.visit-ulcinj.com\/blog\/author\/admin\/\"}]}<\/script>\n<!-- \/ Yoast SEO plugin. -->","yoast_head_json":{"title":"Sesion shkencor t\u00eb dymdhjet\u00eb vjetorit pas vdekjes s\u00eb Gjergj Gjokaj-t - Video - Lajme nga Ulqini","description":"Kaluan dhjete vjet prej qe se u nda prej nesh intelektuali, profesori,dhe me se miri te them njeriu i madh Gjergj Gjokaj. Nuk besoj se ka shqiptar ne Mal","robots":{"index":"index","follow":"follow","max-snippet":"max-snippet:-1","max-image-preview":"max-image-preview:large","max-video-preview":"max-video-preview:-1"},"canonical":"https:\/\/www.visit-ulcinj.com\/blog\/2009\/12\/23\/sesion-shkencor-te-dymdhjete-vjetorit-pas-vdekjes-se-gjergj-gjokaj-t\/","og_locale":"en_US","og_type":"article","og_title":"Sesion shkencor t\u00eb dymdhjet\u00eb vjetorit pas vdekjes s\u00eb Gjergj Gjokaj-t - Video - Lajme nga Ulqini","og_description":"Kaluan dhjete vjet prej qe se u nda prej nesh intelektuali, profesori,dhe me se miri te them njeriu i madh Gjergj Gjokaj. Nuk besoj se ka shqiptar ne Mal","og_url":"https:\/\/www.visit-ulcinj.com\/blog\/2009\/12\/23\/sesion-shkencor-te-dymdhjete-vjetorit-pas-vdekjes-se-gjergj-gjokaj-t\/","og_site_name":"Lajme nga Ulqini","article_published_time":"2009-12-23T10:46:08+00:00","article_modified_time":"2009-12-23T12:58:35+00:00","og_image":[{"url":"http:\/\/www.visit-ulcinj.com\/blog\/wp-content\/uploads\/2009\/12\/Gjergj-Gjokaj.jpg"}],"twitter_misc":{"Written by":"ulqini","Est. reading time":"6 minutes"},"schema":{"@context":"https:\/\/schema.org","@graph":[{"@type":"WebSite","@id":"https:\/\/www.visit-ulcinj.com\/blog\/#website","url":"https:\/\/www.visit-ulcinj.com\/blog\/","name":"Lajme nga Ulqini","description":"Lajme,Vijesti,Ulqini,Ulqin,Crna Gora,Mali i Zi","potentialAction":[{"@type":"SearchAction","target":{"@type":"EntryPoint","urlTemplate":"https:\/\/www.visit-ulcinj.com\/blog\/?s={search_term_string}"},"query-input":"required name=search_term_string"}],"inLanguage":"en-US"},{"@type":"ImageObject","inLanguage":"en-US","@id":"https:\/\/www.visit-ulcinj.com\/blog\/2009\/12\/23\/sesion-shkencor-te-dymdhjete-vjetorit-pas-vdekjes-se-gjergj-gjokaj-t\/#primaryimage","url":"https:\/\/www.visit-ulcinj.com\/blog\/wp-content\/uploads\/2009\/12\/Gjergj-Gjokaj.jpg","contentUrl":"https:\/\/www.visit-ulcinj.com\/blog\/wp-content\/uploads\/2009\/12\/Gjergj-Gjokaj.jpg","width":"360","height":"563"},{"@type":"WebPage","@id":"https:\/\/www.visit-ulcinj.com\/blog\/2009\/12\/23\/sesion-shkencor-te-dymdhjete-vjetorit-pas-vdekjes-se-gjergj-gjokaj-t\/#webpage","url":"https:\/\/www.visit-ulcinj.com\/blog\/2009\/12\/23\/sesion-shkencor-te-dymdhjete-vjetorit-pas-vdekjes-se-gjergj-gjokaj-t\/","name":"Sesion shkencor t\u00eb dymdhjet\u00eb vjetorit pas vdekjes s\u00eb Gjergj Gjokaj-t - Video - Lajme nga Ulqini","isPartOf":{"@id":"https:\/\/www.visit-ulcinj.com\/blog\/#website"},"primaryImageOfPage":{"@id":"https:\/\/www.visit-ulcinj.com\/blog\/2009\/12\/23\/sesion-shkencor-te-dymdhjete-vjetorit-pas-vdekjes-se-gjergj-gjokaj-t\/#primaryimage"},"datePublished":"2009-12-23T10:46:08+00:00","dateModified":"2009-12-23T12:58:35+00:00","author":{"@id":"https:\/\/www.visit-ulcinj.com\/blog\/#\/schema\/person\/dcab619c614d3038751c63bc2aadc06d"},"description":"Kaluan dhjete vjet prej qe se u nda prej nesh intelektuali, profesori,dhe me se miri te them njeriu i madh Gjergj Gjokaj. Nuk besoj se ka shqiptar ne Mal","breadcrumb":{"@id":"https:\/\/www.visit-ulcinj.com\/blog\/2009\/12\/23\/sesion-shkencor-te-dymdhjete-vjetorit-pas-vdekjes-se-gjergj-gjokaj-t\/#breadcrumb"},"inLanguage":"en-US","potentialAction":[{"@type":"ReadAction","target":["https:\/\/www.visit-ulcinj.com\/blog\/2009\/12\/23\/sesion-shkencor-te-dymdhjete-vjetorit-pas-vdekjes-se-gjergj-gjokaj-t\/"]}]},{"@type":"BreadcrumbList","@id":"https:\/\/www.visit-ulcinj.com\/blog\/2009\/12\/23\/sesion-shkencor-te-dymdhjete-vjetorit-pas-vdekjes-se-gjergj-gjokaj-t\/#breadcrumb","itemListElement":[{"@type":"ListItem","position":1,"name":"Sesion shkencor t\u00eb dymdhjet\u00eb vjetorit pas vdekjes s\u00eb Gjergj Gjokaj-t &#8211; Video"}]},{"@type":"Person","@id":"https:\/\/www.visit-ulcinj.com\/blog\/#\/schema\/person\/dcab619c614d3038751c63bc2aadc06d","name":"ulqini","sameAs":["http:\/\/www.visit-ulcinj.com"],"url":"https:\/\/www.visit-ulcinj.com\/blog\/author\/admin\/"}]}},"jetpack_featured_media_url":"","jetpack_sharing_enabled":true,"jetpack_shortlink":"https:\/\/wp.me\/pe6lTn-7rF","_links":{"self":[{"href":"https:\/\/www.visit-ulcinj.com\/blog\/wp-json\/wp\/v2\/posts\/28623"}],"collection":[{"href":"https:\/\/www.visit-ulcinj.com\/blog\/wp-json\/wp\/v2\/posts"}],"about":[{"href":"https:\/\/www.visit-ulcinj.com\/blog\/wp-json\/wp\/v2\/types\/post"}],"author":[{"embeddable":true,"href":"https:\/\/www.visit-ulcinj.com\/blog\/wp-json\/wp\/v2\/users\/1"}],"replies":[{"embeddable":true,"href":"https:\/\/www.visit-ulcinj.com\/blog\/wp-json\/wp\/v2\/comments?post=28623"}],"version-history":[{"count":0,"href":"https:\/\/www.visit-ulcinj.com\/blog\/wp-json\/wp\/v2\/posts\/28623\/revisions"}],"wp:attachment":[{"href":"https:\/\/www.visit-ulcinj.com\/blog\/wp-json\/wp\/v2\/media?parent=28623"}],"wp:term":[{"taxonomy":"category","embeddable":true,"href":"https:\/\/www.visit-ulcinj.com\/blog\/wp-json\/wp\/v2\/categories?post=28623"},{"taxonomy":"post_tag","embeddable":true,"href":"https:\/\/www.visit-ulcinj.com\/blog\/wp-json\/wp\/v2\/tags?post=28623"}],"curies":[{"name":"wp","href":"https:\/\/api.w.org\/{rel}","templated":true}]}}