{"id":28676,"date":"2009-12-23T15:23:46","date_gmt":"2009-12-23T13:23:46","guid":{"rendered":"http:\/\/www.visit-ulcinj.com\/blog\/?p=28676"},"modified":"2009-12-23T15:23:46","modified_gmt":"2009-12-23T13:23:46","slug":"genc-nimanbegu-i-bene-pyetje-nenkryetarit-te-qeverise-vujica-lazovic","status":"publish","type":"post","link":"https:\/\/www.visit-ulcinj.com\/blog\/2009\/12\/23\/genc-nimanbegu-i-bene-pyetje-nenkryetarit-te-qeverise-vujica-lazovic\/","title":{"rendered":"Genc Nimanbegu i ben\u00eb pyetje nenkryetarit te qeverise Vujica Lazovic"},"content":{"rendered":"<p><a href=\"http:\/\/www.visit-ulcinj.com\/blog\/wp-content\/uploads\/2009\/12\/Genc-Nimanbegu-i-ben\u00eb-pyetje-nenkryetarit-te-qeverise-Vujica-Lazovic.jpg\"><img loading=\"lazy\" class=\"alignleft size-full wp-image-28677\" title=\"Genc Nimanbegu i ben\u00eb pyetje nenkryetarit te qeverise Vujica Lazovic\" src=\"http:\/\/www.visit-ulcinj.com\/blog\/wp-content\/uploads\/2009\/12\/Genc-Nimanbegu-i-ben\u00eb-pyetje-nenkryetarit-te-qeverise-Vujica-Lazovic.jpg\" alt=\"Genc Nimanbegu i ben\u00eb pyetje nenkryetarit te qeverise Vujica Lazovic\" width=\"580\" height=\"400\" \/><\/a>N\u00ebnkryetari i Qeveris\u00eb malazeze Vujica Llazoviq para m\u00eb se dy jav\u00ebsh u d\u00ebrgoi ulqinak\u00ebve, \u201curimin i vitit t\u00eb ri\u201d. \u201cDeri n\u00eb fund t\u00eb vitit do t\u00eb duhej t\u00eb n\u00ebshkruhej kontrata p\u00ebr Valdanosin\u201d, tha ai.<br \/>\nSihariqin ende nuk ka kush p\u00ebr ta marr\u00eb n\u00eb Ulqin.<br \/>\nAtyre q\u00eb mbajn\u00eb mend mir\u00eb do t\u2019u kujtohet se Llazoviq n\u00eb gusht t\u00eb k\u00ebtij viti premtoi nga Shasi se nga vjeshta do t\u00eb vij\u00eb n\u00eb Ulqin. Nuk e kemi par\u00eb. Mbase nuk po i vihet. Duhet t\u2019i shikoj\u00eb drejt n\u00eb sy ata njer\u00ebz t\u00eb ndersh\u00ebm nga K\u00ebshilli p\u00ebr Kthimin e Pasuris\u00eb.<br \/>\nTani t\u00eb gjith\u00eb e dim\u00eb, e ai q\u00eb nuk e di ende le t\u00eb shikoj\u00eb n\u00eb Internet: firma \u201cCubus Lux\u201d, e cila kryesisht ushtron veprimtari n\u00eb Kroaci, menaxhon dy kazino n\u00eb at\u00eb vend, kujdes dallimin, MENAXHON por s\u2019\u00ebsht\u00eb pronar, dhe s\u00eb dyti, \u00ebsht\u00eb duke nd\u00ebrtuar marin\u00ebn n\u00eb ishullin Uglan af\u00ebr Zar\u00ebs, me vler\u00eb 5 milion\u00eb euro, p\u00ebr t\u00eb cil\u00ebn nuk mund t\u2019i gjej\u00eb parat\u00eb p\u00ebr t\u00eb p\u00ebrfunduar. E pra kjo firm\u00eb do t\u00eb investoj\u00eb hi\u00e7 m\u00eb pak se 222,6 milion\u00eb euro n\u00eb Valdanos!?<br \/>\nPra, nuk b\u00ebhet fjal\u00eb p\u00ebr kushtin ky\u00e7 nga tenderi q\u00eb kompania e cila renton k\u00ebt\u00eb gji t\u00eb mrekulluesh\u00ebm duhet t\u00eb jet\u00eb \u201coperater hotelier nd\u00ebrkomb\u00ebtar dhe brend i shquar dhe i njohur nd\u00ebrkomb\u00ebtarisht si operater i suksessh\u00ebm i komplekseve turistike t\u00eb nivelit kat\u00ebr plus apo pes\u00eb yje\u201d.<br \/>\nGj\u00ebja m\u00eb e r\u00ebnd\u00ebsishme n\u00eb gjith\u00eb k\u00ebt\u00eb histori \u00ebsht\u00eb fakti se p\u00ebr rentimin e Valdanosit as q\u00eb do t\u00eb mund t\u00eb b\u00ebhej fjal\u00eb n\u00ebse p\u00ebr nj\u00eb gj\u00eb t\u00eb till\u00eb nuk do t\u00eb pajtohej pushteti n\u00eb Ulqin, si ai ekzekutiv, ashtu dhe ai ligjv\u00ebn\u00ebs. Rrjedhimisht, edhe p\u00ebrgjegj\u00ebsia e tyre \u00ebsht\u00eb shum\u00eb e madhe dhe ata nuk mund t\u00eb fshehen prapa askujt. Historia nuk do t\u2019ia fal\u00eb askujt.<br \/>\nNuk mund t\u00eb ket\u00eb funksion t\u00eb till\u00eb q\u00eb do t\u00eb mund t\u00eb ishte mbi interesat e qytetit dhe banor\u00ebve t\u00eb tij. Ai madje nuk vlen as sa nj\u00eb deg\u00eb, e t\u00eb mos them trung ulliri. Kjo sepse \u00e7do deg\u00eb ulliri \u00ebsht\u00eb e bekuar, ajo \u00ebsht\u00eb dhurat\u00eb e Per\u00ebndis\u00eb p\u00ebr njer\u00ebzit dhe qytetin. Kurse mbi k\u00ebt\u00eb bot\u00ebn ton\u00eb sundon nj\u00eb fuqi m\u00eb e Madhe, do t\u00eb shprehej bukur poeti i madh. Ashtu \u00ebsht\u00eb: vet\u00eb i madhi Zot e ruan Valdanosin. As k\u00ebta (q\u00eb sapo do t\u00eb shohim se cil\u00ebt jan\u00eb n\u00eb realitet), nuk do t\u00eb nd\u00ebrtojn\u00eb atje asnj\u00eb barak\u00eb, e jo m\u00eb vila q\u00eb kan\u00eb nd\u00ebrmend t\u2019i nd\u00ebrtojn\u00eb e pastaj t\u2019i shesin. Po edhe si do t\u00eb mund ta b\u00ebnim kur nj\u00eb pjes\u00eb e tij \u00ebsht\u00eb pron\u00eb e kish\u00ebs dhe xhamis\u00eb!<br \/>\nPo a nuk e keni par\u00eb se as ai shteti i madh RSFJ nuk mundi t\u2019i b\u00ebj\u00eb asgj\u00eb Valdanosit, madje as ai shteti surrogat RFJ q\u00eb lindi pas tij. Dhe t\u00eb dyja u shkat\u00ebrruan n\u00eb gjak e g\u00ebnjeshtra, kurse Valdanosi mbeti, i bukur, i t\u00ebr\u00eb dhe i bardh\u00eb, si v\u00ebrejtje dhe frym\u00ebzim i p\u00ebrhersh\u00ebm.<br \/>\nShpresuam q\u00eb n\u00eb shtetin e ri, Malin e Zi, ullinjt\u00eb nuk do t\u00eb jen\u00eb m\u00eb pengje, q\u00eb po vie nj\u00eb koh\u00eb e re m\u00eb e bukur. Kur \u00e7\u2019t\u00eb shoh\u00ebsh, o Zot i madh, ndodhi ajo m\u00eb e keqja, kjo bim\u00eb e mrekullueshme po zhduket n\u00eb t\u00eb ashtuquajturin shtet ekologjik.<br \/>\nKurse p\u00ebr ne Valdanosi ka qen\u00eb dhe ka mbetur toka jon\u00eb, miti yn\u00eb, ardhm\u00ebria jon\u00eb. Dhe askush s\u2019mund t\u00eb na e rr\u00ebmbej\u00eb! Ndon\u00ebse forca rr\u00ebmben vende dhe qytete, e gjith\u00eb kjo \u00ebsht\u00eb afatshkurt\u00ebr. Historia d\u00ebshmon p\u00ebr k\u00ebt\u00eb. Ajo gjithashtu d\u00ebshmon se kushdo q\u00eb n\u00eb \u00e7far\u00ebdo m\u00ebnyre ka kontribuar q\u00eb Valdanosi n\u00eb vitin 1977 t\u2019u merret k\u00ebtyre njer\u00ebzve t\u00eb qet\u00eb nuk ka jetuar shum\u00eb dit\u00eb t\u00eb bukura n\u00eb jet\u00ebn e pastajme. (Nj\u00eb mik i imi, ulqinak i vjet\u00ebr, m\u00eb tregoi q\u00eb prefekti i Ulqinit n\u00eb koh\u00ebn kur \u00ebsht\u00eb marr\u00eb Valdanosi, i kishte th\u00ebn\u00eb se druan se do t\u2019i ndodh\u00eb ndonj\u00eb e keqe, ngase kishte gabuar at\u00ebher\u00eb. Para disa vitesh ky njeri humbi jet\u00ebn n\u00eb nj\u00eb aksident komunikacioni).<br \/>\nPrandaj, mblidhni mendt\u00eb: mos veproni kund\u00ebr vetvet\u00ebs dhe t\u00eb ardhmes suaj. Kjo jet\u00eb \u00ebsht\u00eb tejet e shkurt\u00ebr, e jo m\u00eb k\u00ebto funksione t\u00eb vogla.<br \/>\nN\u00eb esenc\u00eb, nuk i duhemi n\u00eb Valdanosit dhe nuk jemi t\u00eb denj\u00eb p\u00ebr t\u00eb kur lejojm\u00eb q\u00eb t\u00eb na ndodh\u00eb e gjith\u00eb kjo. Ai na duhet neve, f\u00ebmij\u00ebve ton\u00eb dhe t\u00eb gjith\u00eb njer\u00ebzve q\u00ebllimmir\u00eb q\u00eb vijn\u00eb n\u00eb k\u00ebt\u00eb qytet m\u00eb t\u00eb bukur n\u00eb bot\u00eb. M\u00eb i bukuri sepse \u00ebsht\u00eb i yni. Tjet\u00ebr nuk kemi.<br \/>\nKurse pa Valdanosin, i cili nuk na takon t\u00eb gjith\u00eb neve dhe komun\u00ebs son\u00eb, ai me siguri nuk \u00ebsht\u00eb i till\u00eb!<\/p>\n<p><strong>Mustafa Canka<br \/>\n<\/strong><\/p>\n<!--YouTube Error: bad URL entered-->\n","protected":false},"excerpt":{"rendered":"<p>N\u00ebnkryetari i Qeveris\u00eb malazeze Vujica Llazoviq para m\u00eb se dy jav\u00ebsh u d\u00ebrgoi ulqinak\u00ebve, \u201curimin i vitit t\u00eb ri\u201d. \u201cDeri n\u00eb fund t\u00eb vitit do t\u00eb duhej t\u00eb n\u00ebshkruhej kontrata p\u00ebr Valdanosin\u201d, tha ai. Sihariqin ende nuk ka kush p\u00ebr ta marr\u00eb n\u00eb Ulqin. Atyre q\u00eb mbajn\u00eb mend mir\u00eb do t\u2019u kujtohet se Llazoviq n\u00eb [&hellip;]<\/p>\n","protected":false},"author":1,"featured_media":0,"comment_status":"open","ping_status":"closed","sticky":false,"template":"","format":"standard","meta":{"spay_email":"","jetpack_publicize_message":"","jetpack_is_tweetstorm":false,"jetpack_publicize_feature_enabled":true},"categories":[6],"tags":[1073,95,200,136,13062],"jetpack_publicize_connections":[],"yoast_head":"<!-- This site is optimized with the Yoast SEO plugin v19.1 - https:\/\/yoast.com\/wordpress\/plugins\/seo\/ -->\n<title>Genc Nimanbegu i ben\u00eb pyetje nenkryetarit te qeverise Vujica Lazovic - Lajme nga Ulqini<\/title>\n<meta name=\"description\" content=\"N\u00ebnkryetari i Qeveris\u00eb malazeze Vujica Llazoviq para m\u00eb se dy jav\u00ebsh u d\u00ebrgoi ulqinak\u00ebve, \u201curimin i vitit t\u00eb ri\u201d. \u201cDeri n\u00eb fund t\u00eb vitit do t\u00eb duhej t\u00eb\" \/>\n<meta name=\"robots\" content=\"index, follow, max-snippet:-1, max-image-preview:large, max-video-preview:-1\" \/>\n<link rel=\"canonical\" href=\"https:\/\/www.visit-ulcinj.com\/blog\/2009\/12\/23\/genc-nimanbegu-i-bene-pyetje-nenkryetarit-te-qeverise-vujica-lazovic\/\" \/>\n<meta property=\"og:locale\" content=\"en_US\" \/>\n<meta property=\"og:type\" content=\"article\" \/>\n<meta property=\"og:title\" content=\"Genc Nimanbegu i ben\u00eb pyetje nenkryetarit te qeverise Vujica Lazovic - Lajme nga Ulqini\" \/>\n<meta property=\"og:description\" content=\"N\u00ebnkryetari i Qeveris\u00eb malazeze Vujica Llazoviq para m\u00eb se dy jav\u00ebsh u d\u00ebrgoi ulqinak\u00ebve, \u201curimin i vitit t\u00eb ri\u201d. \u201cDeri n\u00eb fund t\u00eb vitit do t\u00eb duhej t\u00eb\" \/>\n<meta property=\"og:url\" content=\"https:\/\/www.visit-ulcinj.com\/blog\/2009\/12\/23\/genc-nimanbegu-i-bene-pyetje-nenkryetarit-te-qeverise-vujica-lazovic\/\" \/>\n<meta property=\"og:site_name\" content=\"Lajme nga Ulqini\" \/>\n<meta property=\"article:published_time\" content=\"2009-12-23T13:23:46+00:00\" \/>\n<meta name=\"twitter:label1\" content=\"Written by\" \/>\n\t<meta name=\"twitter:data1\" content=\"ulqini\" \/>\n\t<meta name=\"twitter:label2\" content=\"Est. reading time\" \/>\n\t<meta name=\"twitter:data2\" content=\"4 minutes\" \/>\n<script type=\"application\/ld+json\" class=\"yoast-schema-graph\">{\"@context\":\"https:\/\/schema.org\",\"@graph\":[{\"@type\":\"WebSite\",\"@id\":\"https:\/\/www.visit-ulcinj.com\/blog\/#website\",\"url\":\"https:\/\/www.visit-ulcinj.com\/blog\/\",\"name\":\"Lajme nga Ulqini\",\"description\":\"Lajme,Vijesti,Ulqini,Ulqin,Crna Gora,Mali i Zi\",\"potentialAction\":[{\"@type\":\"SearchAction\",\"target\":{\"@type\":\"EntryPoint\",\"urlTemplate\":\"https:\/\/www.visit-ulcinj.com\/blog\/?s={search_term_string}\"},\"query-input\":\"required name=search_term_string\"}],\"inLanguage\":\"en-US\"},{\"@type\":\"WebPage\",\"@id\":\"https:\/\/www.visit-ulcinj.com\/blog\/2009\/12\/23\/genc-nimanbegu-i-bene-pyetje-nenkryetarit-te-qeverise-vujica-lazovic\/#webpage\",\"url\":\"https:\/\/www.visit-ulcinj.com\/blog\/2009\/12\/23\/genc-nimanbegu-i-bene-pyetje-nenkryetarit-te-qeverise-vujica-lazovic\/\",\"name\":\"Genc Nimanbegu i ben\u00eb pyetje nenkryetarit te qeverise Vujica Lazovic - Lajme nga Ulqini\",\"isPartOf\":{\"@id\":\"https:\/\/www.visit-ulcinj.com\/blog\/#website\"},\"datePublished\":\"2009-12-23T13:23:46+00:00\",\"dateModified\":\"2009-12-23T13:23:46+00:00\",\"author\":{\"@id\":\"https:\/\/www.visit-ulcinj.com\/blog\/#\/schema\/person\/dcab619c614d3038751c63bc2aadc06d\"},\"description\":\"N\u00ebnkryetari i Qeveris\u00eb malazeze Vujica Llazoviq para m\u00eb se dy jav\u00ebsh u d\u00ebrgoi ulqinak\u00ebve, \u201curimin i vitit t\u00eb ri\u201d. \u201cDeri n\u00eb fund t\u00eb vitit do t\u00eb duhej t\u00eb\",\"breadcrumb\":{\"@id\":\"https:\/\/www.visit-ulcinj.com\/blog\/2009\/12\/23\/genc-nimanbegu-i-bene-pyetje-nenkryetarit-te-qeverise-vujica-lazovic\/#breadcrumb\"},\"inLanguage\":\"en-US\",\"potentialAction\":[{\"@type\":\"ReadAction\",\"target\":[\"https:\/\/www.visit-ulcinj.com\/blog\/2009\/12\/23\/genc-nimanbegu-i-bene-pyetje-nenkryetarit-te-qeverise-vujica-lazovic\/\"]}]},{\"@type\":\"BreadcrumbList\",\"@id\":\"https:\/\/www.visit-ulcinj.com\/blog\/2009\/12\/23\/genc-nimanbegu-i-bene-pyetje-nenkryetarit-te-qeverise-vujica-lazovic\/#breadcrumb\",\"itemListElement\":[{\"@type\":\"ListItem\",\"position\":1,\"name\":\"Genc Nimanbegu i ben\u00eb pyetje nenkryetarit te qeverise Vujica Lazovic\"}]},{\"@type\":\"Person\",\"@id\":\"https:\/\/www.visit-ulcinj.com\/blog\/#\/schema\/person\/dcab619c614d3038751c63bc2aadc06d\",\"name\":\"ulqini\",\"sameAs\":[\"http:\/\/www.visit-ulcinj.com\"],\"url\":\"https:\/\/www.visit-ulcinj.com\/blog\/author\/admin\/\"}]}<\/script>\n<!-- \/ Yoast SEO plugin. -->","yoast_head_json":{"title":"Genc Nimanbegu i ben\u00eb pyetje nenkryetarit te qeverise Vujica Lazovic - Lajme nga Ulqini","description":"N\u00ebnkryetari i Qeveris\u00eb malazeze Vujica Llazoviq para m\u00eb se dy jav\u00ebsh u d\u00ebrgoi ulqinak\u00ebve, \u201curimin i vitit t\u00eb ri\u201d. \u201cDeri n\u00eb fund t\u00eb vitit do t\u00eb duhej t\u00eb","robots":{"index":"index","follow":"follow","max-snippet":"max-snippet:-1","max-image-preview":"max-image-preview:large","max-video-preview":"max-video-preview:-1"},"canonical":"https:\/\/www.visit-ulcinj.com\/blog\/2009\/12\/23\/genc-nimanbegu-i-bene-pyetje-nenkryetarit-te-qeverise-vujica-lazovic\/","og_locale":"en_US","og_type":"article","og_title":"Genc Nimanbegu i ben\u00eb pyetje nenkryetarit te qeverise Vujica Lazovic - Lajme nga Ulqini","og_description":"N\u00ebnkryetari i Qeveris\u00eb malazeze Vujica Llazoviq para m\u00eb se dy jav\u00ebsh u d\u00ebrgoi ulqinak\u00ebve, \u201curimin i vitit t\u00eb ri\u201d. \u201cDeri n\u00eb fund t\u00eb vitit do t\u00eb duhej t\u00eb","og_url":"https:\/\/www.visit-ulcinj.com\/blog\/2009\/12\/23\/genc-nimanbegu-i-bene-pyetje-nenkryetarit-te-qeverise-vujica-lazovic\/","og_site_name":"Lajme nga Ulqini","article_published_time":"2009-12-23T13:23:46+00:00","twitter_misc":{"Written by":"ulqini","Est. reading time":"4 minutes"},"schema":{"@context":"https:\/\/schema.org","@graph":[{"@type":"WebSite","@id":"https:\/\/www.visit-ulcinj.com\/blog\/#website","url":"https:\/\/www.visit-ulcinj.com\/blog\/","name":"Lajme nga Ulqini","description":"Lajme,Vijesti,Ulqini,Ulqin,Crna Gora,Mali i Zi","potentialAction":[{"@type":"SearchAction","target":{"@type":"EntryPoint","urlTemplate":"https:\/\/www.visit-ulcinj.com\/blog\/?s={search_term_string}"},"query-input":"required name=search_term_string"}],"inLanguage":"en-US"},{"@type":"WebPage","@id":"https:\/\/www.visit-ulcinj.com\/blog\/2009\/12\/23\/genc-nimanbegu-i-bene-pyetje-nenkryetarit-te-qeverise-vujica-lazovic\/#webpage","url":"https:\/\/www.visit-ulcinj.com\/blog\/2009\/12\/23\/genc-nimanbegu-i-bene-pyetje-nenkryetarit-te-qeverise-vujica-lazovic\/","name":"Genc Nimanbegu i ben\u00eb pyetje nenkryetarit te qeverise Vujica Lazovic - Lajme nga Ulqini","isPartOf":{"@id":"https:\/\/www.visit-ulcinj.com\/blog\/#website"},"datePublished":"2009-12-23T13:23:46+00:00","dateModified":"2009-12-23T13:23:46+00:00","author":{"@id":"https:\/\/www.visit-ulcinj.com\/blog\/#\/schema\/person\/dcab619c614d3038751c63bc2aadc06d"},"description":"N\u00ebnkryetari i Qeveris\u00eb malazeze Vujica Llazoviq para m\u00eb se dy jav\u00ebsh u d\u00ebrgoi ulqinak\u00ebve, \u201curimin i vitit t\u00eb ri\u201d. \u201cDeri n\u00eb fund t\u00eb vitit do t\u00eb duhej t\u00eb","breadcrumb":{"@id":"https:\/\/www.visit-ulcinj.com\/blog\/2009\/12\/23\/genc-nimanbegu-i-bene-pyetje-nenkryetarit-te-qeverise-vujica-lazovic\/#breadcrumb"},"inLanguage":"en-US","potentialAction":[{"@type":"ReadAction","target":["https:\/\/www.visit-ulcinj.com\/blog\/2009\/12\/23\/genc-nimanbegu-i-bene-pyetje-nenkryetarit-te-qeverise-vujica-lazovic\/"]}]},{"@type":"BreadcrumbList","@id":"https:\/\/www.visit-ulcinj.com\/blog\/2009\/12\/23\/genc-nimanbegu-i-bene-pyetje-nenkryetarit-te-qeverise-vujica-lazovic\/#breadcrumb","itemListElement":[{"@type":"ListItem","position":1,"name":"Genc Nimanbegu i ben\u00eb pyetje nenkryetarit te qeverise Vujica Lazovic"}]},{"@type":"Person","@id":"https:\/\/www.visit-ulcinj.com\/blog\/#\/schema\/person\/dcab619c614d3038751c63bc2aadc06d","name":"ulqini","sameAs":["http:\/\/www.visit-ulcinj.com"],"url":"https:\/\/www.visit-ulcinj.com\/blog\/author\/admin\/"}]}},"jetpack_featured_media_url":"","jetpack_sharing_enabled":true,"jetpack_shortlink":"https:\/\/wp.me\/pe6lTn-7sw","_links":{"self":[{"href":"https:\/\/www.visit-ulcinj.com\/blog\/wp-json\/wp\/v2\/posts\/28676"}],"collection":[{"href":"https:\/\/www.visit-ulcinj.com\/blog\/wp-json\/wp\/v2\/posts"}],"about":[{"href":"https:\/\/www.visit-ulcinj.com\/blog\/wp-json\/wp\/v2\/types\/post"}],"author":[{"embeddable":true,"href":"https:\/\/www.visit-ulcinj.com\/blog\/wp-json\/wp\/v2\/users\/1"}],"replies":[{"embeddable":true,"href":"https:\/\/www.visit-ulcinj.com\/blog\/wp-json\/wp\/v2\/comments?post=28676"}],"version-history":[{"count":0,"href":"https:\/\/www.visit-ulcinj.com\/blog\/wp-json\/wp\/v2\/posts\/28676\/revisions"}],"wp:attachment":[{"href":"https:\/\/www.visit-ulcinj.com\/blog\/wp-json\/wp\/v2\/media?parent=28676"}],"wp:term":[{"taxonomy":"category","embeddable":true,"href":"https:\/\/www.visit-ulcinj.com\/blog\/wp-json\/wp\/v2\/categories?post=28676"},{"taxonomy":"post_tag","embeddable":true,"href":"https:\/\/www.visit-ulcinj.com\/blog\/wp-json\/wp\/v2\/tags?post=28676"}],"curies":[{"name":"wp","href":"https:\/\/api.w.org\/{rel}","templated":true}]}}