{"id":28687,"date":"2009-12-24T11:02:08","date_gmt":"2009-12-24T09:02:08","guid":{"rendered":"http:\/\/www.visit-ulcinj.com\/blog\/?p=28687"},"modified":"2009-12-29T07:46:18","modified_gmt":"2009-12-29T05:46:18","slug":"rasprodaja-valdanosa","status":"publish","type":"post","link":"https:\/\/www.visit-ulcinj.com\/blog\/2009\/12\/24\/rasprodaja-valdanosa\/","title":{"rendered":"Rasprodaja Valdanosa &#8211; Video"},"content":{"rendered":"<p><a href=\"http:\/\/www.visit-ulcinj.com\/blog\/wp-content\/uploads\/2009\/12\/Ne-damo-Valdanos.1.jpg\"><img loading=\"lazy\" class=\"alignleft size-full wp-image-28688\" title=\"Ne damo Valdanos.1\" src=\"http:\/\/www.visit-ulcinj.com\/blog\/wp-content\/uploads\/2009\/12\/Ne-damo-Valdanos.1.jpg\" alt=\"Ne damo Valdanos.1\" width=\"580\" height=\"400\" \/><\/a>&#8220;Do kraja godine trebalo bi da se potpi\u0161e ugovor za Valdanos&#8221;, najavio je potpredsjednik crnogorske Vlade Vujica Lazovi?. Ta vijest iznenadila je sve u Ulcinju, iako je Lazovi? sa gradona?elnikom i ?lanom Tenderske komisije Gzimom Hajdinagom prije tri nedjelje u Londonu razgovarao sa predstavnicima firme Cubus lux, koja se interesuje da u tridesetogodi\u0161nji zakup uzme najljep\u0161u uvalu na Crnogorskom primorju. Javnost o tome nije obavije\u0161tena. Krah javnih finansija naprosto tjera Vladu Crne Gore da povla?i ovakve rizi?ne poteze i da, figurativno govore?i, zbog sto grama mesa kolje vola! \u0160to ?e to na kraju platiti svi gra?ani Crne Gore, vlast ne interesuje. A ?injenice su tvrdoglave. Ako bi se i sklopio ugovor sa firmom Cubus lux godi\u0161nja zakupnina od Valdanosa (za metar kvadratni ponudila je 18 centi) iznosila bi svega 650 hiljada eura! Za ?itavih trideset godina tek 20 miliona eura za Zakonom o maslinarstvu posebno za\u0161ti?eno podru?je i podvodno arheolo\u0161ko nalazi\u0161te!<br \/>\nTo \u0161to biv\u0161i vlasnici maslina u prosjeku svake godine samo po osnovu neobranih maslina, koje se prerade u ulje, izgube u prosjeku tri miliona eura, Vladu tako?e ne interesuje. Ni to \u0161to op\u0161tina Ulcinj od svega toga ne?e imati prakti?no nikakve koristi.<br \/>\nZato u Grupi nevladinih organizacija i nezavisnih intelektualaca Ulcinja smatraju da tender za Valdanos treba poni\u0161titi. Oni ka\u017eu da ?itav postupak obiluje brojnim nepravilnostima, a Cubus lux ne ispunjava osnovne uslove iz tendera. Iz njegovog oficijelnog sajta mo\u017ee se vidjeti da nema govora o klju?nom uslovu iz tendera &#8211; da Cubus lux mora biti \u201eme?unarodni hotelski operater i brend koji je poznat i me?unarodno priznat kao uspje\u0161an operater turisti?kih kompleksa nivoa ?etiri plus ili pet zvjezdica&#8221;. Koordinator ulcinjske Grupe D\u017eemal Perovi? ka\u017ee da Ulcinjani nijesu spremni da mirno i ravnodu\u0161no prihvate jo\u0161 jednu \u0161tetnu privatizaciju i to imovine koju su vjekovima naslje?ivali, za koju su tradicijski, kulturolo\u0161ki, ekonomski i ambijentalno neraskidivo vezani. Isti je stav u Odbor za povra?aj imovine u Valdanosu. ,,Mi tra\u017eimo da se po\u0161tuju zakoni i pravni akti koje su donijeli Skup\u0161tina i Vlada ove zemlje. Jednom su nas prevarili, vi\u0161e ne?e&#8221;, ka\u017ee predsjednik Odbora Luka ?akonovi?.<\/p>\n<p><strong>M. CANKA<br \/>\n<a href=\"http:\/\/www.monitorcg.com\/index.php?option=com_content&amp;view=article&amp;id=1267:hronika-998&amp;catid=816:broj-998&amp;Itemid=1810\" target=\"_blank\">Monitor<\/a><\/strong><\/p>\n<p>\n\t\t<style type=\"text\/css\">\n\t\t\t#gallery-1 {\n\t\t\t\tmargin: auto;\n\t\t\t}\n\t\t\t#gallery-1 .gallery-item {\n\t\t\t\tfloat: left;\n\t\t\t\tmargin-top: 10px;\n\t\t\t\ttext-align: center;\n\t\t\t\twidth: 33%;\n\t\t\t}\n\t\t\t#gallery-1 img {\n\t\t\t\tborder: 2px solid #cfcfcf;\n\t\t\t}\n\t\t\t#gallery-1 .gallery-caption {\n\t\t\t\tmargin-left: 0;\n\t\t\t}\n\t\t\t\/* see gallery_shortcode() in wp-includes\/media.php *\/\n\t\t<\/style>\n\t\t<div id='gallery-1' class='gallery galleryid-28687 gallery-columns-3 gallery-size-thumbnail'><dl class='gallery-item'>\n\t\t\t<dt class='gallery-icon landscape'>\n\t\t\t\t<a href='https:\/\/www.visit-ulcinj.com\/blog\/wp-content\/uploads\/2009\/12\/Ne-damo-Valdanos.1.jpg'><img width=\"150\" height=\"150\" src=\"https:\/\/www.visit-ulcinj.com\/blog\/wp-content\/uploads\/2009\/12\/Ne-damo-Valdanos.1-150x150.jpg\" class=\"attachment-thumbnail size-thumbnail\" alt=\"\" loading=\"lazy\" \/><\/a>\n\t\t\t<\/dt><\/dl><dl class='gallery-item'>\n\t\t\t<dt class='gallery-icon landscape'>\n\t\t\t\t<a href='https:\/\/www.visit-ulcinj.com\/blog\/wp-content\/uploads\/2009\/12\/Ne-damo-Valdanos.2.jpg'><img width=\"150\" height=\"150\" src=\"https:\/\/www.visit-ulcinj.com\/blog\/wp-content\/uploads\/2009\/12\/Ne-damo-Valdanos.2-150x150.jpg\" class=\"attachment-thumbnail size-thumbnail\" alt=\"\" loading=\"lazy\" \/><\/a>\n\t\t\t<\/dt><\/dl><dl class='gallery-item'>\n\t\t\t<dt class='gallery-icon portrait'>\n\t\t\t\t<a href='https:\/\/www.visit-ulcinj.com\/blog\/wp-content\/uploads\/2009\/12\/Ne-damo-Valdanos.3.jpg'><img width=\"150\" height=\"150\" src=\"https:\/\/www.visit-ulcinj.com\/blog\/wp-content\/uploads\/2009\/12\/Ne-damo-Valdanos.3-150x150.jpg\" class=\"attachment-thumbnail size-thumbnail\" alt=\"\" loading=\"lazy\" \/><\/a>\n\t\t\t<\/dt><\/dl><br style=\"clear: both\" \/><dl class='gallery-item'>\n\t\t\t<dt class='gallery-icon landscape'>\n\t\t\t\t<a href='https:\/\/www.visit-ulcinj.com\/blog\/wp-content\/uploads\/2009\/12\/Ne-damo-Valdanos.4.jpg'><img width=\"150\" height=\"150\" src=\"https:\/\/www.visit-ulcinj.com\/blog\/wp-content\/uploads\/2009\/12\/Ne-damo-Valdanos.4-150x150.jpg\" class=\"attachment-thumbnail size-thumbnail\" alt=\"\" loading=\"lazy\" \/><\/a>\n\t\t\t<\/dt><\/dl><dl class='gallery-item'>\n\t\t\t<dt class='gallery-icon landscape'>\n\t\t\t\t<a href='https:\/\/www.visit-ulcinj.com\/blog\/wp-content\/uploads\/2009\/12\/Ne-damo-Valdanos.5.jpg'><img width=\"150\" height=\"150\" src=\"https:\/\/www.visit-ulcinj.com\/blog\/wp-content\/uploads\/2009\/12\/Ne-damo-Valdanos.5-150x150.jpg\" class=\"attachment-thumbnail size-thumbnail\" alt=\"\" loading=\"lazy\" \/><\/a>\n\t\t\t<\/dt><\/dl><dl class='gallery-item'>\n\t\t\t<dt class='gallery-icon landscape'>\n\t\t\t\t<a href='https:\/\/www.visit-ulcinj.com\/blog\/wp-content\/uploads\/2009\/12\/Ne-damo-Valdanos.6.jpg'><img width=\"150\" height=\"150\" src=\"https:\/\/www.visit-ulcinj.com\/blog\/wp-content\/uploads\/2009\/12\/Ne-damo-Valdanos.6-150x150.jpg\" class=\"attachment-thumbnail size-thumbnail\" alt=\"\" loading=\"lazy\" \/><\/a>\n\t\t\t<\/dt><\/dl><br style=\"clear: both\" \/><dl class='gallery-item'>\n\t\t\t<dt class='gallery-icon landscape'>\n\t\t\t\t<a href='https:\/\/www.visit-ulcinj.com\/blog\/wp-content\/uploads\/2009\/12\/Ne-damo-Valdanos.7.jpg'><img width=\"150\" height=\"150\" src=\"https:\/\/www.visit-ulcinj.com\/blog\/wp-content\/uploads\/2009\/12\/Ne-damo-Valdanos.7-150x150.jpg\" class=\"attachment-thumbnail size-thumbnail\" alt=\"\" loading=\"lazy\" \/><\/a>\n\t\t\t<\/dt><\/dl><dl class='gallery-item'>\n\t\t\t<dt class='gallery-icon landscape'>\n\t\t\t\t<a href='https:\/\/www.visit-ulcinj.com\/blog\/wp-content\/uploads\/2009\/12\/Ne-damo-Valdanos.9.jpg'><img width=\"150\" height=\"150\" src=\"https:\/\/www.visit-ulcinj.com\/blog\/wp-content\/uploads\/2009\/12\/Ne-damo-Valdanos.9-150x150.jpg\" class=\"attachment-thumbnail size-thumbnail\" alt=\"\" loading=\"lazy\" \/><\/a>\n\t\t\t<\/dt><\/dl><dl class='gallery-item'>\n\t\t\t<dt class='gallery-icon landscape'>\n\t\t\t\t<a href='https:\/\/www.visit-ulcinj.com\/blog\/wp-content\/uploads\/2009\/12\/Ne-damo-Valdanos.10.jpg'><img width=\"150\" height=\"150\" src=\"https:\/\/www.visit-ulcinj.com\/blog\/wp-content\/uploads\/2009\/12\/Ne-damo-Valdanos.10-150x150.jpg\" class=\"attachment-thumbnail size-thumbnail\" alt=\"\" loading=\"lazy\" \/><\/a>\n\t\t\t<\/dt><\/dl><br style=\"clear: both\" \/>\n\t\t<\/div>\n<br \/>\n<!--YouTube Error: bad URL entered--><\/p>\n","protected":false},"excerpt":{"rendered":"<p>&#8220;Do kraja godine trebalo bi da se potpi\u0161e ugovor za Valdanos&#8221;, najavio je potpredsjednik crnogorske Vlade Vujica Lazovi?. Ta vijest iznenadila je sve u Ulcinju, iako je Lazovi? sa gradona?elnikom i ?lanom Tenderske komisije Gzimom Hajdinagom prije tri nedjelje u Londonu razgovarao sa predstavnicima firme Cubus lux, koja se interesuje da u tridesetogodi\u0161nji zakup uzme [&hellip;]<\/p>\n","protected":false},"author":1,"featured_media":0,"comment_status":"open","ping_status":"closed","sticky":false,"template":"","format":"standard","meta":{"spay_email":"","jetpack_publicize_message":"","jetpack_is_tweetstorm":false,"jetpack_publicize_feature_enabled":true},"categories":[10],"tags":[19,136],"jetpack_publicize_connections":[],"yoast_head":"<!-- This site is optimized with the Yoast SEO plugin v19.1 - https:\/\/yoast.com\/wordpress\/plugins\/seo\/ -->\n<title>Rasprodaja Valdanosa - Video - Lajme nga Ulqini<\/title>\n<meta name=\"description\" content=\"&quot;Do kraja godine trebalo bi da se potpi\u0161e ugovor za Valdanos&quot;, najavio je potpredsjednik crnogorske Vlade Vujica Lazovi?. Ta vijest iznenadila je sve u\" \/>\n<meta name=\"robots\" content=\"index, follow, max-snippet:-1, max-image-preview:large, max-video-preview:-1\" \/>\n<link rel=\"canonical\" href=\"https:\/\/www.visit-ulcinj.com\/blog\/2009\/12\/24\/rasprodaja-valdanosa\/\" \/>\n<meta property=\"og:locale\" content=\"en_US\" \/>\n<meta property=\"og:type\" content=\"article\" \/>\n<meta property=\"og:title\" content=\"Rasprodaja Valdanosa - Video - Lajme nga Ulqini\" \/>\n<meta property=\"og:description\" content=\"&quot;Do kraja godine trebalo bi da se potpi\u0161e ugovor za Valdanos&quot;, najavio je potpredsjednik crnogorske Vlade Vujica Lazovi?. Ta vijest iznenadila je sve u\" \/>\n<meta property=\"og:url\" content=\"https:\/\/www.visit-ulcinj.com\/blog\/2009\/12\/24\/rasprodaja-valdanosa\/\" \/>\n<meta property=\"og:site_name\" content=\"Lajme nga Ulqini\" \/>\n<meta property=\"article:published_time\" content=\"2009-12-24T09:02:08+00:00\" \/>\n<meta property=\"article:modified_time\" content=\"2009-12-29T05:46:18+00:00\" \/>\n<meta property=\"og:image\" content=\"https:\/\/www.visit-ulcinj.com\/blog\/wp-content\/uploads\/2009\/12\/Ne-damo-Valdanos.1-150x150.jpg\" \/>\n<meta name=\"twitter:label1\" content=\"Written by\" \/>\n\t<meta name=\"twitter:data1\" content=\"ulqini\" \/>\n\t<meta name=\"twitter:label2\" content=\"Est. reading time\" \/>\n\t<meta name=\"twitter:data2\" content=\"2 minutes\" \/>\n<script type=\"application\/ld+json\" class=\"yoast-schema-graph\">{\"@context\":\"https:\/\/schema.org\",\"@graph\":[{\"@type\":\"WebSite\",\"@id\":\"https:\/\/www.visit-ulcinj.com\/blog\/#website\",\"url\":\"https:\/\/www.visit-ulcinj.com\/blog\/\",\"name\":\"Lajme nga Ulqini\",\"description\":\"Lajme,Vijesti,Ulqini,Ulqin,Crna Gora,Mali i Zi\",\"potentialAction\":[{\"@type\":\"SearchAction\",\"target\":{\"@type\":\"EntryPoint\",\"urlTemplate\":\"https:\/\/www.visit-ulcinj.com\/blog\/?s={search_term_string}\"},\"query-input\":\"required name=search_term_string\"}],\"inLanguage\":\"en-US\"},{\"@type\":\"ImageObject\",\"inLanguage\":\"en-US\",\"@id\":\"https:\/\/www.visit-ulcinj.com\/blog\/2009\/12\/24\/rasprodaja-valdanosa\/#primaryimage\",\"url\":\"https:\/\/www.visit-ulcinj.com\/blog\/wp-content\/uploads\/2009\/12\/Ne-damo-Valdanos.1.jpg\",\"contentUrl\":\"https:\/\/www.visit-ulcinj.com\/blog\/wp-content\/uploads\/2009\/12\/Ne-damo-Valdanos.1.jpg\",\"width\":\"604\",\"height\":\"400\"},{\"@type\":\"WebPage\",\"@id\":\"https:\/\/www.visit-ulcinj.com\/blog\/2009\/12\/24\/rasprodaja-valdanosa\/#webpage\",\"url\":\"https:\/\/www.visit-ulcinj.com\/blog\/2009\/12\/24\/rasprodaja-valdanosa\/\",\"name\":\"Rasprodaja Valdanosa - Video - Lajme nga Ulqini\",\"isPartOf\":{\"@id\":\"https:\/\/www.visit-ulcinj.com\/blog\/#website\"},\"primaryImageOfPage\":{\"@id\":\"https:\/\/www.visit-ulcinj.com\/blog\/2009\/12\/24\/rasprodaja-valdanosa\/#primaryimage\"},\"datePublished\":\"2009-12-24T09:02:08+00:00\",\"dateModified\":\"2009-12-29T05:46:18+00:00\",\"author\":{\"@id\":\"https:\/\/www.visit-ulcinj.com\/blog\/#\/schema\/person\/dcab619c614d3038751c63bc2aadc06d\"},\"description\":\"\\\"Do kraja godine trebalo bi da se potpi\u0161e ugovor za Valdanos\\\", najavio je potpredsjednik crnogorske Vlade Vujica Lazovi?. Ta vijest iznenadila je sve u\",\"breadcrumb\":{\"@id\":\"https:\/\/www.visit-ulcinj.com\/blog\/2009\/12\/24\/rasprodaja-valdanosa\/#breadcrumb\"},\"inLanguage\":\"en-US\",\"potentialAction\":[{\"@type\":\"ReadAction\",\"target\":[\"https:\/\/www.visit-ulcinj.com\/blog\/2009\/12\/24\/rasprodaja-valdanosa\/\"]}]},{\"@type\":\"BreadcrumbList\",\"@id\":\"https:\/\/www.visit-ulcinj.com\/blog\/2009\/12\/24\/rasprodaja-valdanosa\/#breadcrumb\",\"itemListElement\":[{\"@type\":\"ListItem\",\"position\":1,\"name\":\"Rasprodaja Valdanosa &#8211; Video\"}]},{\"@type\":\"Person\",\"@id\":\"https:\/\/www.visit-ulcinj.com\/blog\/#\/schema\/person\/dcab619c614d3038751c63bc2aadc06d\",\"name\":\"ulqini\",\"sameAs\":[\"http:\/\/www.visit-ulcinj.com\"],\"url\":\"https:\/\/www.visit-ulcinj.com\/blog\/author\/admin\/\"}]}<\/script>\n<!-- \/ Yoast SEO plugin. -->","yoast_head_json":{"title":"Rasprodaja Valdanosa - Video - Lajme nga Ulqini","description":"\"Do kraja godine trebalo bi da se potpi\u0161e ugovor za Valdanos\", najavio je potpredsjednik crnogorske Vlade Vujica Lazovi?. Ta vijest iznenadila je sve u","robots":{"index":"index","follow":"follow","max-snippet":"max-snippet:-1","max-image-preview":"max-image-preview:large","max-video-preview":"max-video-preview:-1"},"canonical":"https:\/\/www.visit-ulcinj.com\/blog\/2009\/12\/24\/rasprodaja-valdanosa\/","og_locale":"en_US","og_type":"article","og_title":"Rasprodaja Valdanosa - Video - Lajme nga Ulqini","og_description":"\"Do kraja godine trebalo bi da se potpi\u0161e ugovor za Valdanos\", najavio je potpredsjednik crnogorske Vlade Vujica Lazovi?. Ta vijest iznenadila je sve u","og_url":"https:\/\/www.visit-ulcinj.com\/blog\/2009\/12\/24\/rasprodaja-valdanosa\/","og_site_name":"Lajme nga Ulqini","article_published_time":"2009-12-24T09:02:08+00:00","article_modified_time":"2009-12-29T05:46:18+00:00","og_image":[{"url":"https:\/\/www.visit-ulcinj.com\/blog\/wp-content\/uploads\/2009\/12\/Ne-damo-Valdanos.1-150x150.jpg"}],"twitter_misc":{"Written by":"ulqini","Est. reading time":"2 minutes"},"schema":{"@context":"https:\/\/schema.org","@graph":[{"@type":"WebSite","@id":"https:\/\/www.visit-ulcinj.com\/blog\/#website","url":"https:\/\/www.visit-ulcinj.com\/blog\/","name":"Lajme nga Ulqini","description":"Lajme,Vijesti,Ulqini,Ulqin,Crna Gora,Mali i Zi","potentialAction":[{"@type":"SearchAction","target":{"@type":"EntryPoint","urlTemplate":"https:\/\/www.visit-ulcinj.com\/blog\/?s={search_term_string}"},"query-input":"required name=search_term_string"}],"inLanguage":"en-US"},{"@type":"ImageObject","inLanguage":"en-US","@id":"https:\/\/www.visit-ulcinj.com\/blog\/2009\/12\/24\/rasprodaja-valdanosa\/#primaryimage","url":"https:\/\/www.visit-ulcinj.com\/blog\/wp-content\/uploads\/2009\/12\/Ne-damo-Valdanos.1.jpg","contentUrl":"https:\/\/www.visit-ulcinj.com\/blog\/wp-content\/uploads\/2009\/12\/Ne-damo-Valdanos.1.jpg","width":"604","height":"400"},{"@type":"WebPage","@id":"https:\/\/www.visit-ulcinj.com\/blog\/2009\/12\/24\/rasprodaja-valdanosa\/#webpage","url":"https:\/\/www.visit-ulcinj.com\/blog\/2009\/12\/24\/rasprodaja-valdanosa\/","name":"Rasprodaja Valdanosa - Video - Lajme nga Ulqini","isPartOf":{"@id":"https:\/\/www.visit-ulcinj.com\/blog\/#website"},"primaryImageOfPage":{"@id":"https:\/\/www.visit-ulcinj.com\/blog\/2009\/12\/24\/rasprodaja-valdanosa\/#primaryimage"},"datePublished":"2009-12-24T09:02:08+00:00","dateModified":"2009-12-29T05:46:18+00:00","author":{"@id":"https:\/\/www.visit-ulcinj.com\/blog\/#\/schema\/person\/dcab619c614d3038751c63bc2aadc06d"},"description":"\"Do kraja godine trebalo bi da se potpi\u0161e ugovor za Valdanos\", najavio je potpredsjednik crnogorske Vlade Vujica Lazovi?. Ta vijest iznenadila je sve u","breadcrumb":{"@id":"https:\/\/www.visit-ulcinj.com\/blog\/2009\/12\/24\/rasprodaja-valdanosa\/#breadcrumb"},"inLanguage":"en-US","potentialAction":[{"@type":"ReadAction","target":["https:\/\/www.visit-ulcinj.com\/blog\/2009\/12\/24\/rasprodaja-valdanosa\/"]}]},{"@type":"BreadcrumbList","@id":"https:\/\/www.visit-ulcinj.com\/blog\/2009\/12\/24\/rasprodaja-valdanosa\/#breadcrumb","itemListElement":[{"@type":"ListItem","position":1,"name":"Rasprodaja Valdanosa &#8211; Video"}]},{"@type":"Person","@id":"https:\/\/www.visit-ulcinj.com\/blog\/#\/schema\/person\/dcab619c614d3038751c63bc2aadc06d","name":"ulqini","sameAs":["http:\/\/www.visit-ulcinj.com"],"url":"https:\/\/www.visit-ulcinj.com\/blog\/author\/admin\/"}]}},"jetpack_featured_media_url":"","jetpack_sharing_enabled":true,"jetpack_shortlink":"https:\/\/wp.me\/pe6lTn-7sH","_links":{"self":[{"href":"https:\/\/www.visit-ulcinj.com\/blog\/wp-json\/wp\/v2\/posts\/28687"}],"collection":[{"href":"https:\/\/www.visit-ulcinj.com\/blog\/wp-json\/wp\/v2\/posts"}],"about":[{"href":"https:\/\/www.visit-ulcinj.com\/blog\/wp-json\/wp\/v2\/types\/post"}],"author":[{"embeddable":true,"href":"https:\/\/www.visit-ulcinj.com\/blog\/wp-json\/wp\/v2\/users\/1"}],"replies":[{"embeddable":true,"href":"https:\/\/www.visit-ulcinj.com\/blog\/wp-json\/wp\/v2\/comments?post=28687"}],"version-history":[{"count":0,"href":"https:\/\/www.visit-ulcinj.com\/blog\/wp-json\/wp\/v2\/posts\/28687\/revisions"}],"wp:attachment":[{"href":"https:\/\/www.visit-ulcinj.com\/blog\/wp-json\/wp\/v2\/media?parent=28687"}],"wp:term":[{"taxonomy":"category","embeddable":true,"href":"https:\/\/www.visit-ulcinj.com\/blog\/wp-json\/wp\/v2\/categories?post=28687"},{"taxonomy":"post_tag","embeddable":true,"href":"https:\/\/www.visit-ulcinj.com\/blog\/wp-json\/wp\/v2\/tags?post=28687"}],"curies":[{"name":"wp","href":"https:\/\/api.w.org\/{rel}","templated":true}]}}