{"id":28699,"date":"2009-12-24T12:09:47","date_gmt":"2009-12-24T10:09:47","guid":{"rendered":"http:\/\/www.visit-ulcinj.com\/blog\/?p=28699"},"modified":"2009-12-24T12:09:47","modified_gmt":"2009-12-24T10:09:47","slug":"altuna-sejdiun-mjeku-e-diagnostikon-me-kancer","status":"publish","type":"post","link":"https:\/\/www.visit-ulcinj.com\/blog\/2009\/12\/24\/altuna-sejdiun-mjeku-e-diagnostikon-me-kancer\/","title":{"rendered":"Altuna Sejdiun, mjeku e diagnostikon me kancer"},"content":{"rendered":"<p><a href=\"http:\/\/www.visit-ulcinj.com\/blog\/wp-content\/uploads\/2009\/12\/Altuna-Sejdiu.jpg\"><img loading=\"lazy\" class=\"alignleft size-full wp-image-28700\" title=\"Altuna Sejdiu\" src=\"http:\/\/www.visit-ulcinj.com\/blog\/wp-content\/uploads\/2009\/12\/Altuna-Sejdiu.jpg\" alt=\"Altuna Sejdiu\" width=\"402\" height=\"604\" \/><\/a>Rezultatet ishin t\u00eb ngat\u00ebrruara me pacienten 83- vje\u00e7are Altuna Sejdiun, e cila ka arritur n\u00eb spital n\u00eb t\u00eb nj\u00ebjtin moment me k\u00ebng\u00ebtaren Altuna Sejdiu. Duhet ta imagjinoni se k\u00ebng\u00ebtarja ka l\u00ebn\u00eb spitalin pas disa or\u00ebve, e gjitha n\u00eb depresion. Nuk kishte mund\u00ebsi t\u00eb b\u00ebheshin analiza t\u00eb tjera q\u00eb t\u00eb mund t\u00eb zbulohet gabimi. \u201cTuna, je duke vdekur, ishte refreni me t\u00eb cilin zgjohesha dhe shtrihesha n\u00eb shtrat gati \u00e7do nat\u00eb, prej kur mjeku n\u00eb Tiran\u00eb m\u00eb tregoi diagnoz\u00ebn e rrejshme\u201d, thekson k\u00ebng\u00ebtarja.<br \/>\nP\u00ebr shkak t\u00eb frik\u00ebs nga gripi i derrit shum\u00eb njer\u00ebz sapo kan\u00eb pak temperatur\u00eb menj\u00ebher\u00eb drejtohen n\u00eb spital p\u00ebr kontrolle, kurse p\u00ebr shkak t\u00eb gabimeve mjek\u00ebsore ndodh q\u00eb mos t\u00eb ktheheni t\u00eb gjall\u00eb! Nuk thot\u00eb kot populli \u201cMos dhasht\u00eb Zoti t\u00eb biesh n\u00eb duar t\u00eb mjek\u00ebve\u201d. Dhe pik\u00ebrisht n\u00eb k\u00ebt\u00eb th\u00ebnie ka r\u00ebn\u00eb pre edhe k\u00ebng\u00ebtarja Tuna Sejdiu, e cila p\u00ebr rreth nj\u00eb jav\u00eb ishte \u201cviktim\u00eb\u201d e nj\u00eb gabimi mjek\u00ebsor dhe ka vendosur t\u00eb tregoj\u00eb t\u00eb v\u00ebrtet\u00ebn. E gjith\u00eb ngjarja zhvillohet k\u00ebshtu. Kur k\u00ebng\u00ebtarja u nis p\u00ebr n\u00eb Tiran\u00eb, rrug\u00ebs kishte pasur temperatur\u00eb t\u00eb madhe, dhimbje t\u00eb stomakut dhe t\u00eb muskujve. \u00cbsht\u00eb munduar t\u00eb mbaj\u00eb veten gjat\u00eb rrug\u00ebs, por pas mb\u00ebrritjes n\u00eb aeroport, gjat\u00eb kontrollit atje kan\u00eb konstatuar se ajo nuk mund t\u00eb udh\u00ebtonte n\u00eb k\u00ebt\u00eb gjendje. Tuna shpejt \u00ebsht\u00eb d\u00ebrguar n\u00eb Qendr\u00ebn Spitalore t\u00eb Tiran\u00ebs. Ekipi mjek\u00ebsor menj\u00ebher\u00eb e ka d\u00ebrguar t\u00eb b\u00ebj\u00eb analiza t\u00eb gjakut, urin\u00ebs, fytit, hund\u00ebs, vesh\u00ebve si dhe nj\u00eb eho-rentgen, me nj\u00eb fjal\u00eb shumic\u00ebn e analizave n\u00eb p\u00ebrgjith\u00ebsi. Pas nj\u00eb or\u00eb e gjysm\u00eb mb\u00ebrrit\u00ebn edhe rezultatet e analizave, ekipi mjek\u00ebsor futet n\u00eb dhom\u00ebn ku ka q\u00ebndruar k\u00ebng\u00ebtarja dhe i tregojn\u00eb nj\u00eb lajm jo t\u00eb k\u00ebndsh\u00ebm p\u00ebr at\u00eb, edhe pse n\u00eb fund del q\u00eb e gjitha ishte e pav\u00ebrtet\u00eb. Valon Zelati, mjeku i cili p\u00ebr rreth dhjet\u00eb dit\u00eb i ka nxir\u00eb jet\u00ebn k\u00ebng\u00ebtares, me nj\u00eb z\u00eb t\u00eb ul\u00ebt i tregon se ajo \u00ebsht\u00eb e diagonstifikuar me kancer n\u00eb zorr\u00ebn e trash\u00eb, kancer i cili tashm\u00eb \u00ebsht\u00eb n\u00eb faz\u00ebn metastaz\u00eb (faz\u00eb kjo kur njeriu \u00ebsht\u00eb para vdekjes). N\u00eb v\u00ebrtetimin e analizave t\u00eb dat\u00ebs 4 dhjetor 2009 shkruan: \u201cMendimi im \u00ebsht\u00eb q\u00eb pacienti t\u00eb d\u00ebrgohet n\u00eb biopsi\u201d, thuhet n\u00eb v\u00ebrtetimin e l\u00ebshuar dhe n\u00ebnshkruar nga Dr. specialist Valon Zeljati). Tuna dhe shoqet e saja me nj\u00eb lloj shakaje e kan\u00eb pranuar lajmin. Akoma m\u00eb keq kur u tregon se kanceri nuk mund t\u00eb operohet pasi \u00ebsht\u00eb n\u00eb faz\u00ebn p\u00ebrfundimtare dhe k\u00ebng\u00ebtares i kan\u00eb mbetur edhe tre nga gjasht\u00eb muaj jet\u00eb. Mjeku i ka spjeguar t\u00eb gjith\u00eb procesin e mjekimit, duke i treguar se duhet t\u00eb shkoj\u00eb n\u00eb trajtim t\u00eb vazhduesh\u00ebm dhe mund\u00ebsisht n\u00eb nj\u00eb operacion t\u00eb r\u00ebnd\u00eb. Ekipi mjek\u00ebsor e ka k\u00ebshilluar t\u00eb jet\u00eb e qet\u00eb dhe t\u00eb mos t\u00eb kapet nga paniku, gj\u00eb q\u00eb ishte e pamundur pasi k\u00ebng\u00ebtarja tashm\u00eb ishte n\u00eb gjendje \u201cshoku\u201d dhe t\u00eb pabesueshme, pasi kanceri qet\u00eb dhe ngadal\u00eb p\u00ebr nj\u00eb koh\u00eb t\u00eb shkurt\u00ebr \u00ebsht\u00eb p\u00ebrhapur dhe i ka shkurtuar jet\u00ebn. P\u00ebr shkak t\u00eb shanseve minimale p\u00ebr shp\u00ebtim, pasi qet\u00ebsohen dhimbjet e barkut dhe muskujve, ajo largohet nga spitali. Por, k\u00ebtu edhe fillon lufta e saj, lufta p\u00ebr jet\u00ebn. Pas dy dit\u00ebve k\u00ebng\u00ebtarja kthehet n\u00eb sht\u00ebpin\u00eb e saj n\u00eb Shkup. Ishte munduar t\u00eb mbaj\u00eb t\u00eb fsheht\u00eb lajmin prej familjes s\u00eb saj, duke i treguar vet\u00ebm vajz\u00ebs s\u00eb xhaxhait. Automatikisht largohet nga jeta publike dhe izolohet n\u00eb kat\u00ebr mure t\u00eb sht\u00ebpis\u00eb, duke mos dashur t\u00eb vizitohet tek ndonj\u00eb klinik\u00eb tjet\u00ebr, edhe pse ky ishte insistim i vajz\u00ebs s\u00eb xhaxhait. Definitivisht, pas dhjet\u00eb dit\u00ebsh t\u00eb ngjarjes, k\u00ebng\u00ebtarja vendos t\u00eb shkoj\u00eb n\u00eb klinik\u00ebn \u201cRemedika\u201d. Mjek\u00ebt e Shkupit pas analizave t\u00eb b\u00ebra, jan\u00eb habitur shum\u00eb duke th\u00ebn\u00eb se cili \u201cidiot\u201d paska mundur t\u00eb konstatoj\u00eb k\u00ebt\u00eb diagnoz\u00eb, pasi k\u00ebsaj radhe merr t\u00eb gjith\u00eb rezultatet pozitive, duke konstatuar se Tuna Sejdiu nuk \u00ebsht\u00eb e s\u00ebmur\u00eb r\u00ebnd\u00eb. Ajo p\u00ebrs\u00ebri viziton Tiran\u00ebn dhe pik\u00ebrisht mjekun Valon Zelatin, por k\u00ebt\u00eb radh\u00eb s\u00eb bashku me avokatin e saj. Pasi i dor\u00ebzon t\u00eb gjith\u00eb rezultatet e b\u00ebra n\u00eb Shkup, ekipi mjek\u00ebsor ka konstatuar se b\u00ebhet fjal\u00eb p\u00ebr ndonj\u00eb gabim pasi dit\u00ebn q\u00eb Tuna \u00ebsht\u00eb shtruar n\u00eb spital ka pasur shum\u00eb pacient\u00eb dhe \u00ebsht\u00eb b\u00ebr\u00eb gabim kur jan\u00eb dh\u00ebn\u00eb rezultatet dhe \u00e7ka \u00ebsht\u00eb m\u00eb interesante n\u00eb momentin q\u00eb \u00ebsht\u00eb pranuar k\u00ebng\u00ebtarja Tuna Sejdiu, pik\u00ebrisht n\u00eb at\u00eb moment \u00ebsht\u00eb pranuar edhe nj\u00eb pacient tjet\u00ebr me t\u00eb nj\u00ebjtin em\u00ebr. Dhe, si konstatim rezultatet jan\u00eb ngat\u00ebrruar me pacienten 83-vje\u00e7are Altuna Sejdiu. Duke pasur parasysh se k\u00ebng\u00ebtarja pas disa or\u00ebve ka l\u00ebshuar spitalin e shokuar nga lajmi i keq, me siguri nuk ka pasur mund\u00ebsi t\u00eb b\u00ebhen analiza t\u00eb tjera q\u00eb do mund t\u00eb konstatonin gabimin. Pik\u00ebrisht p\u00ebr shkak t\u00eb k\u00ebtij gabimi, Tuna ka vendosur t\u00eb padis\u00eb mjekun dhe spitalin, kurse t\u00eb hollat e fituara nga ky rast do t\u00eb shkojn\u00eb p\u00ebr q\u00ebllime humanitare. Pas dhjet\u00eb dit\u00ebsh \u201cshoku\u201d, k\u00ebng\u00ebtarja paraqitet n\u00eb publik n\u00eb promovimin e albumit t\u00eb rep k\u00ebng\u00ebtarit maqedonas Toni Zen dhe p\u00ebr gjith\u00eb ngjarjen komenton: \u201cKur m\u00eb treguan lajmin isha n\u00eb shok, me t\u00eb v\u00ebrtet\u00eb kisha dhimbje, nuk m\u00eb besohej, por n\u00eb nj\u00eb m\u00ebnyr\u00eb e pranova situat\u00ebn&#8230; E gjith\u00eb bota p\u00ebrmbyset mbi mua. U ktheva n\u00eb Shkup dhe p\u00ebr fat t\u00eb mir\u00eb vajza e xhaxhait m\u00eb detyroi t\u00eb vizitohesha p\u00ebrs\u00ebri. Ndoshta dhe un\u00eb do ta b\u00ebja t\u00eb nj\u00ebjt\u00ebn gj\u00eb por pak m\u00eb von\u00eb. E kam fshehur nga t\u00eb gjith\u00eb, isha nervoze dhe n\u00eb depresion. Do b\u00ebj padi kund\u00ebr spitalit sepse mendoj q\u00eb m\u00eb kan\u00eb shkurtuar jet\u00ebn p\u00ebr disa vjet. Ekipi mjek\u00ebsor dhe spitali nuk mund t\u00eb b\u00ebjn\u00eb k\u00ebto lloj gabimesh dhe t\u00eb japin informacione t\u00eb gabuara, dhe \u00e7ka \u00ebsht\u00eb m\u00eb tragjike, kur isha me avokatin tim n\u00eb konsultime atje m\u00eb than\u00eb: \u201cPo, por ky nuk \u00ebsht\u00eb gabimi i par\u00eb q\u00eb b\u00ebjm\u00eb\u201d. \u00cbsht\u00eb pozitive pasi kuptova disa gj\u00ebra q\u00eb ndoshta nuk i kam kuptuar asnj\u00ebher\u00eb dhe mendoja gj\u00ebra q\u00eb nuk i kam menduar asnj\u00ebher\u00eb. Jap fjal\u00ebn se do t\u00eb organizoj koncert humanitar dhe shum\u00eb t\u00eb ve\u00e7ant\u00eb \u00e7do vit dhe t\u00eb gjitha t\u00eb hollat e mbledhura do u jepen personave q\u00eb vuajn\u00eb nga kanceri\u201d, thekson Tuna e cila k\u00ebto dit\u00eb udh\u00ebton p\u00ebr n\u00eb SHBA, ku ka t\u00eb aranzhuar disa koncerte dhe definitivisht vitin 2010 do ta pres\u00eb e gjall\u00eb dhe me sh\u00ebndet t\u00eb mir\u00eb.<\/p>\n<p><strong>Panorama Plus<\/strong><br \/>\n<br \/>\n<!--YouTube Error: bad URL entered--><\/p>\n","protected":false},"excerpt":{"rendered":"<p>Rezultatet ishin t\u00eb ngat\u00ebrruara me pacienten 83- vje\u00e7are Altuna Sejdiun, e cila ka arritur n\u00eb spital n\u00eb t\u00eb nj\u00ebjtin moment me k\u00ebng\u00ebtaren Altuna Sejdiu. Duhet ta imagjinoni se k\u00ebng\u00ebtarja ka l\u00ebn\u00eb spitalin pas disa or\u00ebve, e gjitha n\u00eb depresion. Nuk kishte mund\u00ebsi t\u00eb b\u00ebheshin analiza t\u00eb tjera q\u00eb t\u00eb mund t\u00eb zbulohet gabimi. \u201cTuna, je [&hellip;]<\/p>\n","protected":false},"author":1,"featured_media":0,"comment_status":"open","ping_status":"closed","sticky":false,"template":"","format":"standard","meta":{"spay_email":"","jetpack_publicize_message":"","jetpack_is_tweetstorm":false,"jetpack_publicize_feature_enabled":true},"categories":[1],"tags":[4972],"jetpack_publicize_connections":[],"yoast_head":"<!-- This site is optimized with the Yoast SEO plugin v19.1 - https:\/\/yoast.com\/wordpress\/plugins\/seo\/ -->\n<title>Altuna Sejdiun, mjeku e diagnostikon me kancer - Lajme nga Ulqini<\/title>\n<meta name=\"description\" content=\"Rezultatet ishin t\u00eb ngat\u00ebrruara me pacienten 83- vje\u00e7are Altuna Sejdiun, e cila ka arritur n\u00eb spital n\u00eb t\u00eb nj\u00ebjtin moment me k\u00ebng\u00ebtaren Altuna Sejdiu.\" \/>\n<meta name=\"robots\" content=\"index, follow, max-snippet:-1, max-image-preview:large, max-video-preview:-1\" \/>\n<link rel=\"canonical\" href=\"https:\/\/www.visit-ulcinj.com\/blog\/2009\/12\/24\/altuna-sejdiun-mjeku-e-diagnostikon-me-kancer\/\" \/>\n<meta property=\"og:locale\" content=\"en_US\" \/>\n<meta property=\"og:type\" content=\"article\" \/>\n<meta property=\"og:title\" content=\"Altuna Sejdiun, mjeku e diagnostikon me kancer - Lajme nga Ulqini\" \/>\n<meta property=\"og:description\" content=\"Rezultatet ishin t\u00eb ngat\u00ebrruara me pacienten 83- vje\u00e7are Altuna Sejdiun, e cila ka arritur n\u00eb spital n\u00eb t\u00eb nj\u00ebjtin moment me k\u00ebng\u00ebtaren Altuna Sejdiu.\" \/>\n<meta property=\"og:url\" content=\"https:\/\/www.visit-ulcinj.com\/blog\/2009\/12\/24\/altuna-sejdiun-mjeku-e-diagnostikon-me-kancer\/\" \/>\n<meta property=\"og:site_name\" content=\"Lajme nga Ulqini\" \/>\n<meta property=\"article:published_time\" content=\"2009-12-24T10:09:47+00:00\" \/>\n<meta property=\"og:image\" content=\"https:\/\/www.visit-ulcinj.com\/blog\/wp-content\/uploads\/2009\/12\/Altuna-Sejdiu-150x150.jpg\" \/>\n<meta name=\"twitter:label1\" content=\"Written by\" \/>\n\t<meta name=\"twitter:data1\" content=\"ulqini\" \/>\n\t<meta name=\"twitter:label2\" content=\"Est. reading time\" \/>\n\t<meta name=\"twitter:data2\" content=\"6 minutes\" \/>\n<script type=\"application\/ld+json\" class=\"yoast-schema-graph\">{\"@context\":\"https:\/\/schema.org\",\"@graph\":[{\"@type\":\"WebSite\",\"@id\":\"https:\/\/www.visit-ulcinj.com\/blog\/#website\",\"url\":\"https:\/\/www.visit-ulcinj.com\/blog\/\",\"name\":\"Lajme nga Ulqini\",\"description\":\"Lajme,Vijesti,Ulqini,Ulqin,Crna Gora,Mali i Zi\",\"potentialAction\":[{\"@type\":\"SearchAction\",\"target\":{\"@type\":\"EntryPoint\",\"urlTemplate\":\"https:\/\/www.visit-ulcinj.com\/blog\/?s={search_term_string}\"},\"query-input\":\"required name=search_term_string\"}],\"inLanguage\":\"en-US\"},{\"@type\":\"ImageObject\",\"inLanguage\":\"en-US\",\"@id\":\"https:\/\/www.visit-ulcinj.com\/blog\/2009\/12\/24\/altuna-sejdiun-mjeku-e-diagnostikon-me-kancer\/#primaryimage\",\"url\":\"http:\/\/www.visit-ulcinj.com\/blog\/wp-content\/uploads\/2009\/12\/Altuna-Sejdiu.jpg\",\"contentUrl\":\"http:\/\/www.visit-ulcinj.com\/blog\/wp-content\/uploads\/2009\/12\/Altuna-Sejdiu.jpg\"},{\"@type\":\"WebPage\",\"@id\":\"https:\/\/www.visit-ulcinj.com\/blog\/2009\/12\/24\/altuna-sejdiun-mjeku-e-diagnostikon-me-kancer\/#webpage\",\"url\":\"https:\/\/www.visit-ulcinj.com\/blog\/2009\/12\/24\/altuna-sejdiun-mjeku-e-diagnostikon-me-kancer\/\",\"name\":\"Altuna Sejdiun, mjeku e diagnostikon me kancer - Lajme nga Ulqini\",\"isPartOf\":{\"@id\":\"https:\/\/www.visit-ulcinj.com\/blog\/#website\"},\"primaryImageOfPage\":{\"@id\":\"https:\/\/www.visit-ulcinj.com\/blog\/2009\/12\/24\/altuna-sejdiun-mjeku-e-diagnostikon-me-kancer\/#primaryimage\"},\"datePublished\":\"2009-12-24T10:09:47+00:00\",\"dateModified\":\"2009-12-24T10:09:47+00:00\",\"author\":{\"@id\":\"https:\/\/www.visit-ulcinj.com\/blog\/#\/schema\/person\/dcab619c614d3038751c63bc2aadc06d\"},\"description\":\"Rezultatet ishin t\u00eb ngat\u00ebrruara me pacienten 83- vje\u00e7are Altuna Sejdiun, e cila ka arritur n\u00eb spital n\u00eb t\u00eb nj\u00ebjtin moment me k\u00ebng\u00ebtaren Altuna Sejdiu.\",\"breadcrumb\":{\"@id\":\"https:\/\/www.visit-ulcinj.com\/blog\/2009\/12\/24\/altuna-sejdiun-mjeku-e-diagnostikon-me-kancer\/#breadcrumb\"},\"inLanguage\":\"en-US\",\"potentialAction\":[{\"@type\":\"ReadAction\",\"target\":[\"https:\/\/www.visit-ulcinj.com\/blog\/2009\/12\/24\/altuna-sejdiun-mjeku-e-diagnostikon-me-kancer\/\"]}]},{\"@type\":\"BreadcrumbList\",\"@id\":\"https:\/\/www.visit-ulcinj.com\/blog\/2009\/12\/24\/altuna-sejdiun-mjeku-e-diagnostikon-me-kancer\/#breadcrumb\",\"itemListElement\":[{\"@type\":\"ListItem\",\"position\":1,\"name\":\"Altuna Sejdiun, mjeku e diagnostikon me kancer\"}]},{\"@type\":\"Person\",\"@id\":\"https:\/\/www.visit-ulcinj.com\/blog\/#\/schema\/person\/dcab619c614d3038751c63bc2aadc06d\",\"name\":\"ulqini\",\"sameAs\":[\"http:\/\/www.visit-ulcinj.com\"],\"url\":\"https:\/\/www.visit-ulcinj.com\/blog\/author\/admin\/\"}]}<\/script>\n<!-- \/ Yoast SEO plugin. -->","yoast_head_json":{"title":"Altuna Sejdiun, mjeku e diagnostikon me kancer - Lajme nga Ulqini","description":"Rezultatet ishin t\u00eb ngat\u00ebrruara me pacienten 83- vje\u00e7are Altuna Sejdiun, e cila ka arritur n\u00eb spital n\u00eb t\u00eb nj\u00ebjtin moment me k\u00ebng\u00ebtaren Altuna Sejdiu.","robots":{"index":"index","follow":"follow","max-snippet":"max-snippet:-1","max-image-preview":"max-image-preview:large","max-video-preview":"max-video-preview:-1"},"canonical":"https:\/\/www.visit-ulcinj.com\/blog\/2009\/12\/24\/altuna-sejdiun-mjeku-e-diagnostikon-me-kancer\/","og_locale":"en_US","og_type":"article","og_title":"Altuna Sejdiun, mjeku e diagnostikon me kancer - Lajme nga Ulqini","og_description":"Rezultatet ishin t\u00eb ngat\u00ebrruara me pacienten 83- vje\u00e7are Altuna Sejdiun, e cila ka arritur n\u00eb spital n\u00eb t\u00eb nj\u00ebjtin moment me k\u00ebng\u00ebtaren Altuna Sejdiu.","og_url":"https:\/\/www.visit-ulcinj.com\/blog\/2009\/12\/24\/altuna-sejdiun-mjeku-e-diagnostikon-me-kancer\/","og_site_name":"Lajme nga Ulqini","article_published_time":"2009-12-24T10:09:47+00:00","og_image":[{"url":"https:\/\/www.visit-ulcinj.com\/blog\/wp-content\/uploads\/2009\/12\/Altuna-Sejdiu-150x150.jpg"}],"twitter_misc":{"Written by":"ulqini","Est. reading time":"6 minutes"},"schema":{"@context":"https:\/\/schema.org","@graph":[{"@type":"WebSite","@id":"https:\/\/www.visit-ulcinj.com\/blog\/#website","url":"https:\/\/www.visit-ulcinj.com\/blog\/","name":"Lajme nga Ulqini","description":"Lajme,Vijesti,Ulqini,Ulqin,Crna Gora,Mali i Zi","potentialAction":[{"@type":"SearchAction","target":{"@type":"EntryPoint","urlTemplate":"https:\/\/www.visit-ulcinj.com\/blog\/?s={search_term_string}"},"query-input":"required name=search_term_string"}],"inLanguage":"en-US"},{"@type":"ImageObject","inLanguage":"en-US","@id":"https:\/\/www.visit-ulcinj.com\/blog\/2009\/12\/24\/altuna-sejdiun-mjeku-e-diagnostikon-me-kancer\/#primaryimage","url":"http:\/\/www.visit-ulcinj.com\/blog\/wp-content\/uploads\/2009\/12\/Altuna-Sejdiu.jpg","contentUrl":"http:\/\/www.visit-ulcinj.com\/blog\/wp-content\/uploads\/2009\/12\/Altuna-Sejdiu.jpg"},{"@type":"WebPage","@id":"https:\/\/www.visit-ulcinj.com\/blog\/2009\/12\/24\/altuna-sejdiun-mjeku-e-diagnostikon-me-kancer\/#webpage","url":"https:\/\/www.visit-ulcinj.com\/blog\/2009\/12\/24\/altuna-sejdiun-mjeku-e-diagnostikon-me-kancer\/","name":"Altuna Sejdiun, mjeku e diagnostikon me kancer - Lajme nga Ulqini","isPartOf":{"@id":"https:\/\/www.visit-ulcinj.com\/blog\/#website"},"primaryImageOfPage":{"@id":"https:\/\/www.visit-ulcinj.com\/blog\/2009\/12\/24\/altuna-sejdiun-mjeku-e-diagnostikon-me-kancer\/#primaryimage"},"datePublished":"2009-12-24T10:09:47+00:00","dateModified":"2009-12-24T10:09:47+00:00","author":{"@id":"https:\/\/www.visit-ulcinj.com\/blog\/#\/schema\/person\/dcab619c614d3038751c63bc2aadc06d"},"description":"Rezultatet ishin t\u00eb ngat\u00ebrruara me pacienten 83- vje\u00e7are Altuna Sejdiun, e cila ka arritur n\u00eb spital n\u00eb t\u00eb nj\u00ebjtin moment me k\u00ebng\u00ebtaren Altuna Sejdiu.","breadcrumb":{"@id":"https:\/\/www.visit-ulcinj.com\/blog\/2009\/12\/24\/altuna-sejdiun-mjeku-e-diagnostikon-me-kancer\/#breadcrumb"},"inLanguage":"en-US","potentialAction":[{"@type":"ReadAction","target":["https:\/\/www.visit-ulcinj.com\/blog\/2009\/12\/24\/altuna-sejdiun-mjeku-e-diagnostikon-me-kancer\/"]}]},{"@type":"BreadcrumbList","@id":"https:\/\/www.visit-ulcinj.com\/blog\/2009\/12\/24\/altuna-sejdiun-mjeku-e-diagnostikon-me-kancer\/#breadcrumb","itemListElement":[{"@type":"ListItem","position":1,"name":"Altuna Sejdiun, mjeku e diagnostikon me kancer"}]},{"@type":"Person","@id":"https:\/\/www.visit-ulcinj.com\/blog\/#\/schema\/person\/dcab619c614d3038751c63bc2aadc06d","name":"ulqini","sameAs":["http:\/\/www.visit-ulcinj.com"],"url":"https:\/\/www.visit-ulcinj.com\/blog\/author\/admin\/"}]}},"jetpack_featured_media_url":"","jetpack_sharing_enabled":true,"jetpack_shortlink":"https:\/\/wp.me\/pe6lTn-7sT","_links":{"self":[{"href":"https:\/\/www.visit-ulcinj.com\/blog\/wp-json\/wp\/v2\/posts\/28699"}],"collection":[{"href":"https:\/\/www.visit-ulcinj.com\/blog\/wp-json\/wp\/v2\/posts"}],"about":[{"href":"https:\/\/www.visit-ulcinj.com\/blog\/wp-json\/wp\/v2\/types\/post"}],"author":[{"embeddable":true,"href":"https:\/\/www.visit-ulcinj.com\/blog\/wp-json\/wp\/v2\/users\/1"}],"replies":[{"embeddable":true,"href":"https:\/\/www.visit-ulcinj.com\/blog\/wp-json\/wp\/v2\/comments?post=28699"}],"version-history":[{"count":0,"href":"https:\/\/www.visit-ulcinj.com\/blog\/wp-json\/wp\/v2\/posts\/28699\/revisions"}],"wp:attachment":[{"href":"https:\/\/www.visit-ulcinj.com\/blog\/wp-json\/wp\/v2\/media?parent=28699"}],"wp:term":[{"taxonomy":"category","embeddable":true,"href":"https:\/\/www.visit-ulcinj.com\/blog\/wp-json\/wp\/v2\/categories?post=28699"},{"taxonomy":"post_tag","embeddable":true,"href":"https:\/\/www.visit-ulcinj.com\/blog\/wp-json\/wp\/v2\/tags?post=28699"}],"curies":[{"name":"wp","href":"https:\/\/api.w.org\/{rel}","templated":true}]}}