{"id":28708,"date":"2009-12-24T12:43:52","date_gmt":"2009-12-24T10:43:52","guid":{"rendered":"http:\/\/www.visit-ulcinj.com\/blog\/?p=28708"},"modified":"2009-12-24T12:43:52","modified_gmt":"2009-12-24T10:43:52","slug":"geti-une-bej-jeten-qe-shihni-ne-klipet-e-mia","status":"publish","type":"post","link":"https:\/\/www.visit-ulcinj.com\/blog\/2009\/12\/24\/geti-une-bej-jeten-qe-shihni-ne-klipet-e-mia\/","title":{"rendered":"Geti: Un\u00eb b\u00ebj jet\u00ebn q\u00eb shihni n\u00eb klipet e mia"},"content":{"rendered":"<p><a href=\"http:\/\/www.visit-ulcinj.com\/blog\/wp-content\/uploads\/2009\/12\/Getoar-Selimi.jpg\"><img loading=\"lazy\" class=\"alignleft size-full wp-image-28709\" title=\"Getoar Selimi\" src=\"http:\/\/www.visit-ulcinj.com\/blog\/wp-content\/uploads\/2009\/12\/Getoar-Selimi.jpg\" alt=\"Getoar Selimi\" width=\"580\" height=\"400\" \/><\/a>Alkimia mes tij dhe k\u00ebng\u00ebtareve n\u00eb klipe ndihet nga t\u00eb gjith\u00eb. Ashtu si\u00e7 i takon nj\u00eb reperi edhe ai i k\u00ebndon jet\u00ebs reale. N\u00eb k\u00ebt\u00eb intervist\u00eb tregon m\u00eb shum\u00eb rreth jet\u00ebs q\u00eb b\u00ebn, thashethemeve n\u00eb lidhje me femrat, kund\u00ebrshtar\u00ebve n\u00eb muzik\u00eb, dhe surprizat e albumit t\u00eb ri q\u00eb pritet t\u00eb publikoj\u00eb:<\/p>\n<p><span style=\"font-weight: bold;\">Jemi n\u00eb dim\u00ebr, \u00ebsht\u00eb stina e duhur p\u00ebr Getoarin, ku do e festosh nd\u00ebrrimin e viteve?<\/span><\/p>\n<p><span style=\"font-style: italic;\">Po fiks stina e duhur p\u00ebr Getoarin.Un\u00eb dimrin e dua shum\u00eb dhe nuk mund t\u2019i imagjimoj pushimet pa d\u00ebbor\u00eb dhe ski. Nat\u00ebn e par\u00eb dhe t\u00eb dyt\u00eb t\u00eb nd\u00ebrrimit t\u00eb viteve do i kaloj n\u00eb Zvic\u00ebr, nat\u00ebn e tret\u00eb n\u00eb Shtutgard( Gjermani) me shoq\u00ebrin\u00eb time. <\/span><\/p>\n<p><span style=\"font-weight: bold;\">N\u00eb fakt duket sikur je fshehur, me \u00e7far\u00eb je duke u marr\u00eb?<\/span><\/p>\n<p><span style=\"font-style: italic;\">Problemi \u00ebsht\u00eb q\u00eb njer\u00ebzit jan\u00eb m\u00ebsuar q\u00eb t\u00eb m\u00eb shohin shpesh, por un\u00eb si k\u00ebng\u00ebtar e kam zakon t\u00eb b\u00ebj pak pushim p\u00ebr t\u2019u rikthyer me di\u00e7ka t\u00eb re, nj\u00eb k\u00ebng\u00eb q\u00eb godet. Por mund t\u2019ju them q\u00eb jam duke punuar p\u00ebr albumin tim t\u00eb ri, q\u00eb do t\u00eb jet\u00eb shum\u00eb m\u00eb ndryshe se t\u00eb tjer\u00ebt n\u00eb t\u00eb gjitha kuptimet. Un\u00eb kam 13 vite n\u00eb sken\u00eb dhe kam p\u00ebrgjegj\u00ebsi m\u00eb t\u00eb madhe p\u00ebr t\u00eb sjell\u00eb risi n\u00eb muzik\u00eb. Deri tani bashk\u00eb me koleg\u00ebt, kemi filluar diskutimet p\u00ebr t\u00eb sjell\u00eb k\u00ebng\u00eb t\u00eb reja, dhe q\u00eb do t\u00eb m\u00eb p\u00ebrfaq\u00ebsojn\u00eb v\u00ebrtet.<\/span><\/p>\n<p><span style=\"font-weight: bold;\">Ke krijuar nj\u00eb tradit\u00eb t\u00eb bashk\u00ebpunimit me k\u00ebng\u00ebtaret femra, q\u00eb do t\u00eb thot\u00eb se keni b\u00ebr\u00eb klipe me shumic\u00ebn e k\u00ebng\u00ebtareve t\u00eb bukura. Kujt ia ke v\u00ebn\u00eb syrin k\u00ebsaj here?<\/span><br \/>\n<br style=\"font-style: italic;\" \/><span style=\"font-style: italic;\">Un\u00eb nuk ia v\u00eb syrin askujt (qesh). Po e di q\u00eb \u00ebsht\u00eb krijuar nj\u00eb ide e till\u00eb p\u00ebr mua, por n\u00eb fakt nuk \u00ebsht\u00eb k\u00ebshtu. Bashk\u00ebpun\u00ebtor\u00ebt i sjell vet\u00eb k\u00ebnga, dhe aktualisht ne jemi duke menduar bashk\u00eb me stafin se cila k\u00ebng\u00ebtare do t\u00eb jet\u00eb e p\u00ebrshtatshme, p\u00ebr nj\u00eb nga krijimet e mia, q\u00eb po realizojm\u00eb. Grupi \u201cTingulli trent\u201d \u00ebsht\u00eb m\u00eb i vjetri n\u00eb muzik\u00ebn hip-hop, dhe do theksoja q\u00eb emri i k\u00ebng\u00ebtares nuk \u00ebsht\u00eb di\u00e7ka q\u00eb e mendoj n\u00eb fillim, por \u00ebsht\u00eb k\u00ebnga q\u00eb e k\u00ebrkon si t\u00eb thuash.<\/span><\/p>\n<p><span style=\"font-weight: bold;\">Je komentuar shum\u00eb n\u00eb lidhje me femrat. N\u00eb fakt kush \u00ebsht\u00eb Getoari q\u00eb ti njeh?<\/span><\/p>\n<p><span style=\"font-style: italic;\">Nuk e di sakt\u00ebsisht se \u00e7far\u00eb flitet p\u00ebr mua, ku, dhe kur flitet, por do thosha q\u00eb jam njeri me personalitet timin, dhe kjo q\u00eb thoni \u00ebsht\u00eb \u00e7\u00ebshtje personale dhe vet\u00ebm e imja.<\/span><\/p>\n<p><span style=\"font-weight: bold;\">Flasim p\u00ebr muzik\u00ebn tuaj, ka komente nga repera t\u00eb tjer\u00eb se n\u00eb kund\u00ebrshtim nga k\u00ebrkesa e k\u00ebsaj rryme, k\u00ebng\u00ebt tuaja nuk bazohen n\u00eb histori personale. Ke koment?<\/span><\/p>\n<p><span style=\"font-style: italic;\">Problemi \u00ebsht\u00eb q\u00eb Getoari e ka jet\u00ebn reale t\u00eb till\u00eb, q\u00eb ata nuk e kan\u00eb reale. E dyta \u00ebsht\u00eb q\u00eb Getoari ka b\u00ebr\u00eb k\u00ebng\u00eb me histori t\u00eb tilla, nuk mund t\u00eb harrohen t\u00eb gjitha k\u00ebng\u00ebt kur shaheshin serb\u00ebt. Un\u00eb tashm\u00eb kam mb\u00ebrritur n\u00eb nj\u00eb tjet\u00ebr nivel, q\u00eb askush nuk mund ta kuptoj\u00eb n\u00ebse s\u2019\u00ebsht\u00eb n\u00eb nivelin tim.Kjo p\u00ebrgjigje vlen p\u00ebr t\u00eb gjith\u00eb ata q\u00eb mendojn\u00eb k\u00ebshtu. <\/span><\/p>\n<p><span style=\"font-weight: bold;\">Je tip konfliktual, k\u00ebshtu thuhet t\u00eb pakt\u00ebn?<\/span><\/p>\n<p><span style=\"font-style: italic;\">Jam impulsiv, por nuk e besoj konfliktual.<\/span><\/p>\n<p><span style=\"font-weight: bold;\">Me \u00e7far\u00eb syri i sheh t\u00eb rinjt\u00eb q\u00eb i hyjn\u00eb muzik\u00ebs hip-hop tani?<\/span><\/p>\n<p><span style=\"font-style: italic;\">Un\u00eb s\u2019kam asgj\u00eb kund\u00ebr talenteve t\u00eb reja, pa marr\u00eb parasysh se n\u00eb cil\u00ebs trev\u00eb shqiptare i takojn\u00eb. Jam i gatsh\u00ebm p\u00ebr t\u2019i ndihmuar n\u00eb \u00e7do aspekt.<\/span><\/p>\n<p><span style=\"font-weight: bold;\">Sa \u00ebsht\u00eb mosha e nj\u00eb hip-hop-sti, deri kur mund t\u00eb vazhdosh t\u00eb k\u00ebndosh?<\/span><\/p>\n<p><span style=\"font-style: italic;\">N\u00eb fakt \u00ebsht\u00eb nj\u00eb problem q\u00eb ne ndeshemi p\u00ebr her\u00eb t\u00eb par\u00eb, megjith\u00ebse n\u00eb Amerik\u00eb ka dhe repera 60-vje\u00e7ar\u00eb. Ndaj do thosha q\u00eb mbase nuk mund t\u00eb vihen kufij.<\/span><\/p>\n<p><span style=\"font-weight: bold;\">Kosova sapo ka l\u00ebn\u00eb pas fushat\u00ebn politike, ku k\u00ebng\u00ebtar\u00ebt jan\u00eb p\u00ebrfshir\u00eb n\u00eb koncerte ashtu si dhe ti. Cilat jan\u00eb bindjet e tua politike?<\/span><\/p>\n<p><span style=\"font-style: italic;\">Po gjat\u00eb fushat\u00ebs un\u00eb kam k\u00ebnduar p\u00ebr Lidhjen Demokristiane t\u00eb Kosov\u00ebs (LDK-n\u00eb), por s\u2019ka asnj\u00eb lidhje me bindjet e mia politike. Nuk jam i angazhuar n\u00eb bindje. K\u00ebrkoj standarde n\u00eb politik\u00eb, por nuk \u00ebsht\u00eb fare e r\u00ebnd\u00ebsishme, se nga cila parti duhet t\u00eb jem.<\/span><\/p>\n<p><span style=\"font-weight: bold;\">Shum\u00eb artist\u00eb t\u00eb Kosov\u00ebs n\u00eb k\u00ebt\u00eb periudh\u00eb tranzicioni jan\u00eb joshur nga politika, pra jan\u00eb p\u00ebrshir\u00eb n\u00eb t\u00eb. Ti ke ambicie t\u00eb tilla?<\/span><br \/>\n<br style=\"font-style: italic;\" \/><span style=\"font-style: italic;\">Jo, nuk kam. Pas kaq vite karrier\u00eb muzikore dhe n\u00ebse nj\u00eb dit\u00eb do vendos t\u00eb heq dor\u00eb mund t\u00eb merrem me gjith\u00e7ka tjet\u00ebr, por vet\u00ebm me politik\u00eb jo.<\/span><\/p>\n<p><span style=\"font-weight: bold;\">Shum\u00eb \u00ebsht\u00eb folur p\u00ebr Han\u00ebn, \u00e7\u2019mund t\u00eb thuash m\u00eb shum\u00eb rreth lidhjes suaj?<\/span><\/p>\n<p><span style=\"font-style: italic;\">\u00cbsht\u00eb \u00e7\u00ebshtja ime private p\u00ebr t\u00eb cil\u00ebn nuk mund t\u00eb them asgj\u00eb m\u00eb shum\u00eb nga \u00e7far\u00eb \u00ebsht\u00eb th\u00ebn\u00eb deri tani<br \/>\n<\/span><\/p>\n<p><strong>PanoramaPlus<br \/>\n<br \/>\n<\/strong><!--YouTube Error: bad URL entered--><\/p>\n","protected":false},"excerpt":{"rendered":"<p>Alkimia mes tij dhe k\u00ebng\u00ebtareve n\u00eb klipe ndihet nga t\u00eb gjith\u00eb. Ashtu si\u00e7 i takon nj\u00eb reperi edhe ai i k\u00ebndon jet\u00ebs reale. N\u00eb k\u00ebt\u00eb intervist\u00eb tregon m\u00eb shum\u00eb rreth jet\u00ebs q\u00eb b\u00ebn, thashethemeve n\u00eb lidhje me femrat, kund\u00ebrshtar\u00ebve n\u00eb muzik\u00eb, dhe surprizat e albumit t\u00eb ri q\u00eb pritet t\u00eb publikoj\u00eb: Jemi n\u00eb dim\u00ebr, \u00ebsht\u00eb [&hellip;]<\/p>\n","protected":false},"author":1,"featured_media":0,"comment_status":"open","ping_status":"closed","sticky":false,"template":"","format":"standard","meta":{"spay_email":"","jetpack_publicize_message":"","jetpack_is_tweetstorm":false,"jetpack_publicize_feature_enabled":true},"categories":[1],"tags":[13129],"jetpack_publicize_connections":[],"yoast_head":"<!-- This site is optimized with the Yoast SEO plugin v19.1 - https:\/\/yoast.com\/wordpress\/plugins\/seo\/ -->\n<title>Geti: Un\u00eb b\u00ebj jet\u00ebn q\u00eb shihni n\u00eb klipet e mia - Lajme nga Ulqini<\/title>\n<meta name=\"description\" content=\"Alkimia mes tij dhe k\u00ebng\u00ebtareve n\u00eb klipe ndihet nga t\u00eb gjith\u00eb. Ashtu si\u00e7 i takon nj\u00eb reperi edhe ai i k\u00ebndon jet\u00ebs reale. N\u00eb k\u00ebt\u00eb intervist\u00eb tregon m\u00eb\" \/>\n<meta name=\"robots\" content=\"index, follow, max-snippet:-1, max-image-preview:large, max-video-preview:-1\" \/>\n<link rel=\"canonical\" href=\"https:\/\/www.visit-ulcinj.com\/blog\/2009\/12\/24\/geti-une-bej-jeten-qe-shihni-ne-klipet-e-mia\/\" \/>\n<meta property=\"og:locale\" content=\"en_US\" \/>\n<meta property=\"og:type\" content=\"article\" \/>\n<meta property=\"og:title\" content=\"Geti: Un\u00eb b\u00ebj jet\u00ebn q\u00eb shihni n\u00eb klipet e mia - Lajme nga Ulqini\" \/>\n<meta property=\"og:description\" content=\"Alkimia mes tij dhe k\u00ebng\u00ebtareve n\u00eb klipe ndihet nga t\u00eb gjith\u00eb. Ashtu si\u00e7 i takon nj\u00eb reperi edhe ai i k\u00ebndon jet\u00ebs reale. N\u00eb k\u00ebt\u00eb intervist\u00eb tregon m\u00eb\" \/>\n<meta property=\"og:url\" content=\"https:\/\/www.visit-ulcinj.com\/blog\/2009\/12\/24\/geti-une-bej-jeten-qe-shihni-ne-klipet-e-mia\/\" \/>\n<meta property=\"og:site_name\" content=\"Lajme nga Ulqini\" \/>\n<meta property=\"article:published_time\" content=\"2009-12-24T10:43:52+00:00\" \/>\n<meta property=\"og:image\" content=\"https:\/\/www.visit-ulcinj.com\/blog\/wp-content\/uploads\/2009\/12\/Getoar-Selimi-150x150.jpg\" \/>\n<meta name=\"twitter:label1\" content=\"Written by\" \/>\n\t<meta name=\"twitter:data1\" content=\"ulqini\" \/>\n\t<meta name=\"twitter:label2\" content=\"Est. reading time\" \/>\n\t<meta name=\"twitter:data2\" content=\"4 minutes\" \/>\n<script type=\"application\/ld+json\" class=\"yoast-schema-graph\">{\"@context\":\"https:\/\/schema.org\",\"@graph\":[{\"@type\":\"WebSite\",\"@id\":\"https:\/\/www.visit-ulcinj.com\/blog\/#website\",\"url\":\"https:\/\/www.visit-ulcinj.com\/blog\/\",\"name\":\"Lajme nga Ulqini\",\"description\":\"Lajme,Vijesti,Ulqini,Ulqin,Crna Gora,Mali i Zi\",\"potentialAction\":[{\"@type\":\"SearchAction\",\"target\":{\"@type\":\"EntryPoint\",\"urlTemplate\":\"https:\/\/www.visit-ulcinj.com\/blog\/?s={search_term_string}\"},\"query-input\":\"required name=search_term_string\"}],\"inLanguage\":\"en-US\"},{\"@type\":\"ImageObject\",\"inLanguage\":\"en-US\",\"@id\":\"https:\/\/www.visit-ulcinj.com\/blog\/2009\/12\/24\/geti-une-bej-jeten-qe-shihni-ne-klipet-e-mia\/#primaryimage\",\"url\":\"http:\/\/www.visit-ulcinj.com\/blog\/wp-content\/uploads\/2009\/12\/Getoar-Selimi.jpg\",\"contentUrl\":\"http:\/\/www.visit-ulcinj.com\/blog\/wp-content\/uploads\/2009\/12\/Getoar-Selimi.jpg\"},{\"@type\":\"WebPage\",\"@id\":\"https:\/\/www.visit-ulcinj.com\/blog\/2009\/12\/24\/geti-une-bej-jeten-qe-shihni-ne-klipet-e-mia\/#webpage\",\"url\":\"https:\/\/www.visit-ulcinj.com\/blog\/2009\/12\/24\/geti-une-bej-jeten-qe-shihni-ne-klipet-e-mia\/\",\"name\":\"Geti: Un\u00eb b\u00ebj jet\u00ebn q\u00eb shihni n\u00eb klipet e mia - Lajme nga Ulqini\",\"isPartOf\":{\"@id\":\"https:\/\/www.visit-ulcinj.com\/blog\/#website\"},\"primaryImageOfPage\":{\"@id\":\"https:\/\/www.visit-ulcinj.com\/blog\/2009\/12\/24\/geti-une-bej-jeten-qe-shihni-ne-klipet-e-mia\/#primaryimage\"},\"datePublished\":\"2009-12-24T10:43:52+00:00\",\"dateModified\":\"2009-12-24T10:43:52+00:00\",\"author\":{\"@id\":\"https:\/\/www.visit-ulcinj.com\/blog\/#\/schema\/person\/dcab619c614d3038751c63bc2aadc06d\"},\"description\":\"Alkimia mes tij dhe k\u00ebng\u00ebtareve n\u00eb klipe ndihet nga t\u00eb gjith\u00eb. Ashtu si\u00e7 i takon nj\u00eb reperi edhe ai i k\u00ebndon jet\u00ebs reale. N\u00eb k\u00ebt\u00eb intervist\u00eb tregon m\u00eb\",\"breadcrumb\":{\"@id\":\"https:\/\/www.visit-ulcinj.com\/blog\/2009\/12\/24\/geti-une-bej-jeten-qe-shihni-ne-klipet-e-mia\/#breadcrumb\"},\"inLanguage\":\"en-US\",\"potentialAction\":[{\"@type\":\"ReadAction\",\"target\":[\"https:\/\/www.visit-ulcinj.com\/blog\/2009\/12\/24\/geti-une-bej-jeten-qe-shihni-ne-klipet-e-mia\/\"]}]},{\"@type\":\"BreadcrumbList\",\"@id\":\"https:\/\/www.visit-ulcinj.com\/blog\/2009\/12\/24\/geti-une-bej-jeten-qe-shihni-ne-klipet-e-mia\/#breadcrumb\",\"itemListElement\":[{\"@type\":\"ListItem\",\"position\":1,\"name\":\"Geti: Un\u00eb b\u00ebj jet\u00ebn q\u00eb shihni n\u00eb klipet e mia\"}]},{\"@type\":\"Person\",\"@id\":\"https:\/\/www.visit-ulcinj.com\/blog\/#\/schema\/person\/dcab619c614d3038751c63bc2aadc06d\",\"name\":\"ulqini\",\"sameAs\":[\"http:\/\/www.visit-ulcinj.com\"],\"url\":\"https:\/\/www.visit-ulcinj.com\/blog\/author\/admin\/\"}]}<\/script>\n<!-- \/ Yoast SEO plugin. -->","yoast_head_json":{"title":"Geti: Un\u00eb b\u00ebj jet\u00ebn q\u00eb shihni n\u00eb klipet e mia - Lajme nga Ulqini","description":"Alkimia mes tij dhe k\u00ebng\u00ebtareve n\u00eb klipe ndihet nga t\u00eb gjith\u00eb. Ashtu si\u00e7 i takon nj\u00eb reperi edhe ai i k\u00ebndon jet\u00ebs reale. N\u00eb k\u00ebt\u00eb intervist\u00eb tregon m\u00eb","robots":{"index":"index","follow":"follow","max-snippet":"max-snippet:-1","max-image-preview":"max-image-preview:large","max-video-preview":"max-video-preview:-1"},"canonical":"https:\/\/www.visit-ulcinj.com\/blog\/2009\/12\/24\/geti-une-bej-jeten-qe-shihni-ne-klipet-e-mia\/","og_locale":"en_US","og_type":"article","og_title":"Geti: Un\u00eb b\u00ebj jet\u00ebn q\u00eb shihni n\u00eb klipet e mia - Lajme nga Ulqini","og_description":"Alkimia mes tij dhe k\u00ebng\u00ebtareve n\u00eb klipe ndihet nga t\u00eb gjith\u00eb. Ashtu si\u00e7 i takon nj\u00eb reperi edhe ai i k\u00ebndon jet\u00ebs reale. N\u00eb k\u00ebt\u00eb intervist\u00eb tregon m\u00eb","og_url":"https:\/\/www.visit-ulcinj.com\/blog\/2009\/12\/24\/geti-une-bej-jeten-qe-shihni-ne-klipet-e-mia\/","og_site_name":"Lajme nga Ulqini","article_published_time":"2009-12-24T10:43:52+00:00","og_image":[{"url":"https:\/\/www.visit-ulcinj.com\/blog\/wp-content\/uploads\/2009\/12\/Getoar-Selimi-150x150.jpg"}],"twitter_misc":{"Written by":"ulqini","Est. reading time":"4 minutes"},"schema":{"@context":"https:\/\/schema.org","@graph":[{"@type":"WebSite","@id":"https:\/\/www.visit-ulcinj.com\/blog\/#website","url":"https:\/\/www.visit-ulcinj.com\/blog\/","name":"Lajme nga Ulqini","description":"Lajme,Vijesti,Ulqini,Ulqin,Crna Gora,Mali i Zi","potentialAction":[{"@type":"SearchAction","target":{"@type":"EntryPoint","urlTemplate":"https:\/\/www.visit-ulcinj.com\/blog\/?s={search_term_string}"},"query-input":"required name=search_term_string"}],"inLanguage":"en-US"},{"@type":"ImageObject","inLanguage":"en-US","@id":"https:\/\/www.visit-ulcinj.com\/blog\/2009\/12\/24\/geti-une-bej-jeten-qe-shihni-ne-klipet-e-mia\/#primaryimage","url":"http:\/\/www.visit-ulcinj.com\/blog\/wp-content\/uploads\/2009\/12\/Getoar-Selimi.jpg","contentUrl":"http:\/\/www.visit-ulcinj.com\/blog\/wp-content\/uploads\/2009\/12\/Getoar-Selimi.jpg"},{"@type":"WebPage","@id":"https:\/\/www.visit-ulcinj.com\/blog\/2009\/12\/24\/geti-une-bej-jeten-qe-shihni-ne-klipet-e-mia\/#webpage","url":"https:\/\/www.visit-ulcinj.com\/blog\/2009\/12\/24\/geti-une-bej-jeten-qe-shihni-ne-klipet-e-mia\/","name":"Geti: Un\u00eb b\u00ebj jet\u00ebn q\u00eb shihni n\u00eb klipet e mia - Lajme nga Ulqini","isPartOf":{"@id":"https:\/\/www.visit-ulcinj.com\/blog\/#website"},"primaryImageOfPage":{"@id":"https:\/\/www.visit-ulcinj.com\/blog\/2009\/12\/24\/geti-une-bej-jeten-qe-shihni-ne-klipet-e-mia\/#primaryimage"},"datePublished":"2009-12-24T10:43:52+00:00","dateModified":"2009-12-24T10:43:52+00:00","author":{"@id":"https:\/\/www.visit-ulcinj.com\/blog\/#\/schema\/person\/dcab619c614d3038751c63bc2aadc06d"},"description":"Alkimia mes tij dhe k\u00ebng\u00ebtareve n\u00eb klipe ndihet nga t\u00eb gjith\u00eb. Ashtu si\u00e7 i takon nj\u00eb reperi edhe ai i k\u00ebndon jet\u00ebs reale. N\u00eb k\u00ebt\u00eb intervist\u00eb tregon m\u00eb","breadcrumb":{"@id":"https:\/\/www.visit-ulcinj.com\/blog\/2009\/12\/24\/geti-une-bej-jeten-qe-shihni-ne-klipet-e-mia\/#breadcrumb"},"inLanguage":"en-US","potentialAction":[{"@type":"ReadAction","target":["https:\/\/www.visit-ulcinj.com\/blog\/2009\/12\/24\/geti-une-bej-jeten-qe-shihni-ne-klipet-e-mia\/"]}]},{"@type":"BreadcrumbList","@id":"https:\/\/www.visit-ulcinj.com\/blog\/2009\/12\/24\/geti-une-bej-jeten-qe-shihni-ne-klipet-e-mia\/#breadcrumb","itemListElement":[{"@type":"ListItem","position":1,"name":"Geti: Un\u00eb b\u00ebj jet\u00ebn q\u00eb shihni n\u00eb klipet e mia"}]},{"@type":"Person","@id":"https:\/\/www.visit-ulcinj.com\/blog\/#\/schema\/person\/dcab619c614d3038751c63bc2aadc06d","name":"ulqini","sameAs":["http:\/\/www.visit-ulcinj.com"],"url":"https:\/\/www.visit-ulcinj.com\/blog\/author\/admin\/"}]}},"jetpack_featured_media_url":"","jetpack_sharing_enabled":true,"jetpack_shortlink":"https:\/\/wp.me\/pe6lTn-7t2","_links":{"self":[{"href":"https:\/\/www.visit-ulcinj.com\/blog\/wp-json\/wp\/v2\/posts\/28708"}],"collection":[{"href":"https:\/\/www.visit-ulcinj.com\/blog\/wp-json\/wp\/v2\/posts"}],"about":[{"href":"https:\/\/www.visit-ulcinj.com\/blog\/wp-json\/wp\/v2\/types\/post"}],"author":[{"embeddable":true,"href":"https:\/\/www.visit-ulcinj.com\/blog\/wp-json\/wp\/v2\/users\/1"}],"replies":[{"embeddable":true,"href":"https:\/\/www.visit-ulcinj.com\/blog\/wp-json\/wp\/v2\/comments?post=28708"}],"version-history":[{"count":0,"href":"https:\/\/www.visit-ulcinj.com\/blog\/wp-json\/wp\/v2\/posts\/28708\/revisions"}],"wp:attachment":[{"href":"https:\/\/www.visit-ulcinj.com\/blog\/wp-json\/wp\/v2\/media?parent=28708"}],"wp:term":[{"taxonomy":"category","embeddable":true,"href":"https:\/\/www.visit-ulcinj.com\/blog\/wp-json\/wp\/v2\/categories?post=28708"},{"taxonomy":"post_tag","embeddable":true,"href":"https:\/\/www.visit-ulcinj.com\/blog\/wp-json\/wp\/v2\/tags?post=28708"}],"curies":[{"name":"wp","href":"https:\/\/api.w.org\/{rel}","templated":true}]}}